{"id":33358,"date":"2012-12-28T14:36:55","date_gmt":"2012-12-28T14:36:55","guid":{"rendered":"http:\/\/desarrollo.mcvicious.com\/aero2020\/2012\/12\/28\/unos-650-extranjeros-hicieron-turismo-vivencial-en-isla-flotante-del-titicaca\/"},"modified":"2012-12-28T14:36:55","modified_gmt":"2012-12-28T14:36:55","slug":"unos-650-extranjeros-hicieron-turismo-vivencial-en-isla-flotante-del-titicaca","status":"publish","type":"post","link":"https:\/\/aeronoticias.com.pe\/noticiero\/turismo\/13\/unos-650-extranjeros-hicieron-turismo-vivencial-en-isla-flotante-del-titicaca\/","title":{"rendered":"Unos 650 extranjeros hicieron turismo vivencial en isla flotante del Titicaca"},"content":{"rendered":"<p style=\"text-align: justify;\"><strong>(Aeronoticias).-<\/strong> Alrededor de 650 visitantes extranjeros hicieron turismo vivencial este a\u00f1o en el hotel \u00ab5 esteras con camas flotantes\u00bb, ubicado en la isla Qhantati del lago Titicaca, concebido por una emprendedora pune\u00f1a que vio en el turismo sostenible una posibilidad de generar recursos, se inform\u00f3 hoy.<\/p>\n<p style=\"text-align: justify;\">Cristina Sua\u00f1a, representante de la empresa Turismo Vivencial Uros Qhantati, manifest\u00f3 que a su hospedaje hecho completamente de totora e implementado con paneles solares, acuden turistas de todo el mundo, pero sobre todo de Estados Unidos, Inglaterra, Espa\u00f1a, Francia y Canad\u00e1.<\/p>\n<p style=\"text-align: justify;\">Se\u00f1al\u00f3 que la cifra es positiva, pues el a\u00f1o pasado recibieron a 400 turistas extranjeros.<\/p>\n<p>  <!--more-->  <\/p>\n<p style=\"text-align: justify;\">\u00abEl turismo interno tambi\u00e9n aument\u00f3 y se registraron alrededor de 50 turistas casi al finalizar el a\u00f1o\u201d, resalt\u00f3 la empresaria a la Agencia Andina.<\/p>\n<p style=\"text-align: justify;\">Resalt\u00f3 que cuentan con un programa de turismo rural comunitario que ofrece compartir sus costumbres y actividades tradicionales como pescar, hablar sobre los peces nativos y cocinar.<\/p>\n<p style=\"text-align: justify;\">Tambi\u00e9n navegar en los botes de totora, cortar la totora para ense\u00f1arles a los visitantes c\u00f3mo se construye la isla y c\u00f3mo se hace el mantenimiento de la misma para que no se hunda.<\/p>\n<p style=\"text-align: justify;\">Asimismo, dijo, se les muestra la artesan\u00eda local (tejidos y bordados) y se lleva a los turistas a observar las aves y visitar el lago mayor.<\/p>\n<p style=\"text-align: justify;\">\u201cTenemos algunos turistas que son m\u00edsticos y ellos ofrecen hojas de coca. Otros llegan con piedras preciosas para ofrendarlas al lago que para nosotros es nuestra madre porque estamos flotando en el agua\u201d, indic\u00f3.<\/p>\n<p style=\"text-align: justify;\">No se deja de lado la carrera de balsas y botes, adem\u00e1s del partido de v\u00f3ley. Se programan las actividades de acuerdo al n\u00famero de d\u00edas de estad\u00eda de los turistas, anot\u00f3.<\/p>\n<p style=\"text-align: justify;\">El hotel tiene diez habitaciones y puede hospedar al mismo tiempo a 20 personas.<\/p>\n<p style=\"text-align: justify;\">Sua\u00f1a sostuvo que la fiesta de despedida de 2012 se celebrar\u00e1 el s\u00e1bado 29, con la participaci\u00f3n de los 18 turistas que han reservado hospedaje, y las cinco familias que viven en la isla.<\/p>\n<p style=\"text-align: justify;\">\u201cTodos juntos entonaremos cantos folcl\u00f3ricos y bailaremos danzas aut\u00f3ctonas. Los visitantes vestir\u00e1n el traje t\u00edpico de los isle\u00f1os, que nosotros les entregaremos, porque ser\u00e1n parte de nuestra familia\u201d, enfatiz\u00f3.<\/p>\n<p style=\"text-align: justify;\">Hace nueve a\u00f1os Sua\u00f1a decidi\u00f3 abrir este hospedaje que funciona con \u00e9xito desde hace tres.<\/p>\n<p style=\"text-align: justify;\">Adelant\u00f3 que est\u00e1n promoviendo que la Red Tour Titicaca -integrada por alrededor de 40 organizaciones- se contacte con otras comunidades e islas para que los turistas que llegan a los Uros puedan visitar poblados de Arequipa o Cusco, por ejemplo.<\/p>\n<p style=\"text-align: justify;\">Agencia Andina.<\/p>\n<p style=\"text-align: justify;\"><img decoding=\"async\" src=\"images\/stories\/12\/07\/070712\/workshop_turismo_rural.jpg\" border=\"0\" alt=\"Unos 650 extranjeros hicieron turismo vivencial en isla flotante del Titicaca\" title=\"Unos 650 extranjeros hicieron turismo vivencial en isla flotante del Titicaca\" \/><\/p>\n","protected":false},"excerpt":{"rendered":"<p>(Aeronoticias).- Alrededor de 650 visitantes extranjeros hicieron turismo vivencial este a\u00f1o en el hotel \u00ab5 esteras con camas flotantes\u00bb, ubicado en la isla Qhantati del lago Titicaca, concebido por una emprendedora pune\u00f1a que vio en el turismo sostenible una posibilidad de generar recursos, se inform\u00f3 hoy. Cristina Sua\u00f1a, representante de la empresa Turismo Vivencial Uros [&hellip;]<\/p>\n","protected":false},"author":1,"featured_media":0,"comment_status":"open","ping_status":"open","sticky":false,"template":"","format":"standard","meta":{"tdm_status":"","tdm_grid_status":"","footnotes":""},"categories":[31],"tags":[],"class_list":{"0":"post-33358","1":"post","2":"type-post","3":"status-publish","4":"format-standard","6":"category-31"},"yoast_head":"<!-- This site is optimized with the Yoast SEO plugin v25.1 - https:\/\/yoast.com\/wordpress\/plugins\/seo\/ -->\n<title>Unos 650 extranjeros hicieron turismo vivencial en isla flotante del Titicaca<\/title>\n<meta name=\"description\" content=\"Portal de noticias del Per\u00fa sobre el transporte a\u00e9reo, aviaci\u00f3n, turismo, hoteleria, actualidad.\" \/>\n<meta name=\"robots\" content=\"index, follow, max-snippet:-1, max-image-preview:large, max-video-preview:-1\" \/>\n<link rel=\"canonical\" href=\"https:\/\/aeronoticias.com.pe\/noticiero\/turismo\/13\/unos-650-extranjeros-hicieron-turismo-vivencial-en-isla-flotante-del-titicaca\/\" \/>\n<meta property=\"og:locale\" content=\"es_ES\" \/>\n<meta property=\"og:type\" content=\"article\" \/>\n<meta property=\"og:title\" content=\"Unos 650 extranjeros hicieron turismo vivencial en isla flotante del Titicaca\" \/>\n<meta property=\"og:description\" content=\"Portal de noticias del Per\u00fa sobre el transporte a\u00e9reo, aviaci\u00f3n, turismo, hoteleria, actualidad.\" \/>\n<meta property=\"og:url\" content=\"https:\/\/aeronoticias.com.pe\/noticiero\/turismo\/13\/unos-650-extranjeros-hicieron-turismo-vivencial-en-isla-flotante-del-titicaca\/\" \/>\n<meta property=\"og:site_name\" content=\"Aeronoticias.com.pe\" \/>\n<meta property=\"article:publisher\" content=\"https:\/\/www.facebook.com\/Aeronoticias.com.pe\/\" \/>\n<meta property=\"article:published_time\" content=\"2012-12-28T14:36:55+00:00\" \/>\n<meta name=\"author\" content=\"Redacci\u00f3n Aeronoticias\" \/>\n<meta name=\"twitter:card\" content=\"summary_large_image\" \/>\n<meta name=\"twitter:creator\" content=\"@aeronoticias\" \/>\n<meta name=\"twitter:site\" content=\"@aeronoticias\" \/>\n<meta name=\"twitter:label1\" content=\"Escrito por\" \/>\n\t<meta name=\"twitter:data1\" content=\"Redacci\u00f3n Aeronoticias\" \/>\n\t<meta name=\"twitter:label2\" content=\"Tiempo de lectura\" \/>\n\t<meta name=\"twitter:data2\" content=\"2 minutos\" \/>\n<script type=\"application\/ld+json\" class=\"yoast-schema-graph\">{\"@context\":\"https:\/\/schema.org\",\"@graph\":[{\"@type\":\"WebPage\",\"@id\":\"https:\/\/aeronoticias.com.pe\/noticiero\/turismo\/13\/unos-650-extranjeros-hicieron-turismo-vivencial-en-isla-flotante-del-titicaca\/\",\"url\":\"https:\/\/aeronoticias.com.pe\/noticiero\/turismo\/13\/unos-650-extranjeros-hicieron-turismo-vivencial-en-isla-flotante-del-titicaca\/\",\"name\":\"Unos 650 extranjeros hicieron turismo vivencial en isla flotante del Titicaca\",\"isPartOf\":{\"@id\":\"https:\/\/aeronoticias.com.pe\/noticiero\/#website\"},\"datePublished\":\"2012-12-28T14:36:55+00:00\",\"author\":{\"@id\":\"https:\/\/aeronoticias.com.pe\/noticiero\/#\/schema\/person\/fc1e5d578f4b62ba1cf7ac2bba1170a0\"},\"description\":\"Portal de noticias del Per\u00fa sobre el transporte a\u00e9reo, aviaci\u00f3n, turismo, hoteleria, actualidad.\",\"breadcrumb\":{\"@id\":\"https:\/\/aeronoticias.com.pe\/noticiero\/turismo\/13\/unos-650-extranjeros-hicieron-turismo-vivencial-en-isla-flotante-del-titicaca\/#breadcrumb\"},\"inLanguage\":\"es\",\"potentialAction\":[{\"@type\":\"ReadAction\",\"target\":[\"https:\/\/aeronoticias.com.pe\/noticiero\/turismo\/13\/unos-650-extranjeros-hicieron-turismo-vivencial-en-isla-flotante-del-titicaca\/\"]}]},{\"@type\":\"BreadcrumbList\",\"@id\":\"https:\/\/aeronoticias.com.pe\/noticiero\/turismo\/13\/unos-650-extranjeros-hicieron-turismo-vivencial-en-isla-flotante-del-titicaca\/#breadcrumb\",\"itemListElement\":[{\"@type\":\"ListItem\",\"position\":1,\"name\":\"Portada\",\"item\":\"https:\/\/aeronoticias.com.pe\/noticiero\/\"},{\"@type\":\"ListItem\",\"position\":2,\"name\":\"Unos 650 extranjeros hicieron turismo vivencial en isla flotante del Titicaca\"}]},{\"@type\":\"WebSite\",\"@id\":\"https:\/\/aeronoticias.com.pe\/noticiero\/#website\",\"url\":\"https:\/\/aeronoticias.com.pe\/noticiero\/\",\"name\":\"Aeronoticias.com.pe\",\"description\":\"Noticias de tranporte aereo, turismo, hoteles, gastronomia, actualidad, internacional\",\"potentialAction\":[{\"@type\":\"SearchAction\",\"target\":{\"@type\":\"EntryPoint\",\"urlTemplate\":\"https:\/\/aeronoticias.com.pe\/noticiero\/?s={search_term_string}\"},\"query-input\":{\"@type\":\"PropertyValueSpecification\",\"valueRequired\":true,\"valueName\":\"search_term_string\"}}],\"inLanguage\":\"es\"},{\"@type\":\"Person\",\"@id\":\"https:\/\/aeronoticias.com.pe\/noticiero\/#\/schema\/person\/fc1e5d578f4b62ba1cf7ac2bba1170a0\",\"name\":\"Redacci\u00f3n Aeronoticias\",\"url\":\"https:\/\/aeronoticias.com.pe\/noticiero\/author\/piloto\/\"}]}<\/script>\n<!-- \/ Yoast SEO plugin. -->","yoast_head_json":{"title":"Unos 650 extranjeros hicieron turismo vivencial en isla flotante del Titicaca","description":"Portal de noticias del Per\u00fa sobre el transporte a\u00e9reo, aviaci\u00f3n, turismo, hoteleria, actualidad.","robots":{"index":"index","follow":"follow","max-snippet":"max-snippet:-1","max-image-preview":"max-image-preview:large","max-video-preview":"max-video-preview:-1"},"canonical":"https:\/\/aeronoticias.com.pe\/noticiero\/turismo\/13\/unos-650-extranjeros-hicieron-turismo-vivencial-en-isla-flotante-del-titicaca\/","og_locale":"es_ES","og_type":"article","og_title":"Unos 650 extranjeros hicieron turismo vivencial en isla flotante del Titicaca","og_description":"Portal de noticias del Per\u00fa sobre el transporte a\u00e9reo, aviaci\u00f3n, turismo, hoteleria, actualidad.","og_url":"https:\/\/aeronoticias.com.pe\/noticiero\/turismo\/13\/unos-650-extranjeros-hicieron-turismo-vivencial-en-isla-flotante-del-titicaca\/","og_site_name":"Aeronoticias.com.pe","article_publisher":"https:\/\/www.facebook.com\/Aeronoticias.com.pe\/","article_published_time":"2012-12-28T14:36:55+00:00","author":"Redacci\u00f3n Aeronoticias","twitter_card":"summary_large_image","twitter_creator":"@aeronoticias","twitter_site":"@aeronoticias","twitter_misc":{"Escrito por":"Redacci\u00f3n Aeronoticias","Tiempo de lectura":"2 minutos"},"schema":{"@context":"https:\/\/schema.org","@graph":[{"@type":"WebPage","@id":"https:\/\/aeronoticias.com.pe\/noticiero\/turismo\/13\/unos-650-extranjeros-hicieron-turismo-vivencial-en-isla-flotante-del-titicaca\/","url":"https:\/\/aeronoticias.com.pe\/noticiero\/turismo\/13\/unos-650-extranjeros-hicieron-turismo-vivencial-en-isla-flotante-del-titicaca\/","name":"Unos 650 extranjeros hicieron turismo vivencial en isla flotante del Titicaca","isPartOf":{"@id":"https:\/\/aeronoticias.com.pe\/noticiero\/#website"},"datePublished":"2012-12-28T14:36:55+00:00","author":{"@id":"https:\/\/aeronoticias.com.pe\/noticiero\/#\/schema\/person\/fc1e5d578f4b62ba1cf7ac2bba1170a0"},"description":"Portal de noticias del Per\u00fa sobre el transporte a\u00e9reo, aviaci\u00f3n, turismo, hoteleria, actualidad.","breadcrumb":{"@id":"https:\/\/aeronoticias.com.pe\/noticiero\/turismo\/13\/unos-650-extranjeros-hicieron-turismo-vivencial-en-isla-flotante-del-titicaca\/#breadcrumb"},"inLanguage":"es","potentialAction":[{"@type":"ReadAction","target":["https:\/\/aeronoticias.com.pe\/noticiero\/turismo\/13\/unos-650-extranjeros-hicieron-turismo-vivencial-en-isla-flotante-del-titicaca\/"]}]},{"@type":"BreadcrumbList","@id":"https:\/\/aeronoticias.com.pe\/noticiero\/turismo\/13\/unos-650-extranjeros-hicieron-turismo-vivencial-en-isla-flotante-del-titicaca\/#breadcrumb","itemListElement":[{"@type":"ListItem","position":1,"name":"Portada","item":"https:\/\/aeronoticias.com.pe\/noticiero\/"},{"@type":"ListItem","position":2,"name":"Unos 650 extranjeros hicieron turismo vivencial en isla flotante del Titicaca"}]},{"@type":"WebSite","@id":"https:\/\/aeronoticias.com.pe\/noticiero\/#website","url":"https:\/\/aeronoticias.com.pe\/noticiero\/","name":"Aeronoticias.com.pe","description":"Noticias de tranporte aereo, turismo, hoteles, gastronomia, actualidad, internacional","potentialAction":[{"@type":"SearchAction","target":{"@type":"EntryPoint","urlTemplate":"https:\/\/aeronoticias.com.pe\/noticiero\/?s={search_term_string}"},"query-input":{"@type":"PropertyValueSpecification","valueRequired":true,"valueName":"search_term_string"}}],"inLanguage":"es"},{"@type":"Person","@id":"https:\/\/aeronoticias.com.pe\/noticiero\/#\/schema\/person\/fc1e5d578f4b62ba1cf7ac2bba1170a0","name":"Redacci\u00f3n Aeronoticias","url":"https:\/\/aeronoticias.com.pe\/noticiero\/author\/piloto\/"}]}},"_links":{"self":[{"href":"https:\/\/aeronoticias.com.pe\/noticiero\/wp-json\/wp\/v2\/posts\/33358","targetHints":{"allow":["GET"]}}],"collection":[{"href":"https:\/\/aeronoticias.com.pe\/noticiero\/wp-json\/wp\/v2\/posts"}],"about":[{"href":"https:\/\/aeronoticias.com.pe\/noticiero\/wp-json\/wp\/v2\/types\/post"}],"author":[{"embeddable":true,"href":"https:\/\/aeronoticias.com.pe\/noticiero\/wp-json\/wp\/v2\/users\/1"}],"replies":[{"embeddable":true,"href":"https:\/\/aeronoticias.com.pe\/noticiero\/wp-json\/wp\/v2\/comments?post=33358"}],"version-history":[{"count":0,"href":"https:\/\/aeronoticias.com.pe\/noticiero\/wp-json\/wp\/v2\/posts\/33358\/revisions"}],"wp:attachment":[{"href":"https:\/\/aeronoticias.com.pe\/noticiero\/wp-json\/wp\/v2\/media?parent=33358"}],"wp:term":[{"taxonomy":"category","embeddable":true,"href":"https:\/\/aeronoticias.com.pe\/noticiero\/wp-json\/wp\/v2\/categories?post=33358"},{"taxonomy":"post_tag","embeddable":true,"href":"https:\/\/aeronoticias.com.pe\/noticiero\/wp-json\/wp\/v2\/tags?post=33358"}],"curies":[{"name":"wp","href":"https:\/\/api.w.org\/{rel}","templated":true}]}}