{"id":33360,"date":"2012-12-28T14:47:07","date_gmt":"2012-12-28T14:47:07","guid":{"rendered":"http:\/\/desarrollo.mcvicious.com\/aero2020\/2012\/12\/28\/comercial-loreto-italia-de-promperu-entre-los-mejores-comerciales-peruanos-del-2012\/"},"modified":"2012-12-28T14:47:07","modified_gmt":"2012-12-28T14:47:07","slug":"comercial-loreto-italia-de-promperu-entre-los-mejores-comerciales-peruanos-del-2012","status":"publish","type":"post","link":"https:\/\/aeronoticias.com.pe\/noticiero\/nacionales\/comercial-loreto-italia-de-promperu-entre-los-mejores-comerciales-peruanos-del-2012\/","title":{"rendered":"Comercial &#8216;Loreto, Italia&#8217; de Promper\u00fa entre los mejores comerciales peruanos del 2012"},"content":{"rendered":"<p style=\"text-align: justify;\"><strong>(Aeronoticias).-<\/strong> El spot de la segunda campa\u00f1a de turismo interno de la Marca Per\u00fa, titulada \u201cLoreto, Italia\u201d, fue considerado entre los diez mejores comerciales peruanos del 2012, de acuerdo al ranking elaborado por el diario El Comercio, basado en las opiniones de veinte expertos en publicidad y marketing.<\/p>\n<p style=\"text-align: justify;\">Al referirse al spot elaborado por PromPer\u00fa para promocionar a nivel local la marca pa\u00eds, El Comercio se\u00f1al\u00f3 lo siguiente: \u201cEn un a\u00f1o muy importante para la selva peruana, la segunda parte de la campa\u00f1a interna de la Marca Per\u00fa nos mostr\u00f3 las bondades de nuestra Amazon\u00eda con el mismo estilo de su predecesora, \u201cPeru, Nebraska\u201d (elegida como el mejor comercial por los lectores de El Comercio, el a\u00f1o pasado). Tambi\u00e9n como respuesta a los comentarios sobre la falta de contenido de esta regi\u00f3n del pa\u00eds en el primer comercial, el equipo de Y&amp;R y Cine70 viaj\u00f3 a la localidad de Loreto, en Italia, para \u2018conquistar\u2019 a sus fr\u00edos pobladores con el calor charapa\u201d.<\/p>\n<p>  <!--more-->  <\/p>\n<p style=\"text-align: justify;\">Tras publicar el top ten de los mejores spots peruanos, el referido diario invit\u00f3 a sus lectores a elegir el de su preferencia para determinar as\u00ed un ganador. Otros comerciales en competencia son: \u201cCopa Movistar en HD\u201d, \u201cEl que aprende de sus errores no se equivoca\u201d de ISIL, \u201cFacesoup\u201d de Aji-no.men, \u201cGigantes\u201d de Sodimac, \u201cJueves de pavita\u201d de San Fernando, entre otros.<\/p>\n<p style=\"text-align: justify;\">Canatur.<\/p>\n<p style=\"text-align: justify;\"><img decoding=\"async\" src=\"images\/stories\/12\/07\/200712\/loreto_italia_video_marca_peru.jpg\" border=\"0\" alt=\"Comercial 'Loreto, Italia' de Promper\u00fa entre los mejores comerciales peruanos del 2012\" title=\"Comercial 'Loreto, Italia' de Promper\u00fa entre los mejores comerciales peruanos del 2012\" \/><\/p>\n","protected":false},"excerpt":{"rendered":"<p>(Aeronoticias).- El spot de la segunda campa\u00f1a de turismo interno de la Marca Per\u00fa, titulada \u201cLoreto, Italia\u201d, fue considerado entre los diez mejores comerciales peruanos del 2012, de acuerdo al ranking elaborado por el diario El Comercio, basado en las opiniones de veinte expertos en publicidad y marketing. Al referirse al spot elaborado por PromPer\u00fa [&hellip;]<\/p>\n","protected":false},"author":1,"featured_media":0,"comment_status":"open","ping_status":"open","sticky":false,"template":"","format":"standard","meta":{"tdm_status":"","tdm_grid_status":"","footnotes":""},"categories":[38],"tags":[],"class_list":{"0":"post-33360","1":"post","2":"type-post","3":"status-publish","4":"format-standard","6":"category-nacionales"},"yoast_head":"<!-- This site is optimized with the Yoast SEO plugin v25.1 - https:\/\/yoast.com\/wordpress\/plugins\/seo\/ -->\n<title>Comercial &#039;Loreto, Italia&#039; de Promper\u00fa entre los mejores comerciales peruanos del 2012<\/title>\n<meta name=\"description\" content=\"Portal de noticias del Per\u00fa sobre el transporte a\u00e9reo, aviaci\u00f3n, turismo, hoteleria, actualidad.\" \/>\n<meta name=\"robots\" content=\"index, follow, max-snippet:-1, max-image-preview:large, max-video-preview:-1\" \/>\n<link rel=\"canonical\" href=\"https:\/\/aeronoticias.com.pe\/noticiero\/nacionales\/comercial-loreto-italia-de-promperu-entre-los-mejores-comerciales-peruanos-del-2012\/\" \/>\n<meta property=\"og:locale\" content=\"es_ES\" \/>\n<meta property=\"og:type\" content=\"article\" \/>\n<meta property=\"og:title\" content=\"Comercial &#039;Loreto, Italia&#039; de Promper\u00fa entre los mejores comerciales peruanos del 2012\" \/>\n<meta property=\"og:description\" content=\"Portal de noticias del Per\u00fa sobre el transporte a\u00e9reo, aviaci\u00f3n, turismo, hoteleria, actualidad.\" \/>\n<meta property=\"og:url\" content=\"https:\/\/aeronoticias.com.pe\/noticiero\/nacionales\/comercial-loreto-italia-de-promperu-entre-los-mejores-comerciales-peruanos-del-2012\/\" \/>\n<meta property=\"og:site_name\" content=\"Aeronoticias.com.pe\" \/>\n<meta property=\"article:publisher\" content=\"https:\/\/www.facebook.com\/Aeronoticias.com.pe\/\" \/>\n<meta property=\"article:published_time\" content=\"2012-12-28T14:47:07+00:00\" \/>\n<meta name=\"author\" content=\"Redacci\u00f3n Aeronoticias\" \/>\n<meta name=\"twitter:card\" content=\"summary_large_image\" \/>\n<meta name=\"twitter:creator\" content=\"@aeronoticias\" \/>\n<meta name=\"twitter:site\" content=\"@aeronoticias\" \/>\n<meta name=\"twitter:label1\" content=\"Escrito por\" \/>\n\t<meta name=\"twitter:data1\" content=\"Redacci\u00f3n Aeronoticias\" \/>\n\t<meta name=\"twitter:label2\" content=\"Tiempo de lectura\" \/>\n\t<meta name=\"twitter:data2\" content=\"1 minuto\" \/>\n<script type=\"application\/ld+json\" class=\"yoast-schema-graph\">{\"@context\":\"https:\/\/schema.org\",\"@graph\":[{\"@type\":\"WebPage\",\"@id\":\"https:\/\/aeronoticias.com.pe\/noticiero\/nacionales\/comercial-loreto-italia-de-promperu-entre-los-mejores-comerciales-peruanos-del-2012\/\",\"url\":\"https:\/\/aeronoticias.com.pe\/noticiero\/nacionales\/comercial-loreto-italia-de-promperu-entre-los-mejores-comerciales-peruanos-del-2012\/\",\"name\":\"Comercial 'Loreto, Italia' de Promper\u00fa entre los mejores comerciales peruanos del 2012\",\"isPartOf\":{\"@id\":\"https:\/\/aeronoticias.com.pe\/noticiero\/#website\"},\"datePublished\":\"2012-12-28T14:47:07+00:00\",\"author\":{\"@id\":\"https:\/\/aeronoticias.com.pe\/noticiero\/#\/schema\/person\/fc1e5d578f4b62ba1cf7ac2bba1170a0\"},\"description\":\"Portal de noticias del Per\u00fa sobre el transporte a\u00e9reo, aviaci\u00f3n, turismo, hoteleria, actualidad.\",\"breadcrumb\":{\"@id\":\"https:\/\/aeronoticias.com.pe\/noticiero\/nacionales\/comercial-loreto-italia-de-promperu-entre-los-mejores-comerciales-peruanos-del-2012\/#breadcrumb\"},\"inLanguage\":\"es\",\"potentialAction\":[{\"@type\":\"ReadAction\",\"target\":[\"https:\/\/aeronoticias.com.pe\/noticiero\/nacionales\/comercial-loreto-italia-de-promperu-entre-los-mejores-comerciales-peruanos-del-2012\/\"]}]},{\"@type\":\"BreadcrumbList\",\"@id\":\"https:\/\/aeronoticias.com.pe\/noticiero\/nacionales\/comercial-loreto-italia-de-promperu-entre-los-mejores-comerciales-peruanos-del-2012\/#breadcrumb\",\"itemListElement\":[{\"@type\":\"ListItem\",\"position\":1,\"name\":\"Portada\",\"item\":\"https:\/\/aeronoticias.com.pe\/noticiero\/\"},{\"@type\":\"ListItem\",\"position\":2,\"name\":\"Comercial &#8216;Loreto, Italia&#8217; de Promper\u00fa entre los mejores comerciales peruanos del 2012\"}]},{\"@type\":\"WebSite\",\"@id\":\"https:\/\/aeronoticias.com.pe\/noticiero\/#website\",\"url\":\"https:\/\/aeronoticias.com.pe\/noticiero\/\",\"name\":\"Aeronoticias.com.pe\",\"description\":\"Noticias de tranporte aereo, turismo, hoteles, gastronomia, actualidad, internacional\",\"potentialAction\":[{\"@type\":\"SearchAction\",\"target\":{\"@type\":\"EntryPoint\",\"urlTemplate\":\"https:\/\/aeronoticias.com.pe\/noticiero\/?s={search_term_string}\"},\"query-input\":{\"@type\":\"PropertyValueSpecification\",\"valueRequired\":true,\"valueName\":\"search_term_string\"}}],\"inLanguage\":\"es\"},{\"@type\":\"Person\",\"@id\":\"https:\/\/aeronoticias.com.pe\/noticiero\/#\/schema\/person\/fc1e5d578f4b62ba1cf7ac2bba1170a0\",\"name\":\"Redacci\u00f3n Aeronoticias\",\"url\":\"https:\/\/aeronoticias.com.pe\/noticiero\/author\/piloto\/\"}]}<\/script>\n<!-- \/ Yoast SEO plugin. -->","yoast_head_json":{"title":"Comercial 'Loreto, Italia' de Promper\u00fa entre los mejores comerciales peruanos del 2012","description":"Portal de noticias del Per\u00fa sobre el transporte a\u00e9reo, aviaci\u00f3n, turismo, hoteleria, actualidad.","robots":{"index":"index","follow":"follow","max-snippet":"max-snippet:-1","max-image-preview":"max-image-preview:large","max-video-preview":"max-video-preview:-1"},"canonical":"https:\/\/aeronoticias.com.pe\/noticiero\/nacionales\/comercial-loreto-italia-de-promperu-entre-los-mejores-comerciales-peruanos-del-2012\/","og_locale":"es_ES","og_type":"article","og_title":"Comercial 'Loreto, Italia' de Promper\u00fa entre los mejores comerciales peruanos del 2012","og_description":"Portal de noticias del Per\u00fa sobre el transporte a\u00e9reo, aviaci\u00f3n, turismo, hoteleria, actualidad.","og_url":"https:\/\/aeronoticias.com.pe\/noticiero\/nacionales\/comercial-loreto-italia-de-promperu-entre-los-mejores-comerciales-peruanos-del-2012\/","og_site_name":"Aeronoticias.com.pe","article_publisher":"https:\/\/www.facebook.com\/Aeronoticias.com.pe\/","article_published_time":"2012-12-28T14:47:07+00:00","author":"Redacci\u00f3n Aeronoticias","twitter_card":"summary_large_image","twitter_creator":"@aeronoticias","twitter_site":"@aeronoticias","twitter_misc":{"Escrito por":"Redacci\u00f3n Aeronoticias","Tiempo de lectura":"1 minuto"},"schema":{"@context":"https:\/\/schema.org","@graph":[{"@type":"WebPage","@id":"https:\/\/aeronoticias.com.pe\/noticiero\/nacionales\/comercial-loreto-italia-de-promperu-entre-los-mejores-comerciales-peruanos-del-2012\/","url":"https:\/\/aeronoticias.com.pe\/noticiero\/nacionales\/comercial-loreto-italia-de-promperu-entre-los-mejores-comerciales-peruanos-del-2012\/","name":"Comercial 'Loreto, Italia' de Promper\u00fa entre los mejores comerciales peruanos del 2012","isPartOf":{"@id":"https:\/\/aeronoticias.com.pe\/noticiero\/#website"},"datePublished":"2012-12-28T14:47:07+00:00","author":{"@id":"https:\/\/aeronoticias.com.pe\/noticiero\/#\/schema\/person\/fc1e5d578f4b62ba1cf7ac2bba1170a0"},"description":"Portal de noticias del Per\u00fa sobre el transporte a\u00e9reo, aviaci\u00f3n, turismo, hoteleria, actualidad.","breadcrumb":{"@id":"https:\/\/aeronoticias.com.pe\/noticiero\/nacionales\/comercial-loreto-italia-de-promperu-entre-los-mejores-comerciales-peruanos-del-2012\/#breadcrumb"},"inLanguage":"es","potentialAction":[{"@type":"ReadAction","target":["https:\/\/aeronoticias.com.pe\/noticiero\/nacionales\/comercial-loreto-italia-de-promperu-entre-los-mejores-comerciales-peruanos-del-2012\/"]}]},{"@type":"BreadcrumbList","@id":"https:\/\/aeronoticias.com.pe\/noticiero\/nacionales\/comercial-loreto-italia-de-promperu-entre-los-mejores-comerciales-peruanos-del-2012\/#breadcrumb","itemListElement":[{"@type":"ListItem","position":1,"name":"Portada","item":"https:\/\/aeronoticias.com.pe\/noticiero\/"},{"@type":"ListItem","position":2,"name":"Comercial &#8216;Loreto, Italia&#8217; de Promper\u00fa entre los mejores comerciales peruanos del 2012"}]},{"@type":"WebSite","@id":"https:\/\/aeronoticias.com.pe\/noticiero\/#website","url":"https:\/\/aeronoticias.com.pe\/noticiero\/","name":"Aeronoticias.com.pe","description":"Noticias de tranporte aereo, turismo, hoteles, gastronomia, actualidad, internacional","potentialAction":[{"@type":"SearchAction","target":{"@type":"EntryPoint","urlTemplate":"https:\/\/aeronoticias.com.pe\/noticiero\/?s={search_term_string}"},"query-input":{"@type":"PropertyValueSpecification","valueRequired":true,"valueName":"search_term_string"}}],"inLanguage":"es"},{"@type":"Person","@id":"https:\/\/aeronoticias.com.pe\/noticiero\/#\/schema\/person\/fc1e5d578f4b62ba1cf7ac2bba1170a0","name":"Redacci\u00f3n Aeronoticias","url":"https:\/\/aeronoticias.com.pe\/noticiero\/author\/piloto\/"}]}},"_links":{"self":[{"href":"https:\/\/aeronoticias.com.pe\/noticiero\/wp-json\/wp\/v2\/posts\/33360","targetHints":{"allow":["GET"]}}],"collection":[{"href":"https:\/\/aeronoticias.com.pe\/noticiero\/wp-json\/wp\/v2\/posts"}],"about":[{"href":"https:\/\/aeronoticias.com.pe\/noticiero\/wp-json\/wp\/v2\/types\/post"}],"author":[{"embeddable":true,"href":"https:\/\/aeronoticias.com.pe\/noticiero\/wp-json\/wp\/v2\/users\/1"}],"replies":[{"embeddable":true,"href":"https:\/\/aeronoticias.com.pe\/noticiero\/wp-json\/wp\/v2\/comments?post=33360"}],"version-history":[{"count":0,"href":"https:\/\/aeronoticias.com.pe\/noticiero\/wp-json\/wp\/v2\/posts\/33360\/revisions"}],"wp:attachment":[{"href":"https:\/\/aeronoticias.com.pe\/noticiero\/wp-json\/wp\/v2\/media?parent=33360"}],"wp:term":[{"taxonomy":"category","embeddable":true,"href":"https:\/\/aeronoticias.com.pe\/noticiero\/wp-json\/wp\/v2\/categories?post=33360"},{"taxonomy":"post_tag","embeddable":true,"href":"https:\/\/aeronoticias.com.pe\/noticiero\/wp-json\/wp\/v2\/tags?post=33360"}],"curies":[{"name":"wp","href":"https:\/\/api.w.org\/{rel}","templated":true}]}}