{"id":33606,"date":"2013-01-09T00:22:32","date_gmt":"2013-01-09T00:22:32","guid":{"rendered":"http:\/\/desarrollo.mcvicious.com\/aero2020\/2013\/01\/09\/tras-repudio-de-opinion-publica-congreso-deja-sin-efecto-incremento-del-bono-de-representacion\/"},"modified":"2013-01-09T00:22:32","modified_gmt":"2013-01-09T00:22:32","slug":"tras-repudio-de-opinion-publica-congreso-deja-sin-efecto-incremento-del-bono-de-representacion","status":"publish","type":"post","link":"https:\/\/aeronoticias.com.pe\/noticiero\/politica\/tras-repudio-de-opinion-publica-congreso-deja-sin-efecto-incremento-del-bono-de-representacion\/","title":{"rendered":"Tras repudio de opini\u00f3n p\u00fablica Congreso deja sin efecto incremento del bono de representaci\u00f3n"},"content":{"rendered":"<p style=\"text-align: justify;\"><strong>(Aeronoticias).-<\/strong>Tras la reuni\u00f3n de hoy martes entre la Junta de Portavoces y la Mesa Directiva, y ante el repudio de la opini\u00f3n p\u00fablica quien calificaba este hecho como una cachetada a la pobreza, el presidente del Congreso de la Rep\u00fablica, V\u00edctor Isla, asegur\u00f3 que queda sin efecto el incremento de la asignaci\u00f3n por representaci\u00f3n parlamentaria, acuerdo que se logr\u00f3 por unanimidad.<\/p>\n<p style=\"text-align: justify;\">\u00abSe ha tomado una decisi\u00f3n por unanimidad entre la  Mesa Directiva y la Junta de Portavoces, para dejar sin efecto el  acuerdo del Consejo Directivo referente al incremento de la funci\u00f3n de  representaci\u00f3n\u00bb, afirm\u00f3 el titular del Legislativo en conferencia de prensa. <\/p>\n<p>Isla explic\u00f3 que la decisi\u00f3n tomada fue a raz\u00f3n de que \u00abno se  ha explicado correctamente\u201d el objetivo del aumento a la asignaci\u00f3n por  bono de representaci\u00f3n, lo que suscit\u00f3 malestar en la poblaci\u00f3n. <\/p>\n<p>Resalt\u00f3 que \u00abes una decisi\u00f3n tomada\u00bb y aclar\u00f3 que no se produjo el pago a  ninguno de los congresistas del cuestionado bono, que por aprobaci\u00f3n del  Consejo Directivo ascend\u00eda de S\/. 7,617 a S\/. 15,234. <\/p>\n<p>Agreg\u00f3 adem\u00e1s  que la renuncia de algunos legisladores al bono fue porque \u00abhan hecho  una evaluaci\u00f3n del escenario\u00bb. Asimismo, se\u00f1al\u00f3 que son respetuosos de  la posici\u00f3n del jefe de Estado, Ollanta Humala, y \u00abevidentemente en esta  evaluaci\u00f3n (su opini\u00f3n) si ha sido tomada en cuenta\u00bb. <\/p>\n<p>Isla, quien  inicialmente respald\u00f3 el aumento de la asignaci\u00f3n por representaci\u00f3n,  asegur\u00f3 que \u00absoy respetuoso de las decisiones que se tomen\u201d. <br \/><img decoding=\"async\" src=\"images\/stories\/13\/01\/080113\/presicongresovi.jpg\" border=\"0\" alt=\"isla\" title=\"isla\" \/><\/p>\n<p>\u00a0<\/p>\n","protected":false},"excerpt":{"rendered":"<p>(Aeronoticias).-Tras la reuni\u00f3n de hoy martes entre la Junta de Portavoces y la Mesa Directiva, y ante el repudio de la opini\u00f3n p\u00fablica quien calificaba este hecho como una cachetada a la pobreza, el presidente del Congreso de la Rep\u00fablica, V\u00edctor Isla, asegur\u00f3 que queda sin efecto el incremento de la asignaci\u00f3n por representaci\u00f3n parlamentaria, [&hellip;]<\/p>\n","protected":false},"author":1,"featured_media":0,"comment_status":"open","ping_status":"open","sticky":false,"template":"","format":"standard","meta":{"tdm_status":"","tdm_grid_status":"","footnotes":""},"categories":[36],"tags":[],"class_list":{"0":"post-33606","1":"post","2":"type-post","3":"status-publish","4":"format-standard","6":"category-politica"},"yoast_head":"<!-- This site is optimized with the Yoast SEO plugin v25.1 - https:\/\/yoast.com\/wordpress\/plugins\/seo\/ -->\n<title>Tras repudio de opini\u00f3n p\u00fablica Congreso deja sin efecto incremento del bono de representaci\u00f3n<\/title>\n<meta name=\"description\" content=\"Portal de noticias del Per\u00fa sobre el transporte a\u00e9reo, aviaci\u00f3n, turismo, hoteleria, actualidad.\" \/>\n<meta name=\"robots\" content=\"index, follow, max-snippet:-1, max-image-preview:large, max-video-preview:-1\" \/>\n<link rel=\"canonical\" href=\"https:\/\/aeronoticias.com.pe\/noticiero\/politica\/tras-repudio-de-opinion-publica-congreso-deja-sin-efecto-incremento-del-bono-de-representacion\/\" \/>\n<meta property=\"og:locale\" content=\"es_ES\" \/>\n<meta property=\"og:type\" content=\"article\" \/>\n<meta property=\"og:title\" content=\"Tras repudio de opini\u00f3n p\u00fablica Congreso deja sin efecto incremento del bono de representaci\u00f3n\" \/>\n<meta property=\"og:description\" content=\"Portal de noticias del Per\u00fa sobre el transporte a\u00e9reo, aviaci\u00f3n, turismo, hoteleria, actualidad.\" \/>\n<meta property=\"og:url\" content=\"https:\/\/aeronoticias.com.pe\/noticiero\/politica\/tras-repudio-de-opinion-publica-congreso-deja-sin-efecto-incremento-del-bono-de-representacion\/\" \/>\n<meta property=\"og:site_name\" content=\"Aeronoticias.com.pe\" \/>\n<meta property=\"article:publisher\" content=\"https:\/\/www.facebook.com\/Aeronoticias.com.pe\/\" \/>\n<meta property=\"article:published_time\" content=\"2013-01-09T00:22:32+00:00\" \/>\n<meta name=\"author\" content=\"Redacci\u00f3n Aeronoticias\" \/>\n<meta name=\"twitter:card\" content=\"summary_large_image\" \/>\n<meta name=\"twitter:creator\" content=\"@aeronoticias\" \/>\n<meta name=\"twitter:site\" content=\"@aeronoticias\" \/>\n<meta name=\"twitter:label1\" content=\"Escrito por\" \/>\n\t<meta name=\"twitter:data1\" content=\"Redacci\u00f3n Aeronoticias\" \/>\n\t<meta name=\"twitter:label2\" content=\"Tiempo de lectura\" \/>\n\t<meta name=\"twitter:data2\" content=\"1 minuto\" \/>\n<script type=\"application\/ld+json\" class=\"yoast-schema-graph\">{\"@context\":\"https:\/\/schema.org\",\"@graph\":[{\"@type\":\"WebPage\",\"@id\":\"https:\/\/aeronoticias.com.pe\/noticiero\/politica\/tras-repudio-de-opinion-publica-congreso-deja-sin-efecto-incremento-del-bono-de-representacion\/\",\"url\":\"https:\/\/aeronoticias.com.pe\/noticiero\/politica\/tras-repudio-de-opinion-publica-congreso-deja-sin-efecto-incremento-del-bono-de-representacion\/\",\"name\":\"Tras repudio de opini\u00f3n p\u00fablica Congreso deja sin efecto incremento del bono de representaci\u00f3n\",\"isPartOf\":{\"@id\":\"https:\/\/aeronoticias.com.pe\/noticiero\/#website\"},\"datePublished\":\"2013-01-09T00:22:32+00:00\",\"author\":{\"@id\":\"https:\/\/aeronoticias.com.pe\/noticiero\/#\/schema\/person\/fc1e5d578f4b62ba1cf7ac2bba1170a0\"},\"description\":\"Portal de noticias del Per\u00fa sobre el transporte a\u00e9reo, aviaci\u00f3n, turismo, hoteleria, actualidad.\",\"breadcrumb\":{\"@id\":\"https:\/\/aeronoticias.com.pe\/noticiero\/politica\/tras-repudio-de-opinion-publica-congreso-deja-sin-efecto-incremento-del-bono-de-representacion\/#breadcrumb\"},\"inLanguage\":\"es\",\"potentialAction\":[{\"@type\":\"ReadAction\",\"target\":[\"https:\/\/aeronoticias.com.pe\/noticiero\/politica\/tras-repudio-de-opinion-publica-congreso-deja-sin-efecto-incremento-del-bono-de-representacion\/\"]}]},{\"@type\":\"BreadcrumbList\",\"@id\":\"https:\/\/aeronoticias.com.pe\/noticiero\/politica\/tras-repudio-de-opinion-publica-congreso-deja-sin-efecto-incremento-del-bono-de-representacion\/#breadcrumb\",\"itemListElement\":[{\"@type\":\"ListItem\",\"position\":1,\"name\":\"Portada\",\"item\":\"https:\/\/aeronoticias.com.pe\/noticiero\/\"},{\"@type\":\"ListItem\",\"position\":2,\"name\":\"Tras repudio de opini\u00f3n p\u00fablica Congreso deja sin efecto incremento del bono de representaci\u00f3n\"}]},{\"@type\":\"WebSite\",\"@id\":\"https:\/\/aeronoticias.com.pe\/noticiero\/#website\",\"url\":\"https:\/\/aeronoticias.com.pe\/noticiero\/\",\"name\":\"Aeronoticias.com.pe\",\"description\":\"Noticias de tranporte aereo, turismo, hoteles, gastronomia, actualidad, internacional\",\"potentialAction\":[{\"@type\":\"SearchAction\",\"target\":{\"@type\":\"EntryPoint\",\"urlTemplate\":\"https:\/\/aeronoticias.com.pe\/noticiero\/?s={search_term_string}\"},\"query-input\":{\"@type\":\"PropertyValueSpecification\",\"valueRequired\":true,\"valueName\":\"search_term_string\"}}],\"inLanguage\":\"es\"},{\"@type\":\"Person\",\"@id\":\"https:\/\/aeronoticias.com.pe\/noticiero\/#\/schema\/person\/fc1e5d578f4b62ba1cf7ac2bba1170a0\",\"name\":\"Redacci\u00f3n Aeronoticias\",\"url\":\"https:\/\/aeronoticias.com.pe\/noticiero\/author\/piloto\/\"}]}<\/script>\n<!-- \/ Yoast SEO plugin. -->","yoast_head_json":{"title":"Tras repudio de opini\u00f3n p\u00fablica Congreso deja sin efecto incremento del bono de representaci\u00f3n","description":"Portal de noticias del Per\u00fa sobre el transporte a\u00e9reo, aviaci\u00f3n, turismo, hoteleria, actualidad.","robots":{"index":"index","follow":"follow","max-snippet":"max-snippet:-1","max-image-preview":"max-image-preview:large","max-video-preview":"max-video-preview:-1"},"canonical":"https:\/\/aeronoticias.com.pe\/noticiero\/politica\/tras-repudio-de-opinion-publica-congreso-deja-sin-efecto-incremento-del-bono-de-representacion\/","og_locale":"es_ES","og_type":"article","og_title":"Tras repudio de opini\u00f3n p\u00fablica Congreso deja sin efecto incremento del bono de representaci\u00f3n","og_description":"Portal de noticias del Per\u00fa sobre el transporte a\u00e9reo, aviaci\u00f3n, turismo, hoteleria, actualidad.","og_url":"https:\/\/aeronoticias.com.pe\/noticiero\/politica\/tras-repudio-de-opinion-publica-congreso-deja-sin-efecto-incremento-del-bono-de-representacion\/","og_site_name":"Aeronoticias.com.pe","article_publisher":"https:\/\/www.facebook.com\/Aeronoticias.com.pe\/","article_published_time":"2013-01-09T00:22:32+00:00","author":"Redacci\u00f3n Aeronoticias","twitter_card":"summary_large_image","twitter_creator":"@aeronoticias","twitter_site":"@aeronoticias","twitter_misc":{"Escrito por":"Redacci\u00f3n Aeronoticias","Tiempo de lectura":"1 minuto"},"schema":{"@context":"https:\/\/schema.org","@graph":[{"@type":"WebPage","@id":"https:\/\/aeronoticias.com.pe\/noticiero\/politica\/tras-repudio-de-opinion-publica-congreso-deja-sin-efecto-incremento-del-bono-de-representacion\/","url":"https:\/\/aeronoticias.com.pe\/noticiero\/politica\/tras-repudio-de-opinion-publica-congreso-deja-sin-efecto-incremento-del-bono-de-representacion\/","name":"Tras repudio de opini\u00f3n p\u00fablica Congreso deja sin efecto incremento del bono de representaci\u00f3n","isPartOf":{"@id":"https:\/\/aeronoticias.com.pe\/noticiero\/#website"},"datePublished":"2013-01-09T00:22:32+00:00","author":{"@id":"https:\/\/aeronoticias.com.pe\/noticiero\/#\/schema\/person\/fc1e5d578f4b62ba1cf7ac2bba1170a0"},"description":"Portal de noticias del Per\u00fa sobre el transporte a\u00e9reo, aviaci\u00f3n, turismo, hoteleria, actualidad.","breadcrumb":{"@id":"https:\/\/aeronoticias.com.pe\/noticiero\/politica\/tras-repudio-de-opinion-publica-congreso-deja-sin-efecto-incremento-del-bono-de-representacion\/#breadcrumb"},"inLanguage":"es","potentialAction":[{"@type":"ReadAction","target":["https:\/\/aeronoticias.com.pe\/noticiero\/politica\/tras-repudio-de-opinion-publica-congreso-deja-sin-efecto-incremento-del-bono-de-representacion\/"]}]},{"@type":"BreadcrumbList","@id":"https:\/\/aeronoticias.com.pe\/noticiero\/politica\/tras-repudio-de-opinion-publica-congreso-deja-sin-efecto-incremento-del-bono-de-representacion\/#breadcrumb","itemListElement":[{"@type":"ListItem","position":1,"name":"Portada","item":"https:\/\/aeronoticias.com.pe\/noticiero\/"},{"@type":"ListItem","position":2,"name":"Tras repudio de opini\u00f3n p\u00fablica Congreso deja sin efecto incremento del bono de representaci\u00f3n"}]},{"@type":"WebSite","@id":"https:\/\/aeronoticias.com.pe\/noticiero\/#website","url":"https:\/\/aeronoticias.com.pe\/noticiero\/","name":"Aeronoticias.com.pe","description":"Noticias de tranporte aereo, turismo, hoteles, gastronomia, actualidad, internacional","potentialAction":[{"@type":"SearchAction","target":{"@type":"EntryPoint","urlTemplate":"https:\/\/aeronoticias.com.pe\/noticiero\/?s={search_term_string}"},"query-input":{"@type":"PropertyValueSpecification","valueRequired":true,"valueName":"search_term_string"}}],"inLanguage":"es"},{"@type":"Person","@id":"https:\/\/aeronoticias.com.pe\/noticiero\/#\/schema\/person\/fc1e5d578f4b62ba1cf7ac2bba1170a0","name":"Redacci\u00f3n Aeronoticias","url":"https:\/\/aeronoticias.com.pe\/noticiero\/author\/piloto\/"}]}},"_links":{"self":[{"href":"https:\/\/aeronoticias.com.pe\/noticiero\/wp-json\/wp\/v2\/posts\/33606","targetHints":{"allow":["GET"]}}],"collection":[{"href":"https:\/\/aeronoticias.com.pe\/noticiero\/wp-json\/wp\/v2\/posts"}],"about":[{"href":"https:\/\/aeronoticias.com.pe\/noticiero\/wp-json\/wp\/v2\/types\/post"}],"author":[{"embeddable":true,"href":"https:\/\/aeronoticias.com.pe\/noticiero\/wp-json\/wp\/v2\/users\/1"}],"replies":[{"embeddable":true,"href":"https:\/\/aeronoticias.com.pe\/noticiero\/wp-json\/wp\/v2\/comments?post=33606"}],"version-history":[{"count":0,"href":"https:\/\/aeronoticias.com.pe\/noticiero\/wp-json\/wp\/v2\/posts\/33606\/revisions"}],"wp:attachment":[{"href":"https:\/\/aeronoticias.com.pe\/noticiero\/wp-json\/wp\/v2\/media?parent=33606"}],"wp:term":[{"taxonomy":"category","embeddable":true,"href":"https:\/\/aeronoticias.com.pe\/noticiero\/wp-json\/wp\/v2\/categories?post=33606"},{"taxonomy":"post_tag","embeddable":true,"href":"https:\/\/aeronoticias.com.pe\/noticiero\/wp-json\/wp\/v2\/tags?post=33606"}],"curies":[{"name":"wp","href":"https:\/\/api.w.org\/{rel}","templated":true}]}}