{"id":33607,"date":"2013-01-09T00:25:58","date_gmt":"2013-01-09T00:25:58","guid":{"rendered":"http:\/\/desarrollo.mcvicious.com\/aero2020\/2013\/01\/09\/si-por-mal-tiempo-se-cancela-su-vuelo-sepa-que-medidas-tomar\/"},"modified":"2013-01-09T00:25:58","modified_gmt":"2013-01-09T00:25:58","slug":"si-por-mal-tiempo-se-cancela-su-vuelo-sepa-que-medidas-tomar","status":"publish","type":"post","link":"https:\/\/aeronoticias.com.pe\/noticiero\/transporte-aereo\/internacional\/si-por-mal-tiempo-se-cancela-su-vuelo-sepa-que-medidas-tomar\/","title":{"rendered":"Si por mal tiempo se cancela su vuelo sepa qu\u00e9 medidas tomar"},"content":{"rendered":"<p style=\"text-align: justify;\"><strong>(Aeronoticias).-<\/strong>Si usted amable lector, por alg\u00fan cambio imprevisto en el clima se ha visto imposibilitado de viajar, lea el presente art\u00edculo para saber qu\u00e9 hacer en caso tenga que cancelar su vuelo.<\/p>\n<p style=\"text-align: justify;\">Como primer paso tiene que comunicarse con su agencia de viajes para que te ayuden a reagendar tu vuelo.<\/p>\n<p><span id=\"gleyenda\" class=\"title_image-nd\"> <\/span><\/p>\n<p class=\"txt_a13-blanco\" style=\"text-align: justify;\">Si a\u00fan no sabes que hacer cuando tu vuelo se cancela por mal tiempo y te  invade la impaciencia porque no encuentras respuestas, estos pasos te  solucionar\u00e1n cualquier problema en el aeropuerto.<\/p>\n<p class=\"txt_a13-blanco\"><span id=\"gleyenda\" class=\"title_image-nd\"> <\/span><\/p>\n<p class=\"txt_a13-blanco\">Si  viajas por tu cuenta, ac\u00e9rcate a los m\u00f3dulos de la aerol\u00ednea para  conocer tus alternativas de itinerario lo m\u00e1s pronto posible.<\/p>\n<p>\u00a0<\/p>\n<p>\u00a0<\/p>\n<div class=\"nd_galleria-in-bottom relative\">\n<ul class=\"fotos-thumb\"> <\/ul>\n<p style=\"text-align: justify;\"><span id=\"gleyenda\" class=\"title_image-nd\">La aerol\u00ednea puede emitir un  bono de cr\u00e9dito por el valor de tu boleto para viajar en otro momento.  Lee\u00a0 bien las condiciones de la compra de tu boleto. Es importante saber que  muchos vuelos advierten no cubrir el rembolso en estos casos. <\/span><\/p>\n<p style=\"text-align: justify;\"><span id=\"gleyenda\" class=\"title_image-nd\">Entra a la p\u00e1gina web de la  aerol\u00ednea, s\u00edguelos en sus redes sociales y ah\u00ed seguramente se ofrecer\u00e1  informaci\u00f3n sobre las opciones disponibles. <br \/><\/span><\/p>\n<p class=\"txt_a13-blanco\" style=\"text-align: justify;\">Amable lector si  reservaste el hotel en el destino al que viajas, ponte en contacto con  ellos, advierte de la situaci\u00f3n y reagenda tu fecha de ingreso.<\/p>\n<p class=\"txt_a13-blanco\"><span id=\"gleyenda\" class=\"title_image-nd\">Al reprogramar tu vuelo,  procura monitorear el estado de clima del lugar al que viajar\u00e1s y revisa  si los vuelos a esos destinos se han estado realizando con normalidad. <\/span><\/p>\n<\/p><\/div>\n<p class=\"txt_a12-gris\"><img decoding=\"async\" src=\"images\/stories\/13\/01\/080113\/aeropuertoaena.jpg\" border=\"0\" alt=\"aeropuerto\" title=\"aeropuerto\" \/><\/p>\n","protected":false},"excerpt":{"rendered":"<p>(Aeronoticias).-Si usted amable lector, por alg\u00fan cambio imprevisto en el clima se ha visto imposibilitado de viajar, lea el presente art\u00edculo para saber qu\u00e9 hacer en caso tenga que cancelar su vuelo. Como primer paso tiene que comunicarse con su agencia de viajes para que te ayuden a reagendar tu vuelo. Si a\u00fan no sabes [&hellip;]<\/p>\n","protected":false},"author":1,"featured_media":0,"comment_status":"open","ping_status":"open","sticky":false,"template":"","format":"standard","meta":{"tdm_status":"","tdm_grid_status":"","footnotes":""},"categories":[32],"tags":[],"class_list":{"0":"post-33607","1":"post","2":"type-post","3":"status-publish","4":"format-standard","6":"category-internacional"},"yoast_head":"<!-- This site is optimized with the Yoast SEO plugin v25.1 - https:\/\/yoast.com\/wordpress\/plugins\/seo\/ -->\n<title>Si por mal tiempo se cancela su vuelo sepa qu\u00e9 medidas tomar<\/title>\n<meta name=\"description\" content=\"Portal de noticias del Per\u00fa sobre el transporte a\u00e9reo, aviaci\u00f3n, turismo, hoteleria, actualidad.\" \/>\n<meta name=\"robots\" content=\"index, follow, max-snippet:-1, max-image-preview:large, max-video-preview:-1\" \/>\n<link rel=\"canonical\" href=\"https:\/\/aeronoticias.com.pe\/noticiero\/transporte-aereo\/internacional\/si-por-mal-tiempo-se-cancela-su-vuelo-sepa-que-medidas-tomar\/\" \/>\n<meta property=\"og:locale\" content=\"es_ES\" \/>\n<meta property=\"og:type\" content=\"article\" \/>\n<meta property=\"og:title\" content=\"Si por mal tiempo se cancela su vuelo sepa qu\u00e9 medidas tomar\" \/>\n<meta property=\"og:description\" content=\"Portal de noticias del Per\u00fa sobre el transporte a\u00e9reo, aviaci\u00f3n, turismo, hoteleria, actualidad.\" \/>\n<meta property=\"og:url\" content=\"https:\/\/aeronoticias.com.pe\/noticiero\/transporte-aereo\/internacional\/si-por-mal-tiempo-se-cancela-su-vuelo-sepa-que-medidas-tomar\/\" \/>\n<meta property=\"og:site_name\" content=\"Aeronoticias.com.pe\" \/>\n<meta property=\"article:publisher\" content=\"https:\/\/www.facebook.com\/Aeronoticias.com.pe\/\" \/>\n<meta property=\"article:published_time\" content=\"2013-01-09T00:25:58+00:00\" \/>\n<meta name=\"author\" content=\"Redacci\u00f3n Aeronoticias\" \/>\n<meta name=\"twitter:card\" content=\"summary_large_image\" \/>\n<meta name=\"twitter:creator\" content=\"@aeronoticias\" \/>\n<meta name=\"twitter:site\" content=\"@aeronoticias\" \/>\n<meta name=\"twitter:label1\" content=\"Escrito por\" \/>\n\t<meta name=\"twitter:data1\" content=\"Redacci\u00f3n Aeronoticias\" \/>\n\t<meta name=\"twitter:label2\" content=\"Tiempo de lectura\" \/>\n\t<meta name=\"twitter:data2\" content=\"1 minuto\" \/>\n<script type=\"application\/ld+json\" class=\"yoast-schema-graph\">{\"@context\":\"https:\/\/schema.org\",\"@graph\":[{\"@type\":\"WebPage\",\"@id\":\"https:\/\/aeronoticias.com.pe\/noticiero\/transporte-aereo\/internacional\/si-por-mal-tiempo-se-cancela-su-vuelo-sepa-que-medidas-tomar\/\",\"url\":\"https:\/\/aeronoticias.com.pe\/noticiero\/transporte-aereo\/internacional\/si-por-mal-tiempo-se-cancela-su-vuelo-sepa-que-medidas-tomar\/\",\"name\":\"Si por mal tiempo se cancela su vuelo sepa qu\u00e9 medidas tomar\",\"isPartOf\":{\"@id\":\"https:\/\/aeronoticias.com.pe\/noticiero\/#website\"},\"datePublished\":\"2013-01-09T00:25:58+00:00\",\"author\":{\"@id\":\"https:\/\/aeronoticias.com.pe\/noticiero\/#\/schema\/person\/fc1e5d578f4b62ba1cf7ac2bba1170a0\"},\"description\":\"Portal de noticias del Per\u00fa sobre el transporte a\u00e9reo, aviaci\u00f3n, turismo, hoteleria, actualidad.\",\"breadcrumb\":{\"@id\":\"https:\/\/aeronoticias.com.pe\/noticiero\/transporte-aereo\/internacional\/si-por-mal-tiempo-se-cancela-su-vuelo-sepa-que-medidas-tomar\/#breadcrumb\"},\"inLanguage\":\"es\",\"potentialAction\":[{\"@type\":\"ReadAction\",\"target\":[\"https:\/\/aeronoticias.com.pe\/noticiero\/transporte-aereo\/internacional\/si-por-mal-tiempo-se-cancela-su-vuelo-sepa-que-medidas-tomar\/\"]}]},{\"@type\":\"BreadcrumbList\",\"@id\":\"https:\/\/aeronoticias.com.pe\/noticiero\/transporte-aereo\/internacional\/si-por-mal-tiempo-se-cancela-su-vuelo-sepa-que-medidas-tomar\/#breadcrumb\",\"itemListElement\":[{\"@type\":\"ListItem\",\"position\":1,\"name\":\"Portada\",\"item\":\"https:\/\/aeronoticias.com.pe\/noticiero\/\"},{\"@type\":\"ListItem\",\"position\":2,\"name\":\"Si por mal tiempo se cancela su vuelo sepa qu\u00e9 medidas tomar\"}]},{\"@type\":\"WebSite\",\"@id\":\"https:\/\/aeronoticias.com.pe\/noticiero\/#website\",\"url\":\"https:\/\/aeronoticias.com.pe\/noticiero\/\",\"name\":\"Aeronoticias.com.pe\",\"description\":\"Noticias de tranporte aereo, turismo, hoteles, gastronomia, actualidad, internacional\",\"potentialAction\":[{\"@type\":\"SearchAction\",\"target\":{\"@type\":\"EntryPoint\",\"urlTemplate\":\"https:\/\/aeronoticias.com.pe\/noticiero\/?s={search_term_string}\"},\"query-input\":{\"@type\":\"PropertyValueSpecification\",\"valueRequired\":true,\"valueName\":\"search_term_string\"}}],\"inLanguage\":\"es\"},{\"@type\":\"Person\",\"@id\":\"https:\/\/aeronoticias.com.pe\/noticiero\/#\/schema\/person\/fc1e5d578f4b62ba1cf7ac2bba1170a0\",\"name\":\"Redacci\u00f3n Aeronoticias\",\"url\":\"https:\/\/aeronoticias.com.pe\/noticiero\/author\/piloto\/\"}]}<\/script>\n<!-- \/ Yoast SEO plugin. -->","yoast_head_json":{"title":"Si por mal tiempo se cancela su vuelo sepa qu\u00e9 medidas tomar","description":"Portal de noticias del Per\u00fa sobre el transporte a\u00e9reo, aviaci\u00f3n, turismo, hoteleria, actualidad.","robots":{"index":"index","follow":"follow","max-snippet":"max-snippet:-1","max-image-preview":"max-image-preview:large","max-video-preview":"max-video-preview:-1"},"canonical":"https:\/\/aeronoticias.com.pe\/noticiero\/transporte-aereo\/internacional\/si-por-mal-tiempo-se-cancela-su-vuelo-sepa-que-medidas-tomar\/","og_locale":"es_ES","og_type":"article","og_title":"Si por mal tiempo se cancela su vuelo sepa qu\u00e9 medidas tomar","og_description":"Portal de noticias del Per\u00fa sobre el transporte a\u00e9reo, aviaci\u00f3n, turismo, hoteleria, actualidad.","og_url":"https:\/\/aeronoticias.com.pe\/noticiero\/transporte-aereo\/internacional\/si-por-mal-tiempo-se-cancela-su-vuelo-sepa-que-medidas-tomar\/","og_site_name":"Aeronoticias.com.pe","article_publisher":"https:\/\/www.facebook.com\/Aeronoticias.com.pe\/","article_published_time":"2013-01-09T00:25:58+00:00","author":"Redacci\u00f3n Aeronoticias","twitter_card":"summary_large_image","twitter_creator":"@aeronoticias","twitter_site":"@aeronoticias","twitter_misc":{"Escrito por":"Redacci\u00f3n Aeronoticias","Tiempo de lectura":"1 minuto"},"schema":{"@context":"https:\/\/schema.org","@graph":[{"@type":"WebPage","@id":"https:\/\/aeronoticias.com.pe\/noticiero\/transporte-aereo\/internacional\/si-por-mal-tiempo-se-cancela-su-vuelo-sepa-que-medidas-tomar\/","url":"https:\/\/aeronoticias.com.pe\/noticiero\/transporte-aereo\/internacional\/si-por-mal-tiempo-se-cancela-su-vuelo-sepa-que-medidas-tomar\/","name":"Si por mal tiempo se cancela su vuelo sepa qu\u00e9 medidas tomar","isPartOf":{"@id":"https:\/\/aeronoticias.com.pe\/noticiero\/#website"},"datePublished":"2013-01-09T00:25:58+00:00","author":{"@id":"https:\/\/aeronoticias.com.pe\/noticiero\/#\/schema\/person\/fc1e5d578f4b62ba1cf7ac2bba1170a0"},"description":"Portal de noticias del Per\u00fa sobre el transporte a\u00e9reo, aviaci\u00f3n, turismo, hoteleria, actualidad.","breadcrumb":{"@id":"https:\/\/aeronoticias.com.pe\/noticiero\/transporte-aereo\/internacional\/si-por-mal-tiempo-se-cancela-su-vuelo-sepa-que-medidas-tomar\/#breadcrumb"},"inLanguage":"es","potentialAction":[{"@type":"ReadAction","target":["https:\/\/aeronoticias.com.pe\/noticiero\/transporte-aereo\/internacional\/si-por-mal-tiempo-se-cancela-su-vuelo-sepa-que-medidas-tomar\/"]}]},{"@type":"BreadcrumbList","@id":"https:\/\/aeronoticias.com.pe\/noticiero\/transporte-aereo\/internacional\/si-por-mal-tiempo-se-cancela-su-vuelo-sepa-que-medidas-tomar\/#breadcrumb","itemListElement":[{"@type":"ListItem","position":1,"name":"Portada","item":"https:\/\/aeronoticias.com.pe\/noticiero\/"},{"@type":"ListItem","position":2,"name":"Si por mal tiempo se cancela su vuelo sepa qu\u00e9 medidas tomar"}]},{"@type":"WebSite","@id":"https:\/\/aeronoticias.com.pe\/noticiero\/#website","url":"https:\/\/aeronoticias.com.pe\/noticiero\/","name":"Aeronoticias.com.pe","description":"Noticias de tranporte aereo, turismo, hoteles, gastronomia, actualidad, internacional","potentialAction":[{"@type":"SearchAction","target":{"@type":"EntryPoint","urlTemplate":"https:\/\/aeronoticias.com.pe\/noticiero\/?s={search_term_string}"},"query-input":{"@type":"PropertyValueSpecification","valueRequired":true,"valueName":"search_term_string"}}],"inLanguage":"es"},{"@type":"Person","@id":"https:\/\/aeronoticias.com.pe\/noticiero\/#\/schema\/person\/fc1e5d578f4b62ba1cf7ac2bba1170a0","name":"Redacci\u00f3n Aeronoticias","url":"https:\/\/aeronoticias.com.pe\/noticiero\/author\/piloto\/"}]}},"_links":{"self":[{"href":"https:\/\/aeronoticias.com.pe\/noticiero\/wp-json\/wp\/v2\/posts\/33607","targetHints":{"allow":["GET"]}}],"collection":[{"href":"https:\/\/aeronoticias.com.pe\/noticiero\/wp-json\/wp\/v2\/posts"}],"about":[{"href":"https:\/\/aeronoticias.com.pe\/noticiero\/wp-json\/wp\/v2\/types\/post"}],"author":[{"embeddable":true,"href":"https:\/\/aeronoticias.com.pe\/noticiero\/wp-json\/wp\/v2\/users\/1"}],"replies":[{"embeddable":true,"href":"https:\/\/aeronoticias.com.pe\/noticiero\/wp-json\/wp\/v2\/comments?post=33607"}],"version-history":[{"count":0,"href":"https:\/\/aeronoticias.com.pe\/noticiero\/wp-json\/wp\/v2\/posts\/33607\/revisions"}],"wp:attachment":[{"href":"https:\/\/aeronoticias.com.pe\/noticiero\/wp-json\/wp\/v2\/media?parent=33607"}],"wp:term":[{"taxonomy":"category","embeddable":true,"href":"https:\/\/aeronoticias.com.pe\/noticiero\/wp-json\/wp\/v2\/categories?post=33607"},{"taxonomy":"post_tag","embeddable":true,"href":"https:\/\/aeronoticias.com.pe\/noticiero\/wp-json\/wp\/v2\/tags?post=33607"}],"curies":[{"name":"wp","href":"https:\/\/api.w.org\/{rel}","templated":true}]}}