{"id":33608,"date":"2013-01-09T00:30:57","date_gmt":"2013-01-09T00:30:57","guid":{"rendered":"http:\/\/desarrollo.mcvicious.com\/aero2020\/2013\/01\/09\/tragedias-aereas-que-enlutaron-al-peru\/"},"modified":"2013-01-09T00:30:57","modified_gmt":"2013-01-09T00:30:57","slug":"tragedias-aereas-que-enlutaron-al-peru","status":"publish","type":"post","link":"https:\/\/aeronoticias.com.pe\/noticiero\/transporte-aereo\/nacional\/tragedias-aereas-que-enlutaron-al-peru\/","title":{"rendered":"Traged\u00edas a\u00e9reas que enlutaron al Per\u00fa"},"content":{"rendered":"<p><span id=\"gleyenda\" class=\"title_image-nd\"> <\/span><\/p>\n<p class=\"txt_a19-blanco\" style=\"text-align: justify;\"><strong>(Aeronoticias).-<\/strong>Accidentes a\u00e9reos que en algunos casos fueron ocasionados por errores humanos, han enlutado a muchas familias no solo en el extranjero, sino tambi\u00e9n a nuestro pa\u00eds, en el siguiente art\u00edculo va un recuento de los lamentables sucesos que ti\u00f1eron de sangre el cielo.<\/p>\n<p class=\"txt_a19-blanco\" style=\"text-align: justify;\"><strong>Vuelo 603 de AeroPer\u00fa<\/strong><\/p>\n<p class=\"txt_a13-blanco\" style=\"text-align: justify;\">El  vuelo procedente de Miami, EEUU, con destino a Per\u00fa y Chile se  accident\u00f3 el 2 de octubre de 1996. Los pilotos lucharon por mantener la  aeronave en el aire. Con los pilotos desconociendo su verdadera altitud y  velocidad, el ala del avi\u00f3n impacta en el mar y\u00a0 estrell\u00e1ndose  segundos despu\u00e9s.<\/p>\n<p class=\"txt_a13-blanco\" style=\"text-align: justify;\"><span id=\"gleyenda\" class=\"title_image-nd\"> <\/span><\/p>\n<p class=\"txt_a19-blanco\" style=\"text-align: justify;\"><strong>Accidente del OB-1266 de Aero Ica<\/strong><\/p>\n<p class=\"txt_a13-blanco\" style=\"text-align: justify;\">El  9 de abril de 2008, sobrevolaba las L\u00edneas de Nasca, un Cessna U206C  Super Skywagon, sufri\u00f3 un\u00a0 aparatoso accidente minutos antes de aterrizar. Se  estrell\u00f3 con la pared de una vivienda, luego de rozar unos cables de  energ\u00eda el\u00e9ctrica. Los cinco pasajeros franceses murieron en el impacto,  solo el piloto sobrevivi\u00f3.<\/p>\n<p style=\"text-align: justify;\"><strong>Vuelo 508 de Lansa Per\u00fa<\/strong><\/p>\n<p class=\"txt_a13-blanco\" style=\"text-align: justify;\">El  vuelo 508 de LANSA fue un accidente a\u00e9reo producido el 24 de diciembre  de 1971 sobre la selva peruana. Fallecieron 92 personas y solo una joven  logr\u00f3 sobrevivir. Su ins\u00f3lita historia de supervivencia en condiciones  extremas la hizo mundialmente famosa.<\/p>\n<p class=\"txt_a13-blanco\" style=\"text-align: justify;\"><span id=\"gleyenda\" class=\"title_image-nd\"> <\/span><\/p>\n<p class=\"txt_a19-blanco\" style=\"text-align: justify;\"><strong>Vuelo 502 de Lansa Per\u00fa<\/strong><\/p>\n<p class=\"txt_a13-blanco\" style=\"text-align: justify;\">El  Vuelo 502 de LANSA Per\u00fa fue un vuelo que se estrell\u00f3 el 9 de agosto de  1970 poco despu\u00e9s de despegar del Aeropuerto Internacional Alejandro  Velasco Astete, en Cusco, despu\u00e9s de perder uno de sus motores.<\/p>\n<p class=\"txt_a13-blanco\" style=\"text-align: justify;\"><span id=\"gleyenda\" class=\"title_image-nd\"> <\/span><\/p>\n<p class=\"txt_a19-blanco\" style=\"text-align: justify;\"><strong>Vuelo 222 de TANS Per\u00fa<\/strong><\/p>\n<p class=\"txt_a13-blanco\" style=\"text-align: justify;\">El  Vuelo 222 de TANS Per\u00fa era un Fokker F28 Fellowship-1000, que se  estrell\u00f3 en el Cerro Coloque, cerca de Chachapoyas, el 9 de enero de  2003, mientras se acercaba al Aeropuerto de la ciudad. Ninguno de los 46  pasajeros y tripulantes a bordo del Fokker F-28 sobrevivieron a la tragedia.<\/p>\n<p style=\"text-align: justify;\"><strong>Vuelo 251 de Faucett Per\u00fa<\/strong><\/p>\n<p class=\"txt_a19-blanco\" style=\"text-align: justify;\">Era  un vuelo comercial que se estrell\u00f3 el 29 de febrero de 1996 en  Arequipa. El avi\u00f3n, que fue construido en 1968, se estrell\u00f3 con la  tierra cuando intentaba aterrizar. Los 123 pasajeros, entre peruanos y  extranjeros, a bordo murieron en el accidente.<\/p>\n<p class=\"txt_a19-blanco\" style=\"text-align: justify;\"><strong>Vuelo 204 de TANS Per\u00fa<\/strong><\/p>\n<p class=\"txt_a19-blanco\" style=\"text-align: justify;\">Fue  un vuelo que el 23 de agosto del 2005 se estrell\u00f3 cerca de Pucallpa. 40  de las 98 personas a bordo murieron. Las condiciones meteorol\u00f3gicas  comenzaron a empeorar, impidiendo el aterrizaje. Tras varias maniobras,  finalmente, se estrell\u00f3 y parti\u00f3 en dos en medio de la selva.<\/p>\n<p class=\"txt_a19-blanco\" style=\"text-align: justify;\"><img decoding=\"async\" src=\"images\/stories\/13\/01\/080113\/accidente aereo.jpg\" border=\"0\" alt=\"accidente\" title=\"accidente\" \/><\/p>\n<ul class=\"fotos-thumb\"> <\/ul>\n","protected":false},"excerpt":{"rendered":"<p>(Aeronoticias).-Accidentes a\u00e9reos que en algunos casos fueron ocasionados por errores humanos, han enlutado a muchas familias no solo en el extranjero, sino tambi\u00e9n a nuestro pa\u00eds, en el siguiente art\u00edculo va un recuento de los lamentables sucesos que ti\u00f1eron de sangre el cielo. Vuelo 603 de AeroPer\u00fa El vuelo procedente de Miami, EEUU, con destino [&hellip;]<\/p>\n","protected":false},"author":1,"featured_media":0,"comment_status":"open","ping_status":"open","sticky":false,"template":"","format":"standard","meta":{"tdm_status":"","tdm_grid_status":"","footnotes":""},"categories":[51],"tags":[],"class_list":{"0":"post-33608","1":"post","2":"type-post","3":"status-publish","4":"format-standard","6":"category-nacional"},"yoast_head":"<!-- This site is optimized with the Yoast SEO plugin v25.1 - https:\/\/yoast.com\/wordpress\/plugins\/seo\/ -->\n<title>Traged\u00edas a\u00e9reas que enlutaron al Per\u00fa<\/title>\n<meta name=\"description\" content=\"Portal de noticias del Per\u00fa sobre el transporte a\u00e9reo, aviaci\u00f3n, turismo, hoteleria, actualidad.\" \/>\n<meta name=\"robots\" content=\"index, follow, max-snippet:-1, max-image-preview:large, max-video-preview:-1\" \/>\n<link rel=\"canonical\" href=\"https:\/\/aeronoticias.com.pe\/noticiero\/transporte-aereo\/nacional\/tragedias-aereas-que-enlutaron-al-peru\/\" \/>\n<meta property=\"og:locale\" content=\"es_ES\" \/>\n<meta property=\"og:type\" content=\"article\" \/>\n<meta property=\"og:title\" content=\"Traged\u00edas a\u00e9reas que enlutaron al Per\u00fa\" \/>\n<meta property=\"og:description\" content=\"Portal de noticias del Per\u00fa sobre el transporte a\u00e9reo, aviaci\u00f3n, turismo, hoteleria, actualidad.\" \/>\n<meta property=\"og:url\" content=\"https:\/\/aeronoticias.com.pe\/noticiero\/transporte-aereo\/nacional\/tragedias-aereas-que-enlutaron-al-peru\/\" \/>\n<meta property=\"og:site_name\" content=\"Aeronoticias.com.pe\" \/>\n<meta property=\"article:publisher\" content=\"https:\/\/www.facebook.com\/Aeronoticias.com.pe\/\" \/>\n<meta property=\"article:published_time\" content=\"2013-01-09T00:30:57+00:00\" \/>\n<meta name=\"author\" content=\"Redacci\u00f3n Aeronoticias\" \/>\n<meta name=\"twitter:card\" content=\"summary_large_image\" \/>\n<meta name=\"twitter:creator\" content=\"@aeronoticias\" \/>\n<meta name=\"twitter:site\" content=\"@aeronoticias\" \/>\n<meta name=\"twitter:label1\" content=\"Escrito por\" \/>\n\t<meta name=\"twitter:data1\" content=\"Redacci\u00f3n Aeronoticias\" \/>\n\t<meta name=\"twitter:label2\" content=\"Tiempo de lectura\" \/>\n\t<meta name=\"twitter:data2\" content=\"2 minutos\" \/>\n<script type=\"application\/ld+json\" class=\"yoast-schema-graph\">{\"@context\":\"https:\/\/schema.org\",\"@graph\":[{\"@type\":\"WebPage\",\"@id\":\"https:\/\/aeronoticias.com.pe\/noticiero\/transporte-aereo\/nacional\/tragedias-aereas-que-enlutaron-al-peru\/\",\"url\":\"https:\/\/aeronoticias.com.pe\/noticiero\/transporte-aereo\/nacional\/tragedias-aereas-que-enlutaron-al-peru\/\",\"name\":\"Traged\u00edas a\u00e9reas que enlutaron al Per\u00fa\",\"isPartOf\":{\"@id\":\"https:\/\/aeronoticias.com.pe\/noticiero\/#website\"},\"datePublished\":\"2013-01-09T00:30:57+00:00\",\"author\":{\"@id\":\"https:\/\/aeronoticias.com.pe\/noticiero\/#\/schema\/person\/fc1e5d578f4b62ba1cf7ac2bba1170a0\"},\"description\":\"Portal de noticias del Per\u00fa sobre el transporte a\u00e9reo, aviaci\u00f3n, turismo, hoteleria, actualidad.\",\"breadcrumb\":{\"@id\":\"https:\/\/aeronoticias.com.pe\/noticiero\/transporte-aereo\/nacional\/tragedias-aereas-que-enlutaron-al-peru\/#breadcrumb\"},\"inLanguage\":\"es\",\"potentialAction\":[{\"@type\":\"ReadAction\",\"target\":[\"https:\/\/aeronoticias.com.pe\/noticiero\/transporte-aereo\/nacional\/tragedias-aereas-que-enlutaron-al-peru\/\"]}]},{\"@type\":\"BreadcrumbList\",\"@id\":\"https:\/\/aeronoticias.com.pe\/noticiero\/transporte-aereo\/nacional\/tragedias-aereas-que-enlutaron-al-peru\/#breadcrumb\",\"itemListElement\":[{\"@type\":\"ListItem\",\"position\":1,\"name\":\"Portada\",\"item\":\"https:\/\/aeronoticias.com.pe\/noticiero\/\"},{\"@type\":\"ListItem\",\"position\":2,\"name\":\"Traged\u00edas a\u00e9reas que enlutaron al Per\u00fa\"}]},{\"@type\":\"WebSite\",\"@id\":\"https:\/\/aeronoticias.com.pe\/noticiero\/#website\",\"url\":\"https:\/\/aeronoticias.com.pe\/noticiero\/\",\"name\":\"Aeronoticias.com.pe\",\"description\":\"Noticias de tranporte aereo, turismo, hoteles, gastronomia, actualidad, internacional\",\"potentialAction\":[{\"@type\":\"SearchAction\",\"target\":{\"@type\":\"EntryPoint\",\"urlTemplate\":\"https:\/\/aeronoticias.com.pe\/noticiero\/?s={search_term_string}\"},\"query-input\":{\"@type\":\"PropertyValueSpecification\",\"valueRequired\":true,\"valueName\":\"search_term_string\"}}],\"inLanguage\":\"es\"},{\"@type\":\"Person\",\"@id\":\"https:\/\/aeronoticias.com.pe\/noticiero\/#\/schema\/person\/fc1e5d578f4b62ba1cf7ac2bba1170a0\",\"name\":\"Redacci\u00f3n Aeronoticias\",\"url\":\"https:\/\/aeronoticias.com.pe\/noticiero\/author\/piloto\/\"}]}<\/script>\n<!-- \/ Yoast SEO plugin. -->","yoast_head_json":{"title":"Traged\u00edas a\u00e9reas que enlutaron al Per\u00fa","description":"Portal de noticias del Per\u00fa sobre el transporte a\u00e9reo, aviaci\u00f3n, turismo, hoteleria, actualidad.","robots":{"index":"index","follow":"follow","max-snippet":"max-snippet:-1","max-image-preview":"max-image-preview:large","max-video-preview":"max-video-preview:-1"},"canonical":"https:\/\/aeronoticias.com.pe\/noticiero\/transporte-aereo\/nacional\/tragedias-aereas-que-enlutaron-al-peru\/","og_locale":"es_ES","og_type":"article","og_title":"Traged\u00edas a\u00e9reas que enlutaron al Per\u00fa","og_description":"Portal de noticias del Per\u00fa sobre el transporte a\u00e9reo, aviaci\u00f3n, turismo, hoteleria, actualidad.","og_url":"https:\/\/aeronoticias.com.pe\/noticiero\/transporte-aereo\/nacional\/tragedias-aereas-que-enlutaron-al-peru\/","og_site_name":"Aeronoticias.com.pe","article_publisher":"https:\/\/www.facebook.com\/Aeronoticias.com.pe\/","article_published_time":"2013-01-09T00:30:57+00:00","author":"Redacci\u00f3n Aeronoticias","twitter_card":"summary_large_image","twitter_creator":"@aeronoticias","twitter_site":"@aeronoticias","twitter_misc":{"Escrito por":"Redacci\u00f3n Aeronoticias","Tiempo de lectura":"2 minutos"},"schema":{"@context":"https:\/\/schema.org","@graph":[{"@type":"WebPage","@id":"https:\/\/aeronoticias.com.pe\/noticiero\/transporte-aereo\/nacional\/tragedias-aereas-que-enlutaron-al-peru\/","url":"https:\/\/aeronoticias.com.pe\/noticiero\/transporte-aereo\/nacional\/tragedias-aereas-que-enlutaron-al-peru\/","name":"Traged\u00edas a\u00e9reas que enlutaron al Per\u00fa","isPartOf":{"@id":"https:\/\/aeronoticias.com.pe\/noticiero\/#website"},"datePublished":"2013-01-09T00:30:57+00:00","author":{"@id":"https:\/\/aeronoticias.com.pe\/noticiero\/#\/schema\/person\/fc1e5d578f4b62ba1cf7ac2bba1170a0"},"description":"Portal de noticias del Per\u00fa sobre el transporte a\u00e9reo, aviaci\u00f3n, turismo, hoteleria, actualidad.","breadcrumb":{"@id":"https:\/\/aeronoticias.com.pe\/noticiero\/transporte-aereo\/nacional\/tragedias-aereas-que-enlutaron-al-peru\/#breadcrumb"},"inLanguage":"es","potentialAction":[{"@type":"ReadAction","target":["https:\/\/aeronoticias.com.pe\/noticiero\/transporte-aereo\/nacional\/tragedias-aereas-que-enlutaron-al-peru\/"]}]},{"@type":"BreadcrumbList","@id":"https:\/\/aeronoticias.com.pe\/noticiero\/transporte-aereo\/nacional\/tragedias-aereas-que-enlutaron-al-peru\/#breadcrumb","itemListElement":[{"@type":"ListItem","position":1,"name":"Portada","item":"https:\/\/aeronoticias.com.pe\/noticiero\/"},{"@type":"ListItem","position":2,"name":"Traged\u00edas a\u00e9reas que enlutaron al Per\u00fa"}]},{"@type":"WebSite","@id":"https:\/\/aeronoticias.com.pe\/noticiero\/#website","url":"https:\/\/aeronoticias.com.pe\/noticiero\/","name":"Aeronoticias.com.pe","description":"Noticias de tranporte aereo, turismo, hoteles, gastronomia, actualidad, internacional","potentialAction":[{"@type":"SearchAction","target":{"@type":"EntryPoint","urlTemplate":"https:\/\/aeronoticias.com.pe\/noticiero\/?s={search_term_string}"},"query-input":{"@type":"PropertyValueSpecification","valueRequired":true,"valueName":"search_term_string"}}],"inLanguage":"es"},{"@type":"Person","@id":"https:\/\/aeronoticias.com.pe\/noticiero\/#\/schema\/person\/fc1e5d578f4b62ba1cf7ac2bba1170a0","name":"Redacci\u00f3n Aeronoticias","url":"https:\/\/aeronoticias.com.pe\/noticiero\/author\/piloto\/"}]}},"_links":{"self":[{"href":"https:\/\/aeronoticias.com.pe\/noticiero\/wp-json\/wp\/v2\/posts\/33608","targetHints":{"allow":["GET"]}}],"collection":[{"href":"https:\/\/aeronoticias.com.pe\/noticiero\/wp-json\/wp\/v2\/posts"}],"about":[{"href":"https:\/\/aeronoticias.com.pe\/noticiero\/wp-json\/wp\/v2\/types\/post"}],"author":[{"embeddable":true,"href":"https:\/\/aeronoticias.com.pe\/noticiero\/wp-json\/wp\/v2\/users\/1"}],"replies":[{"embeddable":true,"href":"https:\/\/aeronoticias.com.pe\/noticiero\/wp-json\/wp\/v2\/comments?post=33608"}],"version-history":[{"count":0,"href":"https:\/\/aeronoticias.com.pe\/noticiero\/wp-json\/wp\/v2\/posts\/33608\/revisions"}],"wp:attachment":[{"href":"https:\/\/aeronoticias.com.pe\/noticiero\/wp-json\/wp\/v2\/media?parent=33608"}],"wp:term":[{"taxonomy":"category","embeddable":true,"href":"https:\/\/aeronoticias.com.pe\/noticiero\/wp-json\/wp\/v2\/categories?post=33608"},{"taxonomy":"post_tag","embeddable":true,"href":"https:\/\/aeronoticias.com.pe\/noticiero\/wp-json\/wp\/v2\/tags?post=33608"}],"curies":[{"name":"wp","href":"https:\/\/api.w.org\/{rel}","templated":true}]}}