{"id":341,"date":"2008-08-27T18:21:20","date_gmt":"2008-08-27T18:21:20","guid":{"rendered":"http:\/\/desarrollo.mcvicious.com\/aero2020\/2008\/08\/27\/grupo-de-trabajo-de-minerapec-analiza-precios-oferta-y-demanda-en-asia-pacco\/"},"modified":"2008-08-27T18:21:20","modified_gmt":"2008-08-27T18:21:20","slug":"grupo-de-trabajo-de-minerapec-analiza-precios-oferta-y-demanda-en-asia-pacco","status":"publish","type":"post","link":"https:\/\/aeronoticias.com.pe\/noticiero\/economia\/grupo-de-trabajo-de-minerapec-analiza-precios-oferta-y-demanda-en-asia-pacco\/","title":{"rendered":"Grupo de trabajo de miner"},"content":{"rendered":"<p style=\"font-size: 12px; color: #003a75; font-family: Arial, Helvetica, sans-serif\" align=\"justify\">El Grupo de Trabajo de Miner&iacute;a abord&oacute; en sus dos d&iacute;as de sesiones la situaci&oacute;n del Sector en la Regi&oacute;n APEC a partir de un an&aacute;lisis de los precios, la oferta y la demanda de los minerales y metales que se extraen y comercializan en el Asia-Pac&iacute;fico. <\/p>\n<p style=\"font-size: 12px; color: #003a75; font-family: Arial, Helvetica, sans-serif\" align=\"justify\">Como resultado de estos estudios se prev&eacute; establecer las posibilidades de inversi&oacute;n en las Econom&iacute;as Miembro.<\/p>\n<p style=\"font-size: 12px; color: #003a75; font-family: Arial, Helvetica, sans-serif\" align=\"justify\">El presidente del Grupo de Trabajo, Alexey Pinchuk, Subdirector del Departamento de Industrias B&aacute;sicas del Ministerio de Industria y Comercio de Rusia, se&ntilde;al&oacute; que durante las sesiones se explor&oacute; el nivel de desarrollo de la miner&iacute;a en la Regi&oacute;n APEC y se identificaron las barreras al comercio, todo ello con el fin de incentivar las inversiones, tanto en infraestructura como en el &aacute;rea social.<\/p>\n<p style=\"text-align: center\"><img loading=\"lazy\" decoding=\"async\" src=\"http:\/\/aeronoticias.com.pe\/fotonoticias\/agosto\/alexey27.jpg\" alt=\" \" title=\"El presidente del Grupo de Trabajo, Alexey Pinchuk, Subdirector del Departamento de Industrias B&aacute;sicas del Ministerio de Industria y Comercio de Rusia. (Foto: APEC)\" hspace=\"5\" vspace=\"5\" width=\"250\" height=\"167\" \/><\/p>\n<p> <!--more--> <\/p>\n<p style=\"font-size: 12px; color: #003a75; font-family: Arial, Helvetica, sans-serif\" align=\"center\"><strong>Extracci&oacute;n de minerales<\/strong><\/p>\n<p style=\"font-size: 12px; color: #003a75; font-family: Arial, Helvetica, sans-serif\" align=\"justify\">Inform&oacute;, adem&aacute;s, que los trabajos del grupo se orientan a ampliar los v&iacute;nculos en la esfera de la extracci&oacute;n de minerales, as&iacute; como en el intercambio cient&iacute;fico y t&eacute;cnico. <\/p>\n<p style=\"font-size: 12px; color: #003a75; font-family: Arial, Helvetica, sans-serif\" align=\"justify\">Asimismo, indic&oacute; que se busca implementar estrategias para consolidar un desarrollo sostenido en el sector miner&iacute;a, garantizando la preservaci&oacute;n del medio ambiente y teniendo en cuenta el impacto que tiene esta industria en el &aacute;mbito social.<\/p>\n<p style=\"font-size: 12px; color: #003a75; font-family: Arial, Helvetica, sans-serif\" align=\"center\"><strong>Promover relaciones econ&oacute;micas internacionales<\/strong><\/p>\n<p style=\"font-size: 12px; color: #003a75; font-family: Arial, Helvetica, sans-serif\" align=\"justify\">El representante del Ministerio de Industria y Comercio de Rusia agreg&oacute; que en las reuniones se aprobaron dos propuestas de proyecto provenientes de su Econom&iacute;a y una procedente de los Estados Unidos, ambas enfocadas al desarrollo econ&oacute;mico del sector minero y sider&uacute;rgico en el Asia-Pac&iacute;fico.<\/p>\n<p style=\"font-size: 12px; color: #003a75; font-family: Arial, Helvetica, sans-serif\" align=\"justify\">El Grupo de Trabajo de Miner&iacute;a tiene como objetivo promover las relaciones econ&oacute;micas internacionales entre las Econom&iacute;as de APEC, incrementar las inversiones y nuevas industrias e incentivar el libre intercambio comercial en el &aacute;mbito del sector Minas.<\/p>\n<p>&nbsp;<\/p>\n","protected":false},"excerpt":{"rendered":"<p>El Grupo de Trabajo de Miner&iacute;a abord&oacute; en sus dos d&iacute;as de sesiones la situaci&oacute;n del Sector en la Regi&oacute;n APEC a partir de un an&aacute;lisis de los precios, la oferta y la demanda de los minerales y metales que se extraen y comercializan en el Asia-Pac&iacute;fico. Como resultado de estos estudios se prev&eacute; establecer [&hellip;]<\/p>\n","protected":false},"author":1,"featured_media":0,"comment_status":"open","ping_status":"open","sticky":false,"template":"","format":"standard","meta":{"tdm_status":"","tdm_grid_status":"","footnotes":""},"categories":[33],"tags":[],"class_list":{"0":"post-341","1":"post","2":"type-post","3":"status-publish","4":"format-standard","6":"category-economia"},"yoast_head":"<!-- This site is optimized with the Yoast SEO plugin v25.1 - https:\/\/yoast.com\/wordpress\/plugins\/seo\/ -->\n<title>Grupo de trabajo de miner<\/title>\n<meta name=\"description\" content=\"Portal de noticias del Per\u00fa sobre el transporte a\u00e9reo, aviaci\u00f3n, turismo, hoteleria, actualidad.\" \/>\n<meta name=\"robots\" content=\"index, follow, max-snippet:-1, max-image-preview:large, max-video-preview:-1\" \/>\n<link rel=\"canonical\" href=\"https:\/\/aeronoticias.com.pe\/noticiero\/economia\/grupo-de-trabajo-de-minerapec-analiza-precios-oferta-y-demanda-en-asia-pacco\/\" \/>\n<meta property=\"og:locale\" content=\"es_ES\" \/>\n<meta property=\"og:type\" content=\"article\" \/>\n<meta property=\"og:title\" content=\"Grupo de trabajo de miner\" \/>\n<meta property=\"og:description\" content=\"Portal de noticias del Per\u00fa sobre el transporte a\u00e9reo, aviaci\u00f3n, turismo, hoteleria, actualidad.\" \/>\n<meta property=\"og:url\" content=\"https:\/\/aeronoticias.com.pe\/noticiero\/economia\/grupo-de-trabajo-de-minerapec-analiza-precios-oferta-y-demanda-en-asia-pacco\/\" \/>\n<meta property=\"og:site_name\" content=\"Aeronoticias.com.pe\" \/>\n<meta property=\"article:publisher\" content=\"https:\/\/www.facebook.com\/Aeronoticias.com.pe\/\" \/>\n<meta property=\"article:published_time\" content=\"2008-08-27T18:21:20+00:00\" \/>\n<meta property=\"og:image\" content=\"http:\/\/aeronoticias.com.pe\/fotonoticias\/agosto\/alexey27.jpg\" \/>\n<meta name=\"author\" content=\"Redacci\u00f3n Aeronoticias\" \/>\n<meta name=\"twitter:card\" content=\"summary_large_image\" \/>\n<meta name=\"twitter:creator\" content=\"@aeronoticias\" \/>\n<meta name=\"twitter:site\" content=\"@aeronoticias\" \/>\n<meta name=\"twitter:label1\" content=\"Escrito por\" \/>\n\t<meta name=\"twitter:data1\" content=\"Redacci\u00f3n Aeronoticias\" \/>\n\t<meta name=\"twitter:label2\" content=\"Tiempo de lectura\" \/>\n\t<meta name=\"twitter:data2\" content=\"2 minutos\" \/>\n<script type=\"application\/ld+json\" class=\"yoast-schema-graph\">{\"@context\":\"https:\/\/schema.org\",\"@graph\":[{\"@type\":\"WebPage\",\"@id\":\"https:\/\/aeronoticias.com.pe\/noticiero\/economia\/grupo-de-trabajo-de-minerapec-analiza-precios-oferta-y-demanda-en-asia-pacco\/\",\"url\":\"https:\/\/aeronoticias.com.pe\/noticiero\/economia\/grupo-de-trabajo-de-minerapec-analiza-precios-oferta-y-demanda-en-asia-pacco\/\",\"name\":\"Grupo de trabajo de miner\",\"isPartOf\":{\"@id\":\"https:\/\/aeronoticias.com.pe\/noticiero\/#website\"},\"primaryImageOfPage\":{\"@id\":\"https:\/\/aeronoticias.com.pe\/noticiero\/economia\/grupo-de-trabajo-de-minerapec-analiza-precios-oferta-y-demanda-en-asia-pacco\/#primaryimage\"},\"image\":{\"@id\":\"https:\/\/aeronoticias.com.pe\/noticiero\/economia\/grupo-de-trabajo-de-minerapec-analiza-precios-oferta-y-demanda-en-asia-pacco\/#primaryimage\"},\"thumbnailUrl\":\"http:\/\/aeronoticias.com.pe\/fotonoticias\/agosto\/alexey27.jpg\",\"datePublished\":\"2008-08-27T18:21:20+00:00\",\"author\":{\"@id\":\"https:\/\/aeronoticias.com.pe\/noticiero\/#\/schema\/person\/fc1e5d578f4b62ba1cf7ac2bba1170a0\"},\"description\":\"Portal de noticias del Per\u00fa sobre el transporte a\u00e9reo, aviaci\u00f3n, turismo, hoteleria, actualidad.\",\"breadcrumb\":{\"@id\":\"https:\/\/aeronoticias.com.pe\/noticiero\/economia\/grupo-de-trabajo-de-minerapec-analiza-precios-oferta-y-demanda-en-asia-pacco\/#breadcrumb\"},\"inLanguage\":\"es\",\"potentialAction\":[{\"@type\":\"ReadAction\",\"target\":[\"https:\/\/aeronoticias.com.pe\/noticiero\/economia\/grupo-de-trabajo-de-minerapec-analiza-precios-oferta-y-demanda-en-asia-pacco\/\"]}]},{\"@type\":\"ImageObject\",\"inLanguage\":\"es\",\"@id\":\"https:\/\/aeronoticias.com.pe\/noticiero\/economia\/grupo-de-trabajo-de-minerapec-analiza-precios-oferta-y-demanda-en-asia-pacco\/#primaryimage\",\"url\":\"http:\/\/aeronoticias.com.pe\/fotonoticias\/agosto\/alexey27.jpg\",\"contentUrl\":\"http:\/\/aeronoticias.com.pe\/fotonoticias\/agosto\/alexey27.jpg\"},{\"@type\":\"BreadcrumbList\",\"@id\":\"https:\/\/aeronoticias.com.pe\/noticiero\/economia\/grupo-de-trabajo-de-minerapec-analiza-precios-oferta-y-demanda-en-asia-pacco\/#breadcrumb\",\"itemListElement\":[{\"@type\":\"ListItem\",\"position\":1,\"name\":\"Portada\",\"item\":\"https:\/\/aeronoticias.com.pe\/noticiero\/\"},{\"@type\":\"ListItem\",\"position\":2,\"name\":\"Grupo de trabajo de miner\"}]},{\"@type\":\"WebSite\",\"@id\":\"https:\/\/aeronoticias.com.pe\/noticiero\/#website\",\"url\":\"https:\/\/aeronoticias.com.pe\/noticiero\/\",\"name\":\"Aeronoticias.com.pe\",\"description\":\"Noticias de tranporte aereo, turismo, hoteles, gastronomia, actualidad, internacional\",\"potentialAction\":[{\"@type\":\"SearchAction\",\"target\":{\"@type\":\"EntryPoint\",\"urlTemplate\":\"https:\/\/aeronoticias.com.pe\/noticiero\/?s={search_term_string}\"},\"query-input\":{\"@type\":\"PropertyValueSpecification\",\"valueRequired\":true,\"valueName\":\"search_term_string\"}}],\"inLanguage\":\"es\"},{\"@type\":\"Person\",\"@id\":\"https:\/\/aeronoticias.com.pe\/noticiero\/#\/schema\/person\/fc1e5d578f4b62ba1cf7ac2bba1170a0\",\"name\":\"Redacci\u00f3n Aeronoticias\",\"url\":\"https:\/\/aeronoticias.com.pe\/noticiero\/author\/piloto\/\"}]}<\/script>\n<!-- \/ Yoast SEO plugin. -->","yoast_head_json":{"title":"Grupo de trabajo de miner","description":"Portal de noticias del Per\u00fa sobre el transporte a\u00e9reo, aviaci\u00f3n, turismo, hoteleria, actualidad.","robots":{"index":"index","follow":"follow","max-snippet":"max-snippet:-1","max-image-preview":"max-image-preview:large","max-video-preview":"max-video-preview:-1"},"canonical":"https:\/\/aeronoticias.com.pe\/noticiero\/economia\/grupo-de-trabajo-de-minerapec-analiza-precios-oferta-y-demanda-en-asia-pacco\/","og_locale":"es_ES","og_type":"article","og_title":"Grupo de trabajo de miner","og_description":"Portal de noticias del Per\u00fa sobre el transporte a\u00e9reo, aviaci\u00f3n, turismo, hoteleria, actualidad.","og_url":"https:\/\/aeronoticias.com.pe\/noticiero\/economia\/grupo-de-trabajo-de-minerapec-analiza-precios-oferta-y-demanda-en-asia-pacco\/","og_site_name":"Aeronoticias.com.pe","article_publisher":"https:\/\/www.facebook.com\/Aeronoticias.com.pe\/","article_published_time":"2008-08-27T18:21:20+00:00","og_image":[{"url":"http:\/\/aeronoticias.com.pe\/fotonoticias\/agosto\/alexey27.jpg","type":"","width":"","height":""}],"author":"Redacci\u00f3n Aeronoticias","twitter_card":"summary_large_image","twitter_creator":"@aeronoticias","twitter_site":"@aeronoticias","twitter_misc":{"Escrito por":"Redacci\u00f3n Aeronoticias","Tiempo de lectura":"2 minutos"},"schema":{"@context":"https:\/\/schema.org","@graph":[{"@type":"WebPage","@id":"https:\/\/aeronoticias.com.pe\/noticiero\/economia\/grupo-de-trabajo-de-minerapec-analiza-precios-oferta-y-demanda-en-asia-pacco\/","url":"https:\/\/aeronoticias.com.pe\/noticiero\/economia\/grupo-de-trabajo-de-minerapec-analiza-precios-oferta-y-demanda-en-asia-pacco\/","name":"Grupo de trabajo de miner","isPartOf":{"@id":"https:\/\/aeronoticias.com.pe\/noticiero\/#website"},"primaryImageOfPage":{"@id":"https:\/\/aeronoticias.com.pe\/noticiero\/economia\/grupo-de-trabajo-de-minerapec-analiza-precios-oferta-y-demanda-en-asia-pacco\/#primaryimage"},"image":{"@id":"https:\/\/aeronoticias.com.pe\/noticiero\/economia\/grupo-de-trabajo-de-minerapec-analiza-precios-oferta-y-demanda-en-asia-pacco\/#primaryimage"},"thumbnailUrl":"http:\/\/aeronoticias.com.pe\/fotonoticias\/agosto\/alexey27.jpg","datePublished":"2008-08-27T18:21:20+00:00","author":{"@id":"https:\/\/aeronoticias.com.pe\/noticiero\/#\/schema\/person\/fc1e5d578f4b62ba1cf7ac2bba1170a0"},"description":"Portal de noticias del Per\u00fa sobre el transporte a\u00e9reo, aviaci\u00f3n, turismo, hoteleria, actualidad.","breadcrumb":{"@id":"https:\/\/aeronoticias.com.pe\/noticiero\/economia\/grupo-de-trabajo-de-minerapec-analiza-precios-oferta-y-demanda-en-asia-pacco\/#breadcrumb"},"inLanguage":"es","potentialAction":[{"@type":"ReadAction","target":["https:\/\/aeronoticias.com.pe\/noticiero\/economia\/grupo-de-trabajo-de-minerapec-analiza-precios-oferta-y-demanda-en-asia-pacco\/"]}]},{"@type":"ImageObject","inLanguage":"es","@id":"https:\/\/aeronoticias.com.pe\/noticiero\/economia\/grupo-de-trabajo-de-minerapec-analiza-precios-oferta-y-demanda-en-asia-pacco\/#primaryimage","url":"http:\/\/aeronoticias.com.pe\/fotonoticias\/agosto\/alexey27.jpg","contentUrl":"http:\/\/aeronoticias.com.pe\/fotonoticias\/agosto\/alexey27.jpg"},{"@type":"BreadcrumbList","@id":"https:\/\/aeronoticias.com.pe\/noticiero\/economia\/grupo-de-trabajo-de-minerapec-analiza-precios-oferta-y-demanda-en-asia-pacco\/#breadcrumb","itemListElement":[{"@type":"ListItem","position":1,"name":"Portada","item":"https:\/\/aeronoticias.com.pe\/noticiero\/"},{"@type":"ListItem","position":2,"name":"Grupo de trabajo de miner"}]},{"@type":"WebSite","@id":"https:\/\/aeronoticias.com.pe\/noticiero\/#website","url":"https:\/\/aeronoticias.com.pe\/noticiero\/","name":"Aeronoticias.com.pe","description":"Noticias de tranporte aereo, turismo, hoteles, gastronomia, actualidad, internacional","potentialAction":[{"@type":"SearchAction","target":{"@type":"EntryPoint","urlTemplate":"https:\/\/aeronoticias.com.pe\/noticiero\/?s={search_term_string}"},"query-input":{"@type":"PropertyValueSpecification","valueRequired":true,"valueName":"search_term_string"}}],"inLanguage":"es"},{"@type":"Person","@id":"https:\/\/aeronoticias.com.pe\/noticiero\/#\/schema\/person\/fc1e5d578f4b62ba1cf7ac2bba1170a0","name":"Redacci\u00f3n Aeronoticias","url":"https:\/\/aeronoticias.com.pe\/noticiero\/author\/piloto\/"}]}},"_links":{"self":[{"href":"https:\/\/aeronoticias.com.pe\/noticiero\/wp-json\/wp\/v2\/posts\/341","targetHints":{"allow":["GET"]}}],"collection":[{"href":"https:\/\/aeronoticias.com.pe\/noticiero\/wp-json\/wp\/v2\/posts"}],"about":[{"href":"https:\/\/aeronoticias.com.pe\/noticiero\/wp-json\/wp\/v2\/types\/post"}],"author":[{"embeddable":true,"href":"https:\/\/aeronoticias.com.pe\/noticiero\/wp-json\/wp\/v2\/users\/1"}],"replies":[{"embeddable":true,"href":"https:\/\/aeronoticias.com.pe\/noticiero\/wp-json\/wp\/v2\/comments?post=341"}],"version-history":[{"count":0,"href":"https:\/\/aeronoticias.com.pe\/noticiero\/wp-json\/wp\/v2\/posts\/341\/revisions"}],"wp:attachment":[{"href":"https:\/\/aeronoticias.com.pe\/noticiero\/wp-json\/wp\/v2\/media?parent=341"}],"wp:term":[{"taxonomy":"category","embeddable":true,"href":"https:\/\/aeronoticias.com.pe\/noticiero\/wp-json\/wp\/v2\/categories?post=341"},{"taxonomy":"post_tag","embeddable":true,"href":"https:\/\/aeronoticias.com.pe\/noticiero\/wp-json\/wp\/v2\/tags?post=341"}],"curies":[{"name":"wp","href":"https:\/\/api.w.org\/{rel}","templated":true}]}}