{"id":342,"date":"2008-08-27T18:36:31","date_gmt":"2008-08-27T18:36:31","guid":{"rendered":"http:\/\/desarrollo.mcvicious.com\/aero2020\/2008\/08\/27\/apec-interpor-nuevas-tecnolog-debe-ser-actitud-de-la-empresa-y-consumidores\/"},"modified":"2008-08-27T18:36:31","modified_gmt":"2008-08-27T18:36:31","slug":"apec-interpor-nuevas-tecnolog-debe-ser-actitud-de-la-empresa-y-consumidores","status":"publish","type":"post","link":"https:\/\/aeronoticias.com.pe\/noticiero\/27\/apec-interpor-nuevas-tecnolog-debe-ser-actitud-de-la-empresa-y-consumidores\/","title":{"rendered":"APEC: Inter"},"content":{"rendered":"<p style=\"font-size: 12px; color: #003a75; font-family: Arial, Helvetica, sans-serif\" align=\"justify\">En medio de una gran expectativa por la llegada de los 21 Ministros de la Peque&ntilde;a y mediana Empresa de los pa&iacute;ses del Asia Pac&iacute;fico -entre ellos, el Ministro de la Producci&oacute;n Rafael Rey- se inici&oacute; hoy en Chiclayo el Seminario sobre Gesti&oacute;n de la Innovaci&oacute;n (Innovation Management Seminar) para tratar sobre los beneficios y experiencias que brinda este procedimiento tanto en las empresas como en las propias econom&iacute;as. <\/p>\n<p style=\"font-size: 12px; color: #003a75; font-family: Arial, Helvetica, sans-serif\" align=\"justify\">Las diversas presentaciones realizadas por los Delegados acreditados en el evento han coincidido en la necesidad de impulsar la innovaci&oacute;n tecnol&oacute;gica y la gesti&oacute;n corporativa, as&iacute; como la investigaci&oacute;n en sus diferentes niveles para que la peque&ntilde;a y mediana empresa impulsen desde su sector, el desarrollo de sus econom&iacute;as.<\/p>\n<p>&nbsp;<\/p>\n<div style=\"text-align: center\"><img loading=\"lazy\" decoding=\"async\" src=\"http:\/\/aeronoticias.com.pe\/fotonoticias\/agosto\/apeccichiclayo27.jpg\" alt=\" \" title=\"APEC: Inter&eacute;s por nuevas tecnolog&iacute;as debe ser actitud de la empresa y consumidores. (Foto: Produce)\" hspace=\"5\" vspace=\"5\" width=\"250\" height=\"167\" \/><\/div>\n<p> <!--more--> <\/p>\n<p style=\"font-size: 12px; color: #003a75; font-family: Arial, Helvetica, sans-serif\" align=\"center\"><strong>Pa&iacute;ses en v&iacute;as de desarrollo han Incrementado&nbsp;demanda&nbsp;por tecnolog&iacute;a<\/strong> <\/p>\n<p style=\"font-size: 12px; color: #003a75; font-family: Arial, Helvetica, sans-serif\" align=\"justify\">La Mesa de Honor de la Sesi&oacute;n inaugural estuvo integrada por el chair Johann Spitzer (Director General de Industria del Ministerio de la Producci&oacute;n) quien estuvo acompa&ntilde;ado por el juez Randall Rader (U.S. Court), Mr. Charles Skuba (U.S. Department of Commerce), Robert Kramer (COMPTIA), Luis Daniel Soto (Director Senior Microsoft Latin Am&eacute;rica), y Juvenal Luna (presidente de APESOFT).<\/p>\n<p style=\"font-size: 12px; color: #003a75; font-family: Arial, Helvetica, sans-serif\" align=\"justify\">Seg&uacute;n estudios presentados, se conoci&oacute; que las naciones en v&iacute;as de desarrollo han incrementado su demanda por tecnolog&iacute;a de &uacute;ltima generaci&oacute;n para incorporarla a sus mecanismos econ&oacute;micos, en este sentido, se recomend&oacute; adem&aacute;s que la investigaci&oacute;n deber&iacute;a ser un factor presente en la gesti&oacute;n institucional para lograr una innovaci&oacute;n verdaderamente rentable y reproductora del desarrollo.<\/p>\n<p style=\"font-size: 12px; color: #003a75; font-family: Arial, Helvetica, sans-serif\" align=\"center\"><strong>&iquest;Per&uacute; puede competir con China, EE.UU., o Jap&oacute;n?<\/strong>&nbsp;<\/p>\n<p style=\"font-size: 12px; color: #003a75; font-family: Arial, Helvetica, sans-serif\">&ldquo;La capacidad de una empresa depende de la capacidad de dominio tecnol&oacute;gico, tanto de los trabajadores como de los consumidores&rdquo;, afirm&oacute; Charles Skuba (U.S. Department of Commerce&nbsp; de EE.UU.), quien adem&aacute;s refiri&oacute; c&oacute;mo en un tiempo Yahoo ten&iacute;a el mejor modelo de b&uacute;squeda en internet pero que despu&eacute;s Google, luego de aplicar una adecuada investigaci&oacute;n, lo super&oacute; y actualmente posee el mejor mecanismo de b&uacute;squeda. Dijo que esta era una forma abierta de innovaci&oacute;n.<\/p>\n<p style=\"font-size: 12px; color: #003a75; font-family: Arial, Helvetica, sans-serif\">De otro lado, el juez Randall Rader (EE.UU.) afirm&oacute; que debemos anhelar siempre tener las mejores m&aacute;quinas, los mejores instrumentos y plante&oacute; una interrogante: &iquest;Per&uacute; puede competir con China, EE.UU., o Jap&oacute;n?, pa&iacute;ses con cientos de empresas desarrolladas y con grandes universidades.<\/p>\n<p style=\"font-size: 12px; color: #003a75; font-family: Arial, Helvetica, sans-serif\">La respuesta la dio el mismo y cont&oacute; que una naci&oacute;n con menos pobladores que el&nbsp; Per&uacute;, en este caso Jordania (seis millones de habitantes) hab&iacute;a logrado constituirse en un gran productor de art&iacute;culos farmac&eacute;uticos para el mundo, especialmente Europa del Este, gracias a una pol&iacute;tica de respeto de la propiedad intelectual, otro factor important&iacute;simo para la competitividad. &ldquo;Los genios no son propiedad exclusiva de Jap&oacute;n o China, hay genios tambi&eacute;n en Per&uacute;&rdquo;, expres&oacute;.<\/p>\n<div style=\"text-align: center\"><img loading=\"lazy\" decoding=\"async\" src=\"http:\/\/aeronoticias.com.pe\/fotonoticias\/agosto\/apecchiclayo27-2.jpg\" alt=\" \" title=\"APEC: Inter&eacute;s por nuevas tecnolog&iacute;as debe ser actitud de la empresa y consumidores. (Foto: APEC)\" hspace=\"5\" vspace=\"5\" width=\"500\" height=\"334\" \/><\/div>\n<p style=\"font-size: 12px; color: #003a75; font-family: Arial, Helvetica, sans-serif\" align=\"center\"><strong>Proceso de innovaci&oacute;n<\/strong>&nbsp;&nbsp;<\/p>\n<p style=\"font-size: 12px; color: #003a75; font-family: Arial, Helvetica, sans-serif\" align=\"justify\">El peruano Luis Daniel Soto (Director Senior de Microsoft L.A.) mencion&oacute; que el proceso de innovaci&oacute;n debe ser apoyado siguiendo tres etapas: 1. Definir una matriz de innovaciones, 2. Crear una cultura de innovaciones., y 3. Establecer un seguimiento de las innovaciones. <\/p>\n<p style=\"font-size: 12px; color: #003a75; font-family: Arial, Helvetica, sans-serif\" align=\"justify\">&ldquo;Se debe convertir en alguien innovador, pero lo que falla es que cuando se presenta la idea no hay un proceso para medir y seguir&rdquo;, enfatiz&oacute;.<\/p>\n<p style=\"font-size: 12px; color: #003a75; font-family: Arial, Helvetica, sans-serif\" align=\"justify\">Por su parte, Juvenal Luna (presidente de APESOFT) y vinculado&nbsp; a&nbsp; CITE Software, entidad acreditada por el Ministerio de la Producci&oacute;n como promotora de la elevaci&oacute;n de la eficiencia de las PyMEs dedicadas a la industria del software, explic&oacute; que ellos, como miembros del sector de la peque&ntilde;a y mediana empresa tuvieron que acudir a la innovaci&oacute;n para lograr ser competitivos.<\/p>\n<p style=\"font-size: 12px; color: #003a75; font-family: Arial, Helvetica, sans-serif\" align=\"center\"><strong>La innovaci&oacute;n genera productividad<\/strong><\/p>\n<p style=\"font-size: 12px; color: #003a75; font-family: Arial, Helvetica, sans-serif\" align=\"justify\">&ldquo;La innovaci&oacute;n genera productividad&hellip; En la industria del software no basta con decir que somos buenos, en este mundo hay que demostrarlo y esto hay que hacerlo con certificaci&oacute;n internacional&rdquo;, dijo.<\/p>\n<p style=\"font-size: 12px; color: #003a75; font-family: Arial, Helvetica, sans-serif\" align=\"justify\">Complementariamente se desarroll&oacute; el d&iacute;a martes el Seminario Experiencias Exitosas en Gesti&oacute;n de la Innovaci&oacute;n (sede Universidad Santo Toribio de Mogrovejo, entidad co-organizadora del evento). <\/p>\n<p style=\"font-size: 12px; color: #003a75; font-family: Arial, Helvetica, sans-serif\" align=\"justify\">La tem&aacute;tica abord&oacute; las buenas pr&aacute;cticas en innovaci&oacute;n no s&oacute;lo tecnol&oacute;gica, sino de procesos, productos, y gesti&oacute;n administrativa de las PYMES. <\/p>\n<p style=\"font-size: 12px; color: #003a75; font-family: Arial, Helvetica, sans-serif\" align=\"justify\">Entre los participantes estuvieron organizaciones internacionales y nacionales de soporte a la innovaci&oacute;n, tales como el BID, CEPAL, ONGs, y PyMEs de los diferentes sectores. <\/p>\n<p style=\"font-size: 12px; color: #003a75; font-family: Arial, Helvetica, sans-serif\" align=\"justify\">Cabe se&ntilde;alar que la Direcci&oacute;n General de Industria del Ministerio de la Producci&oacute;n ha organizado en el transcurso de la semana una serie de talleres los cuales tienen la finalidad de incorporar a los diversos sectores econ&oacute;micos y sociales dentro de la tem&aacute;tica del foro APEC.&nbsp; <\/p>\n<p>&nbsp;<\/p>\n","protected":false},"excerpt":{"rendered":"<p>En medio de una gran expectativa por la llegada de los 21 Ministros de la Peque&ntilde;a y mediana Empresa de los pa&iacute;ses del Asia Pac&iacute;fico -entre ellos, el Ministro de la Producci&oacute;n Rafael Rey- se inici&oacute; hoy en Chiclayo el Seminario sobre Gesti&oacute;n de la Innovaci&oacute;n (Innovation Management Seminar) para tratar sobre los beneficios y [&hellip;]<\/p>\n","protected":false},"author":1,"featured_media":0,"comment_status":"open","ping_status":"open","sticky":false,"template":"","format":"standard","meta":{"tdm_status":"","tdm_grid_status":"","footnotes":""},"categories":[35],"tags":[],"class_list":{"0":"post-342","1":"post","2":"type-post","3":"status-publish","4":"format-standard","6":"category-35"},"yoast_head":"<!-- This site is optimized with the Yoast SEO plugin v25.1 - https:\/\/yoast.com\/wordpress\/plugins\/seo\/ -->\n<title>APEC: Inter<\/title>\n<meta name=\"description\" content=\"Portal de noticias del Per\u00fa sobre el transporte a\u00e9reo, aviaci\u00f3n, turismo, hoteleria, actualidad.\" \/>\n<meta name=\"robots\" content=\"index, follow, max-snippet:-1, max-image-preview:large, max-video-preview:-1\" \/>\n<link rel=\"canonical\" href=\"https:\/\/aeronoticias.com.pe\/noticiero\/27\/apec-interpor-nuevas-tecnolog-debe-ser-actitud-de-la-empresa-y-consumidores\/\" \/>\n<meta property=\"og:locale\" content=\"es_ES\" \/>\n<meta property=\"og:type\" content=\"article\" \/>\n<meta property=\"og:title\" content=\"APEC: Inter\" \/>\n<meta property=\"og:description\" content=\"Portal de noticias del Per\u00fa sobre el transporte a\u00e9reo, aviaci\u00f3n, turismo, hoteleria, actualidad.\" \/>\n<meta property=\"og:url\" content=\"https:\/\/aeronoticias.com.pe\/noticiero\/27\/apec-interpor-nuevas-tecnolog-debe-ser-actitud-de-la-empresa-y-consumidores\/\" \/>\n<meta property=\"og:site_name\" content=\"Aeronoticias.com.pe\" \/>\n<meta property=\"article:publisher\" content=\"https:\/\/www.facebook.com\/Aeronoticias.com.pe\/\" \/>\n<meta property=\"article:published_time\" content=\"2008-08-27T18:36:31+00:00\" \/>\n<meta property=\"og:image\" content=\"http:\/\/aeronoticias.com.pe\/fotonoticias\/agosto\/apeccichiclayo27.jpg\" \/>\n<meta name=\"author\" content=\"Redacci\u00f3n Aeronoticias\" \/>\n<meta name=\"twitter:card\" content=\"summary_large_image\" \/>\n<meta name=\"twitter:creator\" content=\"@aeronoticias\" \/>\n<meta name=\"twitter:site\" content=\"@aeronoticias\" \/>\n<meta name=\"twitter:label1\" content=\"Escrito por\" \/>\n\t<meta name=\"twitter:data1\" content=\"Redacci\u00f3n Aeronoticias\" \/>\n\t<meta name=\"twitter:label2\" content=\"Tiempo de lectura\" \/>\n\t<meta name=\"twitter:data2\" content=\"5 minutos\" \/>\n<script type=\"application\/ld+json\" class=\"yoast-schema-graph\">{\"@context\":\"https:\/\/schema.org\",\"@graph\":[{\"@type\":\"WebPage\",\"@id\":\"https:\/\/aeronoticias.com.pe\/noticiero\/27\/apec-interpor-nuevas-tecnolog-debe-ser-actitud-de-la-empresa-y-consumidores\/\",\"url\":\"https:\/\/aeronoticias.com.pe\/noticiero\/27\/apec-interpor-nuevas-tecnolog-debe-ser-actitud-de-la-empresa-y-consumidores\/\",\"name\":\"APEC: Inter\",\"isPartOf\":{\"@id\":\"https:\/\/aeronoticias.com.pe\/noticiero\/#website\"},\"primaryImageOfPage\":{\"@id\":\"https:\/\/aeronoticias.com.pe\/noticiero\/27\/apec-interpor-nuevas-tecnolog-debe-ser-actitud-de-la-empresa-y-consumidores\/#primaryimage\"},\"image\":{\"@id\":\"https:\/\/aeronoticias.com.pe\/noticiero\/27\/apec-interpor-nuevas-tecnolog-debe-ser-actitud-de-la-empresa-y-consumidores\/#primaryimage\"},\"thumbnailUrl\":\"http:\/\/aeronoticias.com.pe\/fotonoticias\/agosto\/apeccichiclayo27.jpg\",\"datePublished\":\"2008-08-27T18:36:31+00:00\",\"author\":{\"@id\":\"https:\/\/aeronoticias.com.pe\/noticiero\/#\/schema\/person\/fc1e5d578f4b62ba1cf7ac2bba1170a0\"},\"description\":\"Portal de noticias del Per\u00fa sobre el transporte a\u00e9reo, aviaci\u00f3n, turismo, hoteleria, actualidad.\",\"breadcrumb\":{\"@id\":\"https:\/\/aeronoticias.com.pe\/noticiero\/27\/apec-interpor-nuevas-tecnolog-debe-ser-actitud-de-la-empresa-y-consumidores\/#breadcrumb\"},\"inLanguage\":\"es\",\"potentialAction\":[{\"@type\":\"ReadAction\",\"target\":[\"https:\/\/aeronoticias.com.pe\/noticiero\/27\/apec-interpor-nuevas-tecnolog-debe-ser-actitud-de-la-empresa-y-consumidores\/\"]}]},{\"@type\":\"ImageObject\",\"inLanguage\":\"es\",\"@id\":\"https:\/\/aeronoticias.com.pe\/noticiero\/27\/apec-interpor-nuevas-tecnolog-debe-ser-actitud-de-la-empresa-y-consumidores\/#primaryimage\",\"url\":\"http:\/\/aeronoticias.com.pe\/fotonoticias\/agosto\/apeccichiclayo27.jpg\",\"contentUrl\":\"http:\/\/aeronoticias.com.pe\/fotonoticias\/agosto\/apeccichiclayo27.jpg\"},{\"@type\":\"BreadcrumbList\",\"@id\":\"https:\/\/aeronoticias.com.pe\/noticiero\/27\/apec-interpor-nuevas-tecnolog-debe-ser-actitud-de-la-empresa-y-consumidores\/#breadcrumb\",\"itemListElement\":[{\"@type\":\"ListItem\",\"position\":1,\"name\":\"Portada\",\"item\":\"https:\/\/aeronoticias.com.pe\/noticiero\/\"},{\"@type\":\"ListItem\",\"position\":2,\"name\":\"APEC: Inter\"}]},{\"@type\":\"WebSite\",\"@id\":\"https:\/\/aeronoticias.com.pe\/noticiero\/#website\",\"url\":\"https:\/\/aeronoticias.com.pe\/noticiero\/\",\"name\":\"Aeronoticias.com.pe\",\"description\":\"Noticias de tranporte aereo, turismo, hoteles, gastronomia, actualidad, internacional\",\"potentialAction\":[{\"@type\":\"SearchAction\",\"target\":{\"@type\":\"EntryPoint\",\"urlTemplate\":\"https:\/\/aeronoticias.com.pe\/noticiero\/?s={search_term_string}\"},\"query-input\":{\"@type\":\"PropertyValueSpecification\",\"valueRequired\":true,\"valueName\":\"search_term_string\"}}],\"inLanguage\":\"es\"},{\"@type\":\"Person\",\"@id\":\"https:\/\/aeronoticias.com.pe\/noticiero\/#\/schema\/person\/fc1e5d578f4b62ba1cf7ac2bba1170a0\",\"name\":\"Redacci\u00f3n Aeronoticias\",\"url\":\"https:\/\/aeronoticias.com.pe\/noticiero\/author\/piloto\/\"}]}<\/script>\n<!-- \/ Yoast SEO plugin. -->","yoast_head_json":{"title":"APEC: Inter","description":"Portal de noticias del Per\u00fa sobre el transporte a\u00e9reo, aviaci\u00f3n, turismo, hoteleria, actualidad.","robots":{"index":"index","follow":"follow","max-snippet":"max-snippet:-1","max-image-preview":"max-image-preview:large","max-video-preview":"max-video-preview:-1"},"canonical":"https:\/\/aeronoticias.com.pe\/noticiero\/27\/apec-interpor-nuevas-tecnolog-debe-ser-actitud-de-la-empresa-y-consumidores\/","og_locale":"es_ES","og_type":"article","og_title":"APEC: Inter","og_description":"Portal de noticias del Per\u00fa sobre el transporte a\u00e9reo, aviaci\u00f3n, turismo, hoteleria, actualidad.","og_url":"https:\/\/aeronoticias.com.pe\/noticiero\/27\/apec-interpor-nuevas-tecnolog-debe-ser-actitud-de-la-empresa-y-consumidores\/","og_site_name":"Aeronoticias.com.pe","article_publisher":"https:\/\/www.facebook.com\/Aeronoticias.com.pe\/","article_published_time":"2008-08-27T18:36:31+00:00","og_image":[{"url":"http:\/\/aeronoticias.com.pe\/fotonoticias\/agosto\/apeccichiclayo27.jpg","type":"","width":"","height":""}],"author":"Redacci\u00f3n Aeronoticias","twitter_card":"summary_large_image","twitter_creator":"@aeronoticias","twitter_site":"@aeronoticias","twitter_misc":{"Escrito por":"Redacci\u00f3n Aeronoticias","Tiempo de lectura":"5 minutos"},"schema":{"@context":"https:\/\/schema.org","@graph":[{"@type":"WebPage","@id":"https:\/\/aeronoticias.com.pe\/noticiero\/27\/apec-interpor-nuevas-tecnolog-debe-ser-actitud-de-la-empresa-y-consumidores\/","url":"https:\/\/aeronoticias.com.pe\/noticiero\/27\/apec-interpor-nuevas-tecnolog-debe-ser-actitud-de-la-empresa-y-consumidores\/","name":"APEC: Inter","isPartOf":{"@id":"https:\/\/aeronoticias.com.pe\/noticiero\/#website"},"primaryImageOfPage":{"@id":"https:\/\/aeronoticias.com.pe\/noticiero\/27\/apec-interpor-nuevas-tecnolog-debe-ser-actitud-de-la-empresa-y-consumidores\/#primaryimage"},"image":{"@id":"https:\/\/aeronoticias.com.pe\/noticiero\/27\/apec-interpor-nuevas-tecnolog-debe-ser-actitud-de-la-empresa-y-consumidores\/#primaryimage"},"thumbnailUrl":"http:\/\/aeronoticias.com.pe\/fotonoticias\/agosto\/apeccichiclayo27.jpg","datePublished":"2008-08-27T18:36:31+00:00","author":{"@id":"https:\/\/aeronoticias.com.pe\/noticiero\/#\/schema\/person\/fc1e5d578f4b62ba1cf7ac2bba1170a0"},"description":"Portal de noticias del Per\u00fa sobre el transporte a\u00e9reo, aviaci\u00f3n, turismo, hoteleria, actualidad.","breadcrumb":{"@id":"https:\/\/aeronoticias.com.pe\/noticiero\/27\/apec-interpor-nuevas-tecnolog-debe-ser-actitud-de-la-empresa-y-consumidores\/#breadcrumb"},"inLanguage":"es","potentialAction":[{"@type":"ReadAction","target":["https:\/\/aeronoticias.com.pe\/noticiero\/27\/apec-interpor-nuevas-tecnolog-debe-ser-actitud-de-la-empresa-y-consumidores\/"]}]},{"@type":"ImageObject","inLanguage":"es","@id":"https:\/\/aeronoticias.com.pe\/noticiero\/27\/apec-interpor-nuevas-tecnolog-debe-ser-actitud-de-la-empresa-y-consumidores\/#primaryimage","url":"http:\/\/aeronoticias.com.pe\/fotonoticias\/agosto\/apeccichiclayo27.jpg","contentUrl":"http:\/\/aeronoticias.com.pe\/fotonoticias\/agosto\/apeccichiclayo27.jpg"},{"@type":"BreadcrumbList","@id":"https:\/\/aeronoticias.com.pe\/noticiero\/27\/apec-interpor-nuevas-tecnolog-debe-ser-actitud-de-la-empresa-y-consumidores\/#breadcrumb","itemListElement":[{"@type":"ListItem","position":1,"name":"Portada","item":"https:\/\/aeronoticias.com.pe\/noticiero\/"},{"@type":"ListItem","position":2,"name":"APEC: Inter"}]},{"@type":"WebSite","@id":"https:\/\/aeronoticias.com.pe\/noticiero\/#website","url":"https:\/\/aeronoticias.com.pe\/noticiero\/","name":"Aeronoticias.com.pe","description":"Noticias de tranporte aereo, turismo, hoteles, gastronomia, actualidad, internacional","potentialAction":[{"@type":"SearchAction","target":{"@type":"EntryPoint","urlTemplate":"https:\/\/aeronoticias.com.pe\/noticiero\/?s={search_term_string}"},"query-input":{"@type":"PropertyValueSpecification","valueRequired":true,"valueName":"search_term_string"}}],"inLanguage":"es"},{"@type":"Person","@id":"https:\/\/aeronoticias.com.pe\/noticiero\/#\/schema\/person\/fc1e5d578f4b62ba1cf7ac2bba1170a0","name":"Redacci\u00f3n Aeronoticias","url":"https:\/\/aeronoticias.com.pe\/noticiero\/author\/piloto\/"}]}},"_links":{"self":[{"href":"https:\/\/aeronoticias.com.pe\/noticiero\/wp-json\/wp\/v2\/posts\/342","targetHints":{"allow":["GET"]}}],"collection":[{"href":"https:\/\/aeronoticias.com.pe\/noticiero\/wp-json\/wp\/v2\/posts"}],"about":[{"href":"https:\/\/aeronoticias.com.pe\/noticiero\/wp-json\/wp\/v2\/types\/post"}],"author":[{"embeddable":true,"href":"https:\/\/aeronoticias.com.pe\/noticiero\/wp-json\/wp\/v2\/users\/1"}],"replies":[{"embeddable":true,"href":"https:\/\/aeronoticias.com.pe\/noticiero\/wp-json\/wp\/v2\/comments?post=342"}],"version-history":[{"count":0,"href":"https:\/\/aeronoticias.com.pe\/noticiero\/wp-json\/wp\/v2\/posts\/342\/revisions"}],"wp:attachment":[{"href":"https:\/\/aeronoticias.com.pe\/noticiero\/wp-json\/wp\/v2\/media?parent=342"}],"wp:term":[{"taxonomy":"category","embeddable":true,"href":"https:\/\/aeronoticias.com.pe\/noticiero\/wp-json\/wp\/v2\/categories?post=342"},{"taxonomy":"post_tag","embeddable":true,"href":"https:\/\/aeronoticias.com.pe\/noticiero\/wp-json\/wp\/v2\/tags?post=342"}],"curies":[{"name":"wp","href":"https:\/\/api.w.org\/{rel}","templated":true}]}}