{"id":34467,"date":"2013-02-12T15:11:37","date_gmt":"2013-02-12T15:11:37","guid":{"rendered":"http:\/\/desarrollo.mcvicious.com\/aero2020\/2013\/02\/12\/american-airlines-y-us-airways-podrian-anunciar-fusion-esta-semana\/"},"modified":"2013-02-12T15:11:37","modified_gmt":"2013-02-12T15:11:37","slug":"american-airlines-y-us-airways-podrian-anunciar-fusion-esta-semana","status":"publish","type":"post","link":"https:\/\/aeronoticias.com.pe\/noticiero\/transporte-aereo\/internacional\/american-airlines-y-us-airways-podrian-anunciar-fusion-esta-semana\/","title":{"rendered":"American Airlines y US Airways podr\u00edan anunciar fusi\u00f3n esta semana"},"content":{"rendered":"<p style=\"text-align: justify;\"><strong>(Aeronoticias)<\/strong> American Airlines y US Airways podr\u00edan anunciar esta semana su fusi\u00f3n, con la que crear\u00edan la mayor aerol\u00ednea de Estados Unidos, despu\u00e9s de que las negociaciones entre ambas compa\u00f1\u00edas hayan avanzado durante los \u00faltimos d\u00edas, seg\u00fan publica hoy The New York Times.<\/p>\n<p>El diario afirma que los consejos de administraci\u00f3n de las aerol\u00edneas tienen previsto reunirse esta semana para aprobar la combinaci\u00f3n, que comenz\u00f3 a sonar como una posibilidad despu\u00e9s de que American Airlines se declarara en suspensi\u00f3n de pagos en noviembre de 2011.<\/p>\n<p>La fusi\u00f3n entre esas dos compa\u00f1\u00edas a\u00e9reas tambi\u00e9n requiere de la aprobaci\u00f3n del juez del tribunal de bancarrota de Nueva York que ha llevado el proceso de reestructuraci\u00f3n de American Airlines, as\u00ed como del benepl\u00e1cito de las autoridades federales y de competencia del pa\u00eds.<\/p>\n<p>El rotativo recuerda que los analistas prev\u00e9n que el acuerdo sea autorizado, puesto que la cobertura de American Airlines, la tercera mayor aerol\u00ednea de EE.UU., y de US Airways, la cuarta, apenas se sobrepone y sus aeropuertos centrales no se encuentran en las mismas ciudades.<\/p>\n<p>De la combinaci\u00f3n nacer\u00eda la mayor compa\u00f1\u00eda a\u00e9rea de EE.UU., por delante de United Continental y Delta Airlines, que tambi\u00e9n han ido creciendo en los \u00faltimos a\u00f1os a trav\u00e9s de fusiones y absorciones que han reducido el n\u00famero de competidores en el mercado del transporte a\u00e9reo del pa\u00eds.<\/p>\n<p>Seg\u00fan The New York Times, las empresas han estado discutiendo el acuerdo durante meses pero en los \u00faltimos d\u00edas han logrado acercar posturas, aunque todav\u00eda quedan por clarificar diversos puntos, como el reparto de los puestos directivos de la nueva empresa.<\/p>\n<p>El presidente de American, Tom Horton, podr\u00eda ocupar ese puesto tras la fusi\u00f3n, seg\u00fan fuentes citadas por el diario, que a\u00f1ade que los accionistas de US Airways contar\u00edan con un 28 % del total del capital de la nueva aerol\u00ednea, mientras que los acreedores de American se quedar\u00edan con el 72 % restante.<\/p>\n<p>Las compa\u00f1\u00edas quieren aprobar la fusi\u00f3n antes del viernes, cuando expira el plazo para que American llegue a un acuerdo con una parte de sus tenedores de bonos, afirma el diario.<\/p>\n<p>La nueva compa\u00f1\u00eda mantendr\u00eda el nombre de American Airlines y su sede en Fort Worth (Texas) contar\u00eda con 94.000 empleados, 950 aviones, 6.500 vuelos diarios, 9 aeropuertos centrales y una facturaci\u00f3n de casi 39.000 millones de d\u00f3lares, convirti\u00e9ndose en l\u00edder en la costa este y suroeste de EE.UU.<\/p>\n<p>Minutos despu\u00e9s de la apertura de la sesi\u00f3n en la bolsa de Nueva York (NYSE), las acciones de US Airways sub\u00edan el 1,02% para cambiarse por 14,9 d\u00f3lares cada una, de forma que en los \u00faltimos 12 meses acumulan una subida del 68,2%. American Airlines dej\u00f3 de cotizar en el NYSE tras declararse en suspensi\u00f3n de pagos. Fuente: http:\/\/www.emol.com<\/p>\n<p style=\"text-align: justify;\"><img decoding=\"async\" src=\"images\/stories\/13\/02\/120213\/a.airlines-usairways.jpg\" border=\"0\" alt=\"American Airlines y US Airways podr\u00edan anunciar fusi\u00f3n esta semana \" \/><\/p>\n","protected":false},"excerpt":{"rendered":"<p>(Aeronoticias) American Airlines y US Airways podr\u00edan anunciar esta semana su fusi\u00f3n, con la que crear\u00edan la mayor aerol\u00ednea de Estados Unidos, despu\u00e9s de que las negociaciones entre ambas compa\u00f1\u00edas hayan avanzado durante los \u00faltimos d\u00edas, seg\u00fan publica hoy The New York Times. El diario afirma que los consejos de administraci\u00f3n de las aerol\u00edneas tienen [&hellip;]<\/p>\n","protected":false},"author":1,"featured_media":0,"comment_status":"open","ping_status":"open","sticky":false,"template":"","format":"standard","meta":{"tdm_status":"","tdm_grid_status":"","footnotes":""},"categories":[32],"tags":[],"class_list":{"0":"post-34467","1":"post","2":"type-post","3":"status-publish","4":"format-standard","6":"category-internacional"},"yoast_head":"<!-- This site is optimized with the Yoast SEO plugin v25.1 - https:\/\/yoast.com\/wordpress\/plugins\/seo\/ -->\n<title>American Airlines y US Airways podr\u00edan anunciar fusi\u00f3n esta semana<\/title>\n<meta name=\"description\" content=\"Portal de noticias del Per\u00fa sobre el transporte a\u00e9reo, aviaci\u00f3n, turismo, hoteleria, actualidad.\" \/>\n<meta name=\"robots\" content=\"index, follow, max-snippet:-1, max-image-preview:large, max-video-preview:-1\" \/>\n<link rel=\"canonical\" href=\"https:\/\/aeronoticias.com.pe\/noticiero\/transporte-aereo\/internacional\/american-airlines-y-us-airways-podrian-anunciar-fusion-esta-semana\/\" \/>\n<meta property=\"og:locale\" content=\"es_ES\" \/>\n<meta property=\"og:type\" content=\"article\" \/>\n<meta property=\"og:title\" content=\"American Airlines y US Airways podr\u00edan anunciar fusi\u00f3n esta semana\" \/>\n<meta property=\"og:description\" content=\"Portal de noticias del Per\u00fa sobre el transporte a\u00e9reo, aviaci\u00f3n, turismo, hoteleria, actualidad.\" \/>\n<meta property=\"og:url\" content=\"https:\/\/aeronoticias.com.pe\/noticiero\/transporte-aereo\/internacional\/american-airlines-y-us-airways-podrian-anunciar-fusion-esta-semana\/\" \/>\n<meta property=\"og:site_name\" content=\"Aeronoticias.com.pe\" \/>\n<meta property=\"article:publisher\" content=\"https:\/\/www.facebook.com\/Aeronoticias.com.pe\/\" \/>\n<meta property=\"article:published_time\" content=\"2013-02-12T15:11:37+00:00\" \/>\n<meta name=\"author\" content=\"Redacci\u00f3n Aeronoticias\" \/>\n<meta name=\"twitter:card\" content=\"summary_large_image\" \/>\n<meta name=\"twitter:creator\" content=\"@aeronoticias\" \/>\n<meta name=\"twitter:site\" content=\"@aeronoticias\" \/>\n<meta name=\"twitter:label1\" content=\"Escrito por\" \/>\n\t<meta name=\"twitter:data1\" content=\"Redacci\u00f3n Aeronoticias\" \/>\n\t<meta name=\"twitter:label2\" content=\"Tiempo de lectura\" \/>\n\t<meta name=\"twitter:data2\" content=\"3 minutos\" \/>\n<script type=\"application\/ld+json\" class=\"yoast-schema-graph\">{\"@context\":\"https:\/\/schema.org\",\"@graph\":[{\"@type\":\"WebPage\",\"@id\":\"https:\/\/aeronoticias.com.pe\/noticiero\/transporte-aereo\/internacional\/american-airlines-y-us-airways-podrian-anunciar-fusion-esta-semana\/\",\"url\":\"https:\/\/aeronoticias.com.pe\/noticiero\/transporte-aereo\/internacional\/american-airlines-y-us-airways-podrian-anunciar-fusion-esta-semana\/\",\"name\":\"American Airlines y US Airways podr\u00edan anunciar fusi\u00f3n esta semana\",\"isPartOf\":{\"@id\":\"https:\/\/aeronoticias.com.pe\/noticiero\/#website\"},\"datePublished\":\"2013-02-12T15:11:37+00:00\",\"author\":{\"@id\":\"https:\/\/aeronoticias.com.pe\/noticiero\/#\/schema\/person\/fc1e5d578f4b62ba1cf7ac2bba1170a0\"},\"description\":\"Portal de noticias del Per\u00fa sobre el transporte a\u00e9reo, aviaci\u00f3n, turismo, hoteleria, actualidad.\",\"breadcrumb\":{\"@id\":\"https:\/\/aeronoticias.com.pe\/noticiero\/transporte-aereo\/internacional\/american-airlines-y-us-airways-podrian-anunciar-fusion-esta-semana\/#breadcrumb\"},\"inLanguage\":\"es\",\"potentialAction\":[{\"@type\":\"ReadAction\",\"target\":[\"https:\/\/aeronoticias.com.pe\/noticiero\/transporte-aereo\/internacional\/american-airlines-y-us-airways-podrian-anunciar-fusion-esta-semana\/\"]}]},{\"@type\":\"BreadcrumbList\",\"@id\":\"https:\/\/aeronoticias.com.pe\/noticiero\/transporte-aereo\/internacional\/american-airlines-y-us-airways-podrian-anunciar-fusion-esta-semana\/#breadcrumb\",\"itemListElement\":[{\"@type\":\"ListItem\",\"position\":1,\"name\":\"Portada\",\"item\":\"https:\/\/aeronoticias.com.pe\/noticiero\/\"},{\"@type\":\"ListItem\",\"position\":2,\"name\":\"American Airlines y US Airways podr\u00edan anunciar fusi\u00f3n esta semana\"}]},{\"@type\":\"WebSite\",\"@id\":\"https:\/\/aeronoticias.com.pe\/noticiero\/#website\",\"url\":\"https:\/\/aeronoticias.com.pe\/noticiero\/\",\"name\":\"Aeronoticias.com.pe\",\"description\":\"Noticias de tranporte aereo, turismo, hoteles, gastronomia, actualidad, internacional\",\"potentialAction\":[{\"@type\":\"SearchAction\",\"target\":{\"@type\":\"EntryPoint\",\"urlTemplate\":\"https:\/\/aeronoticias.com.pe\/noticiero\/?s={search_term_string}\"},\"query-input\":{\"@type\":\"PropertyValueSpecification\",\"valueRequired\":true,\"valueName\":\"search_term_string\"}}],\"inLanguage\":\"es\"},{\"@type\":\"Person\",\"@id\":\"https:\/\/aeronoticias.com.pe\/noticiero\/#\/schema\/person\/fc1e5d578f4b62ba1cf7ac2bba1170a0\",\"name\":\"Redacci\u00f3n Aeronoticias\",\"url\":\"https:\/\/aeronoticias.com.pe\/noticiero\/author\/piloto\/\"}]}<\/script>\n<!-- \/ Yoast SEO plugin. -->","yoast_head_json":{"title":"American Airlines y US Airways podr\u00edan anunciar fusi\u00f3n esta semana","description":"Portal de noticias del Per\u00fa sobre el transporte a\u00e9reo, aviaci\u00f3n, turismo, hoteleria, actualidad.","robots":{"index":"index","follow":"follow","max-snippet":"max-snippet:-1","max-image-preview":"max-image-preview:large","max-video-preview":"max-video-preview:-1"},"canonical":"https:\/\/aeronoticias.com.pe\/noticiero\/transporte-aereo\/internacional\/american-airlines-y-us-airways-podrian-anunciar-fusion-esta-semana\/","og_locale":"es_ES","og_type":"article","og_title":"American Airlines y US Airways podr\u00edan anunciar fusi\u00f3n esta semana","og_description":"Portal de noticias del Per\u00fa sobre el transporte a\u00e9reo, aviaci\u00f3n, turismo, hoteleria, actualidad.","og_url":"https:\/\/aeronoticias.com.pe\/noticiero\/transporte-aereo\/internacional\/american-airlines-y-us-airways-podrian-anunciar-fusion-esta-semana\/","og_site_name":"Aeronoticias.com.pe","article_publisher":"https:\/\/www.facebook.com\/Aeronoticias.com.pe\/","article_published_time":"2013-02-12T15:11:37+00:00","author":"Redacci\u00f3n Aeronoticias","twitter_card":"summary_large_image","twitter_creator":"@aeronoticias","twitter_site":"@aeronoticias","twitter_misc":{"Escrito por":"Redacci\u00f3n Aeronoticias","Tiempo de lectura":"3 minutos"},"schema":{"@context":"https:\/\/schema.org","@graph":[{"@type":"WebPage","@id":"https:\/\/aeronoticias.com.pe\/noticiero\/transporte-aereo\/internacional\/american-airlines-y-us-airways-podrian-anunciar-fusion-esta-semana\/","url":"https:\/\/aeronoticias.com.pe\/noticiero\/transporte-aereo\/internacional\/american-airlines-y-us-airways-podrian-anunciar-fusion-esta-semana\/","name":"American Airlines y US Airways podr\u00edan anunciar fusi\u00f3n esta semana","isPartOf":{"@id":"https:\/\/aeronoticias.com.pe\/noticiero\/#website"},"datePublished":"2013-02-12T15:11:37+00:00","author":{"@id":"https:\/\/aeronoticias.com.pe\/noticiero\/#\/schema\/person\/fc1e5d578f4b62ba1cf7ac2bba1170a0"},"description":"Portal de noticias del Per\u00fa sobre el transporte a\u00e9reo, aviaci\u00f3n, turismo, hoteleria, actualidad.","breadcrumb":{"@id":"https:\/\/aeronoticias.com.pe\/noticiero\/transporte-aereo\/internacional\/american-airlines-y-us-airways-podrian-anunciar-fusion-esta-semana\/#breadcrumb"},"inLanguage":"es","potentialAction":[{"@type":"ReadAction","target":["https:\/\/aeronoticias.com.pe\/noticiero\/transporte-aereo\/internacional\/american-airlines-y-us-airways-podrian-anunciar-fusion-esta-semana\/"]}]},{"@type":"BreadcrumbList","@id":"https:\/\/aeronoticias.com.pe\/noticiero\/transporte-aereo\/internacional\/american-airlines-y-us-airways-podrian-anunciar-fusion-esta-semana\/#breadcrumb","itemListElement":[{"@type":"ListItem","position":1,"name":"Portada","item":"https:\/\/aeronoticias.com.pe\/noticiero\/"},{"@type":"ListItem","position":2,"name":"American Airlines y US Airways podr\u00edan anunciar fusi\u00f3n esta semana"}]},{"@type":"WebSite","@id":"https:\/\/aeronoticias.com.pe\/noticiero\/#website","url":"https:\/\/aeronoticias.com.pe\/noticiero\/","name":"Aeronoticias.com.pe","description":"Noticias de tranporte aereo, turismo, hoteles, gastronomia, actualidad, internacional","potentialAction":[{"@type":"SearchAction","target":{"@type":"EntryPoint","urlTemplate":"https:\/\/aeronoticias.com.pe\/noticiero\/?s={search_term_string}"},"query-input":{"@type":"PropertyValueSpecification","valueRequired":true,"valueName":"search_term_string"}}],"inLanguage":"es"},{"@type":"Person","@id":"https:\/\/aeronoticias.com.pe\/noticiero\/#\/schema\/person\/fc1e5d578f4b62ba1cf7ac2bba1170a0","name":"Redacci\u00f3n Aeronoticias","url":"https:\/\/aeronoticias.com.pe\/noticiero\/author\/piloto\/"}]}},"_links":{"self":[{"href":"https:\/\/aeronoticias.com.pe\/noticiero\/wp-json\/wp\/v2\/posts\/34467","targetHints":{"allow":["GET"]}}],"collection":[{"href":"https:\/\/aeronoticias.com.pe\/noticiero\/wp-json\/wp\/v2\/posts"}],"about":[{"href":"https:\/\/aeronoticias.com.pe\/noticiero\/wp-json\/wp\/v2\/types\/post"}],"author":[{"embeddable":true,"href":"https:\/\/aeronoticias.com.pe\/noticiero\/wp-json\/wp\/v2\/users\/1"}],"replies":[{"embeddable":true,"href":"https:\/\/aeronoticias.com.pe\/noticiero\/wp-json\/wp\/v2\/comments?post=34467"}],"version-history":[{"count":0,"href":"https:\/\/aeronoticias.com.pe\/noticiero\/wp-json\/wp\/v2\/posts\/34467\/revisions"}],"wp:attachment":[{"href":"https:\/\/aeronoticias.com.pe\/noticiero\/wp-json\/wp\/v2\/media?parent=34467"}],"wp:term":[{"taxonomy":"category","embeddable":true,"href":"https:\/\/aeronoticias.com.pe\/noticiero\/wp-json\/wp\/v2\/categories?post=34467"},{"taxonomy":"post_tag","embeddable":true,"href":"https:\/\/aeronoticias.com.pe\/noticiero\/wp-json\/wp\/v2\/tags?post=34467"}],"curies":[{"name":"wp","href":"https:\/\/api.w.org\/{rel}","templated":true}]}}