{"id":34514,"date":"2013-02-13T16:35:06","date_gmt":"2013-02-13T16:35:06","guid":{"rendered":"http:\/\/desarrollo.mcvicious.com\/aero2020\/2013\/02\/13\/aeropuerto-jorge-chavez-grupo-de-pobladores-se-resisten-a-dejar-terrenos-para-ampliacion\/"},"modified":"2013-02-13T16:35:06","modified_gmt":"2013-02-13T16:35:06","slug":"aeropuerto-jorge-chavez-grupo-de-pobladores-se-resisten-a-dejar-terrenos-para-ampliacion","status":"publish","type":"post","link":"https:\/\/aeronoticias.com.pe\/noticiero\/transporte-aereo\/nacional\/aeropuerto-jorge-chavez-grupo-de-pobladores-se-resisten-a-dejar-terrenos-para-ampliacion\/","title":{"rendered":"Aeropuerto Jorge Ch\u00e1vez: Grupo de pobladores se resisten a dejar terrenos para ampliaci\u00f3n"},"content":{"rendered":"<p style=\"text-align: justify;\"><strong>(Aeronoticias).-<\/strong> Pese a que el Ministerio de Transportes y Comunicaciones (MTC) decidiera entregar parcialmente el terreno de m\u00e1s de 689 hect\u00e1reas a la concesionaria Lima Airport Partners para que ejecute la ampliaci\u00f3n del aeropuerto internacional Jorge Ch\u00e1vez, pobladores del asentamiento humano El Ayllu, que levantaron sus predios en ese espacio, han afirmado que no dejar\u00e1n sus viviendas.<\/p>\n<p style=\"text-align: justify;\">En busca de una soluci\u00f3n, el MTC ofreci\u00f3 varias alternativas de reacomodo como un plan de compensaci\u00f3n a las diez familias que a\u00fan se encuentran en el lugar. Sin embargo, han sido desestimadas. Seg\u00fan los moradores, rechazaron esa oferta pues, afirmaron, el MTC solo les hab\u00eda ofrecido mil soles a cada poblador, a fin de que abandonen sus casas.<\/p>\n<p style=\"text-align: justify;\">\u00abNo es justo que nos entreguen una miseria por nuestro terrenos. Si nos desalojan ad\u00f3nde nos iremos\u00bb, se\u00f1al\u00f3 la pobladora Clara Arenas (28).<\/p>\n<p>  <!--more-->  <\/p>\n<p style=\"text-align: justify;\">Adem\u00e1s, dijo que acudi\u00f3 a la comuna del Callao para exigir su certificado de vivienda, pero \u2013afirm\u00f3\u2013 le fue negado.<\/p>\n<p style=\"text-align: justify;\">En el lugar ya se han tumbado varias casas y postes de luz. De las 10 familias que permanecen en el terreno, 4 no cuentan con certificados de vivienda.<\/p>\n<p style=\"text-align: justify;\">Ayer, unos 30 polic\u00edas acudieron en la ma\u00f1ana al recinto, pero al no contar con una orden judicial no procedieron con el operativo. Los moradores mostraron su temor de ser expulsados de sus terrenos, ya que con esto la empresa LAP realizar\u00e1 la ampliaci\u00f3n de la segunda pista de aterrizaje en 3.500 metros de largo.<\/p>\n<p style=\"text-align: justify;\">Precisamente, el viceministro de Transportes, Alejandro Chang, respondi\u00f3 que suscribir\u00e1n una adenda al contrato porque ma\u00f1ana vence el plazo de entrega de terrenos. \u00abPrimero se dar\u00e1 una parte para ampliar la plataforma y en unos meses se entregar\u00e1n otros terrenos para concluir el segundo terminal\u00bb.<\/p>\n<p style=\"text-align: justify;\">CLAVES<\/p>\n<p style=\"text-align: justify;\">Ampliaci\u00f3n. Esta obra demandar\u00e1 una inversi\u00f3n de 830 millones de d\u00f3lares, inform\u00f3 la empresa Lima Airport Partners.<\/p>\n<p style=\"text-align: justify;\">plazo. El MTC espera iniciar la entrega de terrenos este mes, aunque despu\u00e9s del plazo previsto.<\/p>\n<p style=\"text-align: justify;\">Diario La Rep\u00fablica &#8211; larepublica.pe<\/p>\n<p style=\"text-align: justify;\"><img decoding=\"async\" src=\"images\/stories\/12\/04\/250412\/terrenos_aeropuerto_jorge_chavez.jpg\" border=\"0\" alt=\"Aeropuerto Jorge Ch\u00e1vez: Grupo de pobladores se resisten a dejar terrenos para ampliaci\u00f3n\" title=\"Aeropuerto Jorge Ch\u00e1vez: Grupo de pobladores se resisten a dejar terrenos para ampliaci\u00f3n\" \/><\/p>\n","protected":false},"excerpt":{"rendered":"<p>(Aeronoticias).- Pese a que el Ministerio de Transportes y Comunicaciones (MTC) decidiera entregar parcialmente el terreno de m\u00e1s de 689 hect\u00e1reas a la concesionaria Lima Airport Partners para que ejecute la ampliaci\u00f3n del aeropuerto internacional Jorge Ch\u00e1vez, pobladores del asentamiento humano El Ayllu, que levantaron sus predios en ese espacio, han afirmado que no dejar\u00e1n [&hellip;]<\/p>\n","protected":false},"author":1,"featured_media":0,"comment_status":"open","ping_status":"open","sticky":false,"template":"","format":"standard","meta":{"tdm_status":"","tdm_grid_status":"","footnotes":""},"categories":[51],"tags":[],"class_list":{"0":"post-34514","1":"post","2":"type-post","3":"status-publish","4":"format-standard","6":"category-nacional"},"yoast_head":"<!-- This site is optimized with the Yoast SEO plugin v25.1 - https:\/\/yoast.com\/wordpress\/plugins\/seo\/ -->\n<title>Aeropuerto Jorge Ch\u00e1vez: Grupo de pobladores se resisten a dejar terrenos para ampliaci\u00f3n<\/title>\n<meta name=\"description\" content=\"Portal de noticias del Per\u00fa sobre el transporte a\u00e9reo, aviaci\u00f3n, turismo, hoteleria, actualidad.\" \/>\n<meta name=\"robots\" content=\"index, follow, max-snippet:-1, max-image-preview:large, max-video-preview:-1\" \/>\n<link rel=\"canonical\" href=\"https:\/\/aeronoticias.com.pe\/noticiero\/transporte-aereo\/nacional\/aeropuerto-jorge-chavez-grupo-de-pobladores-se-resisten-a-dejar-terrenos-para-ampliacion\/\" \/>\n<meta property=\"og:locale\" content=\"es_ES\" \/>\n<meta property=\"og:type\" content=\"article\" \/>\n<meta property=\"og:title\" content=\"Aeropuerto Jorge Ch\u00e1vez: Grupo de pobladores se resisten a dejar terrenos para ampliaci\u00f3n\" \/>\n<meta property=\"og:description\" content=\"Portal de noticias del Per\u00fa sobre el transporte a\u00e9reo, aviaci\u00f3n, turismo, hoteleria, actualidad.\" \/>\n<meta property=\"og:url\" content=\"https:\/\/aeronoticias.com.pe\/noticiero\/transporte-aereo\/nacional\/aeropuerto-jorge-chavez-grupo-de-pobladores-se-resisten-a-dejar-terrenos-para-ampliacion\/\" \/>\n<meta property=\"og:site_name\" content=\"Aeronoticias.com.pe\" \/>\n<meta property=\"article:publisher\" content=\"https:\/\/www.facebook.com\/Aeronoticias.com.pe\/\" \/>\n<meta property=\"article:published_time\" content=\"2013-02-13T16:35:06+00:00\" \/>\n<meta name=\"author\" content=\"Redacci\u00f3n Aeronoticias\" \/>\n<meta name=\"twitter:card\" content=\"summary_large_image\" \/>\n<meta name=\"twitter:creator\" content=\"@aeronoticias\" \/>\n<meta name=\"twitter:site\" content=\"@aeronoticias\" \/>\n<meta name=\"twitter:label1\" content=\"Escrito por\" \/>\n\t<meta name=\"twitter:data1\" content=\"Redacci\u00f3n Aeronoticias\" \/>\n\t<meta name=\"twitter:label2\" content=\"Tiempo de lectura\" \/>\n\t<meta name=\"twitter:data2\" content=\"2 minutos\" \/>\n<script type=\"application\/ld+json\" class=\"yoast-schema-graph\">{\"@context\":\"https:\/\/schema.org\",\"@graph\":[{\"@type\":\"WebPage\",\"@id\":\"https:\/\/aeronoticias.com.pe\/noticiero\/transporte-aereo\/nacional\/aeropuerto-jorge-chavez-grupo-de-pobladores-se-resisten-a-dejar-terrenos-para-ampliacion\/\",\"url\":\"https:\/\/aeronoticias.com.pe\/noticiero\/transporte-aereo\/nacional\/aeropuerto-jorge-chavez-grupo-de-pobladores-se-resisten-a-dejar-terrenos-para-ampliacion\/\",\"name\":\"Aeropuerto Jorge Ch\u00e1vez: Grupo de pobladores se resisten a dejar terrenos para ampliaci\u00f3n\",\"isPartOf\":{\"@id\":\"https:\/\/aeronoticias.com.pe\/noticiero\/#website\"},\"datePublished\":\"2013-02-13T16:35:06+00:00\",\"author\":{\"@id\":\"https:\/\/aeronoticias.com.pe\/noticiero\/#\/schema\/person\/fc1e5d578f4b62ba1cf7ac2bba1170a0\"},\"description\":\"Portal de noticias del Per\u00fa sobre el transporte a\u00e9reo, aviaci\u00f3n, turismo, hoteleria, actualidad.\",\"breadcrumb\":{\"@id\":\"https:\/\/aeronoticias.com.pe\/noticiero\/transporte-aereo\/nacional\/aeropuerto-jorge-chavez-grupo-de-pobladores-se-resisten-a-dejar-terrenos-para-ampliacion\/#breadcrumb\"},\"inLanguage\":\"es\",\"potentialAction\":[{\"@type\":\"ReadAction\",\"target\":[\"https:\/\/aeronoticias.com.pe\/noticiero\/transporte-aereo\/nacional\/aeropuerto-jorge-chavez-grupo-de-pobladores-se-resisten-a-dejar-terrenos-para-ampliacion\/\"]}]},{\"@type\":\"BreadcrumbList\",\"@id\":\"https:\/\/aeronoticias.com.pe\/noticiero\/transporte-aereo\/nacional\/aeropuerto-jorge-chavez-grupo-de-pobladores-se-resisten-a-dejar-terrenos-para-ampliacion\/#breadcrumb\",\"itemListElement\":[{\"@type\":\"ListItem\",\"position\":1,\"name\":\"Portada\",\"item\":\"https:\/\/aeronoticias.com.pe\/noticiero\/\"},{\"@type\":\"ListItem\",\"position\":2,\"name\":\"Aeropuerto Jorge Ch\u00e1vez: Grupo de pobladores se resisten a dejar terrenos para ampliaci\u00f3n\"}]},{\"@type\":\"WebSite\",\"@id\":\"https:\/\/aeronoticias.com.pe\/noticiero\/#website\",\"url\":\"https:\/\/aeronoticias.com.pe\/noticiero\/\",\"name\":\"Aeronoticias.com.pe\",\"description\":\"Noticias de tranporte aereo, turismo, hoteles, gastronomia, actualidad, internacional\",\"potentialAction\":[{\"@type\":\"SearchAction\",\"target\":{\"@type\":\"EntryPoint\",\"urlTemplate\":\"https:\/\/aeronoticias.com.pe\/noticiero\/?s={search_term_string}\"},\"query-input\":{\"@type\":\"PropertyValueSpecification\",\"valueRequired\":true,\"valueName\":\"search_term_string\"}}],\"inLanguage\":\"es\"},{\"@type\":\"Person\",\"@id\":\"https:\/\/aeronoticias.com.pe\/noticiero\/#\/schema\/person\/fc1e5d578f4b62ba1cf7ac2bba1170a0\",\"name\":\"Redacci\u00f3n Aeronoticias\",\"url\":\"https:\/\/aeronoticias.com.pe\/noticiero\/author\/piloto\/\"}]}<\/script>\n<!-- \/ Yoast SEO plugin. -->","yoast_head_json":{"title":"Aeropuerto Jorge Ch\u00e1vez: Grupo de pobladores se resisten a dejar terrenos para ampliaci\u00f3n","description":"Portal de noticias del Per\u00fa sobre el transporte a\u00e9reo, aviaci\u00f3n, turismo, hoteleria, actualidad.","robots":{"index":"index","follow":"follow","max-snippet":"max-snippet:-1","max-image-preview":"max-image-preview:large","max-video-preview":"max-video-preview:-1"},"canonical":"https:\/\/aeronoticias.com.pe\/noticiero\/transporte-aereo\/nacional\/aeropuerto-jorge-chavez-grupo-de-pobladores-se-resisten-a-dejar-terrenos-para-ampliacion\/","og_locale":"es_ES","og_type":"article","og_title":"Aeropuerto Jorge Ch\u00e1vez: Grupo de pobladores se resisten a dejar terrenos para ampliaci\u00f3n","og_description":"Portal de noticias del Per\u00fa sobre el transporte a\u00e9reo, aviaci\u00f3n, turismo, hoteleria, actualidad.","og_url":"https:\/\/aeronoticias.com.pe\/noticiero\/transporte-aereo\/nacional\/aeropuerto-jorge-chavez-grupo-de-pobladores-se-resisten-a-dejar-terrenos-para-ampliacion\/","og_site_name":"Aeronoticias.com.pe","article_publisher":"https:\/\/www.facebook.com\/Aeronoticias.com.pe\/","article_published_time":"2013-02-13T16:35:06+00:00","author":"Redacci\u00f3n Aeronoticias","twitter_card":"summary_large_image","twitter_creator":"@aeronoticias","twitter_site":"@aeronoticias","twitter_misc":{"Escrito por":"Redacci\u00f3n Aeronoticias","Tiempo de lectura":"2 minutos"},"schema":{"@context":"https:\/\/schema.org","@graph":[{"@type":"WebPage","@id":"https:\/\/aeronoticias.com.pe\/noticiero\/transporte-aereo\/nacional\/aeropuerto-jorge-chavez-grupo-de-pobladores-se-resisten-a-dejar-terrenos-para-ampliacion\/","url":"https:\/\/aeronoticias.com.pe\/noticiero\/transporte-aereo\/nacional\/aeropuerto-jorge-chavez-grupo-de-pobladores-se-resisten-a-dejar-terrenos-para-ampliacion\/","name":"Aeropuerto Jorge Ch\u00e1vez: Grupo de pobladores se resisten a dejar terrenos para ampliaci\u00f3n","isPartOf":{"@id":"https:\/\/aeronoticias.com.pe\/noticiero\/#website"},"datePublished":"2013-02-13T16:35:06+00:00","author":{"@id":"https:\/\/aeronoticias.com.pe\/noticiero\/#\/schema\/person\/fc1e5d578f4b62ba1cf7ac2bba1170a0"},"description":"Portal de noticias del Per\u00fa sobre el transporte a\u00e9reo, aviaci\u00f3n, turismo, hoteleria, actualidad.","breadcrumb":{"@id":"https:\/\/aeronoticias.com.pe\/noticiero\/transporte-aereo\/nacional\/aeropuerto-jorge-chavez-grupo-de-pobladores-se-resisten-a-dejar-terrenos-para-ampliacion\/#breadcrumb"},"inLanguage":"es","potentialAction":[{"@type":"ReadAction","target":["https:\/\/aeronoticias.com.pe\/noticiero\/transporte-aereo\/nacional\/aeropuerto-jorge-chavez-grupo-de-pobladores-se-resisten-a-dejar-terrenos-para-ampliacion\/"]}]},{"@type":"BreadcrumbList","@id":"https:\/\/aeronoticias.com.pe\/noticiero\/transporte-aereo\/nacional\/aeropuerto-jorge-chavez-grupo-de-pobladores-se-resisten-a-dejar-terrenos-para-ampliacion\/#breadcrumb","itemListElement":[{"@type":"ListItem","position":1,"name":"Portada","item":"https:\/\/aeronoticias.com.pe\/noticiero\/"},{"@type":"ListItem","position":2,"name":"Aeropuerto Jorge Ch\u00e1vez: Grupo de pobladores se resisten a dejar terrenos para ampliaci\u00f3n"}]},{"@type":"WebSite","@id":"https:\/\/aeronoticias.com.pe\/noticiero\/#website","url":"https:\/\/aeronoticias.com.pe\/noticiero\/","name":"Aeronoticias.com.pe","description":"Noticias de tranporte aereo, turismo, hoteles, gastronomia, actualidad, internacional","potentialAction":[{"@type":"SearchAction","target":{"@type":"EntryPoint","urlTemplate":"https:\/\/aeronoticias.com.pe\/noticiero\/?s={search_term_string}"},"query-input":{"@type":"PropertyValueSpecification","valueRequired":true,"valueName":"search_term_string"}}],"inLanguage":"es"},{"@type":"Person","@id":"https:\/\/aeronoticias.com.pe\/noticiero\/#\/schema\/person\/fc1e5d578f4b62ba1cf7ac2bba1170a0","name":"Redacci\u00f3n Aeronoticias","url":"https:\/\/aeronoticias.com.pe\/noticiero\/author\/piloto\/"}]}},"_links":{"self":[{"href":"https:\/\/aeronoticias.com.pe\/noticiero\/wp-json\/wp\/v2\/posts\/34514","targetHints":{"allow":["GET"]}}],"collection":[{"href":"https:\/\/aeronoticias.com.pe\/noticiero\/wp-json\/wp\/v2\/posts"}],"about":[{"href":"https:\/\/aeronoticias.com.pe\/noticiero\/wp-json\/wp\/v2\/types\/post"}],"author":[{"embeddable":true,"href":"https:\/\/aeronoticias.com.pe\/noticiero\/wp-json\/wp\/v2\/users\/1"}],"replies":[{"embeddable":true,"href":"https:\/\/aeronoticias.com.pe\/noticiero\/wp-json\/wp\/v2\/comments?post=34514"}],"version-history":[{"count":0,"href":"https:\/\/aeronoticias.com.pe\/noticiero\/wp-json\/wp\/v2\/posts\/34514\/revisions"}],"wp:attachment":[{"href":"https:\/\/aeronoticias.com.pe\/noticiero\/wp-json\/wp\/v2\/media?parent=34514"}],"wp:term":[{"taxonomy":"category","embeddable":true,"href":"https:\/\/aeronoticias.com.pe\/noticiero\/wp-json\/wp\/v2\/categories?post=34514"},{"taxonomy":"post_tag","embeddable":true,"href":"https:\/\/aeronoticias.com.pe\/noticiero\/wp-json\/wp\/v2\/tags?post=34514"}],"curies":[{"name":"wp","href":"https:\/\/api.w.org\/{rel}","templated":true}]}}