{"id":34546,"date":"2013-02-14T15:15:48","date_gmt":"2013-02-14T15:15:48","guid":{"rendered":"http:\/\/desarrollo.mcvicious.com\/aero2020\/2013\/02\/14\/peru-gasto-promedio-del-turista-interno-se-incremento-42-desde-el-2009\/"},"modified":"2013-02-14T15:15:48","modified_gmt":"2013-02-14T15:15:48","slug":"peru-gasto-promedio-del-turista-interno-se-incremento-42-desde-el-2009","status":"publish","type":"post","link":"https:\/\/aeronoticias.com.pe\/noticiero\/turismo\/13\/peru-gasto-promedio-del-turista-interno-se-incremento-42-desde-el-2009\/","title":{"rendered":"Peru: Gasto promedio del turista interno se increment\u00f3 42% desde el 2009"},"content":{"rendered":"<p style=\"text-align: justify;\"><strong>(Aeronoticias).-<\/strong> El gasto promedio del turista nacional es de 500 nuevos soles, lo que representa un incremento de 42 por ciento respecto al gasto promedio del 2009, inform\u00f3 este mi\u00e9rcoles el Ministerio de Comercio Exterior y Turismo (Mincetur).<\/p>\n<p style=\"text-align: justify;\">La viceministra de Turismo, Claudia Cornejo, se\u00f1al\u00f3 que en el a\u00f1o 2009 el gasto promedio fue de 350 soles.<\/p>\n<p style=\"text-align: justify;\">El turismo interno al cierre del 2012 habr\u00eda crecido cinco por ciento, seg\u00fan cifras preliminares del Mincetur.<\/p>\n<p>  <!--more-->  <\/p>\n<p style=\"text-align: justify;\">Tambi\u00e9n indic\u00f3 que se ha incrementado el gasto promedio del turista receptivo, pero no ha sido tan significativo.<\/p>\n<p style=\"text-align: justify;\">Explic\u00f3 que se busca que el turista receptivo incremente sus gastos durante su permanencia en el pa\u00eds comprando artesan\u00edas, por ejemplo.<\/p>\n<p style=\"text-align: justify;\">\u201cNo podemos pedir que se quede m\u00e1s porque vienen por una cantidad de d\u00edas y queremos que en esos d\u00edas gasten m\u00e1s\u201d, declar\u00f3 a la agencia Andina.<\/p>\n<p style=\"text-align: justify;\">Agreg\u00f3 que para ello el Mincetur busca acuerdos con hoteles con la finalidad de que proporcionen espacios de exhibici\u00f3n de artesan\u00edas, para acercar de esta manera la oferta al visitante.<\/p>\n<p style=\"text-align: justify;\">Agencia Andina.<\/p>\n<p style=\"text-align: justify;\"><img decoding=\"async\" src=\"images\/stories\/12\/06\/020612\/turismo_interno_presupuesto_promperu.jpg\" border=\"0\" alt=\"Peru: Gasto promedio del turista interno se increment\u00f3 42% desde el 2009\" title=\"Peru: Gasto promedio del turista interno se increment\u00f3 42% desde el 2009\" \/><\/p>\n","protected":false},"excerpt":{"rendered":"<p>(Aeronoticias).- El gasto promedio del turista nacional es de 500 nuevos soles, lo que representa un incremento de 42 por ciento respecto al gasto promedio del 2009, inform\u00f3 este mi\u00e9rcoles el Ministerio de Comercio Exterior y Turismo (Mincetur). La viceministra de Turismo, Claudia Cornejo, se\u00f1al\u00f3 que en el a\u00f1o 2009 el gasto promedio fue de [&hellip;]<\/p>\n","protected":false},"author":1,"featured_media":0,"comment_status":"open","ping_status":"open","sticky":false,"template":"","format":"standard","meta":{"tdm_status":"","tdm_grid_status":"","footnotes":""},"categories":[31],"tags":[],"class_list":{"0":"post-34546","1":"post","2":"type-post","3":"status-publish","4":"format-standard","6":"category-31"},"yoast_head":"<!-- This site is optimized with the Yoast SEO plugin v25.1 - https:\/\/yoast.com\/wordpress\/plugins\/seo\/ -->\n<title>Peru: Gasto promedio del turista interno se increment\u00f3 42% desde el 2009<\/title>\n<meta name=\"description\" content=\"Portal de noticias del Per\u00fa sobre el transporte a\u00e9reo, aviaci\u00f3n, turismo, hoteleria, actualidad.\" \/>\n<meta name=\"robots\" content=\"index, follow, max-snippet:-1, max-image-preview:large, max-video-preview:-1\" \/>\n<link rel=\"canonical\" href=\"https:\/\/aeronoticias.com.pe\/noticiero\/turismo\/13\/peru-gasto-promedio-del-turista-interno-se-incremento-42-desde-el-2009\/\" \/>\n<meta property=\"og:locale\" content=\"es_ES\" \/>\n<meta property=\"og:type\" content=\"article\" \/>\n<meta property=\"og:title\" content=\"Peru: Gasto promedio del turista interno se increment\u00f3 42% desde el 2009\" \/>\n<meta property=\"og:description\" content=\"Portal de noticias del Per\u00fa sobre el transporte a\u00e9reo, aviaci\u00f3n, turismo, hoteleria, actualidad.\" \/>\n<meta property=\"og:url\" content=\"https:\/\/aeronoticias.com.pe\/noticiero\/turismo\/13\/peru-gasto-promedio-del-turista-interno-se-incremento-42-desde-el-2009\/\" \/>\n<meta property=\"og:site_name\" content=\"Aeronoticias.com.pe\" \/>\n<meta property=\"article:publisher\" content=\"https:\/\/www.facebook.com\/Aeronoticias.com.pe\/\" \/>\n<meta property=\"article:published_time\" content=\"2013-02-14T15:15:48+00:00\" \/>\n<meta name=\"author\" content=\"Redacci\u00f3n Aeronoticias\" \/>\n<meta name=\"twitter:card\" content=\"summary_large_image\" \/>\n<meta name=\"twitter:creator\" content=\"@aeronoticias\" \/>\n<meta name=\"twitter:site\" content=\"@aeronoticias\" \/>\n<meta name=\"twitter:label1\" content=\"Escrito por\" \/>\n\t<meta name=\"twitter:data1\" content=\"Redacci\u00f3n Aeronoticias\" \/>\n\t<meta name=\"twitter:label2\" content=\"Tiempo de lectura\" \/>\n\t<meta name=\"twitter:data2\" content=\"1 minuto\" \/>\n<script type=\"application\/ld+json\" class=\"yoast-schema-graph\">{\"@context\":\"https:\/\/schema.org\",\"@graph\":[{\"@type\":\"WebPage\",\"@id\":\"https:\/\/aeronoticias.com.pe\/noticiero\/turismo\/13\/peru-gasto-promedio-del-turista-interno-se-incremento-42-desde-el-2009\/\",\"url\":\"https:\/\/aeronoticias.com.pe\/noticiero\/turismo\/13\/peru-gasto-promedio-del-turista-interno-se-incremento-42-desde-el-2009\/\",\"name\":\"Peru: Gasto promedio del turista interno se increment\u00f3 42% desde el 2009\",\"isPartOf\":{\"@id\":\"https:\/\/aeronoticias.com.pe\/noticiero\/#website\"},\"datePublished\":\"2013-02-14T15:15:48+00:00\",\"author\":{\"@id\":\"https:\/\/aeronoticias.com.pe\/noticiero\/#\/schema\/person\/fc1e5d578f4b62ba1cf7ac2bba1170a0\"},\"description\":\"Portal de noticias del Per\u00fa sobre el transporte a\u00e9reo, aviaci\u00f3n, turismo, hoteleria, actualidad.\",\"breadcrumb\":{\"@id\":\"https:\/\/aeronoticias.com.pe\/noticiero\/turismo\/13\/peru-gasto-promedio-del-turista-interno-se-incremento-42-desde-el-2009\/#breadcrumb\"},\"inLanguage\":\"es\",\"potentialAction\":[{\"@type\":\"ReadAction\",\"target\":[\"https:\/\/aeronoticias.com.pe\/noticiero\/turismo\/13\/peru-gasto-promedio-del-turista-interno-se-incremento-42-desde-el-2009\/\"]}]},{\"@type\":\"BreadcrumbList\",\"@id\":\"https:\/\/aeronoticias.com.pe\/noticiero\/turismo\/13\/peru-gasto-promedio-del-turista-interno-se-incremento-42-desde-el-2009\/#breadcrumb\",\"itemListElement\":[{\"@type\":\"ListItem\",\"position\":1,\"name\":\"Portada\",\"item\":\"https:\/\/aeronoticias.com.pe\/noticiero\/\"},{\"@type\":\"ListItem\",\"position\":2,\"name\":\"Peru: Gasto promedio del turista interno se increment\u00f3 42% desde el 2009\"}]},{\"@type\":\"WebSite\",\"@id\":\"https:\/\/aeronoticias.com.pe\/noticiero\/#website\",\"url\":\"https:\/\/aeronoticias.com.pe\/noticiero\/\",\"name\":\"Aeronoticias.com.pe\",\"description\":\"Noticias de tranporte aereo, turismo, hoteles, gastronomia, actualidad, internacional\",\"potentialAction\":[{\"@type\":\"SearchAction\",\"target\":{\"@type\":\"EntryPoint\",\"urlTemplate\":\"https:\/\/aeronoticias.com.pe\/noticiero\/?s={search_term_string}\"},\"query-input\":{\"@type\":\"PropertyValueSpecification\",\"valueRequired\":true,\"valueName\":\"search_term_string\"}}],\"inLanguage\":\"es\"},{\"@type\":\"Person\",\"@id\":\"https:\/\/aeronoticias.com.pe\/noticiero\/#\/schema\/person\/fc1e5d578f4b62ba1cf7ac2bba1170a0\",\"name\":\"Redacci\u00f3n Aeronoticias\",\"url\":\"https:\/\/aeronoticias.com.pe\/noticiero\/author\/piloto\/\"}]}<\/script>\n<!-- \/ Yoast SEO plugin. -->","yoast_head_json":{"title":"Peru: Gasto promedio del turista interno se increment\u00f3 42% desde el 2009","description":"Portal de noticias del Per\u00fa sobre el transporte a\u00e9reo, aviaci\u00f3n, turismo, hoteleria, actualidad.","robots":{"index":"index","follow":"follow","max-snippet":"max-snippet:-1","max-image-preview":"max-image-preview:large","max-video-preview":"max-video-preview:-1"},"canonical":"https:\/\/aeronoticias.com.pe\/noticiero\/turismo\/13\/peru-gasto-promedio-del-turista-interno-se-incremento-42-desde-el-2009\/","og_locale":"es_ES","og_type":"article","og_title":"Peru: Gasto promedio del turista interno se increment\u00f3 42% desde el 2009","og_description":"Portal de noticias del Per\u00fa sobre el transporte a\u00e9reo, aviaci\u00f3n, turismo, hoteleria, actualidad.","og_url":"https:\/\/aeronoticias.com.pe\/noticiero\/turismo\/13\/peru-gasto-promedio-del-turista-interno-se-incremento-42-desde-el-2009\/","og_site_name":"Aeronoticias.com.pe","article_publisher":"https:\/\/www.facebook.com\/Aeronoticias.com.pe\/","article_published_time":"2013-02-14T15:15:48+00:00","author":"Redacci\u00f3n Aeronoticias","twitter_card":"summary_large_image","twitter_creator":"@aeronoticias","twitter_site":"@aeronoticias","twitter_misc":{"Escrito por":"Redacci\u00f3n Aeronoticias","Tiempo de lectura":"1 minuto"},"schema":{"@context":"https:\/\/schema.org","@graph":[{"@type":"WebPage","@id":"https:\/\/aeronoticias.com.pe\/noticiero\/turismo\/13\/peru-gasto-promedio-del-turista-interno-se-incremento-42-desde-el-2009\/","url":"https:\/\/aeronoticias.com.pe\/noticiero\/turismo\/13\/peru-gasto-promedio-del-turista-interno-se-incremento-42-desde-el-2009\/","name":"Peru: Gasto promedio del turista interno se increment\u00f3 42% desde el 2009","isPartOf":{"@id":"https:\/\/aeronoticias.com.pe\/noticiero\/#website"},"datePublished":"2013-02-14T15:15:48+00:00","author":{"@id":"https:\/\/aeronoticias.com.pe\/noticiero\/#\/schema\/person\/fc1e5d578f4b62ba1cf7ac2bba1170a0"},"description":"Portal de noticias del Per\u00fa sobre el transporte a\u00e9reo, aviaci\u00f3n, turismo, hoteleria, actualidad.","breadcrumb":{"@id":"https:\/\/aeronoticias.com.pe\/noticiero\/turismo\/13\/peru-gasto-promedio-del-turista-interno-se-incremento-42-desde-el-2009\/#breadcrumb"},"inLanguage":"es","potentialAction":[{"@type":"ReadAction","target":["https:\/\/aeronoticias.com.pe\/noticiero\/turismo\/13\/peru-gasto-promedio-del-turista-interno-se-incremento-42-desde-el-2009\/"]}]},{"@type":"BreadcrumbList","@id":"https:\/\/aeronoticias.com.pe\/noticiero\/turismo\/13\/peru-gasto-promedio-del-turista-interno-se-incremento-42-desde-el-2009\/#breadcrumb","itemListElement":[{"@type":"ListItem","position":1,"name":"Portada","item":"https:\/\/aeronoticias.com.pe\/noticiero\/"},{"@type":"ListItem","position":2,"name":"Peru: Gasto promedio del turista interno se increment\u00f3 42% desde el 2009"}]},{"@type":"WebSite","@id":"https:\/\/aeronoticias.com.pe\/noticiero\/#website","url":"https:\/\/aeronoticias.com.pe\/noticiero\/","name":"Aeronoticias.com.pe","description":"Noticias de tranporte aereo, turismo, hoteles, gastronomia, actualidad, internacional","potentialAction":[{"@type":"SearchAction","target":{"@type":"EntryPoint","urlTemplate":"https:\/\/aeronoticias.com.pe\/noticiero\/?s={search_term_string}"},"query-input":{"@type":"PropertyValueSpecification","valueRequired":true,"valueName":"search_term_string"}}],"inLanguage":"es"},{"@type":"Person","@id":"https:\/\/aeronoticias.com.pe\/noticiero\/#\/schema\/person\/fc1e5d578f4b62ba1cf7ac2bba1170a0","name":"Redacci\u00f3n Aeronoticias","url":"https:\/\/aeronoticias.com.pe\/noticiero\/author\/piloto\/"}]}},"_links":{"self":[{"href":"https:\/\/aeronoticias.com.pe\/noticiero\/wp-json\/wp\/v2\/posts\/34546","targetHints":{"allow":["GET"]}}],"collection":[{"href":"https:\/\/aeronoticias.com.pe\/noticiero\/wp-json\/wp\/v2\/posts"}],"about":[{"href":"https:\/\/aeronoticias.com.pe\/noticiero\/wp-json\/wp\/v2\/types\/post"}],"author":[{"embeddable":true,"href":"https:\/\/aeronoticias.com.pe\/noticiero\/wp-json\/wp\/v2\/users\/1"}],"replies":[{"embeddable":true,"href":"https:\/\/aeronoticias.com.pe\/noticiero\/wp-json\/wp\/v2\/comments?post=34546"}],"version-history":[{"count":0,"href":"https:\/\/aeronoticias.com.pe\/noticiero\/wp-json\/wp\/v2\/posts\/34546\/revisions"}],"wp:attachment":[{"href":"https:\/\/aeronoticias.com.pe\/noticiero\/wp-json\/wp\/v2\/media?parent=34546"}],"wp:term":[{"taxonomy":"category","embeddable":true,"href":"https:\/\/aeronoticias.com.pe\/noticiero\/wp-json\/wp\/v2\/categories?post=34546"},{"taxonomy":"post_tag","embeddable":true,"href":"https:\/\/aeronoticias.com.pe\/noticiero\/wp-json\/wp\/v2\/tags?post=34546"}],"curies":[{"name":"wp","href":"https:\/\/api.w.org\/{rel}","templated":true}]}}