{"id":34547,"date":"2013-02-14T15:28:31","date_gmt":"2013-02-14T15:28:31","guid":{"rendered":"http:\/\/desarrollo.mcvicious.com\/aero2020\/2013\/02\/14\/construyen-primer-albergue-ecoturistico-en-santuario-del-bosque-de-pomac\/"},"modified":"2013-02-14T15:28:31","modified_gmt":"2013-02-14T15:28:31","slug":"construyen-primer-albergue-ecoturistico-en-santuario-del-bosque-de-pomac","status":"publish","type":"post","link":"https:\/\/aeronoticias.com.pe\/noticiero\/turismo\/13\/construyen-primer-albergue-ecoturistico-en-santuario-del-bosque-de-pomac\/","title":{"rendered":"Construyen primer albergue ecotur\u00edstico en Santuario del Bosque de P\u00f3mac"},"content":{"rendered":"<p style=\"text-align: justify;\"><strong>(Aeronoticias).-<\/strong> En setiembre pr\u00f3ximo empezar\u00e1 a funcionar el primer albergue ecotur\u00edstico construido en la zona de amortiguamiento del santuario hist\u00f3rico Bosque de P\u00f3mac, ubicado en la provincia lambayecana de Ferre\u00f1efe, con materiales tradicionales de la zona como el barro y la quincha, se inform\u00f3 este mi\u00e9rcoles.<\/p>\n<p style=\"text-align: justify;\">Dante D\u00edaz V\u00e1squez, coordinador del Centro Eco, indic\u00f3 que han concluido la construcci\u00f3n de la infraestructura f\u00edsica de este albergue que cuenta con diez habitaciones, y se ha iniciado su equipamiento.<\/p>\n<p style=\"text-align: justify;\">\u201cSe ha tenido la visita del decano de la facultad de Turismo de la Universidad Cient\u00edfica del Sur que nos ha dado el concepto del manejo de este albergue, que ser\u00e1 inaugurado en setiembre. Estamos en la etapa de equipamiento y de formalizaci\u00f3n de la asociaci\u00f3n de la comunidad integrada por unas diez familias que lo manejar\u00e1\u00bb, declar\u00f3 a la Agencia Andina.<\/p>\n<p>  <!--more-->  <\/p>\n<p style=\"text-align: justify;\">Con este albergue denominado \u00abHuaca de Piedra\u00bb se proyecta programar visitas guiadas a caballo y en carreta al Bosque de P\u00f3mac, as\u00ed como a los apiarios y las zonas de reforestaci\u00f3n en el bosque seco.<\/p>\n<p style=\"text-align: justify;\">\u201cEl lounge generar\u00e1 ingresos muy importantes para la comunidad. Un ingreso mayor al de subsistencia que ten\u00edan por la peque\u00f1a agricultura que desarrollaban porque har\u00e1n labores de limpieza, mantemiento y de gesti\u00f3n del abergue\u00bb, explic\u00f3.<\/p>\n<p style=\"text-align: justify;\">Manifest\u00f3 que en la infraestructura se han invertido 70,000 nuevos soles procedentes del Fondo de las Am\u00e9ricas, a los que se suman 20,000 nuevos soles del Centro Eco y 10,000 de la comunidad con mano de obra y terreno.<\/p>\n<p style=\"text-align: justify;\">Naturaleza y comunidad<\/p>\n<p style=\"text-align: justify;\">D\u00edaz sostuvo que este albergue est\u00e1 dirigido al turista nacional e internacional que busca calidad del servicio. El objetivo, remarc\u00f3, es que \u201cel turista pueda disfrutar de la naturaleza en convivencia con la comunidad\u201d.<\/p>\n<p style=\"text-align: justify;\">La iniciativa tur\u00edstica surgi\u00f3 tras el constante pedido de los turistas, especialmente extranjeros, en quedarse a pernoctar en el bosque seco para poder levantarme muy temprano para avistar aves en peligro de extinci\u00f3n, que habitan en este espacio cultural-ecol\u00f3gico de Lambayeque, cont\u00f3.<\/p>\n<p style=\"text-align: justify;\">El albergue, con diez \u00abbungalows\u00bb para una a tres personas cada uno, est\u00e1 ubicado en la comunidad de Huaca de Piedra, jurisdicci\u00f3n del distrito de \u00cdllimo.<\/p>\n<p style=\"text-align: justify;\">Ocupa un \u00e1rea de 200 metros cuadrados, y tiene salas de recibo y de conferencias, y servicios higi\u00e9nicos. Toda la infraestructura est\u00e1 rodeada por el imponente bosque.<\/p>\n<p style=\"text-align: justify;\">Nuevo proyecto<\/p>\n<p style=\"text-align: justify;\">D\u00edaz refiri\u00f3 que el Centro Eco ejecuta un nuevo proyecto, que consiste en la reforestaci\u00f3n de 700 hect\u00e1reas m\u00e1s en el sector Paler\u00eda, del Bosque de P\u00f3mac, que se sumar\u00e1n a las 300 hect\u00e1reas sembradas el a\u00f1o pasado.<\/p>\n<p style=\"text-align: justify;\">Esta iniciativa demandar\u00e1 una inversi\u00f3n de 100,000 d\u00f3lares que incluye la reforestaci\u00f3n y el mejoramiento del circuito tur\u00edstico donde se realizar\u00e1n accesos y se\u00f1alizaci\u00f3n para que los visitantes puedan acceder a esta obras ambientales.<\/p>\n<p style=\"text-align: justify;\">\u201cEste proyecto incluye componentes de capacitaci\u00f3n, reforestaci\u00f3n y circuito tur\u00edstico, que concluye en diciembre del 2014\u201d, finaliz\u00f3.<\/p>\n<p style=\"text-align: justify;\">Agencia Andina.<\/p>\n<p style=\"text-align: justify;\"><img decoding=\"async\" src=\"images\/resized\/images\/stories\/13\/01\/300113\/pomac_400_268.jpg\" border=\"0\" alt=\"Construyen primer albergue ecotur\u00edstico en Santuario del Bosque de P\u00f3mac\" title=\"Construyen primer albergue ecotur\u00edstico en Santuario del Bosque de P\u00f3mac\" \/><\/p>\n","protected":false},"excerpt":{"rendered":"<p>(Aeronoticias).- En setiembre pr\u00f3ximo empezar\u00e1 a funcionar el primer albergue ecotur\u00edstico construido en la zona de amortiguamiento del santuario hist\u00f3rico Bosque de P\u00f3mac, ubicado en la provincia lambayecana de Ferre\u00f1efe, con materiales tradicionales de la zona como el barro y la quincha, se inform\u00f3 este mi\u00e9rcoles. Dante D\u00edaz V\u00e1squez, coordinador del Centro Eco, indic\u00f3 que [&hellip;]<\/p>\n","protected":false},"author":1,"featured_media":0,"comment_status":"open","ping_status":"open","sticky":false,"template":"","format":"standard","meta":{"tdm_status":"","tdm_grid_status":"","footnotes":""},"categories":[31],"tags":[],"class_list":{"0":"post-34547","1":"post","2":"type-post","3":"status-publish","4":"format-standard","6":"category-31"},"yoast_head":"<!-- This site is optimized with the Yoast SEO plugin v25.1 - https:\/\/yoast.com\/wordpress\/plugins\/seo\/ -->\n<title>Construyen primer albergue ecotur\u00edstico en Santuario del Bosque de P\u00f3mac<\/title>\n<meta name=\"description\" content=\"Portal de noticias del Per\u00fa sobre el transporte a\u00e9reo, aviaci\u00f3n, turismo, hoteleria, actualidad.\" \/>\n<meta name=\"robots\" content=\"index, follow, max-snippet:-1, max-image-preview:large, max-video-preview:-1\" \/>\n<link rel=\"canonical\" href=\"https:\/\/aeronoticias.com.pe\/noticiero\/turismo\/13\/construyen-primer-albergue-ecoturistico-en-santuario-del-bosque-de-pomac\/\" \/>\n<meta property=\"og:locale\" content=\"es_ES\" \/>\n<meta property=\"og:type\" content=\"article\" \/>\n<meta property=\"og:title\" content=\"Construyen primer albergue ecotur\u00edstico en Santuario del Bosque de P\u00f3mac\" \/>\n<meta property=\"og:description\" content=\"Portal de noticias del Per\u00fa sobre el transporte a\u00e9reo, aviaci\u00f3n, turismo, hoteleria, actualidad.\" \/>\n<meta property=\"og:url\" content=\"https:\/\/aeronoticias.com.pe\/noticiero\/turismo\/13\/construyen-primer-albergue-ecoturistico-en-santuario-del-bosque-de-pomac\/\" \/>\n<meta property=\"og:site_name\" content=\"Aeronoticias.com.pe\" \/>\n<meta property=\"article:publisher\" content=\"https:\/\/www.facebook.com\/Aeronoticias.com.pe\/\" \/>\n<meta property=\"article:published_time\" content=\"2013-02-14T15:28:31+00:00\" \/>\n<meta name=\"author\" content=\"Redacci\u00f3n Aeronoticias\" \/>\n<meta name=\"twitter:card\" content=\"summary_large_image\" \/>\n<meta name=\"twitter:creator\" content=\"@aeronoticias\" \/>\n<meta name=\"twitter:site\" content=\"@aeronoticias\" \/>\n<meta name=\"twitter:label1\" content=\"Escrito por\" \/>\n\t<meta name=\"twitter:data1\" content=\"Redacci\u00f3n Aeronoticias\" \/>\n\t<meta name=\"twitter:label2\" content=\"Tiempo de lectura\" \/>\n\t<meta name=\"twitter:data2\" content=\"3 minutos\" \/>\n<script type=\"application\/ld+json\" class=\"yoast-schema-graph\">{\"@context\":\"https:\/\/schema.org\",\"@graph\":[{\"@type\":\"WebPage\",\"@id\":\"https:\/\/aeronoticias.com.pe\/noticiero\/turismo\/13\/construyen-primer-albergue-ecoturistico-en-santuario-del-bosque-de-pomac\/\",\"url\":\"https:\/\/aeronoticias.com.pe\/noticiero\/turismo\/13\/construyen-primer-albergue-ecoturistico-en-santuario-del-bosque-de-pomac\/\",\"name\":\"Construyen primer albergue ecotur\u00edstico en Santuario del Bosque de P\u00f3mac\",\"isPartOf\":{\"@id\":\"https:\/\/aeronoticias.com.pe\/noticiero\/#website\"},\"datePublished\":\"2013-02-14T15:28:31+00:00\",\"author\":{\"@id\":\"https:\/\/aeronoticias.com.pe\/noticiero\/#\/schema\/person\/fc1e5d578f4b62ba1cf7ac2bba1170a0\"},\"description\":\"Portal de noticias del Per\u00fa sobre el transporte a\u00e9reo, aviaci\u00f3n, turismo, hoteleria, actualidad.\",\"breadcrumb\":{\"@id\":\"https:\/\/aeronoticias.com.pe\/noticiero\/turismo\/13\/construyen-primer-albergue-ecoturistico-en-santuario-del-bosque-de-pomac\/#breadcrumb\"},\"inLanguage\":\"es\",\"potentialAction\":[{\"@type\":\"ReadAction\",\"target\":[\"https:\/\/aeronoticias.com.pe\/noticiero\/turismo\/13\/construyen-primer-albergue-ecoturistico-en-santuario-del-bosque-de-pomac\/\"]}]},{\"@type\":\"BreadcrumbList\",\"@id\":\"https:\/\/aeronoticias.com.pe\/noticiero\/turismo\/13\/construyen-primer-albergue-ecoturistico-en-santuario-del-bosque-de-pomac\/#breadcrumb\",\"itemListElement\":[{\"@type\":\"ListItem\",\"position\":1,\"name\":\"Portada\",\"item\":\"https:\/\/aeronoticias.com.pe\/noticiero\/\"},{\"@type\":\"ListItem\",\"position\":2,\"name\":\"Construyen primer albergue ecotur\u00edstico en Santuario del Bosque de P\u00f3mac\"}]},{\"@type\":\"WebSite\",\"@id\":\"https:\/\/aeronoticias.com.pe\/noticiero\/#website\",\"url\":\"https:\/\/aeronoticias.com.pe\/noticiero\/\",\"name\":\"Aeronoticias.com.pe\",\"description\":\"Noticias de tranporte aereo, turismo, hoteles, gastronomia, actualidad, internacional\",\"potentialAction\":[{\"@type\":\"SearchAction\",\"target\":{\"@type\":\"EntryPoint\",\"urlTemplate\":\"https:\/\/aeronoticias.com.pe\/noticiero\/?s={search_term_string}\"},\"query-input\":{\"@type\":\"PropertyValueSpecification\",\"valueRequired\":true,\"valueName\":\"search_term_string\"}}],\"inLanguage\":\"es\"},{\"@type\":\"Person\",\"@id\":\"https:\/\/aeronoticias.com.pe\/noticiero\/#\/schema\/person\/fc1e5d578f4b62ba1cf7ac2bba1170a0\",\"name\":\"Redacci\u00f3n Aeronoticias\",\"url\":\"https:\/\/aeronoticias.com.pe\/noticiero\/author\/piloto\/\"}]}<\/script>\n<!-- \/ Yoast SEO plugin. -->","yoast_head_json":{"title":"Construyen primer albergue ecotur\u00edstico en Santuario del Bosque de P\u00f3mac","description":"Portal de noticias del Per\u00fa sobre el transporte a\u00e9reo, aviaci\u00f3n, turismo, hoteleria, actualidad.","robots":{"index":"index","follow":"follow","max-snippet":"max-snippet:-1","max-image-preview":"max-image-preview:large","max-video-preview":"max-video-preview:-1"},"canonical":"https:\/\/aeronoticias.com.pe\/noticiero\/turismo\/13\/construyen-primer-albergue-ecoturistico-en-santuario-del-bosque-de-pomac\/","og_locale":"es_ES","og_type":"article","og_title":"Construyen primer albergue ecotur\u00edstico en Santuario del Bosque de P\u00f3mac","og_description":"Portal de noticias del Per\u00fa sobre el transporte a\u00e9reo, aviaci\u00f3n, turismo, hoteleria, actualidad.","og_url":"https:\/\/aeronoticias.com.pe\/noticiero\/turismo\/13\/construyen-primer-albergue-ecoturistico-en-santuario-del-bosque-de-pomac\/","og_site_name":"Aeronoticias.com.pe","article_publisher":"https:\/\/www.facebook.com\/Aeronoticias.com.pe\/","article_published_time":"2013-02-14T15:28:31+00:00","author":"Redacci\u00f3n Aeronoticias","twitter_card":"summary_large_image","twitter_creator":"@aeronoticias","twitter_site":"@aeronoticias","twitter_misc":{"Escrito por":"Redacci\u00f3n Aeronoticias","Tiempo de lectura":"3 minutos"},"schema":{"@context":"https:\/\/schema.org","@graph":[{"@type":"WebPage","@id":"https:\/\/aeronoticias.com.pe\/noticiero\/turismo\/13\/construyen-primer-albergue-ecoturistico-en-santuario-del-bosque-de-pomac\/","url":"https:\/\/aeronoticias.com.pe\/noticiero\/turismo\/13\/construyen-primer-albergue-ecoturistico-en-santuario-del-bosque-de-pomac\/","name":"Construyen primer albergue ecotur\u00edstico en Santuario del Bosque de P\u00f3mac","isPartOf":{"@id":"https:\/\/aeronoticias.com.pe\/noticiero\/#website"},"datePublished":"2013-02-14T15:28:31+00:00","author":{"@id":"https:\/\/aeronoticias.com.pe\/noticiero\/#\/schema\/person\/fc1e5d578f4b62ba1cf7ac2bba1170a0"},"description":"Portal de noticias del Per\u00fa sobre el transporte a\u00e9reo, aviaci\u00f3n, turismo, hoteleria, actualidad.","breadcrumb":{"@id":"https:\/\/aeronoticias.com.pe\/noticiero\/turismo\/13\/construyen-primer-albergue-ecoturistico-en-santuario-del-bosque-de-pomac\/#breadcrumb"},"inLanguage":"es","potentialAction":[{"@type":"ReadAction","target":["https:\/\/aeronoticias.com.pe\/noticiero\/turismo\/13\/construyen-primer-albergue-ecoturistico-en-santuario-del-bosque-de-pomac\/"]}]},{"@type":"BreadcrumbList","@id":"https:\/\/aeronoticias.com.pe\/noticiero\/turismo\/13\/construyen-primer-albergue-ecoturistico-en-santuario-del-bosque-de-pomac\/#breadcrumb","itemListElement":[{"@type":"ListItem","position":1,"name":"Portada","item":"https:\/\/aeronoticias.com.pe\/noticiero\/"},{"@type":"ListItem","position":2,"name":"Construyen primer albergue ecotur\u00edstico en Santuario del Bosque de P\u00f3mac"}]},{"@type":"WebSite","@id":"https:\/\/aeronoticias.com.pe\/noticiero\/#website","url":"https:\/\/aeronoticias.com.pe\/noticiero\/","name":"Aeronoticias.com.pe","description":"Noticias de tranporte aereo, turismo, hoteles, gastronomia, actualidad, internacional","potentialAction":[{"@type":"SearchAction","target":{"@type":"EntryPoint","urlTemplate":"https:\/\/aeronoticias.com.pe\/noticiero\/?s={search_term_string}"},"query-input":{"@type":"PropertyValueSpecification","valueRequired":true,"valueName":"search_term_string"}}],"inLanguage":"es"},{"@type":"Person","@id":"https:\/\/aeronoticias.com.pe\/noticiero\/#\/schema\/person\/fc1e5d578f4b62ba1cf7ac2bba1170a0","name":"Redacci\u00f3n Aeronoticias","url":"https:\/\/aeronoticias.com.pe\/noticiero\/author\/piloto\/"}]}},"_links":{"self":[{"href":"https:\/\/aeronoticias.com.pe\/noticiero\/wp-json\/wp\/v2\/posts\/34547","targetHints":{"allow":["GET"]}}],"collection":[{"href":"https:\/\/aeronoticias.com.pe\/noticiero\/wp-json\/wp\/v2\/posts"}],"about":[{"href":"https:\/\/aeronoticias.com.pe\/noticiero\/wp-json\/wp\/v2\/types\/post"}],"author":[{"embeddable":true,"href":"https:\/\/aeronoticias.com.pe\/noticiero\/wp-json\/wp\/v2\/users\/1"}],"replies":[{"embeddable":true,"href":"https:\/\/aeronoticias.com.pe\/noticiero\/wp-json\/wp\/v2\/comments?post=34547"}],"version-history":[{"count":0,"href":"https:\/\/aeronoticias.com.pe\/noticiero\/wp-json\/wp\/v2\/posts\/34547\/revisions"}],"wp:attachment":[{"href":"https:\/\/aeronoticias.com.pe\/noticiero\/wp-json\/wp\/v2\/media?parent=34547"}],"wp:term":[{"taxonomy":"category","embeddable":true,"href":"https:\/\/aeronoticias.com.pe\/noticiero\/wp-json\/wp\/v2\/categories?post=34547"},{"taxonomy":"post_tag","embeddable":true,"href":"https:\/\/aeronoticias.com.pe\/noticiero\/wp-json\/wp\/v2\/tags?post=34547"}],"curies":[{"name":"wp","href":"https:\/\/api.w.org\/{rel}","templated":true}]}}