{"id":34548,"date":"2013-02-14T15:38:52","date_gmt":"2013-02-14T15:38:52","guid":{"rendered":"http:\/\/desarrollo.mcvicious.com\/aero2020\/2013\/02\/14\/machu-picchu-no-ha-sido-afectado-por-lluvias-afirman\/"},"modified":"2013-02-14T15:38:52","modified_gmt":"2013-02-14T15:38:52","slug":"machu-picchu-no-ha-sido-afectado-por-lluvias-afirman","status":"publish","type":"post","link":"https:\/\/aeronoticias.com.pe\/noticiero\/turismo\/13\/machu-picchu-no-ha-sido-afectado-por-lluvias-afirman\/","title":{"rendered":"Machu Picchu no ha sido afectado por lluvias, afirman"},"content":{"rendered":"<p style=\"text-align: justify;\"><strong>(Aeronoticias).-<\/strong> La ciudadela incaica de Machu Picchu no ha sido afectada por las intensas lluvias que azotan el Cusco, gracias a las acciones de prevenci\u00f3n ejecutadas por las autoridades a cargo del cuidado de la maravilla mundial, por lo que las visitas contin\u00faan con normalidad, inform\u00f3 este mi\u00e9rcoles una autoridad cultural.<\/p>\n<p style=\"text-align: justify;\">Fernando Astete, jefe del parque arqueol\u00f3gico de Machu Picchu, dijo que las visitas se efect\u00faan sin ninguna restricci\u00f3n, por lo que cada d\u00eda la ciudadela incaica recibe un promedio de 2,500 turistas entre nacionales y extranjeros.<\/p>\n<p style=\"text-align: justify;\">\u201cPrincipalmente llegan turistas sudamericanos, entre ellos chilenos, colombianos y \u00a0brasile\u00f1os. Durante el reciente feriado largo los turistas nacionales fueron los que se movilizaron en gran n\u00famero\u201d, refiri\u00f3 en di\u00e1logo con la Agencia Andina.<\/p>\n<p>  <!--more-->  <\/p>\n<p style=\"text-align: justify;\">Insisti\u00f3 en que el flujo tur\u00edstico se mantiene igual en esta impresionante y admirada ciudadela, ubicada a 112.5 kil\u00f3metros al noreste de la ciudad del Cusco, a 2,350 metros sobre el nivel del mar.<\/p>\n<p style=\"text-align: justify;\">\u201cS\u00f3lo el \u00faltimo lunes cerramos el ingreso de los visitantes a la hist\u00f3rica ciudadela por precauci\u00f3n, ya que el caudal del r\u00edo Vilcanota (tambi\u00e9n llamado Urubamba) creci\u00f3 mucho\u201d, coment\u00f3.<\/p>\n<p style=\"text-align: justify;\">Astete a\u00f1adi\u00f3 que una de las tareas primordiales a ejecutar en la maravilla mundial es el funcionamiento al ciento por ciento del sistema de drenaje, tanto de la \u00e9poca incaica como la contempor\u00e1nea, que se adecu\u00f3 para que las aguas de las lluvias no se quedasen empozadas en el monumento y as\u00ed evitar aniegos.<\/p>\n<p style=\"text-align: justify;\">El especialista indic\u00f3 que tambi\u00e9n se procede al corte de la vegetaci\u00f3n y al mantenimiento de los techos y pisos para evitar cualquier emergencia que puediera ocurrir en este lugar sagrado.<\/p>\n<p style=\"text-align: justify;\"><strong>Camino Inca<\/strong><\/p>\n<p style=\"text-align: justify;\">En relaci\u00f3n con la red de caminos incaicos que conducen a la ciudadela de Machu Picchu, precis\u00f3 que, seg\u00fan el reglamento, el acceso de visitantes est\u00e1 cerrado desde el 1 de febrero hasta el 28 del mismo mes. Del 15 de enero al 31 de marzo se realizan labores de mantenimiento y conservaci\u00f3n.<\/p>\n<p style=\"text-align: justify;\">\u201cLa visita al Camino Inca es un servicio que ofrecemos durante 11 meses y este febrero no podr\u00e1n ingresar las casi 50,000 personas, entre turistas y portadores, que recibe\u201d, puntualiz\u00f3.<\/p>\n<p style=\"text-align: justify;\">Especific\u00f3 que para la ejecuci\u00f3n de las labores de estabilizaci\u00f3n y consolidaci\u00f3n de los tramos del Camino Inca que fueron impactados por el tr\u00e1nsito de visitantes, se ha dispuesto un contingente de 70 obreros conservacionistas, que es dirigido por especialistas de la Direcci\u00f3n Regional de Cultura.<\/p>\n<p style=\"text-align: justify;\">Asimismo, se realizar\u00e1 el tratamiento de pisos deteriorados, arreglo de terrazas y servicios higi\u00e9nicos, mantenimiento de \u00e1reas de camping y de drenajes, reforestaci\u00f3n y repintado de casetas de control, entre otras labores.<\/p>\n<p style=\"text-align: justify;\">El cierre de la red del Camino Inca es una medida que se aplica cada a\u00f1o en la temporada de lluvias, a fin de poner a buen resguardo la integridad de los visitantes ante posibles deslizamientos de tierra.<\/p>\n<p style=\"text-align: justify;\">Agencia Andina.<\/p>\n<p style=\"text-align: justify;\"><img decoding=\"async\" src=\"images\/stories\/11\/08\/120811\/machu_picchu_ingreso.jpg\" border=\"0\" alt=\"Machu Picchu no ha sido afectado por lluvias, afirman\" title=\"Machu Picchu no ha sido afectado por lluvias, afirman\" \/><\/p>\n","protected":false},"excerpt":{"rendered":"<p>(Aeronoticias).- La ciudadela incaica de Machu Picchu no ha sido afectada por las intensas lluvias que azotan el Cusco, gracias a las acciones de prevenci\u00f3n ejecutadas por las autoridades a cargo del cuidado de la maravilla mundial, por lo que las visitas contin\u00faan con normalidad, inform\u00f3 este mi\u00e9rcoles una autoridad cultural. Fernando Astete, jefe del [&hellip;]<\/p>\n","protected":false},"author":1,"featured_media":0,"comment_status":"open","ping_status":"open","sticky":false,"template":"","format":"standard","meta":{"tdm_status":"","tdm_grid_status":"","footnotes":""},"categories":[31],"tags":[],"class_list":{"0":"post-34548","1":"post","2":"type-post","3":"status-publish","4":"format-standard","6":"category-31"},"yoast_head":"<!-- This site is optimized with the Yoast SEO plugin v25.1 - https:\/\/yoast.com\/wordpress\/plugins\/seo\/ -->\n<title>Machu Picchu no ha sido afectado por lluvias, afirman<\/title>\n<meta name=\"description\" content=\"Portal de noticias del Per\u00fa sobre el transporte a\u00e9reo, aviaci\u00f3n, turismo, hoteleria, actualidad.\" \/>\n<meta name=\"robots\" content=\"index, follow, max-snippet:-1, max-image-preview:large, max-video-preview:-1\" \/>\n<link rel=\"canonical\" href=\"https:\/\/aeronoticias.com.pe\/noticiero\/turismo\/13\/machu-picchu-no-ha-sido-afectado-por-lluvias-afirman\/\" \/>\n<meta property=\"og:locale\" content=\"es_ES\" \/>\n<meta property=\"og:type\" content=\"article\" \/>\n<meta property=\"og:title\" content=\"Machu Picchu no ha sido afectado por lluvias, afirman\" \/>\n<meta property=\"og:description\" content=\"Portal de noticias del Per\u00fa sobre el transporte a\u00e9reo, aviaci\u00f3n, turismo, hoteleria, actualidad.\" \/>\n<meta property=\"og:url\" content=\"https:\/\/aeronoticias.com.pe\/noticiero\/turismo\/13\/machu-picchu-no-ha-sido-afectado-por-lluvias-afirman\/\" \/>\n<meta property=\"og:site_name\" content=\"Aeronoticias.com.pe\" \/>\n<meta property=\"article:publisher\" content=\"https:\/\/www.facebook.com\/Aeronoticias.com.pe\/\" \/>\n<meta property=\"article:published_time\" content=\"2013-02-14T15:38:52+00:00\" \/>\n<meta name=\"author\" content=\"Redacci\u00f3n Aeronoticias\" \/>\n<meta name=\"twitter:card\" content=\"summary_large_image\" \/>\n<meta name=\"twitter:creator\" content=\"@aeronoticias\" \/>\n<meta name=\"twitter:site\" content=\"@aeronoticias\" \/>\n<meta name=\"twitter:label1\" content=\"Escrito por\" \/>\n\t<meta name=\"twitter:data1\" content=\"Redacci\u00f3n Aeronoticias\" \/>\n\t<meta name=\"twitter:label2\" content=\"Tiempo de lectura\" \/>\n\t<meta name=\"twitter:data2\" content=\"2 minutos\" \/>\n<script type=\"application\/ld+json\" class=\"yoast-schema-graph\">{\"@context\":\"https:\/\/schema.org\",\"@graph\":[{\"@type\":\"WebPage\",\"@id\":\"https:\/\/aeronoticias.com.pe\/noticiero\/turismo\/13\/machu-picchu-no-ha-sido-afectado-por-lluvias-afirman\/\",\"url\":\"https:\/\/aeronoticias.com.pe\/noticiero\/turismo\/13\/machu-picchu-no-ha-sido-afectado-por-lluvias-afirman\/\",\"name\":\"Machu Picchu no ha sido afectado por lluvias, afirman\",\"isPartOf\":{\"@id\":\"https:\/\/aeronoticias.com.pe\/noticiero\/#website\"},\"datePublished\":\"2013-02-14T15:38:52+00:00\",\"author\":{\"@id\":\"https:\/\/aeronoticias.com.pe\/noticiero\/#\/schema\/person\/fc1e5d578f4b62ba1cf7ac2bba1170a0\"},\"description\":\"Portal de noticias del Per\u00fa sobre el transporte a\u00e9reo, aviaci\u00f3n, turismo, hoteleria, actualidad.\",\"breadcrumb\":{\"@id\":\"https:\/\/aeronoticias.com.pe\/noticiero\/turismo\/13\/machu-picchu-no-ha-sido-afectado-por-lluvias-afirman\/#breadcrumb\"},\"inLanguage\":\"es\",\"potentialAction\":[{\"@type\":\"ReadAction\",\"target\":[\"https:\/\/aeronoticias.com.pe\/noticiero\/turismo\/13\/machu-picchu-no-ha-sido-afectado-por-lluvias-afirman\/\"]}]},{\"@type\":\"BreadcrumbList\",\"@id\":\"https:\/\/aeronoticias.com.pe\/noticiero\/turismo\/13\/machu-picchu-no-ha-sido-afectado-por-lluvias-afirman\/#breadcrumb\",\"itemListElement\":[{\"@type\":\"ListItem\",\"position\":1,\"name\":\"Portada\",\"item\":\"https:\/\/aeronoticias.com.pe\/noticiero\/\"},{\"@type\":\"ListItem\",\"position\":2,\"name\":\"Machu Picchu no ha sido afectado por lluvias, afirman\"}]},{\"@type\":\"WebSite\",\"@id\":\"https:\/\/aeronoticias.com.pe\/noticiero\/#website\",\"url\":\"https:\/\/aeronoticias.com.pe\/noticiero\/\",\"name\":\"Aeronoticias.com.pe\",\"description\":\"Noticias de tranporte aereo, turismo, hoteles, gastronomia, actualidad, internacional\",\"potentialAction\":[{\"@type\":\"SearchAction\",\"target\":{\"@type\":\"EntryPoint\",\"urlTemplate\":\"https:\/\/aeronoticias.com.pe\/noticiero\/?s={search_term_string}\"},\"query-input\":{\"@type\":\"PropertyValueSpecification\",\"valueRequired\":true,\"valueName\":\"search_term_string\"}}],\"inLanguage\":\"es\"},{\"@type\":\"Person\",\"@id\":\"https:\/\/aeronoticias.com.pe\/noticiero\/#\/schema\/person\/fc1e5d578f4b62ba1cf7ac2bba1170a0\",\"name\":\"Redacci\u00f3n Aeronoticias\",\"url\":\"https:\/\/aeronoticias.com.pe\/noticiero\/author\/piloto\/\"}]}<\/script>\n<!-- \/ Yoast SEO plugin. -->","yoast_head_json":{"title":"Machu Picchu no ha sido afectado por lluvias, afirman","description":"Portal de noticias del Per\u00fa sobre el transporte a\u00e9reo, aviaci\u00f3n, turismo, hoteleria, actualidad.","robots":{"index":"index","follow":"follow","max-snippet":"max-snippet:-1","max-image-preview":"max-image-preview:large","max-video-preview":"max-video-preview:-1"},"canonical":"https:\/\/aeronoticias.com.pe\/noticiero\/turismo\/13\/machu-picchu-no-ha-sido-afectado-por-lluvias-afirman\/","og_locale":"es_ES","og_type":"article","og_title":"Machu Picchu no ha sido afectado por lluvias, afirman","og_description":"Portal de noticias del Per\u00fa sobre el transporte a\u00e9reo, aviaci\u00f3n, turismo, hoteleria, actualidad.","og_url":"https:\/\/aeronoticias.com.pe\/noticiero\/turismo\/13\/machu-picchu-no-ha-sido-afectado-por-lluvias-afirman\/","og_site_name":"Aeronoticias.com.pe","article_publisher":"https:\/\/www.facebook.com\/Aeronoticias.com.pe\/","article_published_time":"2013-02-14T15:38:52+00:00","author":"Redacci\u00f3n Aeronoticias","twitter_card":"summary_large_image","twitter_creator":"@aeronoticias","twitter_site":"@aeronoticias","twitter_misc":{"Escrito por":"Redacci\u00f3n Aeronoticias","Tiempo de lectura":"2 minutos"},"schema":{"@context":"https:\/\/schema.org","@graph":[{"@type":"WebPage","@id":"https:\/\/aeronoticias.com.pe\/noticiero\/turismo\/13\/machu-picchu-no-ha-sido-afectado-por-lluvias-afirman\/","url":"https:\/\/aeronoticias.com.pe\/noticiero\/turismo\/13\/machu-picchu-no-ha-sido-afectado-por-lluvias-afirman\/","name":"Machu Picchu no ha sido afectado por lluvias, afirman","isPartOf":{"@id":"https:\/\/aeronoticias.com.pe\/noticiero\/#website"},"datePublished":"2013-02-14T15:38:52+00:00","author":{"@id":"https:\/\/aeronoticias.com.pe\/noticiero\/#\/schema\/person\/fc1e5d578f4b62ba1cf7ac2bba1170a0"},"description":"Portal de noticias del Per\u00fa sobre el transporte a\u00e9reo, aviaci\u00f3n, turismo, hoteleria, actualidad.","breadcrumb":{"@id":"https:\/\/aeronoticias.com.pe\/noticiero\/turismo\/13\/machu-picchu-no-ha-sido-afectado-por-lluvias-afirman\/#breadcrumb"},"inLanguage":"es","potentialAction":[{"@type":"ReadAction","target":["https:\/\/aeronoticias.com.pe\/noticiero\/turismo\/13\/machu-picchu-no-ha-sido-afectado-por-lluvias-afirman\/"]}]},{"@type":"BreadcrumbList","@id":"https:\/\/aeronoticias.com.pe\/noticiero\/turismo\/13\/machu-picchu-no-ha-sido-afectado-por-lluvias-afirman\/#breadcrumb","itemListElement":[{"@type":"ListItem","position":1,"name":"Portada","item":"https:\/\/aeronoticias.com.pe\/noticiero\/"},{"@type":"ListItem","position":2,"name":"Machu Picchu no ha sido afectado por lluvias, afirman"}]},{"@type":"WebSite","@id":"https:\/\/aeronoticias.com.pe\/noticiero\/#website","url":"https:\/\/aeronoticias.com.pe\/noticiero\/","name":"Aeronoticias.com.pe","description":"Noticias de tranporte aereo, turismo, hoteles, gastronomia, actualidad, internacional","potentialAction":[{"@type":"SearchAction","target":{"@type":"EntryPoint","urlTemplate":"https:\/\/aeronoticias.com.pe\/noticiero\/?s={search_term_string}"},"query-input":{"@type":"PropertyValueSpecification","valueRequired":true,"valueName":"search_term_string"}}],"inLanguage":"es"},{"@type":"Person","@id":"https:\/\/aeronoticias.com.pe\/noticiero\/#\/schema\/person\/fc1e5d578f4b62ba1cf7ac2bba1170a0","name":"Redacci\u00f3n Aeronoticias","url":"https:\/\/aeronoticias.com.pe\/noticiero\/author\/piloto\/"}]}},"_links":{"self":[{"href":"https:\/\/aeronoticias.com.pe\/noticiero\/wp-json\/wp\/v2\/posts\/34548","targetHints":{"allow":["GET"]}}],"collection":[{"href":"https:\/\/aeronoticias.com.pe\/noticiero\/wp-json\/wp\/v2\/posts"}],"about":[{"href":"https:\/\/aeronoticias.com.pe\/noticiero\/wp-json\/wp\/v2\/types\/post"}],"author":[{"embeddable":true,"href":"https:\/\/aeronoticias.com.pe\/noticiero\/wp-json\/wp\/v2\/users\/1"}],"replies":[{"embeddable":true,"href":"https:\/\/aeronoticias.com.pe\/noticiero\/wp-json\/wp\/v2\/comments?post=34548"}],"version-history":[{"count":0,"href":"https:\/\/aeronoticias.com.pe\/noticiero\/wp-json\/wp\/v2\/posts\/34548\/revisions"}],"wp:attachment":[{"href":"https:\/\/aeronoticias.com.pe\/noticiero\/wp-json\/wp\/v2\/media?parent=34548"}],"wp:term":[{"taxonomy":"category","embeddable":true,"href":"https:\/\/aeronoticias.com.pe\/noticiero\/wp-json\/wp\/v2\/categories?post=34548"},{"taxonomy":"post_tag","embeddable":true,"href":"https:\/\/aeronoticias.com.pe\/noticiero\/wp-json\/wp\/v2\/tags?post=34548"}],"curies":[{"name":"wp","href":"https:\/\/api.w.org\/{rel}","templated":true}]}}