{"id":34551,"date":"2013-02-14T16:10:52","date_gmt":"2013-02-14T16:10:52","guid":{"rendered":"http:\/\/desarrollo.mcvicious.com\/aero2020\/2013\/02\/14\/estados-unidos-prohibe-a-sus-diplomaticos-visitar-cusco\/"},"modified":"2013-02-14T16:10:52","modified_gmt":"2013-02-14T16:10:52","slug":"estados-unidos-prohibe-a-sus-diplomaticos-visitar-cusco","status":"publish","type":"post","link":"https:\/\/aeronoticias.com.pe\/noticiero\/turismo\/13\/estados-unidos-prohibe-a-sus-diplomaticos-visitar-cusco\/","title":{"rendered":"Estados Unidos proh\u00edbe a sus diplom\u00e1ticos visitar Cusco"},"content":{"rendered":"<p style=\"text-align: justify;\">(<strong>Aeronoticias<\/strong>).- \u00abLa Embajada ha recibido informaci\u00f3n de que miembros de una organizaci\u00f3n criminal estar\u00eda planeando secuestrar a turistas estadounidenses en las \u00e1reas de Cusco y Machu Picchu\u00bb, con esta informaci\u00f3n la embajada de Estados Unidos en Lima public\u00f3 una alerta de materia de seguridad hacia sus connacionales.<\/p>\n<p style=\"text-align: justify;\">La entidad tambi\u00e9n inform\u00f3, seg\u00fan <a href=\"http:\/\/gestion.pe\/politica\/estados-unidos-alerta-turistas-sobre-amenaza-secuestro-cusco-2059097\">Gesti\u00f3n<\/a>, que sus ciudadanos visitan Cusco sin alg\u00fan tipo de incidentes, por lo que dijo confiar en el gobierno peruano para asegurar el bienestar de todos los turistas en la regi\u00f3n. Para sus funcionarios diplom\u00e1ticos, se les proh\u00edbe ir a Cusco como medida de seguridad.<\/p>\n<p style=\"text-align: justify;\">No obstante, la embajada recomend\u00f3 a residentes norteamericanos y turistas revisar sus planes de seguridad, actualizarse de noticias locales y mantenerse en alerta (sobre cualquier aspecto sospechoso).<\/p>\n<p>  <!--more-->  <\/p>\n<p style=\"text-align: justify;\"><img decoding=\"async\" src=\"images\/stories\/13\/02\/140213\/embajada_estados_unidos.jpg\" border=\"0\" alt=\"Embajada Estados Unidos\" title=\"Embajada Estados Unidos\" \/><\/p>\n","protected":false},"excerpt":{"rendered":"<p>(Aeronoticias).- \u00abLa Embajada ha recibido informaci\u00f3n de que miembros de una organizaci\u00f3n criminal estar\u00eda planeando secuestrar a turistas estadounidenses en las \u00e1reas de Cusco y Machu Picchu\u00bb, con esta informaci\u00f3n la embajada de Estados Unidos en Lima public\u00f3 una alerta de materia de seguridad hacia sus connacionales. La entidad tambi\u00e9n inform\u00f3, seg\u00fan Gesti\u00f3n, que sus [&hellip;]<\/p>\n","protected":false},"author":1,"featured_media":0,"comment_status":"open","ping_status":"open","sticky":false,"template":"","format":"standard","meta":{"tdm_status":"","tdm_grid_status":"","footnotes":""},"categories":[31],"tags":[],"class_list":{"0":"post-34551","1":"post","2":"type-post","3":"status-publish","4":"format-standard","6":"category-31"},"yoast_head":"<!-- This site is optimized with the Yoast SEO plugin v25.1 - https:\/\/yoast.com\/wordpress\/plugins\/seo\/ -->\n<title>Estados Unidos proh\u00edbe a sus diplom\u00e1ticos visitar Cusco<\/title>\n<meta name=\"description\" content=\"Portal de noticias del Per\u00fa sobre el transporte a\u00e9reo, aviaci\u00f3n, turismo, hoteleria, actualidad.\" \/>\n<meta name=\"robots\" content=\"index, follow, max-snippet:-1, max-image-preview:large, max-video-preview:-1\" \/>\n<link rel=\"canonical\" href=\"https:\/\/aeronoticias.com.pe\/noticiero\/turismo\/13\/estados-unidos-prohibe-a-sus-diplomaticos-visitar-cusco\/\" \/>\n<meta property=\"og:locale\" content=\"es_ES\" \/>\n<meta property=\"og:type\" content=\"article\" \/>\n<meta property=\"og:title\" content=\"Estados Unidos proh\u00edbe a sus diplom\u00e1ticos visitar Cusco\" \/>\n<meta property=\"og:description\" content=\"Portal de noticias del Per\u00fa sobre el transporte a\u00e9reo, aviaci\u00f3n, turismo, hoteleria, actualidad.\" \/>\n<meta property=\"og:url\" content=\"https:\/\/aeronoticias.com.pe\/noticiero\/turismo\/13\/estados-unidos-prohibe-a-sus-diplomaticos-visitar-cusco\/\" \/>\n<meta property=\"og:site_name\" content=\"Aeronoticias.com.pe\" \/>\n<meta property=\"article:publisher\" content=\"https:\/\/www.facebook.com\/Aeronoticias.com.pe\/\" \/>\n<meta property=\"article:published_time\" content=\"2013-02-14T16:10:52+00:00\" \/>\n<meta name=\"author\" content=\"Redacci\u00f3n Aeronoticias\" \/>\n<meta name=\"twitter:card\" content=\"summary_large_image\" \/>\n<meta name=\"twitter:creator\" content=\"@aeronoticias\" \/>\n<meta name=\"twitter:site\" content=\"@aeronoticias\" \/>\n<meta name=\"twitter:label1\" content=\"Escrito por\" \/>\n\t<meta name=\"twitter:data1\" content=\"Redacci\u00f3n Aeronoticias\" \/>\n\t<meta name=\"twitter:label2\" content=\"Tiempo de lectura\" \/>\n\t<meta name=\"twitter:data2\" content=\"1 minuto\" \/>\n<script type=\"application\/ld+json\" class=\"yoast-schema-graph\">{\"@context\":\"https:\/\/schema.org\",\"@graph\":[{\"@type\":\"WebPage\",\"@id\":\"https:\/\/aeronoticias.com.pe\/noticiero\/turismo\/13\/estados-unidos-prohibe-a-sus-diplomaticos-visitar-cusco\/\",\"url\":\"https:\/\/aeronoticias.com.pe\/noticiero\/turismo\/13\/estados-unidos-prohibe-a-sus-diplomaticos-visitar-cusco\/\",\"name\":\"Estados Unidos proh\u00edbe a sus diplom\u00e1ticos visitar Cusco\",\"isPartOf\":{\"@id\":\"https:\/\/aeronoticias.com.pe\/noticiero\/#website\"},\"datePublished\":\"2013-02-14T16:10:52+00:00\",\"author\":{\"@id\":\"https:\/\/aeronoticias.com.pe\/noticiero\/#\/schema\/person\/fc1e5d578f4b62ba1cf7ac2bba1170a0\"},\"description\":\"Portal de noticias del Per\u00fa sobre el transporte a\u00e9reo, aviaci\u00f3n, turismo, hoteleria, actualidad.\",\"breadcrumb\":{\"@id\":\"https:\/\/aeronoticias.com.pe\/noticiero\/turismo\/13\/estados-unidos-prohibe-a-sus-diplomaticos-visitar-cusco\/#breadcrumb\"},\"inLanguage\":\"es\",\"potentialAction\":[{\"@type\":\"ReadAction\",\"target\":[\"https:\/\/aeronoticias.com.pe\/noticiero\/turismo\/13\/estados-unidos-prohibe-a-sus-diplomaticos-visitar-cusco\/\"]}]},{\"@type\":\"BreadcrumbList\",\"@id\":\"https:\/\/aeronoticias.com.pe\/noticiero\/turismo\/13\/estados-unidos-prohibe-a-sus-diplomaticos-visitar-cusco\/#breadcrumb\",\"itemListElement\":[{\"@type\":\"ListItem\",\"position\":1,\"name\":\"Portada\",\"item\":\"https:\/\/aeronoticias.com.pe\/noticiero\/\"},{\"@type\":\"ListItem\",\"position\":2,\"name\":\"Estados Unidos proh\u00edbe a sus diplom\u00e1ticos visitar Cusco\"}]},{\"@type\":\"WebSite\",\"@id\":\"https:\/\/aeronoticias.com.pe\/noticiero\/#website\",\"url\":\"https:\/\/aeronoticias.com.pe\/noticiero\/\",\"name\":\"Aeronoticias.com.pe\",\"description\":\"Noticias de tranporte aereo, turismo, hoteles, gastronomia, actualidad, internacional\",\"potentialAction\":[{\"@type\":\"SearchAction\",\"target\":{\"@type\":\"EntryPoint\",\"urlTemplate\":\"https:\/\/aeronoticias.com.pe\/noticiero\/?s={search_term_string}\"},\"query-input\":{\"@type\":\"PropertyValueSpecification\",\"valueRequired\":true,\"valueName\":\"search_term_string\"}}],\"inLanguage\":\"es\"},{\"@type\":\"Person\",\"@id\":\"https:\/\/aeronoticias.com.pe\/noticiero\/#\/schema\/person\/fc1e5d578f4b62ba1cf7ac2bba1170a0\",\"name\":\"Redacci\u00f3n Aeronoticias\",\"url\":\"https:\/\/aeronoticias.com.pe\/noticiero\/author\/piloto\/\"}]}<\/script>\n<!-- \/ Yoast SEO plugin. -->","yoast_head_json":{"title":"Estados Unidos proh\u00edbe a sus diplom\u00e1ticos visitar Cusco","description":"Portal de noticias del Per\u00fa sobre el transporte a\u00e9reo, aviaci\u00f3n, turismo, hoteleria, actualidad.","robots":{"index":"index","follow":"follow","max-snippet":"max-snippet:-1","max-image-preview":"max-image-preview:large","max-video-preview":"max-video-preview:-1"},"canonical":"https:\/\/aeronoticias.com.pe\/noticiero\/turismo\/13\/estados-unidos-prohibe-a-sus-diplomaticos-visitar-cusco\/","og_locale":"es_ES","og_type":"article","og_title":"Estados Unidos proh\u00edbe a sus diplom\u00e1ticos visitar Cusco","og_description":"Portal de noticias del Per\u00fa sobre el transporte a\u00e9reo, aviaci\u00f3n, turismo, hoteleria, actualidad.","og_url":"https:\/\/aeronoticias.com.pe\/noticiero\/turismo\/13\/estados-unidos-prohibe-a-sus-diplomaticos-visitar-cusco\/","og_site_name":"Aeronoticias.com.pe","article_publisher":"https:\/\/www.facebook.com\/Aeronoticias.com.pe\/","article_published_time":"2013-02-14T16:10:52+00:00","author":"Redacci\u00f3n Aeronoticias","twitter_card":"summary_large_image","twitter_creator":"@aeronoticias","twitter_site":"@aeronoticias","twitter_misc":{"Escrito por":"Redacci\u00f3n Aeronoticias","Tiempo de lectura":"1 minuto"},"schema":{"@context":"https:\/\/schema.org","@graph":[{"@type":"WebPage","@id":"https:\/\/aeronoticias.com.pe\/noticiero\/turismo\/13\/estados-unidos-prohibe-a-sus-diplomaticos-visitar-cusco\/","url":"https:\/\/aeronoticias.com.pe\/noticiero\/turismo\/13\/estados-unidos-prohibe-a-sus-diplomaticos-visitar-cusco\/","name":"Estados Unidos proh\u00edbe a sus diplom\u00e1ticos visitar Cusco","isPartOf":{"@id":"https:\/\/aeronoticias.com.pe\/noticiero\/#website"},"datePublished":"2013-02-14T16:10:52+00:00","author":{"@id":"https:\/\/aeronoticias.com.pe\/noticiero\/#\/schema\/person\/fc1e5d578f4b62ba1cf7ac2bba1170a0"},"description":"Portal de noticias del Per\u00fa sobre el transporte a\u00e9reo, aviaci\u00f3n, turismo, hoteleria, actualidad.","breadcrumb":{"@id":"https:\/\/aeronoticias.com.pe\/noticiero\/turismo\/13\/estados-unidos-prohibe-a-sus-diplomaticos-visitar-cusco\/#breadcrumb"},"inLanguage":"es","potentialAction":[{"@type":"ReadAction","target":["https:\/\/aeronoticias.com.pe\/noticiero\/turismo\/13\/estados-unidos-prohibe-a-sus-diplomaticos-visitar-cusco\/"]}]},{"@type":"BreadcrumbList","@id":"https:\/\/aeronoticias.com.pe\/noticiero\/turismo\/13\/estados-unidos-prohibe-a-sus-diplomaticos-visitar-cusco\/#breadcrumb","itemListElement":[{"@type":"ListItem","position":1,"name":"Portada","item":"https:\/\/aeronoticias.com.pe\/noticiero\/"},{"@type":"ListItem","position":2,"name":"Estados Unidos proh\u00edbe a sus diplom\u00e1ticos visitar Cusco"}]},{"@type":"WebSite","@id":"https:\/\/aeronoticias.com.pe\/noticiero\/#website","url":"https:\/\/aeronoticias.com.pe\/noticiero\/","name":"Aeronoticias.com.pe","description":"Noticias de tranporte aereo, turismo, hoteles, gastronomia, actualidad, internacional","potentialAction":[{"@type":"SearchAction","target":{"@type":"EntryPoint","urlTemplate":"https:\/\/aeronoticias.com.pe\/noticiero\/?s={search_term_string}"},"query-input":{"@type":"PropertyValueSpecification","valueRequired":true,"valueName":"search_term_string"}}],"inLanguage":"es"},{"@type":"Person","@id":"https:\/\/aeronoticias.com.pe\/noticiero\/#\/schema\/person\/fc1e5d578f4b62ba1cf7ac2bba1170a0","name":"Redacci\u00f3n Aeronoticias","url":"https:\/\/aeronoticias.com.pe\/noticiero\/author\/piloto\/"}]}},"_links":{"self":[{"href":"https:\/\/aeronoticias.com.pe\/noticiero\/wp-json\/wp\/v2\/posts\/34551","targetHints":{"allow":["GET"]}}],"collection":[{"href":"https:\/\/aeronoticias.com.pe\/noticiero\/wp-json\/wp\/v2\/posts"}],"about":[{"href":"https:\/\/aeronoticias.com.pe\/noticiero\/wp-json\/wp\/v2\/types\/post"}],"author":[{"embeddable":true,"href":"https:\/\/aeronoticias.com.pe\/noticiero\/wp-json\/wp\/v2\/users\/1"}],"replies":[{"embeddable":true,"href":"https:\/\/aeronoticias.com.pe\/noticiero\/wp-json\/wp\/v2\/comments?post=34551"}],"version-history":[{"count":0,"href":"https:\/\/aeronoticias.com.pe\/noticiero\/wp-json\/wp\/v2\/posts\/34551\/revisions"}],"wp:attachment":[{"href":"https:\/\/aeronoticias.com.pe\/noticiero\/wp-json\/wp\/v2\/media?parent=34551"}],"wp:term":[{"taxonomy":"category","embeddable":true,"href":"https:\/\/aeronoticias.com.pe\/noticiero\/wp-json\/wp\/v2\/categories?post=34551"},{"taxonomy":"post_tag","embeddable":true,"href":"https:\/\/aeronoticias.com.pe\/noticiero\/wp-json\/wp\/v2\/tags?post=34551"}],"curies":[{"name":"wp","href":"https:\/\/api.w.org\/{rel}","templated":true}]}}