{"id":34737,"date":"2013-02-21T15:02:20","date_gmt":"2013-02-21T15:02:20","guid":{"rendered":"http:\/\/desarrollo.mcvicious.com\/aero2020\/2013\/02\/21\/mirna-grandez-quiere-lucrar-con-su-accidente-en-el-edificio-capital\/"},"modified":"2020-09-11T15:48:57","modified_gmt":"2020-09-11T15:48:57","slug":"mirna-grandez-quiere-lucrar-con-su-accidente-en-el-edificio-capital","status":"publish","type":"post","link":"https:\/\/aeronoticias.com.pe\/noticiero\/economia\/mirna-grandez-quiere-lucrar-con-su-accidente-en-el-edificio-capital\/","title":{"rendered":"Mirna Grandez quiere lucrar con su accidente en el Edificio Capital"},"content":{"rendered":"<p style=\"text-align: justify;\"><strong>(Aeronoticias)<\/strong><span style=\"text-align: justify; line-height: 1.3em;\"> El 14 de febrero de 2013 hubo una manifestaci\u00f3n frente al edificio Capital en San Isidro organizada por el grupo \u201cJusticia para Mirna\u201d, que defiende los derechos de una joven madre que sufri\u00f3 un grave accidente en el ascensor marca SCHINDLER en el edificio Capital el 14 de febrero de 2012.<\/span><\/p>\n<p style=\"text-align: justify;\"><span style=\"text-align: justify; line-height: 1.3em;\">El abogado de Mirna es Carlos Alberto Pajares Arana, que pasara por Essalud ver: <\/span><a href=\"http:\/\/peru21.pe\/2012\/02\/09\/impresa\/asesor-legal-essalud-tiene-ocho-denuncias-2011069\" target=\"_blank\" style=\"text-align: justify; line-height: 1.3em;\" rel=\"noopener noreferrer\">http:\/\/peru21.pe\/2012\/02\/09\/impresa\/asesor-legal-essalud-tiene-ocho-denuncias-2011069<\/a><span style=\"text-align: justify; line-height: 1.3em;\"> y quien seg\u00fan el diario Per\u00fa21 habr\u00eda tenido una serie de cuestionamientos que habr\u00edan originado el 10 de febrero de 2012 su separaci\u00f3n del cargo de asesor legal de Essalud ver: <\/span><a href=\"http:\/\/peru21.pe\/2012\/02\/10\/actualidad\/separan-asesor-legal-essalud-2011269\" target=\"_blank\" style=\"text-align: justify; line-height: 1.3em;\" rel=\"noopener noreferrer\">http:\/\/peru21.pe\/2012\/02\/10\/actualidad\/separan-asesor-legal-essalud-2011269<\/a><span style=\"text-align: justify; line-height: 1.3em;\">, y que estar\u00eda colegiado en el Colegio de Abogados del Callao Registro CAC 4562, este letrado habr\u00eda dise\u00f1ado una estrategia jur\u00eddica peculiar de presi\u00f3n medi\u00e1tica, victimizando a Mirna y diciendo que las empresas responsables no se han querido hacer cargo de los gastos m\u00e9dicos, de sus operaciones, de los pagos a la cl\u00ednica, del hogar de reposo en que hoy alberga, es decir que sus victimarios son malas personas irresponsables, negligentes, amorales y que tambi\u00e9n tendr\u00edan antecedentes penales y que est\u00e1n buscados por la Polic\u00eda seg\u00fan afiches que repartieron, nada m\u00e1s falso, lo que demostrar\u00eda que se est\u00e1 sorprendiendo a los medios de comunicaci\u00f3n, entre ellos al diario El Comercio que seg\u00fan se nos ha informado publicar\u00eda un art\u00edculo el d\u00eda de ma\u00f1ana.<\/span><\/p>\n<p>  <!--more-->  <\/p>\n<p style=\"text-align: center;\"><img decoding=\"async\" src=\"images\/stories\/13\/02\/200213\/mirna_2.jpg\" border=\"0\" alt=\" Mirna Grandez quiere lucrar con su accidente en el Edificio Capital\" title=\" Mirna Grandez quiere lucrar con su accidente en el Edificio Capital\" \/><\/p>\n<p style=\"text-align: center;\"><span style=\"text-align: justify;\"><strong>Foto1: El abogado Carlos Alberto Pajares Arana y su defendida Mirna Grandez Bardales<\/strong><\/span><\/p>\n<p style=\"text-align: justify;\">\u00a0<\/p>\n<p style=\"text-align: justify;\"><strong>LA ESTRATEGIA LEGAL DE MIRNA GRANDEZ BARDALES<\/strong><\/p>\n<p style=\"text-align: justify;\">Ocurrido un accidente, lo normal es que la v\u00edctima a trav\u00e9s de sus abogados interpongan una demanda judicial por indemnizaci\u00f3n por responsabilidad extracontractual, da\u00f1os y perjuicios contra los presuntos responsables, sin embargo quienes eventualmente habr\u00edan podido tener alguna responsabilidad, como es el caso del propietario del edificio \u201cIBER RENT\u201d, o ascensores \u201cSCHINDLER\u201d cuyo desperfecto origin\u00f3 el accidente y la administradora del edificio \u201cCORPORACION MG\u201d o \u201cG4S\u201d que manipul\u00f3 el ascensor al hacer el rescate para salvar a Mirna \u201cresponsablemente\u201d cubrieron todos los gastos m\u00e9dicos, inclusive le vienen pagando hasta la fecha un hogar de reposo en Pueblo Libre y a trav\u00e9s de sus <strong>Compa\u00f1\u00edas de Seguros y Reaseguros<\/strong> estuvieron dispuestos hace m\u00e1s de 9 meses a pagarle una indemnizaci\u00f3n justa.<\/p>\n<p style=\"text-align: justify;\"><strong>LUCRAR CON UN ACCIDENTE<\/strong><\/p>\n<p style=\"text-align: justify;\">Nuestra unidad de investigaci\u00f3n tom\u00f3 conocimiento que el abogado Carlos Alberto Pajares Arana, a quien Mirna Grandez Bardales le ha otorgado un Poder inscrito en la Partida N\u00b0 12915512 \u00a0de la SUNARP, pretende que a Mirna se le pague cinco millones doscientos mil nuevos soles m\u00e1s una suscripci\u00f3n de un plan m\u00e9dico integral de tres millones de nuevos soles m\u00e1s, es decir su petitorio es que un lesionado lucre con un beneficio indebido, ya que jam\u00e1s en la historia del derecho peruano se han pagado estos montos exorbitantes, que l\u00f3gicamente est\u00e1n fuera de toda realidad y har\u00edan quebrar al sistema de seguros o a las mismas empresas.<\/p>\n<p style=\"text-align: justify;\">\u00a0<\/p>\n<p style=\"text-align: center;\"><img decoding=\"async\" src=\"images\/stories\/13\/02\/200213\/1.jpg\" border=\"0\" \/><\/p>\n<p style=\"text-align: center;\"><span style=\"text-align: justify;\"><strong>Foto2: El abogado Carlos Alberto Pajares Arana filmando la manifestaci\u00f3n \u00bfPor qu\u00e9 no se ubic\u00f3 al lado de su defendida?<\/strong><\/span><\/p>\n<p>\u00a0<\/p>\n<p style=\"text-align: justify;\">Nosotros nos preguntar\u00edamos si el diario El Comercio le habr\u00eda pagado alguna vez a uno de los periodistas que ha muerto en misi\u00f3n de servicio o que han quedado lesionados, una indemnizaci\u00f3n semejante, pues no, no lo ha hecho este medio de prensa ni ninguna empresa en el pa\u00eds, estas son ficciones creadas muchas veces por abogados que escapan a cualquier realidad y que l\u00f3gicamente buscan confundir a la opini\u00f3n p\u00fablica tratando de desdibujar la imagen de empresas, para de esta forma presionarlas para que paguen sumas indebidas.<\/p>\n<p style=\"text-align: justify;\"><strong>\u00bfES \u00c9TICO NO DECIR LA VERDAD? <\/strong><\/p>\n<p style=\"text-align: justify;\">Pudimos ver en el video que obra en nuestro poder del grupo \u201cJusticia para Mirna\u201d del 14 de febrero del 2013 en el edificio Capital en la manifestaci\u00f3n en defensa de sus derechos organizada por el abogado de Mirna Grandez Bardales, Carlos Alberto Pajares Arana, \u00a0entre otros excesos anti\u00e9ticos distribuy\u00f3 un afiche en donde se incluy\u00f3 la fotograf\u00eda de dos personas honorabil\u00edsimas de la empresa \u201cIBER RENT\u201d y \u201cCORPORACION MG\u201d poniendo la palabra \u201cSE BUSCA\u201d como si fueran delincuentes con antecedentes penales, ya que se les puso el sello que dice: PNP con un n\u00famero y en los reclamos se manifestaba que las empresas responsables no hab\u00edan ayudado a Mirna, lo que no seria verdad ya que hasta la fecha se hab\u00eda contabilizado m\u00e1s de S\/.300,000 (Trescientos mil nuevos soles) en gastos de operaciones, cirug\u00edas, honorarios de m\u00e9dicos, facturas de la cl\u00ednica y pagos al hogar donde se aloja Mirna, todos pagados por las empresas que seg\u00fan Mirna Grandez Bardales jam\u00e1s la ayudaron, lo que nos demuestra que mentir no sirve ya que el tiempo es el mejor testigo de la verdad.<\/p>\n<p style=\"text-align: justify;\">Tenemos que decir que este modus operandi pondr\u00eda en peligro la vida y la seguridad de los dos ejecutivos de estas empresas, difamados tan alegremente con la autor\u00eda intelectual como se ve en el video por parte del abogado de Mirna Grandez Bardales, Carlos Alberto Pajares Arana, cuyos antecedentes los public\u00f3 en una documentada investigaci\u00f3n el diario Per\u00fa21: <a href=\"http:\/\/peru21.pe\/2012\/02\/09\/impresa\/asesor-legal-essalud-tiene-ocho-denuncias-2011069, http:\/\/peru21.pe\/2012\/02\/10\/actualidad\/separan-asesor-legal-essalud-2011269\" target=\"_blank\" rel=\"noopener noreferrer\">http:\/\/peru21.pe\/2012\/02\/09\/impresa\/asesor-legal-essalud-tiene-ocho-denuncias-2011069, <\/a><a href=\"http:\/\/peru21.pe\/2012\/02\/10\/actualidad\/separan-asesor-legal-essalud-2011269\" target=\"_blank\" style=\"text-align: justify; line-height: 1.3em;\" rel=\"noopener noreferrer\">http:\/\/peru21.pe\/2012\/02\/10\/actualidad\/separan-asesor-legal-essalud-2011269<\/a><\/p>\n<p style=\"text-align: justify;\">Quien pretende lucrar con un accidente siguiendo una estrategia medi\u00e1tica, tratando de desacreditar el nombre de honorables empresas y de sus ejecutivos, sin tener el valor de interponer una demanda judicial de da\u00f1os y perjuicios, demuestra \u00a0que algo est\u00e1 mal, ya que nadie niega el derecho de una joven madre a una indemnizaci\u00f3n por los da\u00f1os y perjuicios que sufri\u00f3 y su derecho a un plan m\u00e9dico integral que nosotros en nuestra l\u00ednea editorial respaldamos, lo que no es \u00e9tico es tratar de lucrar por un accidente ya que si fuera el caso habr\u00eda que precisar para que conozca Mirna cu\u00e1nto pagaron de indemnizaci\u00f3n por cada uno de los muertos de la discoteca Utop\u00eda, cu\u00e1nto se paga de indemnizaci\u00f3n por los lesionados en el SOAT o por los lesionados o muertos que al a\u00f1o superan los 3,000 en los accidentes de transporte terrestre.<\/p>\n<p style=\"text-align: justify;\">\u00a0<\/p>\n<p style=\"text-align: center;\"><img decoding=\"async\" src=\"images\/stories\/13\/02\/200213\/3.jpg\" border=\"0\" \/><\/p>\n<p style=\"text-align: center;\"><strong>Foto3: El abogado Carlos Alberto Pajares Arana detr\u00e1s filmando&#8230; Nos hubiera gustado verlo al lado de Mirna, dando la cara por su defendida y no detr\u00e1s de bambalinas<\/strong><\/p>\n<p>\u00a0<\/p>\n<p style=\"text-align: justify;\">Es un principio de derecho de quien sufre un da\u00f1o debe probar y la jurisprudencia nacional e internacional es clara, Mirna Grandez Bardales ganaba S\/. 1,200 (Mil doscientos nuevos soles) por mes y recibir\u00e1 un pensi\u00f3n y en la cuantificaci\u00f3n del da\u00f1o nuestra jurisprudencia en el mejor de los casos multiplica este monto hasta que ella se hubiera jubilado, es decir 1,200 por 12 por 35 a\u00f1os, que en el mejor de los casos le dar\u00edan un lucro cesante de S\/.504,000 (Quinientos cuatro mil nuevos soles) reducida a la pensi\u00f3n y con un da\u00f1o moral de S\/.50,000 (Cincuenta mil nuevos soles) en el mejor de los casos le corresponder\u00eda US$200,000 (Doscientos mil d\u00f3lares) , pero su abogado pretende 2 millones de d\u00f3lares, mejor imposible que valla al Poder Judicial, ya que sorprendiendo a los medios de comunicaci\u00f3n para da\u00f1ar la imagen de empresas respetables no es una conducta \u00e9tica.<\/p>\n<p style=\"text-align: justify;\">\u00a0<\/p>\n<p style=\"text-align: center;\"><img decoding=\"async\" src=\"images\/stories\/13\/02\/200213\/5.jpg\" border=\"0\" \/><\/p>\n<p style=\"text-align: center;\"><strong>Foto 4: Mirna y un poco m\u00e1s adelante d\u00e1ndole la espalda, su abogado quien filma la manifestaci\u00f3n<\/strong><\/p>\n<p>\u00a0<\/p>\n<p style=\"text-align: justify;\">Los abogados son servidores de la justicia y colaboradores de su administraci\u00f3n y su deber profesional es defender con estricta observancia a las norma jur\u00eddicas y morales los derechos de su patrocinado, pretender lucrar con un incidente puede ser perjudicial para el mismo cliente, ya que tendr\u00e1 que pasar por 7 a\u00f1os de proceso judicial en el cual nuestra jurisprudencia por citar un caso en la muerte de la se\u00f1ora Eleuteria Le\u00f3n por negligencia m\u00e9dica Exp. 90561-2004, ha fallado para que Essalud pague S\/.150,000 (Ciento cincuenta mil nuevos soles) y ya van 9 a\u00f1os de proceso y quedan 5 m\u00e1s para que si quiera los herederos reciban cu\u00e1nto\u2026.. pues US$60,000 (Sesenta mil d\u00f3lares), es por eso que hoy hay una guerra medi\u00e1tica de Mirna Grandez Bardales quien por recomendaci\u00f3n de su abogado presiona a los medios de comunicaci\u00f3n tratando de ensuciar la imagen de empresas serias, la verdad es que con un buen abogado especialista en responsabilidad extracontractual ya se hubiera firmado una transacci\u00f3n extrajudicial justa con las 3 compa\u00f1\u00edas de seguros que han asumido el riesgo, se hubiera logrado un plan integral de Essalud y el caso estar\u00eda cerrado, pero cuando la codicia y el lucro y la falta de experiencia y especializaci\u00f3n jur\u00eddica en estos temas prima, pues se sorprende a los medios de comunicaci\u00f3n y se sigue con una exposici\u00f3n medi\u00e1tica que no va llegar a nada, salvo que Mirna decida cambiar la estrategia o de abogado y transe extrajudicialmente y sin pretender un lucro indebido cierre su caso humano y justo en los mejores t\u00e9rminos.<\/p>\n<p style=\"text-align: center;\"><img decoding=\"async\" src=\"images\/stories\/13\/02\/200213\/6.jpg\" border=\"0\" \/><\/p>\n<p style=\"text-align: center;\"><strong>Foto 5: El abogado de Mirna ejerciendo su derecho de defensar de filmar<\/strong><\/p>\n<p>{jathumbnail off images=\u00bbimages\/stories\/13\/02\/200213\/mirna_2.jpg,images\/stories\/13\/02\/200213\/1.jpg,images\/stories\/13\/02\/200213\/3.jpg,images\/stories\/13\/02\/200213\/5.jpg,images\/stories\/13\/02\/200213\/6.jpg\u00bb}<\/p>\n<p><strong>PODER PARA COBRAR A SU ABOGADO<\/strong><\/p>\n<p style=\"text-align: justify;\">Revisamos en Registros P\u00fablicos en la Partida N\u00b0 12915512 de la SUNARP y nos encontramos con la sorpresa que el Poder que le otorga Mirna Grandez Bardales a su \u00ababogado\u00bb le da la facultad de cobrar, es decir en el supuesto de que Mirna transe el dinero seg\u00fan este Poder tiene que ser entregado a su abogado, quien tiene facultad para cobrar, esta cl\u00e1usula no es usual, consultamos con abogados de reconocido prestigio nacional e internacional en indemnizaciones y nos expresaron que siempre cobra el cliente, es decir deber\u00eda cobrar si se transa, Mirna Grandez Bardales y luego \u00e9sta pagarle sus honorarios al abogado, entonces la pregunta que nos hacemos de un punto deontol\u00f3gico, \u00bfcu\u00e1l es la raz\u00f3n por la cual Mirna Grandez Bardales le entrega poder a su abogado para cobrar el monto de su indemnizaci\u00f3n por transacci\u00f3n o ejecuci\u00f3n de sentencia?, \u00bftiene justificaci\u00f3n \u00e9tica esta facultad delegada desde el punto de vista del C\u00f3digo de \u00c9tica de los Colegios de Abogados del Per\u00fa, un tema para el debate, especialmente del contexto de las investigaciones que ha venido realizando el diario Per\u00fa21 sobre este letrado, nuestra opini\u00f3n es que quien tiene que cobrar la indemnizaci\u00f3n es la v\u00edctima, eso es lo usual, pero en fin el Poder por Escritura P\u00fablica que ha dado Mirna Grandez Bardales dice otra cosa y no aclara el pacto de cuota litis que\u00a0quisi\u00e9ramos\u00a0conocer, ya que el C\u00f3digo de \u00c9tica de los Colegios de Abogados del Per\u00fa tienen reglas al respecto en defensa de los ciudadanos que suponemos se debe haber cumplido.<\/p>\n","protected":false},"excerpt":{"rendered":"<p>(Aeronoticias) El 14 de febrero de 2013 hubo una manifestaci\u00f3n frente al edificio Capital en San Isidro organizada por el grupo \u201cJusticia para Mirna\u201d, que defiende los derechos de una joven madre que sufri\u00f3 un grave accidente en el ascensor marca SCHINDLER en el edificio Capital el 14 de febrero de 2012. El abogado de [&hellip;]<\/p>\n","protected":false},"author":1,"featured_media":0,"comment_status":"open","ping_status":"open","sticky":false,"template":"","format":"standard","meta":{"tdm_status":"","tdm_grid_status":"","footnotes":""},"categories":[33],"tags":[],"class_list":{"0":"post-34737","1":"post","2":"type-post","3":"status-publish","4":"format-standard","6":"category-economia"},"yoast_head":"<!-- This site is optimized with the Yoast SEO plugin v25.1 - https:\/\/yoast.com\/wordpress\/plugins\/seo\/ -->\n<title>Mirna Grandez quiere lucrar con su accidente en el Edificio Capital<\/title>\n<meta name=\"description\" content=\"Portal de noticias del Per\u00fa sobre el transporte a\u00e9reo, aviaci\u00f3n, turismo, hoteleria, actualidad.\" \/>\n<meta name=\"robots\" content=\"index, follow, max-snippet:-1, max-image-preview:large, max-video-preview:-1\" \/>\n<link rel=\"canonical\" href=\"https:\/\/aeronoticias.com.pe\/noticiero\/economia\/mirna-grandez-quiere-lucrar-con-su-accidente-en-el-edificio-capital\/\" \/>\n<meta property=\"og:locale\" content=\"es_ES\" \/>\n<meta property=\"og:type\" content=\"article\" \/>\n<meta property=\"og:title\" content=\"Mirna Grandez quiere lucrar con su accidente en el Edificio Capital\" \/>\n<meta property=\"og:description\" content=\"Portal de noticias del Per\u00fa sobre el transporte a\u00e9reo, aviaci\u00f3n, turismo, hoteleria, actualidad.\" \/>\n<meta property=\"og:url\" content=\"https:\/\/aeronoticias.com.pe\/noticiero\/economia\/mirna-grandez-quiere-lucrar-con-su-accidente-en-el-edificio-capital\/\" \/>\n<meta property=\"og:site_name\" content=\"Aeronoticias.com.pe\" \/>\n<meta property=\"article:publisher\" content=\"https:\/\/www.facebook.com\/Aeronoticias.com.pe\/\" \/>\n<meta property=\"article:published_time\" content=\"2013-02-21T15:02:20+00:00\" \/>\n<meta property=\"article:modified_time\" content=\"2020-09-11T15:48:57+00:00\" \/>\n<meta name=\"author\" content=\"Redacci\u00f3n Aeronoticias\" \/>\n<meta name=\"twitter:card\" content=\"summary_large_image\" \/>\n<meta name=\"twitter:creator\" content=\"@aeronoticias\" \/>\n<meta name=\"twitter:site\" content=\"@aeronoticias\" \/>\n<meta name=\"twitter:label1\" content=\"Escrito por\" \/>\n\t<meta name=\"twitter:data1\" content=\"Redacci\u00f3n Aeronoticias\" \/>\n\t<meta name=\"twitter:label2\" content=\"Tiempo de lectura\" \/>\n\t<meta name=\"twitter:data2\" content=\"9 minutos\" \/>\n<script type=\"application\/ld+json\" class=\"yoast-schema-graph\">{\"@context\":\"https:\/\/schema.org\",\"@graph\":[{\"@type\":\"WebPage\",\"@id\":\"https:\/\/aeronoticias.com.pe\/noticiero\/economia\/mirna-grandez-quiere-lucrar-con-su-accidente-en-el-edificio-capital\/\",\"url\":\"https:\/\/aeronoticias.com.pe\/noticiero\/economia\/mirna-grandez-quiere-lucrar-con-su-accidente-en-el-edificio-capital\/\",\"name\":\"Mirna Grandez quiere lucrar con su accidente en el Edificio Capital\",\"isPartOf\":{\"@id\":\"https:\/\/aeronoticias.com.pe\/noticiero\/#website\"},\"datePublished\":\"2013-02-21T15:02:20+00:00\",\"dateModified\":\"2020-09-11T15:48:57+00:00\",\"author\":{\"@id\":\"https:\/\/aeronoticias.com.pe\/noticiero\/#\/schema\/person\/fc1e5d578f4b62ba1cf7ac2bba1170a0\"},\"description\":\"Portal de noticias del Per\u00fa sobre el transporte a\u00e9reo, aviaci\u00f3n, turismo, hoteleria, actualidad.\",\"breadcrumb\":{\"@id\":\"https:\/\/aeronoticias.com.pe\/noticiero\/economia\/mirna-grandez-quiere-lucrar-con-su-accidente-en-el-edificio-capital\/#breadcrumb\"},\"inLanguage\":\"es\",\"potentialAction\":[{\"@type\":\"ReadAction\",\"target\":[\"https:\/\/aeronoticias.com.pe\/noticiero\/economia\/mirna-grandez-quiere-lucrar-con-su-accidente-en-el-edificio-capital\/\"]}]},{\"@type\":\"BreadcrumbList\",\"@id\":\"https:\/\/aeronoticias.com.pe\/noticiero\/economia\/mirna-grandez-quiere-lucrar-con-su-accidente-en-el-edificio-capital\/#breadcrumb\",\"itemListElement\":[{\"@type\":\"ListItem\",\"position\":1,\"name\":\"Portada\",\"item\":\"https:\/\/aeronoticias.com.pe\/noticiero\/\"},{\"@type\":\"ListItem\",\"position\":2,\"name\":\"Mirna Grandez quiere lucrar con su accidente en el Edificio Capital\"}]},{\"@type\":\"WebSite\",\"@id\":\"https:\/\/aeronoticias.com.pe\/noticiero\/#website\",\"url\":\"https:\/\/aeronoticias.com.pe\/noticiero\/\",\"name\":\"Aeronoticias.com.pe\",\"description\":\"Noticias de tranporte aereo, turismo, hoteles, gastronomia, actualidad, internacional\",\"potentialAction\":[{\"@type\":\"SearchAction\",\"target\":{\"@type\":\"EntryPoint\",\"urlTemplate\":\"https:\/\/aeronoticias.com.pe\/noticiero\/?s={search_term_string}\"},\"query-input\":{\"@type\":\"PropertyValueSpecification\",\"valueRequired\":true,\"valueName\":\"search_term_string\"}}],\"inLanguage\":\"es\"},{\"@type\":\"Person\",\"@id\":\"https:\/\/aeronoticias.com.pe\/noticiero\/#\/schema\/person\/fc1e5d578f4b62ba1cf7ac2bba1170a0\",\"name\":\"Redacci\u00f3n Aeronoticias\",\"url\":\"https:\/\/aeronoticias.com.pe\/noticiero\/author\/piloto\/\"}]}<\/script>\n<!-- \/ Yoast SEO plugin. -->","yoast_head_json":{"title":"Mirna Grandez quiere lucrar con su accidente en el Edificio Capital","description":"Portal de noticias del Per\u00fa sobre el transporte a\u00e9reo, aviaci\u00f3n, turismo, hoteleria, actualidad.","robots":{"index":"index","follow":"follow","max-snippet":"max-snippet:-1","max-image-preview":"max-image-preview:large","max-video-preview":"max-video-preview:-1"},"canonical":"https:\/\/aeronoticias.com.pe\/noticiero\/economia\/mirna-grandez-quiere-lucrar-con-su-accidente-en-el-edificio-capital\/","og_locale":"es_ES","og_type":"article","og_title":"Mirna Grandez quiere lucrar con su accidente en el Edificio Capital","og_description":"Portal de noticias del Per\u00fa sobre el transporte a\u00e9reo, aviaci\u00f3n, turismo, hoteleria, actualidad.","og_url":"https:\/\/aeronoticias.com.pe\/noticiero\/economia\/mirna-grandez-quiere-lucrar-con-su-accidente-en-el-edificio-capital\/","og_site_name":"Aeronoticias.com.pe","article_publisher":"https:\/\/www.facebook.com\/Aeronoticias.com.pe\/","article_published_time":"2013-02-21T15:02:20+00:00","article_modified_time":"2020-09-11T15:48:57+00:00","author":"Redacci\u00f3n Aeronoticias","twitter_card":"summary_large_image","twitter_creator":"@aeronoticias","twitter_site":"@aeronoticias","twitter_misc":{"Escrito por":"Redacci\u00f3n Aeronoticias","Tiempo de lectura":"9 minutos"},"schema":{"@context":"https:\/\/schema.org","@graph":[{"@type":"WebPage","@id":"https:\/\/aeronoticias.com.pe\/noticiero\/economia\/mirna-grandez-quiere-lucrar-con-su-accidente-en-el-edificio-capital\/","url":"https:\/\/aeronoticias.com.pe\/noticiero\/economia\/mirna-grandez-quiere-lucrar-con-su-accidente-en-el-edificio-capital\/","name":"Mirna Grandez quiere lucrar con su accidente en el Edificio Capital","isPartOf":{"@id":"https:\/\/aeronoticias.com.pe\/noticiero\/#website"},"datePublished":"2013-02-21T15:02:20+00:00","dateModified":"2020-09-11T15:48:57+00:00","author":{"@id":"https:\/\/aeronoticias.com.pe\/noticiero\/#\/schema\/person\/fc1e5d578f4b62ba1cf7ac2bba1170a0"},"description":"Portal de noticias del Per\u00fa sobre el transporte a\u00e9reo, aviaci\u00f3n, turismo, hoteleria, actualidad.","breadcrumb":{"@id":"https:\/\/aeronoticias.com.pe\/noticiero\/economia\/mirna-grandez-quiere-lucrar-con-su-accidente-en-el-edificio-capital\/#breadcrumb"},"inLanguage":"es","potentialAction":[{"@type":"ReadAction","target":["https:\/\/aeronoticias.com.pe\/noticiero\/economia\/mirna-grandez-quiere-lucrar-con-su-accidente-en-el-edificio-capital\/"]}]},{"@type":"BreadcrumbList","@id":"https:\/\/aeronoticias.com.pe\/noticiero\/economia\/mirna-grandez-quiere-lucrar-con-su-accidente-en-el-edificio-capital\/#breadcrumb","itemListElement":[{"@type":"ListItem","position":1,"name":"Portada","item":"https:\/\/aeronoticias.com.pe\/noticiero\/"},{"@type":"ListItem","position":2,"name":"Mirna Grandez quiere lucrar con su accidente en el Edificio Capital"}]},{"@type":"WebSite","@id":"https:\/\/aeronoticias.com.pe\/noticiero\/#website","url":"https:\/\/aeronoticias.com.pe\/noticiero\/","name":"Aeronoticias.com.pe","description":"Noticias de tranporte aereo, turismo, hoteles, gastronomia, actualidad, internacional","potentialAction":[{"@type":"SearchAction","target":{"@type":"EntryPoint","urlTemplate":"https:\/\/aeronoticias.com.pe\/noticiero\/?s={search_term_string}"},"query-input":{"@type":"PropertyValueSpecification","valueRequired":true,"valueName":"search_term_string"}}],"inLanguage":"es"},{"@type":"Person","@id":"https:\/\/aeronoticias.com.pe\/noticiero\/#\/schema\/person\/fc1e5d578f4b62ba1cf7ac2bba1170a0","name":"Redacci\u00f3n Aeronoticias","url":"https:\/\/aeronoticias.com.pe\/noticiero\/author\/piloto\/"}]}},"_links":{"self":[{"href":"https:\/\/aeronoticias.com.pe\/noticiero\/wp-json\/wp\/v2\/posts\/34737","targetHints":{"allow":["GET"]}}],"collection":[{"href":"https:\/\/aeronoticias.com.pe\/noticiero\/wp-json\/wp\/v2\/posts"}],"about":[{"href":"https:\/\/aeronoticias.com.pe\/noticiero\/wp-json\/wp\/v2\/types\/post"}],"author":[{"embeddable":true,"href":"https:\/\/aeronoticias.com.pe\/noticiero\/wp-json\/wp\/v2\/users\/1"}],"replies":[{"embeddable":true,"href":"https:\/\/aeronoticias.com.pe\/noticiero\/wp-json\/wp\/v2\/comments?post=34737"}],"version-history":[{"count":0,"href":"https:\/\/aeronoticias.com.pe\/noticiero\/wp-json\/wp\/v2\/posts\/34737\/revisions"}],"wp:attachment":[{"href":"https:\/\/aeronoticias.com.pe\/noticiero\/wp-json\/wp\/v2\/media?parent=34737"}],"wp:term":[{"taxonomy":"category","embeddable":true,"href":"https:\/\/aeronoticias.com.pe\/noticiero\/wp-json\/wp\/v2\/categories?post=34737"},{"taxonomy":"post_tag","embeddable":true,"href":"https:\/\/aeronoticias.com.pe\/noticiero\/wp-json\/wp\/v2\/tags?post=34737"}],"curies":[{"name":"wp","href":"https:\/\/api.w.org\/{rel}","templated":true}]}}