{"id":34758,"date":"2013-02-21T15:57:12","date_gmt":"2013-02-21T15:57:12","guid":{"rendered":"http:\/\/desarrollo.mcvicious.com\/aero2020\/2013\/02\/21\/arequipa-mas-de-cuatro-mil-turistas-visitaron-museo-de-la-catedral\/"},"modified":"2013-02-21T15:57:12","modified_gmt":"2013-02-21T15:57:12","slug":"arequipa-mas-de-cuatro-mil-turistas-visitaron-museo-de-la-catedral","status":"publish","type":"post","link":"https:\/\/aeronoticias.com.pe\/noticiero\/turismo\/13\/arequipa-mas-de-cuatro-mil-turistas-visitaron-museo-de-la-catedral\/","title":{"rendered":"Arequipa: M\u00e1s de cuatro mil turistas visitaron museo de la catedral"},"content":{"rendered":"<p style=\"text-align: justify;\"><strong>(Aeronoticias).-<\/strong> M\u00e1s de 4,000 turistas nacionales y extranjeros visitaron en lo que va del a\u00f1o el museo de la catedral de Arequipa, en la regi\u00f3n sur del pa\u00eds, que exhibe piezas religiosas de 400 a\u00f1os de antig\u00fcedad, se inform\u00f3 este jueves.<\/p>\n<p style=\"text-align: justify;\">La entidad precis\u00f3, a trav\u00e9s de una nota de prensa, que ello representa un incremento en relaci\u00f3n al mes diciembre con la visita de unos 700 turistas m\u00e1s.<\/p>\n<p style=\"text-align: justify;\">El aumento de visitantes tambi\u00e9n se observa en comparaci\u00f3n a enero del a\u00f1o pasado, cuando alrededor de 2,500 turistas apreciaron las bondades del recinto cultural.<\/p>\n<p style=\"text-align: justify;\">Los visitantes extranjeros procedentes de Chile, Argentina y Brasil son los interesados en conocer los ornamentos que exhibe el inmueble que est\u00e1 incluido en la lista del Consejo Internacional de Museos (ICOM), que cuenta con 30,000 miembros y profesionales de museos de todo el mundo.<\/p>\n<p>  <!--more-->  <\/p>\n<p style=\"text-align: justify;\">Luc\u00eda Pastor, encargada de Imagen Institucional del recinto, se\u00f1al\u00f3 que tambi\u00e9n reciben turistas de Italia, Estados Unidos y Espa\u00f1a.<\/p>\n<p style=\"text-align: justify;\">\u201cEste notable dicho incremento porque se toma en contraste con lo percibido el a\u00f1o pasado, indicativo que los turistas de pa\u00edses cercanos est\u00e1n considerando a Arequipa como un destino tur\u00edstico en \u00e9poca de verano y vacaciones\u201d, coment\u00f3.<\/p>\n<p style=\"text-align: justify;\">Recalc\u00f3 que la Ciudad Blanca se est\u00e1 convirtiendo en un sitio de estad\u00eda en el programa de los turistas, \u201cdejando esa imagen de ciudad de paso a Cusco\u201d.<\/p>\n<p style=\"text-align: justify;\">Destac\u00f3 que la visita de familias enteras de turistas nacionales, principalmente, de Lima y del norte, es notable.<\/p>\n<p style=\"text-align: justify;\">Mencion\u00f3 que dicho sector muchas veces efect\u00faa recorridos tur\u00edsticos no contemplados en los paquetes de las agencias como los otros museos religiosos y templos de la campi\u00f1a.<\/p>\n<p style=\"text-align: justify;\">Adelant\u00f3 que para este a\u00f1o el museo prepara varias actividades, como ofertas especiales para escolares, grupos de catequesis, adultos mayores, personas con capacidades especiales y estudiantes de turismo y hoteler\u00eda.<\/p>\n<p style=\"text-align: justify;\">Los interesados en conocer el museo pueden comunicase al tel\u00e9fono 054-213149. El horario de atenci\u00f3n es de 10:00 a 17:00 horas de lunes a s\u00e1bado.<\/p>\n<p style=\"text-align: justify;\">El museo consta de una sala denominada Tesoros de la Catedral, donde los visitantes pueden admirar una colecci\u00f3n de custodias, coronas y otros objetos lit\u00fargicos de alta calidad art\u00edsticas y t\u00e9cnica de orfebrer\u00eda.<\/p>\n<p style=\"text-align: justify;\">La sala de Ornamentos, Pa\u00f1os y otros objetos religiosos muestra vestimentas eclesi\u00e1sticas, alguna de las cuales ya no se usan en las actuales liturgias.<\/p>\n<p style=\"text-align: justify;\">En la sala de Pinturas Religiosas de Rep\u00fablica se exhiben cinco trabajos del pintor tacne\u00f1o Francisco Laso, este ambiente se complementa con paneles informativos que relatan la historia del arte de la pintura en Per\u00fa en la \u00e9poca virreinal y republicana.<\/p>\n<p style=\"text-align: justify;\">El local se ubica a un costado de la iglesia catedral de Arequipa, y el recorrido demanda entre 40 a 45 minutos, el cual es guiado por profesionales.<\/p>\n<p style=\"text-align: justify;\">Agencia Andina.<\/p>\n<p style=\"text-align: justify;\"><img decoding=\"async\" src=\"images\/stories\/11\/09\/230911\/turismo_arequipa.jpg\" border=\"0\" alt=\"Arequipa: M\u00e1s de cuatro mil turistas visitaron museo de la catedral\" title=\"Arequipa: M\u00e1s de cuatro mil turistas visitaron museo de la catedral\" \/><\/p>\n","protected":false},"excerpt":{"rendered":"<p>(Aeronoticias).- M\u00e1s de 4,000 turistas nacionales y extranjeros visitaron en lo que va del a\u00f1o el museo de la catedral de Arequipa, en la regi\u00f3n sur del pa\u00eds, que exhibe piezas religiosas de 400 a\u00f1os de antig\u00fcedad, se inform\u00f3 este jueves. La entidad precis\u00f3, a trav\u00e9s de una nota de prensa, que ello representa un [&hellip;]<\/p>\n","protected":false},"author":1,"featured_media":0,"comment_status":"open","ping_status":"open","sticky":false,"template":"","format":"standard","meta":{"tdm_status":"","tdm_grid_status":"","footnotes":""},"categories":[31],"tags":[],"class_list":{"0":"post-34758","1":"post","2":"type-post","3":"status-publish","4":"format-standard","6":"category-31"},"yoast_head":"<!-- This site is optimized with the Yoast SEO plugin v25.1 - https:\/\/yoast.com\/wordpress\/plugins\/seo\/ -->\n<title>Arequipa: M\u00e1s de cuatro mil turistas visitaron museo de la catedral<\/title>\n<meta name=\"description\" content=\"Portal de noticias del Per\u00fa sobre el transporte a\u00e9reo, aviaci\u00f3n, turismo, hoteleria, actualidad.\" \/>\n<meta name=\"robots\" content=\"index, follow, max-snippet:-1, max-image-preview:large, max-video-preview:-1\" \/>\n<link rel=\"canonical\" href=\"https:\/\/aeronoticias.com.pe\/noticiero\/turismo\/13\/arequipa-mas-de-cuatro-mil-turistas-visitaron-museo-de-la-catedral\/\" \/>\n<meta property=\"og:locale\" content=\"es_ES\" \/>\n<meta property=\"og:type\" content=\"article\" \/>\n<meta property=\"og:title\" content=\"Arequipa: M\u00e1s de cuatro mil turistas visitaron museo de la catedral\" \/>\n<meta property=\"og:description\" content=\"Portal de noticias del Per\u00fa sobre el transporte a\u00e9reo, aviaci\u00f3n, turismo, hoteleria, actualidad.\" \/>\n<meta property=\"og:url\" content=\"https:\/\/aeronoticias.com.pe\/noticiero\/turismo\/13\/arequipa-mas-de-cuatro-mil-turistas-visitaron-museo-de-la-catedral\/\" \/>\n<meta property=\"og:site_name\" content=\"Aeronoticias.com.pe\" \/>\n<meta property=\"article:publisher\" content=\"https:\/\/www.facebook.com\/Aeronoticias.com.pe\/\" \/>\n<meta property=\"article:published_time\" content=\"2013-02-21T15:57:12+00:00\" \/>\n<meta name=\"author\" content=\"Redacci\u00f3n Aeronoticias\" \/>\n<meta name=\"twitter:card\" content=\"summary_large_image\" \/>\n<meta name=\"twitter:creator\" content=\"@aeronoticias\" \/>\n<meta name=\"twitter:site\" content=\"@aeronoticias\" \/>\n<meta name=\"twitter:label1\" content=\"Escrito por\" \/>\n\t<meta name=\"twitter:data1\" content=\"Redacci\u00f3n Aeronoticias\" \/>\n\t<meta name=\"twitter:label2\" content=\"Tiempo de lectura\" \/>\n\t<meta name=\"twitter:data2\" content=\"2 minutos\" \/>\n<script type=\"application\/ld+json\" class=\"yoast-schema-graph\">{\"@context\":\"https:\/\/schema.org\",\"@graph\":[{\"@type\":\"WebPage\",\"@id\":\"https:\/\/aeronoticias.com.pe\/noticiero\/turismo\/13\/arequipa-mas-de-cuatro-mil-turistas-visitaron-museo-de-la-catedral\/\",\"url\":\"https:\/\/aeronoticias.com.pe\/noticiero\/turismo\/13\/arequipa-mas-de-cuatro-mil-turistas-visitaron-museo-de-la-catedral\/\",\"name\":\"Arequipa: M\u00e1s de cuatro mil turistas visitaron museo de la catedral\",\"isPartOf\":{\"@id\":\"https:\/\/aeronoticias.com.pe\/noticiero\/#website\"},\"datePublished\":\"2013-02-21T15:57:12+00:00\",\"author\":{\"@id\":\"https:\/\/aeronoticias.com.pe\/noticiero\/#\/schema\/person\/fc1e5d578f4b62ba1cf7ac2bba1170a0\"},\"description\":\"Portal de noticias del Per\u00fa sobre el transporte a\u00e9reo, aviaci\u00f3n, turismo, hoteleria, actualidad.\",\"breadcrumb\":{\"@id\":\"https:\/\/aeronoticias.com.pe\/noticiero\/turismo\/13\/arequipa-mas-de-cuatro-mil-turistas-visitaron-museo-de-la-catedral\/#breadcrumb\"},\"inLanguage\":\"es\",\"potentialAction\":[{\"@type\":\"ReadAction\",\"target\":[\"https:\/\/aeronoticias.com.pe\/noticiero\/turismo\/13\/arequipa-mas-de-cuatro-mil-turistas-visitaron-museo-de-la-catedral\/\"]}]},{\"@type\":\"BreadcrumbList\",\"@id\":\"https:\/\/aeronoticias.com.pe\/noticiero\/turismo\/13\/arequipa-mas-de-cuatro-mil-turistas-visitaron-museo-de-la-catedral\/#breadcrumb\",\"itemListElement\":[{\"@type\":\"ListItem\",\"position\":1,\"name\":\"Portada\",\"item\":\"https:\/\/aeronoticias.com.pe\/noticiero\/\"},{\"@type\":\"ListItem\",\"position\":2,\"name\":\"Arequipa: M\u00e1s de cuatro mil turistas visitaron museo de la catedral\"}]},{\"@type\":\"WebSite\",\"@id\":\"https:\/\/aeronoticias.com.pe\/noticiero\/#website\",\"url\":\"https:\/\/aeronoticias.com.pe\/noticiero\/\",\"name\":\"Aeronoticias.com.pe\",\"description\":\"Noticias de tranporte aereo, turismo, hoteles, gastronomia, actualidad, internacional\",\"potentialAction\":[{\"@type\":\"SearchAction\",\"target\":{\"@type\":\"EntryPoint\",\"urlTemplate\":\"https:\/\/aeronoticias.com.pe\/noticiero\/?s={search_term_string}\"},\"query-input\":{\"@type\":\"PropertyValueSpecification\",\"valueRequired\":true,\"valueName\":\"search_term_string\"}}],\"inLanguage\":\"es\"},{\"@type\":\"Person\",\"@id\":\"https:\/\/aeronoticias.com.pe\/noticiero\/#\/schema\/person\/fc1e5d578f4b62ba1cf7ac2bba1170a0\",\"name\":\"Redacci\u00f3n Aeronoticias\",\"url\":\"https:\/\/aeronoticias.com.pe\/noticiero\/author\/piloto\/\"}]}<\/script>\n<!-- \/ Yoast SEO plugin. -->","yoast_head_json":{"title":"Arequipa: M\u00e1s de cuatro mil turistas visitaron museo de la catedral","description":"Portal de noticias del Per\u00fa sobre el transporte a\u00e9reo, aviaci\u00f3n, turismo, hoteleria, actualidad.","robots":{"index":"index","follow":"follow","max-snippet":"max-snippet:-1","max-image-preview":"max-image-preview:large","max-video-preview":"max-video-preview:-1"},"canonical":"https:\/\/aeronoticias.com.pe\/noticiero\/turismo\/13\/arequipa-mas-de-cuatro-mil-turistas-visitaron-museo-de-la-catedral\/","og_locale":"es_ES","og_type":"article","og_title":"Arequipa: M\u00e1s de cuatro mil turistas visitaron museo de la catedral","og_description":"Portal de noticias del Per\u00fa sobre el transporte a\u00e9reo, aviaci\u00f3n, turismo, hoteleria, actualidad.","og_url":"https:\/\/aeronoticias.com.pe\/noticiero\/turismo\/13\/arequipa-mas-de-cuatro-mil-turistas-visitaron-museo-de-la-catedral\/","og_site_name":"Aeronoticias.com.pe","article_publisher":"https:\/\/www.facebook.com\/Aeronoticias.com.pe\/","article_published_time":"2013-02-21T15:57:12+00:00","author":"Redacci\u00f3n Aeronoticias","twitter_card":"summary_large_image","twitter_creator":"@aeronoticias","twitter_site":"@aeronoticias","twitter_misc":{"Escrito por":"Redacci\u00f3n Aeronoticias","Tiempo de lectura":"2 minutos"},"schema":{"@context":"https:\/\/schema.org","@graph":[{"@type":"WebPage","@id":"https:\/\/aeronoticias.com.pe\/noticiero\/turismo\/13\/arequipa-mas-de-cuatro-mil-turistas-visitaron-museo-de-la-catedral\/","url":"https:\/\/aeronoticias.com.pe\/noticiero\/turismo\/13\/arequipa-mas-de-cuatro-mil-turistas-visitaron-museo-de-la-catedral\/","name":"Arequipa: M\u00e1s de cuatro mil turistas visitaron museo de la catedral","isPartOf":{"@id":"https:\/\/aeronoticias.com.pe\/noticiero\/#website"},"datePublished":"2013-02-21T15:57:12+00:00","author":{"@id":"https:\/\/aeronoticias.com.pe\/noticiero\/#\/schema\/person\/fc1e5d578f4b62ba1cf7ac2bba1170a0"},"description":"Portal de noticias del Per\u00fa sobre el transporte a\u00e9reo, aviaci\u00f3n, turismo, hoteleria, actualidad.","breadcrumb":{"@id":"https:\/\/aeronoticias.com.pe\/noticiero\/turismo\/13\/arequipa-mas-de-cuatro-mil-turistas-visitaron-museo-de-la-catedral\/#breadcrumb"},"inLanguage":"es","potentialAction":[{"@type":"ReadAction","target":["https:\/\/aeronoticias.com.pe\/noticiero\/turismo\/13\/arequipa-mas-de-cuatro-mil-turistas-visitaron-museo-de-la-catedral\/"]}]},{"@type":"BreadcrumbList","@id":"https:\/\/aeronoticias.com.pe\/noticiero\/turismo\/13\/arequipa-mas-de-cuatro-mil-turistas-visitaron-museo-de-la-catedral\/#breadcrumb","itemListElement":[{"@type":"ListItem","position":1,"name":"Portada","item":"https:\/\/aeronoticias.com.pe\/noticiero\/"},{"@type":"ListItem","position":2,"name":"Arequipa: M\u00e1s de cuatro mil turistas visitaron museo de la catedral"}]},{"@type":"WebSite","@id":"https:\/\/aeronoticias.com.pe\/noticiero\/#website","url":"https:\/\/aeronoticias.com.pe\/noticiero\/","name":"Aeronoticias.com.pe","description":"Noticias de tranporte aereo, turismo, hoteles, gastronomia, actualidad, internacional","potentialAction":[{"@type":"SearchAction","target":{"@type":"EntryPoint","urlTemplate":"https:\/\/aeronoticias.com.pe\/noticiero\/?s={search_term_string}"},"query-input":{"@type":"PropertyValueSpecification","valueRequired":true,"valueName":"search_term_string"}}],"inLanguage":"es"},{"@type":"Person","@id":"https:\/\/aeronoticias.com.pe\/noticiero\/#\/schema\/person\/fc1e5d578f4b62ba1cf7ac2bba1170a0","name":"Redacci\u00f3n Aeronoticias","url":"https:\/\/aeronoticias.com.pe\/noticiero\/author\/piloto\/"}]}},"_links":{"self":[{"href":"https:\/\/aeronoticias.com.pe\/noticiero\/wp-json\/wp\/v2\/posts\/34758","targetHints":{"allow":["GET"]}}],"collection":[{"href":"https:\/\/aeronoticias.com.pe\/noticiero\/wp-json\/wp\/v2\/posts"}],"about":[{"href":"https:\/\/aeronoticias.com.pe\/noticiero\/wp-json\/wp\/v2\/types\/post"}],"author":[{"embeddable":true,"href":"https:\/\/aeronoticias.com.pe\/noticiero\/wp-json\/wp\/v2\/users\/1"}],"replies":[{"embeddable":true,"href":"https:\/\/aeronoticias.com.pe\/noticiero\/wp-json\/wp\/v2\/comments?post=34758"}],"version-history":[{"count":0,"href":"https:\/\/aeronoticias.com.pe\/noticiero\/wp-json\/wp\/v2\/posts\/34758\/revisions"}],"wp:attachment":[{"href":"https:\/\/aeronoticias.com.pe\/noticiero\/wp-json\/wp\/v2\/media?parent=34758"}],"wp:term":[{"taxonomy":"category","embeddable":true,"href":"https:\/\/aeronoticias.com.pe\/noticiero\/wp-json\/wp\/v2\/categories?post=34758"},{"taxonomy":"post_tag","embeddable":true,"href":"https:\/\/aeronoticias.com.pe\/noticiero\/wp-json\/wp\/v2\/tags?post=34758"}],"curies":[{"name":"wp","href":"https:\/\/api.w.org\/{rel}","templated":true}]}}