{"id":34761,"date":"2013-02-21T16:15:27","date_gmt":"2013-02-21T16:15:27","guid":{"rendered":"http:\/\/desarrollo.mcvicious.com\/aero2020\/2013\/02\/21\/arequipa-lluvia-no-afecto-atractivos-turisticos-afirman\/"},"modified":"2013-02-21T16:15:27","modified_gmt":"2013-02-21T16:15:27","slug":"arequipa-lluvia-no-afecto-atractivos-turisticos-afirman","status":"publish","type":"post","link":"https:\/\/aeronoticias.com.pe\/noticiero\/turismo\/13\/arequipa-lluvia-no-afecto-atractivos-turisticos-afirman\/","title":{"rendered":"Arequipa: Lluvia no afecto atractivos tur\u00edsticos, afirman"},"content":{"rendered":"<p style=\"text-align: justify;\"><strong>(Aeronoticias).-<\/strong> Los atractivos tur\u00edsticos de Arequipa no sufrieron da\u00f1os a causa de las torrenciales lluvias que se registraron en dicha regi\u00f3n, en especial la Ciudad Blanca, pero s\u00ed generaron un impacto negativo en el turismo porque se cancelaron muchos paquetes de viaje, inform\u00f3 este mi\u00e9rcoles una autoridad local.<\/p>\n<p style=\"text-align: justify;\">\u201cEl efecto inmediato no ha sido tan fuerte porque los aviones se retrasaron s\u00f3lo unas horas en llegar a la ciudad de Arequipa y los paquetes tur\u00edsticos comprados se mantuvieron, el problema fue despu\u00e9s, ya que con las \u00a0noticias que se difund\u00edan empezaron las cancelaciones\u201d, explic\u00f3 el gerente regional de Comercio Exterior y Turismo de Arequipa, Luis Venero La Torre.<\/p>\n<p style=\"text-align: justify;\">Sin embargo, lo que m\u00e1s preocupa al funcionario es que las personas que a\u00fan no deciden sus destinos de viaje y no han adquirido sus paquetes tur\u00edsticos, ya no muestren inter\u00e9s en visitar Arequipa.<\/p>\n<p style=\"text-align: justify;\">En declaraciones a la Agencia Andina, el funcionario record\u00f3 que el a\u00f1o pasado durante la temporada de lluvias, \u00a0 el turismo en Arequipa cay\u00f3 en 14 por ciento con respecto a 2011, \u00a0y considerando la magnitud actual, \u00abes obvio que se tenga una ca\u00edda en febrero y marzo, y que la proyecci\u00f3n es que se recupere en mayo\u00bb, apunt\u00f3.<\/p>\n<p>  <!--more-->  <\/p>\n<p style=\"text-align: justify;\">\u201cEl descenso negativo de turistas lo sabremos con la medici\u00f3n que haremos aproximadamente el 15 de marzo y con el reporte que env\u00eden los hoteles. \u00a0Es posible que la cantidad de ingresos sea mucho menor.\u201d<\/p>\n<p style=\"text-align: justify;\">Revel\u00f3 que a inicio de a\u00f1o se estim\u00f3 tener un incremento de turistas en alrededor del 10 por ciento con respecto a 2012, pero que \u00abla naturaleza les jug\u00f3 una mala pasada\u00bb.<\/p>\n<p style=\"text-align: justify;\">Venero La Torre sostuvo que del total nacional de turistas que llegan al Per\u00fa, entre el 15 y 20 por ciento visitan Arequipa. \u201cCerca de 900 mil turistas nacionales visitan Arequipa anualmente y un poco m\u00e1s de 200 mil turistas extranjeros lo hacen durante el mismo periodo, en especial los que provienen de Europa\u00bb, se\u00f1al\u00f3.<\/p>\n<p style=\"text-align: justify;\">Resalt\u00f3 que los turistas visitan principalmente el corredor tur\u00edstico Centro Hist\u00f3rico de Arequipa-Ca\u00f1\u00f3n del Colca, uno de los mayores atractivos del pa\u00eds. \u201cLos turistas llegan a Arequipa para observar el c\u00f3ndor y de paso conocen todo lo dem\u00e1s\u201d, anot\u00f3.<\/p>\n<p style=\"text-align: justify;\">Para revertir el impacto negativo, el funcionario sostuvo que se ha dise\u00f1ado una estrategia de comunicaci\u00f3n a trav\u00e9s de las redes sociales y de los medios de comunicaci\u00f3n, \u00a0para informar que las lluvias no da\u00f1aron la zona tur\u00edstica de Arequipa.<\/p>\n<p style=\"text-align: justify;\">\u201cLos comunicados se difunden adem\u00e1s desde las agencias de viaje con las cuales estamos en permanente contacto, para que se repliquen en todo lugar\u201d, enfatiz\u00f3.<\/p>\n<p style=\"text-align: justify;\">Agencia Andina.<\/p>\n<p style=\"text-align: justify;\"><img decoding=\"async\" src=\"images\/stories\/10\/06\/110610\/arqipa.jpg\" border=\"0\" alt=\"Arequipa: Lluvia no afecto atractivos tur\u00edsticos, afirman\" title=\"Arequipa: Lluvia no afecto atractivos tur\u00edsticos, afirman\" \/><\/p>\n","protected":false},"excerpt":{"rendered":"<p>(Aeronoticias).- Los atractivos tur\u00edsticos de Arequipa no sufrieron da\u00f1os a causa de las torrenciales lluvias que se registraron en dicha regi\u00f3n, en especial la Ciudad Blanca, pero s\u00ed generaron un impacto negativo en el turismo porque se cancelaron muchos paquetes de viaje, inform\u00f3 este mi\u00e9rcoles una autoridad local. \u201cEl efecto inmediato no ha sido tan [&hellip;]<\/p>\n","protected":false},"author":1,"featured_media":0,"comment_status":"open","ping_status":"open","sticky":false,"template":"","format":"standard","meta":{"tdm_status":"","tdm_grid_status":"","footnotes":""},"categories":[31],"tags":[],"class_list":{"0":"post-34761","1":"post","2":"type-post","3":"status-publish","4":"format-standard","6":"category-31"},"yoast_head":"<!-- This site is optimized with the Yoast SEO plugin v25.1 - https:\/\/yoast.com\/wordpress\/plugins\/seo\/ -->\n<title>Arequipa: Lluvia no afecto atractivos tur\u00edsticos, afirman<\/title>\n<meta name=\"description\" content=\"Portal de noticias del Per\u00fa sobre el transporte a\u00e9reo, aviaci\u00f3n, turismo, hoteleria, actualidad.\" \/>\n<meta name=\"robots\" content=\"index, follow, max-snippet:-1, max-image-preview:large, max-video-preview:-1\" \/>\n<link rel=\"canonical\" href=\"https:\/\/aeronoticias.com.pe\/noticiero\/turismo\/13\/arequipa-lluvia-no-afecto-atractivos-turisticos-afirman\/\" \/>\n<meta property=\"og:locale\" content=\"es_ES\" \/>\n<meta property=\"og:type\" content=\"article\" \/>\n<meta property=\"og:title\" content=\"Arequipa: Lluvia no afecto atractivos tur\u00edsticos, afirman\" \/>\n<meta property=\"og:description\" content=\"Portal de noticias del Per\u00fa sobre el transporte a\u00e9reo, aviaci\u00f3n, turismo, hoteleria, actualidad.\" \/>\n<meta property=\"og:url\" content=\"https:\/\/aeronoticias.com.pe\/noticiero\/turismo\/13\/arequipa-lluvia-no-afecto-atractivos-turisticos-afirman\/\" \/>\n<meta property=\"og:site_name\" content=\"Aeronoticias.com.pe\" \/>\n<meta property=\"article:publisher\" content=\"https:\/\/www.facebook.com\/Aeronoticias.com.pe\/\" \/>\n<meta property=\"article:published_time\" content=\"2013-02-21T16:15:27+00:00\" \/>\n<meta name=\"author\" content=\"Redacci\u00f3n Aeronoticias\" \/>\n<meta name=\"twitter:card\" content=\"summary_large_image\" \/>\n<meta name=\"twitter:creator\" content=\"@aeronoticias\" \/>\n<meta name=\"twitter:site\" content=\"@aeronoticias\" \/>\n<meta name=\"twitter:label1\" content=\"Escrito por\" \/>\n\t<meta name=\"twitter:data1\" content=\"Redacci\u00f3n Aeronoticias\" \/>\n\t<meta name=\"twitter:label2\" content=\"Tiempo de lectura\" \/>\n\t<meta name=\"twitter:data2\" content=\"2 minutos\" \/>\n<script type=\"application\/ld+json\" class=\"yoast-schema-graph\">{\"@context\":\"https:\/\/schema.org\",\"@graph\":[{\"@type\":\"WebPage\",\"@id\":\"https:\/\/aeronoticias.com.pe\/noticiero\/turismo\/13\/arequipa-lluvia-no-afecto-atractivos-turisticos-afirman\/\",\"url\":\"https:\/\/aeronoticias.com.pe\/noticiero\/turismo\/13\/arequipa-lluvia-no-afecto-atractivos-turisticos-afirman\/\",\"name\":\"Arequipa: Lluvia no afecto atractivos tur\u00edsticos, afirman\",\"isPartOf\":{\"@id\":\"https:\/\/aeronoticias.com.pe\/noticiero\/#website\"},\"datePublished\":\"2013-02-21T16:15:27+00:00\",\"author\":{\"@id\":\"https:\/\/aeronoticias.com.pe\/noticiero\/#\/schema\/person\/fc1e5d578f4b62ba1cf7ac2bba1170a0\"},\"description\":\"Portal de noticias del Per\u00fa sobre el transporte a\u00e9reo, aviaci\u00f3n, turismo, hoteleria, actualidad.\",\"breadcrumb\":{\"@id\":\"https:\/\/aeronoticias.com.pe\/noticiero\/turismo\/13\/arequipa-lluvia-no-afecto-atractivos-turisticos-afirman\/#breadcrumb\"},\"inLanguage\":\"es\",\"potentialAction\":[{\"@type\":\"ReadAction\",\"target\":[\"https:\/\/aeronoticias.com.pe\/noticiero\/turismo\/13\/arequipa-lluvia-no-afecto-atractivos-turisticos-afirman\/\"]}]},{\"@type\":\"BreadcrumbList\",\"@id\":\"https:\/\/aeronoticias.com.pe\/noticiero\/turismo\/13\/arequipa-lluvia-no-afecto-atractivos-turisticos-afirman\/#breadcrumb\",\"itemListElement\":[{\"@type\":\"ListItem\",\"position\":1,\"name\":\"Portada\",\"item\":\"https:\/\/aeronoticias.com.pe\/noticiero\/\"},{\"@type\":\"ListItem\",\"position\":2,\"name\":\"Arequipa: Lluvia no afecto atractivos tur\u00edsticos, afirman\"}]},{\"@type\":\"WebSite\",\"@id\":\"https:\/\/aeronoticias.com.pe\/noticiero\/#website\",\"url\":\"https:\/\/aeronoticias.com.pe\/noticiero\/\",\"name\":\"Aeronoticias.com.pe\",\"description\":\"Noticias de tranporte aereo, turismo, hoteles, gastronomia, actualidad, internacional\",\"potentialAction\":[{\"@type\":\"SearchAction\",\"target\":{\"@type\":\"EntryPoint\",\"urlTemplate\":\"https:\/\/aeronoticias.com.pe\/noticiero\/?s={search_term_string}\"},\"query-input\":{\"@type\":\"PropertyValueSpecification\",\"valueRequired\":true,\"valueName\":\"search_term_string\"}}],\"inLanguage\":\"es\"},{\"@type\":\"Person\",\"@id\":\"https:\/\/aeronoticias.com.pe\/noticiero\/#\/schema\/person\/fc1e5d578f4b62ba1cf7ac2bba1170a0\",\"name\":\"Redacci\u00f3n Aeronoticias\",\"url\":\"https:\/\/aeronoticias.com.pe\/noticiero\/author\/piloto\/\"}]}<\/script>\n<!-- \/ Yoast SEO plugin. -->","yoast_head_json":{"title":"Arequipa: Lluvia no afecto atractivos tur\u00edsticos, afirman","description":"Portal de noticias del Per\u00fa sobre el transporte a\u00e9reo, aviaci\u00f3n, turismo, hoteleria, actualidad.","robots":{"index":"index","follow":"follow","max-snippet":"max-snippet:-1","max-image-preview":"max-image-preview:large","max-video-preview":"max-video-preview:-1"},"canonical":"https:\/\/aeronoticias.com.pe\/noticiero\/turismo\/13\/arequipa-lluvia-no-afecto-atractivos-turisticos-afirman\/","og_locale":"es_ES","og_type":"article","og_title":"Arequipa: Lluvia no afecto atractivos tur\u00edsticos, afirman","og_description":"Portal de noticias del Per\u00fa sobre el transporte a\u00e9reo, aviaci\u00f3n, turismo, hoteleria, actualidad.","og_url":"https:\/\/aeronoticias.com.pe\/noticiero\/turismo\/13\/arequipa-lluvia-no-afecto-atractivos-turisticos-afirman\/","og_site_name":"Aeronoticias.com.pe","article_publisher":"https:\/\/www.facebook.com\/Aeronoticias.com.pe\/","article_published_time":"2013-02-21T16:15:27+00:00","author":"Redacci\u00f3n Aeronoticias","twitter_card":"summary_large_image","twitter_creator":"@aeronoticias","twitter_site":"@aeronoticias","twitter_misc":{"Escrito por":"Redacci\u00f3n Aeronoticias","Tiempo de lectura":"2 minutos"},"schema":{"@context":"https:\/\/schema.org","@graph":[{"@type":"WebPage","@id":"https:\/\/aeronoticias.com.pe\/noticiero\/turismo\/13\/arequipa-lluvia-no-afecto-atractivos-turisticos-afirman\/","url":"https:\/\/aeronoticias.com.pe\/noticiero\/turismo\/13\/arequipa-lluvia-no-afecto-atractivos-turisticos-afirman\/","name":"Arequipa: Lluvia no afecto atractivos tur\u00edsticos, afirman","isPartOf":{"@id":"https:\/\/aeronoticias.com.pe\/noticiero\/#website"},"datePublished":"2013-02-21T16:15:27+00:00","author":{"@id":"https:\/\/aeronoticias.com.pe\/noticiero\/#\/schema\/person\/fc1e5d578f4b62ba1cf7ac2bba1170a0"},"description":"Portal de noticias del Per\u00fa sobre el transporte a\u00e9reo, aviaci\u00f3n, turismo, hoteleria, actualidad.","breadcrumb":{"@id":"https:\/\/aeronoticias.com.pe\/noticiero\/turismo\/13\/arequipa-lluvia-no-afecto-atractivos-turisticos-afirman\/#breadcrumb"},"inLanguage":"es","potentialAction":[{"@type":"ReadAction","target":["https:\/\/aeronoticias.com.pe\/noticiero\/turismo\/13\/arequipa-lluvia-no-afecto-atractivos-turisticos-afirman\/"]}]},{"@type":"BreadcrumbList","@id":"https:\/\/aeronoticias.com.pe\/noticiero\/turismo\/13\/arequipa-lluvia-no-afecto-atractivos-turisticos-afirman\/#breadcrumb","itemListElement":[{"@type":"ListItem","position":1,"name":"Portada","item":"https:\/\/aeronoticias.com.pe\/noticiero\/"},{"@type":"ListItem","position":2,"name":"Arequipa: Lluvia no afecto atractivos tur\u00edsticos, afirman"}]},{"@type":"WebSite","@id":"https:\/\/aeronoticias.com.pe\/noticiero\/#website","url":"https:\/\/aeronoticias.com.pe\/noticiero\/","name":"Aeronoticias.com.pe","description":"Noticias de tranporte aereo, turismo, hoteles, gastronomia, actualidad, internacional","potentialAction":[{"@type":"SearchAction","target":{"@type":"EntryPoint","urlTemplate":"https:\/\/aeronoticias.com.pe\/noticiero\/?s={search_term_string}"},"query-input":{"@type":"PropertyValueSpecification","valueRequired":true,"valueName":"search_term_string"}}],"inLanguage":"es"},{"@type":"Person","@id":"https:\/\/aeronoticias.com.pe\/noticiero\/#\/schema\/person\/fc1e5d578f4b62ba1cf7ac2bba1170a0","name":"Redacci\u00f3n Aeronoticias","url":"https:\/\/aeronoticias.com.pe\/noticiero\/author\/piloto\/"}]}},"_links":{"self":[{"href":"https:\/\/aeronoticias.com.pe\/noticiero\/wp-json\/wp\/v2\/posts\/34761","targetHints":{"allow":["GET"]}}],"collection":[{"href":"https:\/\/aeronoticias.com.pe\/noticiero\/wp-json\/wp\/v2\/posts"}],"about":[{"href":"https:\/\/aeronoticias.com.pe\/noticiero\/wp-json\/wp\/v2\/types\/post"}],"author":[{"embeddable":true,"href":"https:\/\/aeronoticias.com.pe\/noticiero\/wp-json\/wp\/v2\/users\/1"}],"replies":[{"embeddable":true,"href":"https:\/\/aeronoticias.com.pe\/noticiero\/wp-json\/wp\/v2\/comments?post=34761"}],"version-history":[{"count":0,"href":"https:\/\/aeronoticias.com.pe\/noticiero\/wp-json\/wp\/v2\/posts\/34761\/revisions"}],"wp:attachment":[{"href":"https:\/\/aeronoticias.com.pe\/noticiero\/wp-json\/wp\/v2\/media?parent=34761"}],"wp:term":[{"taxonomy":"category","embeddable":true,"href":"https:\/\/aeronoticias.com.pe\/noticiero\/wp-json\/wp\/v2\/categories?post=34761"},{"taxonomy":"post_tag","embeddable":true,"href":"https:\/\/aeronoticias.com.pe\/noticiero\/wp-json\/wp\/v2\/tags?post=34761"}],"curies":[{"name":"wp","href":"https:\/\/api.w.org\/{rel}","templated":true}]}}