{"id":34764,"date":"2013-02-21T16:30:16","date_gmt":"2013-02-21T16:30:16","guid":{"rendered":"http:\/\/desarrollo.mcvicious.com\/aero2020\/2013\/02\/21\/arequipa-llegada-de-turistas-al-valle-del-colca-se-realiza-con-normalidad\/"},"modified":"2013-02-21T16:30:16","modified_gmt":"2013-02-21T16:30:16","slug":"arequipa-llegada-de-turistas-al-valle-del-colca-se-realiza-con-normalidad","status":"publish","type":"post","link":"https:\/\/aeronoticias.com.pe\/noticiero\/turismo\/13\/arequipa-llegada-de-turistas-al-valle-del-colca-se-realiza-con-normalidad\/","title":{"rendered":"Arequipa: Llegada de turistas al Valle del Colca se realiza con normalidad"},"content":{"rendered":"<p style=\"text-align: justify;\"><strong>(Aeronoticias).-<\/strong> La afluencia de turistas al valle del Colca, en la regi\u00f3n Arequipa, es normal pese a las lluvias que se registran en la zona, precis\u00f3 hoy Fredy Jim\u00e9nez Barrios, gerente de la Autoridad Aut\u00f3noma del Colca (Autocolca).<\/p>\n<p style=\"text-align: justify;\">El funcionario dijo que, a diferencia del a\u00f1o pasado, las precipitaciones que se registran en la zona no son tan intensas, lo que permite que los turistas puedan visitar el lugar sin temor a quedar varados en la carretera.<\/p>\n<p style=\"text-align: justify;\">\u201cLas lluvias en el valle del Colca son normales y no impiden que los turistas que llegan al lugar puedan desplazarse de un sitio a otro, situaci\u00f3n que resulta favorable para la actividad tur\u00edstica de la zona\u201d, puntualiz\u00f3.<\/p>\n<p style=\"text-align: justify;\">Indic\u00f3 que en lo que va del a\u00f1o m\u00e1s de 14,600 turistas visitaron el valle del Colca, cifra ligeramente superior a la registrada durante el mismo periodo del a\u00f1o pasado.<\/p>\n<p>  <!--more-->  <\/p>\n<p style=\"text-align: justify;\">Jim\u00e9nez Barrios refiri\u00f3 que las expectativas tur\u00edsticas en el Colca para este a\u00f1o son optimistas, por lo que estiman recibir alrededor de 250,000 visitantes. En ese sentido, adelant\u00f3 que se trabaja para lograr ese objetivo, a trav\u00e9s de campa\u00f1as que les permitan mejorar la afluencia de personas tanto nacionales como extranjeras.<\/p>\n<p style=\"text-align: justify;\">En el 2012 el Colca recibi\u00f3 m\u00e1s de 220,000 turistas, cifra que se logr\u00f3 mediante campa\u00f1as dirigidas a nacionales y extranjeros, quienes obtuvieron significativos descuentos en el costo del \u00a0boleto tur\u00edstico.<\/p>\n<p style=\"text-align: justify;\">El valle del Colca se encuentra a cuatro horas de viaje de la ciudad de Arequipa. La zona nuestra una gran belleza natural y arqueol\u00f3gica.<\/p>\n<p style=\"text-align: justify;\">Agencia Andina.<\/p>\n<p style=\"text-align: justify;\"><img decoding=\"async\" src=\"images\/stories\/10\/03\/120310\/colca.jpg\" border=\"0\" alt=\"Arequipa: Llegada de turistas al Valle del Colca se realiza con normalidad\" title=\"Arequipa: Llegada de turistas al Valle del Colca se realiza con normalidad\" \/><\/p>\n","protected":false},"excerpt":{"rendered":"<p>(Aeronoticias).- La afluencia de turistas al valle del Colca, en la regi\u00f3n Arequipa, es normal pese a las lluvias que se registran en la zona, precis\u00f3 hoy Fredy Jim\u00e9nez Barrios, gerente de la Autoridad Aut\u00f3noma del Colca (Autocolca). El funcionario dijo que, a diferencia del a\u00f1o pasado, las precipitaciones que se registran en la zona [&hellip;]<\/p>\n","protected":false},"author":1,"featured_media":0,"comment_status":"open","ping_status":"open","sticky":false,"template":"","format":"standard","meta":{"tdm_status":"","tdm_grid_status":"","footnotes":""},"categories":[31],"tags":[],"class_list":{"0":"post-34764","1":"post","2":"type-post","3":"status-publish","4":"format-standard","6":"category-31"},"yoast_head":"<!-- This site is optimized with the Yoast SEO plugin v25.1 - https:\/\/yoast.com\/wordpress\/plugins\/seo\/ -->\n<title>Arequipa: Llegada de turistas al Valle del Colca se realiza con normalidad<\/title>\n<meta name=\"description\" content=\"Portal de noticias del Per\u00fa sobre el transporte a\u00e9reo, aviaci\u00f3n, turismo, hoteleria, actualidad.\" \/>\n<meta name=\"robots\" content=\"index, follow, max-snippet:-1, max-image-preview:large, max-video-preview:-1\" \/>\n<link rel=\"canonical\" href=\"https:\/\/aeronoticias.com.pe\/noticiero\/turismo\/13\/arequipa-llegada-de-turistas-al-valle-del-colca-se-realiza-con-normalidad\/\" \/>\n<meta property=\"og:locale\" content=\"es_ES\" \/>\n<meta property=\"og:type\" content=\"article\" \/>\n<meta property=\"og:title\" content=\"Arequipa: Llegada de turistas al Valle del Colca se realiza con normalidad\" \/>\n<meta property=\"og:description\" content=\"Portal de noticias del Per\u00fa sobre el transporte a\u00e9reo, aviaci\u00f3n, turismo, hoteleria, actualidad.\" \/>\n<meta property=\"og:url\" content=\"https:\/\/aeronoticias.com.pe\/noticiero\/turismo\/13\/arequipa-llegada-de-turistas-al-valle-del-colca-se-realiza-con-normalidad\/\" \/>\n<meta property=\"og:site_name\" content=\"Aeronoticias.com.pe\" \/>\n<meta property=\"article:publisher\" content=\"https:\/\/www.facebook.com\/Aeronoticias.com.pe\/\" \/>\n<meta property=\"article:published_time\" content=\"2013-02-21T16:30:16+00:00\" \/>\n<meta name=\"author\" content=\"Redacci\u00f3n Aeronoticias\" \/>\n<meta name=\"twitter:card\" content=\"summary_large_image\" \/>\n<meta name=\"twitter:creator\" content=\"@aeronoticias\" \/>\n<meta name=\"twitter:site\" content=\"@aeronoticias\" \/>\n<meta name=\"twitter:label1\" content=\"Escrito por\" \/>\n\t<meta name=\"twitter:data1\" content=\"Redacci\u00f3n Aeronoticias\" \/>\n\t<meta name=\"twitter:label2\" content=\"Tiempo de lectura\" \/>\n\t<meta name=\"twitter:data2\" content=\"1 minuto\" \/>\n<script type=\"application\/ld+json\" class=\"yoast-schema-graph\">{\"@context\":\"https:\/\/schema.org\",\"@graph\":[{\"@type\":\"WebPage\",\"@id\":\"https:\/\/aeronoticias.com.pe\/noticiero\/turismo\/13\/arequipa-llegada-de-turistas-al-valle-del-colca-se-realiza-con-normalidad\/\",\"url\":\"https:\/\/aeronoticias.com.pe\/noticiero\/turismo\/13\/arequipa-llegada-de-turistas-al-valle-del-colca-se-realiza-con-normalidad\/\",\"name\":\"Arequipa: Llegada de turistas al Valle del Colca se realiza con normalidad\",\"isPartOf\":{\"@id\":\"https:\/\/aeronoticias.com.pe\/noticiero\/#website\"},\"datePublished\":\"2013-02-21T16:30:16+00:00\",\"author\":{\"@id\":\"https:\/\/aeronoticias.com.pe\/noticiero\/#\/schema\/person\/fc1e5d578f4b62ba1cf7ac2bba1170a0\"},\"description\":\"Portal de noticias del Per\u00fa sobre el transporte a\u00e9reo, aviaci\u00f3n, turismo, hoteleria, actualidad.\",\"breadcrumb\":{\"@id\":\"https:\/\/aeronoticias.com.pe\/noticiero\/turismo\/13\/arequipa-llegada-de-turistas-al-valle-del-colca-se-realiza-con-normalidad\/#breadcrumb\"},\"inLanguage\":\"es\",\"potentialAction\":[{\"@type\":\"ReadAction\",\"target\":[\"https:\/\/aeronoticias.com.pe\/noticiero\/turismo\/13\/arequipa-llegada-de-turistas-al-valle-del-colca-se-realiza-con-normalidad\/\"]}]},{\"@type\":\"BreadcrumbList\",\"@id\":\"https:\/\/aeronoticias.com.pe\/noticiero\/turismo\/13\/arequipa-llegada-de-turistas-al-valle-del-colca-se-realiza-con-normalidad\/#breadcrumb\",\"itemListElement\":[{\"@type\":\"ListItem\",\"position\":1,\"name\":\"Portada\",\"item\":\"https:\/\/aeronoticias.com.pe\/noticiero\/\"},{\"@type\":\"ListItem\",\"position\":2,\"name\":\"Arequipa: Llegada de turistas al Valle del Colca se realiza con normalidad\"}]},{\"@type\":\"WebSite\",\"@id\":\"https:\/\/aeronoticias.com.pe\/noticiero\/#website\",\"url\":\"https:\/\/aeronoticias.com.pe\/noticiero\/\",\"name\":\"Aeronoticias.com.pe\",\"description\":\"Noticias de tranporte aereo, turismo, hoteles, gastronomia, actualidad, internacional\",\"potentialAction\":[{\"@type\":\"SearchAction\",\"target\":{\"@type\":\"EntryPoint\",\"urlTemplate\":\"https:\/\/aeronoticias.com.pe\/noticiero\/?s={search_term_string}\"},\"query-input\":{\"@type\":\"PropertyValueSpecification\",\"valueRequired\":true,\"valueName\":\"search_term_string\"}}],\"inLanguage\":\"es\"},{\"@type\":\"Person\",\"@id\":\"https:\/\/aeronoticias.com.pe\/noticiero\/#\/schema\/person\/fc1e5d578f4b62ba1cf7ac2bba1170a0\",\"name\":\"Redacci\u00f3n Aeronoticias\",\"url\":\"https:\/\/aeronoticias.com.pe\/noticiero\/author\/piloto\/\"}]}<\/script>\n<!-- \/ Yoast SEO plugin. -->","yoast_head_json":{"title":"Arequipa: Llegada de turistas al Valle del Colca se realiza con normalidad","description":"Portal de noticias del Per\u00fa sobre el transporte a\u00e9reo, aviaci\u00f3n, turismo, hoteleria, actualidad.","robots":{"index":"index","follow":"follow","max-snippet":"max-snippet:-1","max-image-preview":"max-image-preview:large","max-video-preview":"max-video-preview:-1"},"canonical":"https:\/\/aeronoticias.com.pe\/noticiero\/turismo\/13\/arequipa-llegada-de-turistas-al-valle-del-colca-se-realiza-con-normalidad\/","og_locale":"es_ES","og_type":"article","og_title":"Arequipa: Llegada de turistas al Valle del Colca se realiza con normalidad","og_description":"Portal de noticias del Per\u00fa sobre el transporte a\u00e9reo, aviaci\u00f3n, turismo, hoteleria, actualidad.","og_url":"https:\/\/aeronoticias.com.pe\/noticiero\/turismo\/13\/arequipa-llegada-de-turistas-al-valle-del-colca-se-realiza-con-normalidad\/","og_site_name":"Aeronoticias.com.pe","article_publisher":"https:\/\/www.facebook.com\/Aeronoticias.com.pe\/","article_published_time":"2013-02-21T16:30:16+00:00","author":"Redacci\u00f3n Aeronoticias","twitter_card":"summary_large_image","twitter_creator":"@aeronoticias","twitter_site":"@aeronoticias","twitter_misc":{"Escrito por":"Redacci\u00f3n Aeronoticias","Tiempo de lectura":"1 minuto"},"schema":{"@context":"https:\/\/schema.org","@graph":[{"@type":"WebPage","@id":"https:\/\/aeronoticias.com.pe\/noticiero\/turismo\/13\/arequipa-llegada-de-turistas-al-valle-del-colca-se-realiza-con-normalidad\/","url":"https:\/\/aeronoticias.com.pe\/noticiero\/turismo\/13\/arequipa-llegada-de-turistas-al-valle-del-colca-se-realiza-con-normalidad\/","name":"Arequipa: Llegada de turistas al Valle del Colca se realiza con normalidad","isPartOf":{"@id":"https:\/\/aeronoticias.com.pe\/noticiero\/#website"},"datePublished":"2013-02-21T16:30:16+00:00","author":{"@id":"https:\/\/aeronoticias.com.pe\/noticiero\/#\/schema\/person\/fc1e5d578f4b62ba1cf7ac2bba1170a0"},"description":"Portal de noticias del Per\u00fa sobre el transporte a\u00e9reo, aviaci\u00f3n, turismo, hoteleria, actualidad.","breadcrumb":{"@id":"https:\/\/aeronoticias.com.pe\/noticiero\/turismo\/13\/arequipa-llegada-de-turistas-al-valle-del-colca-se-realiza-con-normalidad\/#breadcrumb"},"inLanguage":"es","potentialAction":[{"@type":"ReadAction","target":["https:\/\/aeronoticias.com.pe\/noticiero\/turismo\/13\/arequipa-llegada-de-turistas-al-valle-del-colca-se-realiza-con-normalidad\/"]}]},{"@type":"BreadcrumbList","@id":"https:\/\/aeronoticias.com.pe\/noticiero\/turismo\/13\/arequipa-llegada-de-turistas-al-valle-del-colca-se-realiza-con-normalidad\/#breadcrumb","itemListElement":[{"@type":"ListItem","position":1,"name":"Portada","item":"https:\/\/aeronoticias.com.pe\/noticiero\/"},{"@type":"ListItem","position":2,"name":"Arequipa: Llegada de turistas al Valle del Colca se realiza con normalidad"}]},{"@type":"WebSite","@id":"https:\/\/aeronoticias.com.pe\/noticiero\/#website","url":"https:\/\/aeronoticias.com.pe\/noticiero\/","name":"Aeronoticias.com.pe","description":"Noticias de tranporte aereo, turismo, hoteles, gastronomia, actualidad, internacional","potentialAction":[{"@type":"SearchAction","target":{"@type":"EntryPoint","urlTemplate":"https:\/\/aeronoticias.com.pe\/noticiero\/?s={search_term_string}"},"query-input":{"@type":"PropertyValueSpecification","valueRequired":true,"valueName":"search_term_string"}}],"inLanguage":"es"},{"@type":"Person","@id":"https:\/\/aeronoticias.com.pe\/noticiero\/#\/schema\/person\/fc1e5d578f4b62ba1cf7ac2bba1170a0","name":"Redacci\u00f3n Aeronoticias","url":"https:\/\/aeronoticias.com.pe\/noticiero\/author\/piloto\/"}]}},"_links":{"self":[{"href":"https:\/\/aeronoticias.com.pe\/noticiero\/wp-json\/wp\/v2\/posts\/34764","targetHints":{"allow":["GET"]}}],"collection":[{"href":"https:\/\/aeronoticias.com.pe\/noticiero\/wp-json\/wp\/v2\/posts"}],"about":[{"href":"https:\/\/aeronoticias.com.pe\/noticiero\/wp-json\/wp\/v2\/types\/post"}],"author":[{"embeddable":true,"href":"https:\/\/aeronoticias.com.pe\/noticiero\/wp-json\/wp\/v2\/users\/1"}],"replies":[{"embeddable":true,"href":"https:\/\/aeronoticias.com.pe\/noticiero\/wp-json\/wp\/v2\/comments?post=34764"}],"version-history":[{"count":0,"href":"https:\/\/aeronoticias.com.pe\/noticiero\/wp-json\/wp\/v2\/posts\/34764\/revisions"}],"wp:attachment":[{"href":"https:\/\/aeronoticias.com.pe\/noticiero\/wp-json\/wp\/v2\/media?parent=34764"}],"wp:term":[{"taxonomy":"category","embeddable":true,"href":"https:\/\/aeronoticias.com.pe\/noticiero\/wp-json\/wp\/v2\/categories?post=34764"},{"taxonomy":"post_tag","embeddable":true,"href":"https:\/\/aeronoticias.com.pe\/noticiero\/wp-json\/wp\/v2\/tags?post=34764"}],"curies":[{"name":"wp","href":"https:\/\/api.w.org\/{rel}","templated":true}]}}