{"id":34767,"date":"2013-02-21T16:48:57","date_gmt":"2013-02-21T16:48:57","guid":{"rendered":"http:\/\/desarrollo.mcvicious.com\/aero2020\/2013\/02\/21\/estado-podra-actuar-mas-rapido-en-caso-de-desastres\/"},"modified":"2013-02-21T16:48:57","modified_gmt":"2013-02-21T16:48:57","slug":"estado-podra-actuar-mas-rapido-en-caso-de-desastres","status":"publish","type":"post","link":"https:\/\/aeronoticias.com.pe\/noticiero\/nacionales\/estado-podra-actuar-mas-rapido-en-caso-de-desastres\/","title":{"rendered":"Estado podr\u00e1 actuar m\u00e1s r\u00e1pido en caso de desastres"},"content":{"rendered":"<p style=\"text-align: justify;\"><strong>(Aeronoticias)<\/strong> El Ministro de Vivienda, Construcci\u00f3n y Saneamiento, Ren\u00e9 Cornejo inform\u00f3 esta tarde que se aprobaron dos normas para fortalecer el Estado en la prevenci\u00f3n de riesgos y la mitigaci\u00f3n de emergencias en el territorio nacional.<\/p>\n<p>Al t\u00e9rmino de la sesi\u00f3n del Consejo de Ministros N\u00ba 119, en conferencia de prensa realizada en Palacio de Gobierno, explic\u00f3 que, se crear\u00e1 una red de apoyo de las empresas prestadoras de servicios de saneamiento, que permitir\u00e1 una actuaci\u00f3n \u2013mediante el apoyo de capacidades- mucho m\u00e1s r\u00e1pida, efectiva y con menor uso de recursos, a lo largo y ancho del pa\u00eds.<\/p>\n<p>Tras recordar, como ejemplo, que Sedapal estuvo prestando apoyo en los \u00faltimos eventos ocurridos en Ica, Nasca y Arequipa, anot\u00f3 que se trata de replicar este trabajo con mayor efectividad en cualquier punto del pa\u00eds.<\/p>\n<p>Por otro lado, Ren\u00e9 Cornejo indic\u00f3 que la otra norma aprobada establece darle capacidades al Ministerio de Vivienda, Construcci\u00f3n y Saneamiento para apoyar a los gobiernos locales y regionales en las tareas de prevenci\u00f3n de riesgos. <\/p>\n<p>Precis\u00f3 que este apoyo est\u00e1 referido principalmente a temas de drenajes pluviales y al an\u00e1lisis y establecimiento de programas para el mejoramiento de la conducci\u00f3n de aguas de lluvia, \u201ccomo el que se trabaj\u00f3 en Arequipa\u201d.<\/p>\n<p>Finalmente, asegur\u00f3 que esta norma va a permitir de inmediato atender con un plan integral a Arequipa y otras ciudades afectadas por las lluvias.<\/p>\n<p style=\"text-align: justify;\"><img decoding=\"async\" src=\"images\/stories\/13\/02\/renecornejo.jpg\" border=\"0\" alt=\"Estado podr\u00e1 actuar m\u00e1s r\u00e1pido en caso de desastres \" \/><\/p>\n","protected":false},"excerpt":{"rendered":"<p>(Aeronoticias) El Ministro de Vivienda, Construcci\u00f3n y Saneamiento, Ren\u00e9 Cornejo inform\u00f3 esta tarde que se aprobaron dos normas para fortalecer el Estado en la prevenci\u00f3n de riesgos y la mitigaci\u00f3n de emergencias en el territorio nacional. Al t\u00e9rmino de la sesi\u00f3n del Consejo de Ministros N\u00ba 119, en conferencia de prensa realizada en Palacio de [&hellip;]<\/p>\n","protected":false},"author":1,"featured_media":0,"comment_status":"open","ping_status":"open","sticky":false,"template":"","format":"standard","meta":{"tdm_status":"","tdm_grid_status":"","footnotes":""},"categories":[38],"tags":[],"class_list":{"0":"post-34767","1":"post","2":"type-post","3":"status-publish","4":"format-standard","6":"category-nacionales"},"yoast_head":"<!-- This site is optimized with the Yoast SEO plugin v25.1 - https:\/\/yoast.com\/wordpress\/plugins\/seo\/ -->\n<title>Estado podr\u00e1 actuar m\u00e1s r\u00e1pido en caso de desastres<\/title>\n<meta name=\"description\" content=\"Portal de noticias del Per\u00fa sobre el transporte a\u00e9reo, aviaci\u00f3n, turismo, hoteleria, actualidad.\" \/>\n<meta name=\"robots\" content=\"index, follow, max-snippet:-1, max-image-preview:large, max-video-preview:-1\" \/>\n<link rel=\"canonical\" href=\"https:\/\/aeronoticias.com.pe\/noticiero\/nacionales\/estado-podra-actuar-mas-rapido-en-caso-de-desastres\/\" \/>\n<meta property=\"og:locale\" content=\"es_ES\" \/>\n<meta property=\"og:type\" content=\"article\" \/>\n<meta property=\"og:title\" content=\"Estado podr\u00e1 actuar m\u00e1s r\u00e1pido en caso de desastres\" \/>\n<meta property=\"og:description\" content=\"Portal de noticias del Per\u00fa sobre el transporte a\u00e9reo, aviaci\u00f3n, turismo, hoteleria, actualidad.\" \/>\n<meta property=\"og:url\" content=\"https:\/\/aeronoticias.com.pe\/noticiero\/nacionales\/estado-podra-actuar-mas-rapido-en-caso-de-desastres\/\" \/>\n<meta property=\"og:site_name\" content=\"Aeronoticias.com.pe\" \/>\n<meta property=\"article:publisher\" content=\"https:\/\/www.facebook.com\/Aeronoticias.com.pe\/\" \/>\n<meta property=\"article:published_time\" content=\"2013-02-21T16:48:57+00:00\" \/>\n<meta name=\"author\" content=\"Redacci\u00f3n Aeronoticias\" \/>\n<meta name=\"twitter:card\" content=\"summary_large_image\" \/>\n<meta name=\"twitter:creator\" content=\"@aeronoticias\" \/>\n<meta name=\"twitter:site\" content=\"@aeronoticias\" \/>\n<meta name=\"twitter:label1\" content=\"Escrito por\" \/>\n\t<meta name=\"twitter:data1\" content=\"Redacci\u00f3n Aeronoticias\" \/>\n\t<meta name=\"twitter:label2\" content=\"Tiempo de lectura\" \/>\n\t<meta name=\"twitter:data2\" content=\"1 minuto\" \/>\n<script type=\"application\/ld+json\" class=\"yoast-schema-graph\">{\"@context\":\"https:\/\/schema.org\",\"@graph\":[{\"@type\":\"WebPage\",\"@id\":\"https:\/\/aeronoticias.com.pe\/noticiero\/nacionales\/estado-podra-actuar-mas-rapido-en-caso-de-desastres\/\",\"url\":\"https:\/\/aeronoticias.com.pe\/noticiero\/nacionales\/estado-podra-actuar-mas-rapido-en-caso-de-desastres\/\",\"name\":\"Estado podr\u00e1 actuar m\u00e1s r\u00e1pido en caso de desastres\",\"isPartOf\":{\"@id\":\"https:\/\/aeronoticias.com.pe\/noticiero\/#website\"},\"datePublished\":\"2013-02-21T16:48:57+00:00\",\"author\":{\"@id\":\"https:\/\/aeronoticias.com.pe\/noticiero\/#\/schema\/person\/fc1e5d578f4b62ba1cf7ac2bba1170a0\"},\"description\":\"Portal de noticias del Per\u00fa sobre el transporte a\u00e9reo, aviaci\u00f3n, turismo, hoteleria, actualidad.\",\"breadcrumb\":{\"@id\":\"https:\/\/aeronoticias.com.pe\/noticiero\/nacionales\/estado-podra-actuar-mas-rapido-en-caso-de-desastres\/#breadcrumb\"},\"inLanguage\":\"es\",\"potentialAction\":[{\"@type\":\"ReadAction\",\"target\":[\"https:\/\/aeronoticias.com.pe\/noticiero\/nacionales\/estado-podra-actuar-mas-rapido-en-caso-de-desastres\/\"]}]},{\"@type\":\"BreadcrumbList\",\"@id\":\"https:\/\/aeronoticias.com.pe\/noticiero\/nacionales\/estado-podra-actuar-mas-rapido-en-caso-de-desastres\/#breadcrumb\",\"itemListElement\":[{\"@type\":\"ListItem\",\"position\":1,\"name\":\"Portada\",\"item\":\"https:\/\/aeronoticias.com.pe\/noticiero\/\"},{\"@type\":\"ListItem\",\"position\":2,\"name\":\"Estado podr\u00e1 actuar m\u00e1s r\u00e1pido en caso de desastres\"}]},{\"@type\":\"WebSite\",\"@id\":\"https:\/\/aeronoticias.com.pe\/noticiero\/#website\",\"url\":\"https:\/\/aeronoticias.com.pe\/noticiero\/\",\"name\":\"Aeronoticias.com.pe\",\"description\":\"Noticias de tranporte aereo, turismo, hoteles, gastronomia, actualidad, internacional\",\"potentialAction\":[{\"@type\":\"SearchAction\",\"target\":{\"@type\":\"EntryPoint\",\"urlTemplate\":\"https:\/\/aeronoticias.com.pe\/noticiero\/?s={search_term_string}\"},\"query-input\":{\"@type\":\"PropertyValueSpecification\",\"valueRequired\":true,\"valueName\":\"search_term_string\"}}],\"inLanguage\":\"es\"},{\"@type\":\"Person\",\"@id\":\"https:\/\/aeronoticias.com.pe\/noticiero\/#\/schema\/person\/fc1e5d578f4b62ba1cf7ac2bba1170a0\",\"name\":\"Redacci\u00f3n Aeronoticias\",\"url\":\"https:\/\/aeronoticias.com.pe\/noticiero\/author\/piloto\/\"}]}<\/script>\n<!-- \/ Yoast SEO plugin. -->","yoast_head_json":{"title":"Estado podr\u00e1 actuar m\u00e1s r\u00e1pido en caso de desastres","description":"Portal de noticias del Per\u00fa sobre el transporte a\u00e9reo, aviaci\u00f3n, turismo, hoteleria, actualidad.","robots":{"index":"index","follow":"follow","max-snippet":"max-snippet:-1","max-image-preview":"max-image-preview:large","max-video-preview":"max-video-preview:-1"},"canonical":"https:\/\/aeronoticias.com.pe\/noticiero\/nacionales\/estado-podra-actuar-mas-rapido-en-caso-de-desastres\/","og_locale":"es_ES","og_type":"article","og_title":"Estado podr\u00e1 actuar m\u00e1s r\u00e1pido en caso de desastres","og_description":"Portal de noticias del Per\u00fa sobre el transporte a\u00e9reo, aviaci\u00f3n, turismo, hoteleria, actualidad.","og_url":"https:\/\/aeronoticias.com.pe\/noticiero\/nacionales\/estado-podra-actuar-mas-rapido-en-caso-de-desastres\/","og_site_name":"Aeronoticias.com.pe","article_publisher":"https:\/\/www.facebook.com\/Aeronoticias.com.pe\/","article_published_time":"2013-02-21T16:48:57+00:00","author":"Redacci\u00f3n Aeronoticias","twitter_card":"summary_large_image","twitter_creator":"@aeronoticias","twitter_site":"@aeronoticias","twitter_misc":{"Escrito por":"Redacci\u00f3n Aeronoticias","Tiempo de lectura":"1 minuto"},"schema":{"@context":"https:\/\/schema.org","@graph":[{"@type":"WebPage","@id":"https:\/\/aeronoticias.com.pe\/noticiero\/nacionales\/estado-podra-actuar-mas-rapido-en-caso-de-desastres\/","url":"https:\/\/aeronoticias.com.pe\/noticiero\/nacionales\/estado-podra-actuar-mas-rapido-en-caso-de-desastres\/","name":"Estado podr\u00e1 actuar m\u00e1s r\u00e1pido en caso de desastres","isPartOf":{"@id":"https:\/\/aeronoticias.com.pe\/noticiero\/#website"},"datePublished":"2013-02-21T16:48:57+00:00","author":{"@id":"https:\/\/aeronoticias.com.pe\/noticiero\/#\/schema\/person\/fc1e5d578f4b62ba1cf7ac2bba1170a0"},"description":"Portal de noticias del Per\u00fa sobre el transporte a\u00e9reo, aviaci\u00f3n, turismo, hoteleria, actualidad.","breadcrumb":{"@id":"https:\/\/aeronoticias.com.pe\/noticiero\/nacionales\/estado-podra-actuar-mas-rapido-en-caso-de-desastres\/#breadcrumb"},"inLanguage":"es","potentialAction":[{"@type":"ReadAction","target":["https:\/\/aeronoticias.com.pe\/noticiero\/nacionales\/estado-podra-actuar-mas-rapido-en-caso-de-desastres\/"]}]},{"@type":"BreadcrumbList","@id":"https:\/\/aeronoticias.com.pe\/noticiero\/nacionales\/estado-podra-actuar-mas-rapido-en-caso-de-desastres\/#breadcrumb","itemListElement":[{"@type":"ListItem","position":1,"name":"Portada","item":"https:\/\/aeronoticias.com.pe\/noticiero\/"},{"@type":"ListItem","position":2,"name":"Estado podr\u00e1 actuar m\u00e1s r\u00e1pido en caso de desastres"}]},{"@type":"WebSite","@id":"https:\/\/aeronoticias.com.pe\/noticiero\/#website","url":"https:\/\/aeronoticias.com.pe\/noticiero\/","name":"Aeronoticias.com.pe","description":"Noticias de tranporte aereo, turismo, hoteles, gastronomia, actualidad, internacional","potentialAction":[{"@type":"SearchAction","target":{"@type":"EntryPoint","urlTemplate":"https:\/\/aeronoticias.com.pe\/noticiero\/?s={search_term_string}"},"query-input":{"@type":"PropertyValueSpecification","valueRequired":true,"valueName":"search_term_string"}}],"inLanguage":"es"},{"@type":"Person","@id":"https:\/\/aeronoticias.com.pe\/noticiero\/#\/schema\/person\/fc1e5d578f4b62ba1cf7ac2bba1170a0","name":"Redacci\u00f3n Aeronoticias","url":"https:\/\/aeronoticias.com.pe\/noticiero\/author\/piloto\/"}]}},"_links":{"self":[{"href":"https:\/\/aeronoticias.com.pe\/noticiero\/wp-json\/wp\/v2\/posts\/34767","targetHints":{"allow":["GET"]}}],"collection":[{"href":"https:\/\/aeronoticias.com.pe\/noticiero\/wp-json\/wp\/v2\/posts"}],"about":[{"href":"https:\/\/aeronoticias.com.pe\/noticiero\/wp-json\/wp\/v2\/types\/post"}],"author":[{"embeddable":true,"href":"https:\/\/aeronoticias.com.pe\/noticiero\/wp-json\/wp\/v2\/users\/1"}],"replies":[{"embeddable":true,"href":"https:\/\/aeronoticias.com.pe\/noticiero\/wp-json\/wp\/v2\/comments?post=34767"}],"version-history":[{"count":0,"href":"https:\/\/aeronoticias.com.pe\/noticiero\/wp-json\/wp\/v2\/posts\/34767\/revisions"}],"wp:attachment":[{"href":"https:\/\/aeronoticias.com.pe\/noticiero\/wp-json\/wp\/v2\/media?parent=34767"}],"wp:term":[{"taxonomy":"category","embeddable":true,"href":"https:\/\/aeronoticias.com.pe\/noticiero\/wp-json\/wp\/v2\/categories?post=34767"},{"taxonomy":"post_tag","embeddable":true,"href":"https:\/\/aeronoticias.com.pe\/noticiero\/wp-json\/wp\/v2\/tags?post=34767"}],"curies":[{"name":"wp","href":"https:\/\/api.w.org\/{rel}","templated":true}]}}