{"id":34768,"date":"2013-02-21T16:51:19","date_gmt":"2013-02-21T16:51:19","guid":{"rendered":"http:\/\/desarrollo.mcvicious.com\/aero2020\/2013\/02\/21\/mas-de-104-mil-pobladores-de-zonas-vulnerables-de-la-ciudad-han-sido-beneficiados-con-las-festiferias-de-lima\/"},"modified":"2013-02-21T16:51:19","modified_gmt":"2013-02-21T16:51:19","slug":"mas-de-104-mil-pobladores-de-zonas-vulnerables-de-la-ciudad-han-sido-beneficiados-con-las-festiferias-de-lima","status":"publish","type":"post","link":"https:\/\/aeronoticias.com.pe\/noticiero\/nacionales\/mas-de-104-mil-pobladores-de-zonas-vulnerables-de-la-ciudad-han-sido-beneficiados-con-las-festiferias-de-lima\/","title":{"rendered":"M\u00e1s de 104 mil pobladores de zonas vulnerables de la ciudad han sido beneficiados con las Festiferias de Lima"},"content":{"rendered":"<p style=\"text-align: justify;\"><strong>(Aeronoticias)<\/strong> Hasta la fecha se han realizado 57 \u201c\u2018Festiferias de Lima\u2019\u201d que han beneficiado a m\u00e1s de 104 mil vecinos de diversas zonas de Lima, organizadas por la Municipalidad Metropolitana de Lima, para llevar a las zonas m\u00e1s vulnerables de la ciudad servicios de salud, cultura, recreaci\u00f3n y deportes, oportunidades y capacitaci\u00f3n laboral, entrega de \u00e1rboles, consejer\u00eda legal, servicios veterinarios, entre otros.<\/p>\n<p>Durante estas actividades, los participantes reciben atenci\u00f3n en Medicina General, Obstetricia, Oftalmolog\u00eda, Odontolog\u00eda, Nutrici\u00f3n, Laboratorio, Psicolog\u00eda, Pediatr\u00eda, entre otros, a cargo de profesionales de la salud\u00a0 del Sistema Metropolitano de la Solidaridad \u2013 SISOL.<\/p>\n<p>As\u00ed tambi\u00e9n, las vecinas y vecinos se enteran de las obras de la Municipalidad metropolitana de Lima gracias al \u2018T\u00fanel de obras\u201d, en el que participan EMAPE &#8211; Empresa Municipal Administradora de Peaje de Lima, SERPAR \u2013 Servicio de Parques de Lima, GPIP \u2013 Gerencia de Inversi\u00f3n P\u00fablica y Barrio Mio,\u00a0 donde se muestra a los pobladores los principales proyectos de infraestructura ejecutadas por la actual gesti\u00f3n municipal a lo largo de toda la ciudad.<\/p>\n<p>Adem\u00e1s, las ni\u00f1as y ni\u00f1os pueden jugar gracias al programa \u201cLima Juega\u201d, mejorar su capacidad lectora con \u201cLima Lee\u201d, obtener nuevos conocimientos con \u201cCiencia Divertida\u201d y pasando un grato momento con las actividades culturales y shows infantiles, a cargo de SERPAR. De la misma manera, como parte del programa \u2018Adopta un \u00e1rbol\u2019, se entrega plantones a los vecinos participantes, previa capacitaci\u00f3n sobre el cuidado y mantenimiento de los mismos. Este programa tiene como fin reverdecer la ciudad de Lima con la siembra de 300 mil \u00e1rboles hasta el 2014.<br \/><strong><br \/>PR\u00d3XIMAS &#8216;FESTIFERIAS&#8217;<\/strong><br \/>Este fin de semana se realizar\u00e1n 5 festiferias, de 9 am. a 2 pm.<\/p>\n<p><strong>S\u00e1bado 23 de febrero<\/strong><br \/>LOS OLIVOS: AA.HH. San Mart\u00edn de Porres &#8211; Confraternidad, esquina de la Av. Betancourt con la Av. A, al costado del Mercado San Mart\u00edn de Porres.<br \/>R\u00cdMAC: Parque Zonal C\u00e1pac Yupanqui, prolongaci\u00f3n de la Avenida Flor de Amancaes.<\/p>\n<p><strong>Domingo 24 de febrero<\/strong><br \/>VILLA MAR\u00cdA DEL TRIUNFO: Cruce de las calles Talara y Agricultura, al costado del Mercado ATECA, altura del paradero 5 de la Av. Lima.<br \/>LURIGANCHO: Losa deportiva entre la Av. Los \u00c1lamos y el Jr. Los Naranjales, cerca al Puente Papelera (sobre el r\u00edo R\u00edmac), Sauce Grande. <br \/>SAN JUAN DE LURIGANCHO: Plaza de Armas del AA.HH. Juan Pablo II, Av. San Mart\u00edn de Porres s\/n, Sector Juan Pablo II.<\/p>\n<p style=\"text-align: justify;\"><img decoding=\"async\" src=\"images\/stories\/13\/02\/festiferialima.jpg\" border=\"0\" alt=\"M\u00e1s de 104 mil pobladores de zonas vulnerables de la ciudad han sido beneficiados con las Festiferias de Lima\" \/><\/p>\n<p style=\"text-align: justify;\">\u00a0<\/p>\n","protected":false},"excerpt":{"rendered":"<p>(Aeronoticias) Hasta la fecha se han realizado 57 \u201c\u2018Festiferias de Lima\u2019\u201d que han beneficiado a m\u00e1s de 104 mil vecinos de diversas zonas de Lima, organizadas por la Municipalidad Metropolitana de Lima, para llevar a las zonas m\u00e1s vulnerables de la ciudad servicios de salud, cultura, recreaci\u00f3n y deportes, oportunidades y capacitaci\u00f3n laboral, entrega de [&hellip;]<\/p>\n","protected":false},"author":1,"featured_media":0,"comment_status":"open","ping_status":"open","sticky":false,"template":"","format":"standard","meta":{"tdm_status":"","tdm_grid_status":"","footnotes":""},"categories":[38],"tags":[],"class_list":{"0":"post-34768","1":"post","2":"type-post","3":"status-publish","4":"format-standard","6":"category-nacionales"},"yoast_head":"<!-- This site is optimized with the Yoast SEO plugin v25.1 - https:\/\/yoast.com\/wordpress\/plugins\/seo\/ -->\n<title>M\u00e1s de 104 mil pobladores de zonas vulnerables de la ciudad han sido beneficiados con las Festiferias de Lima<\/title>\n<meta name=\"description\" content=\"Portal de noticias del Per\u00fa sobre el transporte a\u00e9reo, aviaci\u00f3n, turismo, hoteleria, actualidad.\" \/>\n<meta name=\"robots\" content=\"index, follow, max-snippet:-1, max-image-preview:large, max-video-preview:-1\" \/>\n<link rel=\"canonical\" href=\"https:\/\/aeronoticias.com.pe\/noticiero\/nacionales\/mas-de-104-mil-pobladores-de-zonas-vulnerables-de-la-ciudad-han-sido-beneficiados-con-las-festiferias-de-lima\/\" \/>\n<meta property=\"og:locale\" content=\"es_ES\" \/>\n<meta property=\"og:type\" content=\"article\" \/>\n<meta property=\"og:title\" content=\"M\u00e1s de 104 mil pobladores de zonas vulnerables de la ciudad han sido beneficiados con las Festiferias de Lima\" \/>\n<meta property=\"og:description\" content=\"Portal de noticias del Per\u00fa sobre el transporte a\u00e9reo, aviaci\u00f3n, turismo, hoteleria, actualidad.\" \/>\n<meta property=\"og:url\" content=\"https:\/\/aeronoticias.com.pe\/noticiero\/nacionales\/mas-de-104-mil-pobladores-de-zonas-vulnerables-de-la-ciudad-han-sido-beneficiados-con-las-festiferias-de-lima\/\" \/>\n<meta property=\"og:site_name\" content=\"Aeronoticias.com.pe\" \/>\n<meta property=\"article:publisher\" content=\"https:\/\/www.facebook.com\/Aeronoticias.com.pe\/\" \/>\n<meta property=\"article:published_time\" content=\"2013-02-21T16:51:19+00:00\" \/>\n<meta name=\"author\" content=\"Redacci\u00f3n Aeronoticias\" \/>\n<meta name=\"twitter:card\" content=\"summary_large_image\" \/>\n<meta name=\"twitter:creator\" content=\"@aeronoticias\" \/>\n<meta name=\"twitter:site\" content=\"@aeronoticias\" \/>\n<meta name=\"twitter:label1\" content=\"Escrito por\" \/>\n\t<meta name=\"twitter:data1\" content=\"Redacci\u00f3n Aeronoticias\" \/>\n\t<meta name=\"twitter:label2\" content=\"Tiempo de lectura\" \/>\n\t<meta name=\"twitter:data2\" content=\"2 minutos\" \/>\n<script type=\"application\/ld+json\" class=\"yoast-schema-graph\">{\"@context\":\"https:\/\/schema.org\",\"@graph\":[{\"@type\":\"WebPage\",\"@id\":\"https:\/\/aeronoticias.com.pe\/noticiero\/nacionales\/mas-de-104-mil-pobladores-de-zonas-vulnerables-de-la-ciudad-han-sido-beneficiados-con-las-festiferias-de-lima\/\",\"url\":\"https:\/\/aeronoticias.com.pe\/noticiero\/nacionales\/mas-de-104-mil-pobladores-de-zonas-vulnerables-de-la-ciudad-han-sido-beneficiados-con-las-festiferias-de-lima\/\",\"name\":\"M\u00e1s de 104 mil pobladores de zonas vulnerables de la ciudad han sido beneficiados con las Festiferias de Lima\",\"isPartOf\":{\"@id\":\"https:\/\/aeronoticias.com.pe\/noticiero\/#website\"},\"datePublished\":\"2013-02-21T16:51:19+00:00\",\"author\":{\"@id\":\"https:\/\/aeronoticias.com.pe\/noticiero\/#\/schema\/person\/fc1e5d578f4b62ba1cf7ac2bba1170a0\"},\"description\":\"Portal de noticias del Per\u00fa sobre el transporte a\u00e9reo, aviaci\u00f3n, turismo, hoteleria, actualidad.\",\"breadcrumb\":{\"@id\":\"https:\/\/aeronoticias.com.pe\/noticiero\/nacionales\/mas-de-104-mil-pobladores-de-zonas-vulnerables-de-la-ciudad-han-sido-beneficiados-con-las-festiferias-de-lima\/#breadcrumb\"},\"inLanguage\":\"es\",\"potentialAction\":[{\"@type\":\"ReadAction\",\"target\":[\"https:\/\/aeronoticias.com.pe\/noticiero\/nacionales\/mas-de-104-mil-pobladores-de-zonas-vulnerables-de-la-ciudad-han-sido-beneficiados-con-las-festiferias-de-lima\/\"]}]},{\"@type\":\"BreadcrumbList\",\"@id\":\"https:\/\/aeronoticias.com.pe\/noticiero\/nacionales\/mas-de-104-mil-pobladores-de-zonas-vulnerables-de-la-ciudad-han-sido-beneficiados-con-las-festiferias-de-lima\/#breadcrumb\",\"itemListElement\":[{\"@type\":\"ListItem\",\"position\":1,\"name\":\"Portada\",\"item\":\"https:\/\/aeronoticias.com.pe\/noticiero\/\"},{\"@type\":\"ListItem\",\"position\":2,\"name\":\"M\u00e1s de 104 mil pobladores de zonas vulnerables de la ciudad han sido beneficiados con las Festiferias de Lima\"}]},{\"@type\":\"WebSite\",\"@id\":\"https:\/\/aeronoticias.com.pe\/noticiero\/#website\",\"url\":\"https:\/\/aeronoticias.com.pe\/noticiero\/\",\"name\":\"Aeronoticias.com.pe\",\"description\":\"Noticias de tranporte aereo, turismo, hoteles, gastronomia, actualidad, internacional\",\"potentialAction\":[{\"@type\":\"SearchAction\",\"target\":{\"@type\":\"EntryPoint\",\"urlTemplate\":\"https:\/\/aeronoticias.com.pe\/noticiero\/?s={search_term_string}\"},\"query-input\":{\"@type\":\"PropertyValueSpecification\",\"valueRequired\":true,\"valueName\":\"search_term_string\"}}],\"inLanguage\":\"es\"},{\"@type\":\"Person\",\"@id\":\"https:\/\/aeronoticias.com.pe\/noticiero\/#\/schema\/person\/fc1e5d578f4b62ba1cf7ac2bba1170a0\",\"name\":\"Redacci\u00f3n Aeronoticias\",\"url\":\"https:\/\/aeronoticias.com.pe\/noticiero\/author\/piloto\/\"}]}<\/script>\n<!-- \/ Yoast SEO plugin. -->","yoast_head_json":{"title":"M\u00e1s de 104 mil pobladores de zonas vulnerables de la ciudad han sido beneficiados con las Festiferias de Lima","description":"Portal de noticias del Per\u00fa sobre el transporte a\u00e9reo, aviaci\u00f3n, turismo, hoteleria, actualidad.","robots":{"index":"index","follow":"follow","max-snippet":"max-snippet:-1","max-image-preview":"max-image-preview:large","max-video-preview":"max-video-preview:-1"},"canonical":"https:\/\/aeronoticias.com.pe\/noticiero\/nacionales\/mas-de-104-mil-pobladores-de-zonas-vulnerables-de-la-ciudad-han-sido-beneficiados-con-las-festiferias-de-lima\/","og_locale":"es_ES","og_type":"article","og_title":"M\u00e1s de 104 mil pobladores de zonas vulnerables de la ciudad han sido beneficiados con las Festiferias de Lima","og_description":"Portal de noticias del Per\u00fa sobre el transporte a\u00e9reo, aviaci\u00f3n, turismo, hoteleria, actualidad.","og_url":"https:\/\/aeronoticias.com.pe\/noticiero\/nacionales\/mas-de-104-mil-pobladores-de-zonas-vulnerables-de-la-ciudad-han-sido-beneficiados-con-las-festiferias-de-lima\/","og_site_name":"Aeronoticias.com.pe","article_publisher":"https:\/\/www.facebook.com\/Aeronoticias.com.pe\/","article_published_time":"2013-02-21T16:51:19+00:00","author":"Redacci\u00f3n Aeronoticias","twitter_card":"summary_large_image","twitter_creator":"@aeronoticias","twitter_site":"@aeronoticias","twitter_misc":{"Escrito por":"Redacci\u00f3n Aeronoticias","Tiempo de lectura":"2 minutos"},"schema":{"@context":"https:\/\/schema.org","@graph":[{"@type":"WebPage","@id":"https:\/\/aeronoticias.com.pe\/noticiero\/nacionales\/mas-de-104-mil-pobladores-de-zonas-vulnerables-de-la-ciudad-han-sido-beneficiados-con-las-festiferias-de-lima\/","url":"https:\/\/aeronoticias.com.pe\/noticiero\/nacionales\/mas-de-104-mil-pobladores-de-zonas-vulnerables-de-la-ciudad-han-sido-beneficiados-con-las-festiferias-de-lima\/","name":"M\u00e1s de 104 mil pobladores de zonas vulnerables de la ciudad han sido beneficiados con las Festiferias de Lima","isPartOf":{"@id":"https:\/\/aeronoticias.com.pe\/noticiero\/#website"},"datePublished":"2013-02-21T16:51:19+00:00","author":{"@id":"https:\/\/aeronoticias.com.pe\/noticiero\/#\/schema\/person\/fc1e5d578f4b62ba1cf7ac2bba1170a0"},"description":"Portal de noticias del Per\u00fa sobre el transporte a\u00e9reo, aviaci\u00f3n, turismo, hoteleria, actualidad.","breadcrumb":{"@id":"https:\/\/aeronoticias.com.pe\/noticiero\/nacionales\/mas-de-104-mil-pobladores-de-zonas-vulnerables-de-la-ciudad-han-sido-beneficiados-con-las-festiferias-de-lima\/#breadcrumb"},"inLanguage":"es","potentialAction":[{"@type":"ReadAction","target":["https:\/\/aeronoticias.com.pe\/noticiero\/nacionales\/mas-de-104-mil-pobladores-de-zonas-vulnerables-de-la-ciudad-han-sido-beneficiados-con-las-festiferias-de-lima\/"]}]},{"@type":"BreadcrumbList","@id":"https:\/\/aeronoticias.com.pe\/noticiero\/nacionales\/mas-de-104-mil-pobladores-de-zonas-vulnerables-de-la-ciudad-han-sido-beneficiados-con-las-festiferias-de-lima\/#breadcrumb","itemListElement":[{"@type":"ListItem","position":1,"name":"Portada","item":"https:\/\/aeronoticias.com.pe\/noticiero\/"},{"@type":"ListItem","position":2,"name":"M\u00e1s de 104 mil pobladores de zonas vulnerables de la ciudad han sido beneficiados con las Festiferias de Lima"}]},{"@type":"WebSite","@id":"https:\/\/aeronoticias.com.pe\/noticiero\/#website","url":"https:\/\/aeronoticias.com.pe\/noticiero\/","name":"Aeronoticias.com.pe","description":"Noticias de tranporte aereo, turismo, hoteles, gastronomia, actualidad, internacional","potentialAction":[{"@type":"SearchAction","target":{"@type":"EntryPoint","urlTemplate":"https:\/\/aeronoticias.com.pe\/noticiero\/?s={search_term_string}"},"query-input":{"@type":"PropertyValueSpecification","valueRequired":true,"valueName":"search_term_string"}}],"inLanguage":"es"},{"@type":"Person","@id":"https:\/\/aeronoticias.com.pe\/noticiero\/#\/schema\/person\/fc1e5d578f4b62ba1cf7ac2bba1170a0","name":"Redacci\u00f3n Aeronoticias","url":"https:\/\/aeronoticias.com.pe\/noticiero\/author\/piloto\/"}]}},"_links":{"self":[{"href":"https:\/\/aeronoticias.com.pe\/noticiero\/wp-json\/wp\/v2\/posts\/34768","targetHints":{"allow":["GET"]}}],"collection":[{"href":"https:\/\/aeronoticias.com.pe\/noticiero\/wp-json\/wp\/v2\/posts"}],"about":[{"href":"https:\/\/aeronoticias.com.pe\/noticiero\/wp-json\/wp\/v2\/types\/post"}],"author":[{"embeddable":true,"href":"https:\/\/aeronoticias.com.pe\/noticiero\/wp-json\/wp\/v2\/users\/1"}],"replies":[{"embeddable":true,"href":"https:\/\/aeronoticias.com.pe\/noticiero\/wp-json\/wp\/v2\/comments?post=34768"}],"version-history":[{"count":0,"href":"https:\/\/aeronoticias.com.pe\/noticiero\/wp-json\/wp\/v2\/posts\/34768\/revisions"}],"wp:attachment":[{"href":"https:\/\/aeronoticias.com.pe\/noticiero\/wp-json\/wp\/v2\/media?parent=34768"}],"wp:term":[{"taxonomy":"category","embeddable":true,"href":"https:\/\/aeronoticias.com.pe\/noticiero\/wp-json\/wp\/v2\/categories?post=34768"},{"taxonomy":"post_tag","embeddable":true,"href":"https:\/\/aeronoticias.com.pe\/noticiero\/wp-json\/wp\/v2\/tags?post=34768"}],"curies":[{"name":"wp","href":"https:\/\/api.w.org\/{rel}","templated":true}]}}