{"id":34769,"date":"2013-02-21T16:59:02","date_gmt":"2013-02-21T16:59:02","guid":{"rendered":"http:\/\/desarrollo.mcvicious.com\/aero2020\/2013\/02\/21\/en-el-norte-de-irak-turquia-bombardea-bases-de-guerrilla-kurda\/"},"modified":"2013-02-21T16:59:02","modified_gmt":"2013-02-21T16:59:02","slug":"en-el-norte-de-irak-turquia-bombardea-bases-de-guerrilla-kurda","status":"publish","type":"post","link":"https:\/\/aeronoticias.com.pe\/noticiero\/internacionales\/en-el-norte-de-irak-turquia-bombardea-bases-de-guerrilla-kurda\/","title":{"rendered":"En el norte de Irak Turqu\u00eda bombardea bases de guerrilla kurda"},"content":{"rendered":"<p style=\"text-align: justify;\"><strong>(Aeronoticias).-<\/strong>Seg\u00fan inform\u00f3 la emisora CNNTurk, en el extremo noreste de Irak, ocho cazabombarderos turcos bombardearon refugios\u00a0 del clandestino Partido de los Trabajadores de Kurdist\u00e1n (PKK).<\/p>\n<p style=\"text-align: justify;\">El  ataque, efectuado con aviones F-16, se produjo en la noche del  mi\u00e9rcoles al jueves en una misi\u00f3n de dos horas de duraci\u00f3n sobre los  montes Kandil, durante la que fueron bombardeados 12 objetivos, entre ellos algunas posiciones con defensas antia\u00e9reas, asegur\u00f3 la cadena antes mencionada.<\/p>\n<p>Tambi\u00e9n  la agencia kurdo-iraqu\u00ed PUKmedia inform\u00f3 de los bombardeos citando  fuentes locales e indicando que\u00a0 hasta el momento no hay datos sobre posibles v\u00edctimas.<\/p>\n<p>El  ataque, una operaci\u00f3n frecuentemente repetida durante 2012, llega en un  momento en el que el Gobierno de Ankara est\u00e1 dando los primeros pasos  para negociar el fin del conflicto con el l\u00edder del PKK, Abdullah \u00d6calan, encarcelado en Turqu\u00eda desde 1999<\/p>\n<p>Desde  que se hicieron p\u00fablicas las primeras conversaciones entre agentes del  servicio secreto turco y \u00d6calan en la c\u00e1rcel de alta seguridad de  Imrali, Turqu\u00eda vislumbra un posible final pac\u00edfico del conflicto  armado, que dura desde hace 29 a\u00f1os.<\/p>\n<p>Hoy se ha confirmado que una  delegaci\u00f3n del Partido Paz y Democracia (BDP) podr\u00e1 efectuar ma\u00f1ana una  visita a \u00d6calan, la segunda desde que el proceso arranc\u00f3 a principios  de enero.<\/p>\n<p>Todav\u00eda no se han dado a conocer las posibles  condiciones de la negociaci\u00f3n, aunque Ankara s\u00ed ha confirmado que el  objetivo es alcanzar el desarme del PKK y que en este proceso participen  los actuales jefes de la guerrilla.<\/p>\n<p>CNNT\u00fcrk asegura que la  operaci\u00f3n a\u00e9rea se orden\u00f3 despu\u00e9s de que aviones esp\u00eda no tripulados  detectaran ayer a varios \u00abterroristas\u00bb que volv\u00edan a establecerse en  posiciones bombardeadas en ocasiones anteriores.<\/p>\n<p><img decoding=\"async\" src=\"images\/stories\/13\/02\/210213\/notainternacional.jpg\" border=\"0\" alt=\"bombardeo\" title=\"bombardeo\" \/><\/p>\n","protected":false},"excerpt":{"rendered":"<p>(Aeronoticias).-Seg\u00fan inform\u00f3 la emisora CNNTurk, en el extremo noreste de Irak, ocho cazabombarderos turcos bombardearon refugios\u00a0 del clandestino Partido de los Trabajadores de Kurdist\u00e1n (PKK). El ataque, efectuado con aviones F-16, se produjo en la noche del mi\u00e9rcoles al jueves en una misi\u00f3n de dos horas de duraci\u00f3n sobre los montes Kandil, durante la que [&hellip;]<\/p>\n","protected":false},"author":1,"featured_media":0,"comment_status":"open","ping_status":"open","sticky":false,"template":"","format":"standard","meta":{"tdm_status":"","tdm_grid_status":"","footnotes":""},"categories":[34],"tags":[],"class_list":{"0":"post-34769","1":"post","2":"type-post","3":"status-publish","4":"format-standard","6":"category-internacionales"},"yoast_head":"<!-- This site is optimized with the Yoast SEO plugin v25.1 - https:\/\/yoast.com\/wordpress\/plugins\/seo\/ -->\n<title>En el norte de Irak Turqu\u00eda bombardea bases de guerrilla kurda<\/title>\n<meta name=\"description\" content=\"Portal de noticias del Per\u00fa sobre el transporte a\u00e9reo, aviaci\u00f3n, turismo, hoteleria, actualidad.\" \/>\n<meta name=\"robots\" content=\"index, follow, max-snippet:-1, max-image-preview:large, max-video-preview:-1\" \/>\n<link rel=\"canonical\" href=\"https:\/\/aeronoticias.com.pe\/noticiero\/internacionales\/en-el-norte-de-irak-turquia-bombardea-bases-de-guerrilla-kurda\/\" \/>\n<meta property=\"og:locale\" content=\"es_ES\" \/>\n<meta property=\"og:type\" content=\"article\" \/>\n<meta property=\"og:title\" content=\"En el norte de Irak Turqu\u00eda bombardea bases de guerrilla kurda\" \/>\n<meta property=\"og:description\" content=\"Portal de noticias del Per\u00fa sobre el transporte a\u00e9reo, aviaci\u00f3n, turismo, hoteleria, actualidad.\" \/>\n<meta property=\"og:url\" content=\"https:\/\/aeronoticias.com.pe\/noticiero\/internacionales\/en-el-norte-de-irak-turquia-bombardea-bases-de-guerrilla-kurda\/\" \/>\n<meta property=\"og:site_name\" content=\"Aeronoticias.com.pe\" \/>\n<meta property=\"article:publisher\" content=\"https:\/\/www.facebook.com\/Aeronoticias.com.pe\/\" \/>\n<meta property=\"article:published_time\" content=\"2013-02-21T16:59:02+00:00\" \/>\n<meta name=\"author\" content=\"Redacci\u00f3n Aeronoticias\" \/>\n<meta name=\"twitter:card\" content=\"summary_large_image\" \/>\n<meta name=\"twitter:creator\" content=\"@aeronoticias\" \/>\n<meta name=\"twitter:site\" content=\"@aeronoticias\" \/>\n<meta name=\"twitter:label1\" content=\"Escrito por\" \/>\n\t<meta name=\"twitter:data1\" content=\"Redacci\u00f3n Aeronoticias\" \/>\n\t<meta name=\"twitter:label2\" content=\"Tiempo de lectura\" \/>\n\t<meta name=\"twitter:data2\" content=\"1 minuto\" \/>\n<script type=\"application\/ld+json\" class=\"yoast-schema-graph\">{\"@context\":\"https:\/\/schema.org\",\"@graph\":[{\"@type\":\"WebPage\",\"@id\":\"https:\/\/aeronoticias.com.pe\/noticiero\/internacionales\/en-el-norte-de-irak-turquia-bombardea-bases-de-guerrilla-kurda\/\",\"url\":\"https:\/\/aeronoticias.com.pe\/noticiero\/internacionales\/en-el-norte-de-irak-turquia-bombardea-bases-de-guerrilla-kurda\/\",\"name\":\"En el norte de Irak Turqu\u00eda bombardea bases de guerrilla kurda\",\"isPartOf\":{\"@id\":\"https:\/\/aeronoticias.com.pe\/noticiero\/#website\"},\"datePublished\":\"2013-02-21T16:59:02+00:00\",\"author\":{\"@id\":\"https:\/\/aeronoticias.com.pe\/noticiero\/#\/schema\/person\/fc1e5d578f4b62ba1cf7ac2bba1170a0\"},\"description\":\"Portal de noticias del Per\u00fa sobre el transporte a\u00e9reo, aviaci\u00f3n, turismo, hoteleria, actualidad.\",\"breadcrumb\":{\"@id\":\"https:\/\/aeronoticias.com.pe\/noticiero\/internacionales\/en-el-norte-de-irak-turquia-bombardea-bases-de-guerrilla-kurda\/#breadcrumb\"},\"inLanguage\":\"es\",\"potentialAction\":[{\"@type\":\"ReadAction\",\"target\":[\"https:\/\/aeronoticias.com.pe\/noticiero\/internacionales\/en-el-norte-de-irak-turquia-bombardea-bases-de-guerrilla-kurda\/\"]}]},{\"@type\":\"BreadcrumbList\",\"@id\":\"https:\/\/aeronoticias.com.pe\/noticiero\/internacionales\/en-el-norte-de-irak-turquia-bombardea-bases-de-guerrilla-kurda\/#breadcrumb\",\"itemListElement\":[{\"@type\":\"ListItem\",\"position\":1,\"name\":\"Portada\",\"item\":\"https:\/\/aeronoticias.com.pe\/noticiero\/\"},{\"@type\":\"ListItem\",\"position\":2,\"name\":\"En el norte de Irak Turqu\u00eda bombardea bases de guerrilla kurda\"}]},{\"@type\":\"WebSite\",\"@id\":\"https:\/\/aeronoticias.com.pe\/noticiero\/#website\",\"url\":\"https:\/\/aeronoticias.com.pe\/noticiero\/\",\"name\":\"Aeronoticias.com.pe\",\"description\":\"Noticias de tranporte aereo, turismo, hoteles, gastronomia, actualidad, internacional\",\"potentialAction\":[{\"@type\":\"SearchAction\",\"target\":{\"@type\":\"EntryPoint\",\"urlTemplate\":\"https:\/\/aeronoticias.com.pe\/noticiero\/?s={search_term_string}\"},\"query-input\":{\"@type\":\"PropertyValueSpecification\",\"valueRequired\":true,\"valueName\":\"search_term_string\"}}],\"inLanguage\":\"es\"},{\"@type\":\"Person\",\"@id\":\"https:\/\/aeronoticias.com.pe\/noticiero\/#\/schema\/person\/fc1e5d578f4b62ba1cf7ac2bba1170a0\",\"name\":\"Redacci\u00f3n Aeronoticias\",\"url\":\"https:\/\/aeronoticias.com.pe\/noticiero\/author\/piloto\/\"}]}<\/script>\n<!-- \/ Yoast SEO plugin. -->","yoast_head_json":{"title":"En el norte de Irak Turqu\u00eda bombardea bases de guerrilla kurda","description":"Portal de noticias del Per\u00fa sobre el transporte a\u00e9reo, aviaci\u00f3n, turismo, hoteleria, actualidad.","robots":{"index":"index","follow":"follow","max-snippet":"max-snippet:-1","max-image-preview":"max-image-preview:large","max-video-preview":"max-video-preview:-1"},"canonical":"https:\/\/aeronoticias.com.pe\/noticiero\/internacionales\/en-el-norte-de-irak-turquia-bombardea-bases-de-guerrilla-kurda\/","og_locale":"es_ES","og_type":"article","og_title":"En el norte de Irak Turqu\u00eda bombardea bases de guerrilla kurda","og_description":"Portal de noticias del Per\u00fa sobre el transporte a\u00e9reo, aviaci\u00f3n, turismo, hoteleria, actualidad.","og_url":"https:\/\/aeronoticias.com.pe\/noticiero\/internacionales\/en-el-norte-de-irak-turquia-bombardea-bases-de-guerrilla-kurda\/","og_site_name":"Aeronoticias.com.pe","article_publisher":"https:\/\/www.facebook.com\/Aeronoticias.com.pe\/","article_published_time":"2013-02-21T16:59:02+00:00","author":"Redacci\u00f3n Aeronoticias","twitter_card":"summary_large_image","twitter_creator":"@aeronoticias","twitter_site":"@aeronoticias","twitter_misc":{"Escrito por":"Redacci\u00f3n Aeronoticias","Tiempo de lectura":"1 minuto"},"schema":{"@context":"https:\/\/schema.org","@graph":[{"@type":"WebPage","@id":"https:\/\/aeronoticias.com.pe\/noticiero\/internacionales\/en-el-norte-de-irak-turquia-bombardea-bases-de-guerrilla-kurda\/","url":"https:\/\/aeronoticias.com.pe\/noticiero\/internacionales\/en-el-norte-de-irak-turquia-bombardea-bases-de-guerrilla-kurda\/","name":"En el norte de Irak Turqu\u00eda bombardea bases de guerrilla kurda","isPartOf":{"@id":"https:\/\/aeronoticias.com.pe\/noticiero\/#website"},"datePublished":"2013-02-21T16:59:02+00:00","author":{"@id":"https:\/\/aeronoticias.com.pe\/noticiero\/#\/schema\/person\/fc1e5d578f4b62ba1cf7ac2bba1170a0"},"description":"Portal de noticias del Per\u00fa sobre el transporte a\u00e9reo, aviaci\u00f3n, turismo, hoteleria, actualidad.","breadcrumb":{"@id":"https:\/\/aeronoticias.com.pe\/noticiero\/internacionales\/en-el-norte-de-irak-turquia-bombardea-bases-de-guerrilla-kurda\/#breadcrumb"},"inLanguage":"es","potentialAction":[{"@type":"ReadAction","target":["https:\/\/aeronoticias.com.pe\/noticiero\/internacionales\/en-el-norte-de-irak-turquia-bombardea-bases-de-guerrilla-kurda\/"]}]},{"@type":"BreadcrumbList","@id":"https:\/\/aeronoticias.com.pe\/noticiero\/internacionales\/en-el-norte-de-irak-turquia-bombardea-bases-de-guerrilla-kurda\/#breadcrumb","itemListElement":[{"@type":"ListItem","position":1,"name":"Portada","item":"https:\/\/aeronoticias.com.pe\/noticiero\/"},{"@type":"ListItem","position":2,"name":"En el norte de Irak Turqu\u00eda bombardea bases de guerrilla kurda"}]},{"@type":"WebSite","@id":"https:\/\/aeronoticias.com.pe\/noticiero\/#website","url":"https:\/\/aeronoticias.com.pe\/noticiero\/","name":"Aeronoticias.com.pe","description":"Noticias de tranporte aereo, turismo, hoteles, gastronomia, actualidad, internacional","potentialAction":[{"@type":"SearchAction","target":{"@type":"EntryPoint","urlTemplate":"https:\/\/aeronoticias.com.pe\/noticiero\/?s={search_term_string}"},"query-input":{"@type":"PropertyValueSpecification","valueRequired":true,"valueName":"search_term_string"}}],"inLanguage":"es"},{"@type":"Person","@id":"https:\/\/aeronoticias.com.pe\/noticiero\/#\/schema\/person\/fc1e5d578f4b62ba1cf7ac2bba1170a0","name":"Redacci\u00f3n Aeronoticias","url":"https:\/\/aeronoticias.com.pe\/noticiero\/author\/piloto\/"}]}},"_links":{"self":[{"href":"https:\/\/aeronoticias.com.pe\/noticiero\/wp-json\/wp\/v2\/posts\/34769","targetHints":{"allow":["GET"]}}],"collection":[{"href":"https:\/\/aeronoticias.com.pe\/noticiero\/wp-json\/wp\/v2\/posts"}],"about":[{"href":"https:\/\/aeronoticias.com.pe\/noticiero\/wp-json\/wp\/v2\/types\/post"}],"author":[{"embeddable":true,"href":"https:\/\/aeronoticias.com.pe\/noticiero\/wp-json\/wp\/v2\/users\/1"}],"replies":[{"embeddable":true,"href":"https:\/\/aeronoticias.com.pe\/noticiero\/wp-json\/wp\/v2\/comments?post=34769"}],"version-history":[{"count":0,"href":"https:\/\/aeronoticias.com.pe\/noticiero\/wp-json\/wp\/v2\/posts\/34769\/revisions"}],"wp:attachment":[{"href":"https:\/\/aeronoticias.com.pe\/noticiero\/wp-json\/wp\/v2\/media?parent=34769"}],"wp:term":[{"taxonomy":"category","embeddable":true,"href":"https:\/\/aeronoticias.com.pe\/noticiero\/wp-json\/wp\/v2\/categories?post=34769"},{"taxonomy":"post_tag","embeddable":true,"href":"https:\/\/aeronoticias.com.pe\/noticiero\/wp-json\/wp\/v2\/tags?post=34769"}],"curies":[{"name":"wp","href":"https:\/\/api.w.org\/{rel}","templated":true}]}}