{"id":34770,"date":"2013-02-21T17:03:09","date_gmt":"2013-02-21T17:03:09","guid":{"rendered":"http:\/\/desarrollo.mcvicious.com\/aero2020\/2013\/02\/21\/boeing-presentara-plan-de-solucion-temporal-para-baterias-del-787\/"},"modified":"2013-02-21T17:03:09","modified_gmt":"2013-02-21T17:03:09","slug":"boeing-presentara-plan-de-solucion-temporal-para-baterias-del-787","status":"publish","type":"post","link":"https:\/\/aeronoticias.com.pe\/noticiero\/transporte-aereo\/internacional\/boeing-presentara-plan-de-solucion-temporal-para-baterias-del-787\/","title":{"rendered":"Boeing presentar\u00e1 plan de soluci\u00f3n temporal para bater\u00edas del 787"},"content":{"rendered":"<p style=\"text-align: justify;\"><strong>(Aeronoticias).-<\/strong> Boeing ha dise\u00f1ado un plan que propondr\u00eda a los reguladores en el gobierno federal de Estados Unidos, a fin de corregir temporalmente los problemas de las bater\u00edas de los aviones 787 Dreamliner que han ocasionado que las aeronaves permanezcan en tierra desde hace m\u00e1s de un mes, dijo un funcionario del Congreso a The Associated Press el mi\u00e9rcoles.<\/p>\n<p style=\"text-align: justify;\">Se espera que Ray Conner, director general de Boeing Commercial Airplanes, presente el plan a Michael Huerta, presidente de la Agencia Federal de Aviaci\u00f3n (FAA, por sus siglas en ingl\u00e9s) en una reuni\u00f3n prevista para el viernes, dijo el funcionario, que habl\u00f3 a condici\u00f3n del anonimato porque no ten\u00eda autorizaci\u00f3n de hacer declaraciones p\u00fablicas al respecto.<\/p>\n<p style=\"text-align: justify;\">El vocero de Boeing Co., Marc Birtel, dijo que la compa\u00f1\u00eda no hace comentarios antes de reunirse con funcionarios federales.<\/p>\n<p style=\"text-align: justify;\">\u00abTodos trabajan para obtener una respuesta lo m\u00e1s pronto posible, y ha habido un buen avance\u00bb, dijo Birtel.<\/p>\n<p>  <!--more-->  <\/p>\n<p style=\"text-align: justify;\">La FAA y autoridades extranjeras de aviaci\u00f3n ordenaron dejar en tierra los 50 aviones en servicio a nivel mundial luego que una bater\u00eda de iones de litio se incendi\u00f3 en una aeronave estacionada en Boston y que el humo procedente de una bater\u00eda ocasion\u00f3 el aterrizaje de emergencia de otro avi\u00f3n en Jap\u00f3n.<\/p>\n<p style=\"text-align: justify;\">El 787 es el avi\u00f3n m\u00e1s nuevo y de mayor avance tecnol\u00f3gico de Boeing. Se supon\u00eda que ser\u00eda el ejemplo del futuro de la aviaci\u00f3n comercial, pero el periodo en tierra le ha dado mala reputaci\u00f3n y ha ocasionado una fuga financiera para Boeing, que compite con Airbus por convertirse en el fabricante m\u00e1s grande de aviones comerciales en el mundo.<\/p>\n<p style=\"text-align: justify;\">El avi\u00f3n es tambi\u00e9n el primero en usar de forma amplia las bater\u00edas de iones de litio para ayudar con sus sistemas el\u00e9ctricos. Las bater\u00edas de iones de litio pesan menos, se cargan m\u00e1s r\u00e1pido y almacenan m\u00e1s energ\u00eda que otras bater\u00edas de tama\u00f1o comparable. Pero tambi\u00e9n son m\u00e1s susceptibles a cortocircuitos que pueden causar incendios en caso de que est\u00e9n da\u00f1adas, presenten defectos de fabricaci\u00f3n, est\u00e9n expuestas a calor excesivo o se sobrecarguen.<\/p>\n<p style=\"text-align: justify;\">La Junta Nacional de Seguridad en el Transporte estadounidense investiga el incendio de la bater\u00eda en un avi\u00f3n 787 de Japan Airlines detectado poco despu\u00e9s del aterrizaje en el Aeropuerto Internacional Logan de Boston el 7 de enero.<\/p>\n<p style=\"text-align: justify;\">El mi\u00e9rcoles, el Ministerio de Transporte de Jap\u00f3n inform\u00f3 que sus propias investigaciones han detectado un nuevo problema: La unidad de energ\u00eda auxiliar del avi\u00f3n, que contiene una bater\u00eda de iones de litio, estaba conectada inadecuadamente a la pila principal que se sobrecalent\u00f3.<\/p>\n<p style=\"text-align: justify;\">Agencia AP.<\/p>\n<p style=\"text-align: justify;\"><img decoding=\"async\" src=\"images\/stories\/13\/02\/210213\/boeing_787_bateria_litio.jpg\" border=\"0\" alt=\"Boeing propone soluci\u00f3n para bater\u00edas del 787\" title=\"Boeing propone soluci\u00f3n para bater\u00edas del 787\" \/><\/p>\n","protected":false},"excerpt":{"rendered":"<p>(Aeronoticias).- Boeing ha dise\u00f1ado un plan que propondr\u00eda a los reguladores en el gobierno federal de Estados Unidos, a fin de corregir temporalmente los problemas de las bater\u00edas de los aviones 787 Dreamliner que han ocasionado que las aeronaves permanezcan en tierra desde hace m\u00e1s de un mes, dijo un funcionario del Congreso a The [&hellip;]<\/p>\n","protected":false},"author":1,"featured_media":0,"comment_status":"open","ping_status":"open","sticky":false,"template":"","format":"standard","meta":{"tdm_status":"","tdm_grid_status":"","footnotes":""},"categories":[32],"tags":[],"class_list":{"0":"post-34770","1":"post","2":"type-post","3":"status-publish","4":"format-standard","6":"category-internacional"},"yoast_head":"<!-- This site is optimized with the Yoast SEO plugin v25.1 - https:\/\/yoast.com\/wordpress\/plugins\/seo\/ -->\n<title>Boeing presentar\u00e1 plan de soluci\u00f3n temporal para bater\u00edas del 787<\/title>\n<meta name=\"description\" content=\"Portal de noticias del Per\u00fa sobre el transporte a\u00e9reo, aviaci\u00f3n, turismo, hoteleria, actualidad.\" \/>\n<meta name=\"robots\" content=\"index, follow, max-snippet:-1, max-image-preview:large, max-video-preview:-1\" \/>\n<link rel=\"canonical\" href=\"https:\/\/aeronoticias.com.pe\/noticiero\/transporte-aereo\/internacional\/boeing-presentara-plan-de-solucion-temporal-para-baterias-del-787\/\" \/>\n<meta property=\"og:locale\" content=\"es_ES\" \/>\n<meta property=\"og:type\" content=\"article\" \/>\n<meta property=\"og:title\" content=\"Boeing presentar\u00e1 plan de soluci\u00f3n temporal para bater\u00edas del 787\" \/>\n<meta property=\"og:description\" content=\"Portal de noticias del Per\u00fa sobre el transporte a\u00e9reo, aviaci\u00f3n, turismo, hoteleria, actualidad.\" \/>\n<meta property=\"og:url\" content=\"https:\/\/aeronoticias.com.pe\/noticiero\/transporte-aereo\/internacional\/boeing-presentara-plan-de-solucion-temporal-para-baterias-del-787\/\" \/>\n<meta property=\"og:site_name\" content=\"Aeronoticias.com.pe\" \/>\n<meta property=\"article:publisher\" content=\"https:\/\/www.facebook.com\/Aeronoticias.com.pe\/\" \/>\n<meta property=\"article:published_time\" content=\"2013-02-21T17:03:09+00:00\" \/>\n<meta name=\"author\" content=\"Redacci\u00f3n Aeronoticias\" \/>\n<meta name=\"twitter:card\" content=\"summary_large_image\" \/>\n<meta name=\"twitter:creator\" content=\"@aeronoticias\" \/>\n<meta name=\"twitter:site\" content=\"@aeronoticias\" \/>\n<meta name=\"twitter:label1\" content=\"Escrito por\" \/>\n\t<meta name=\"twitter:data1\" content=\"Redacci\u00f3n Aeronoticias\" \/>\n\t<meta name=\"twitter:label2\" content=\"Tiempo de lectura\" \/>\n\t<meta name=\"twitter:data2\" content=\"2 minutos\" \/>\n<script type=\"application\/ld+json\" class=\"yoast-schema-graph\">{\"@context\":\"https:\/\/schema.org\",\"@graph\":[{\"@type\":\"WebPage\",\"@id\":\"https:\/\/aeronoticias.com.pe\/noticiero\/transporte-aereo\/internacional\/boeing-presentara-plan-de-solucion-temporal-para-baterias-del-787\/\",\"url\":\"https:\/\/aeronoticias.com.pe\/noticiero\/transporte-aereo\/internacional\/boeing-presentara-plan-de-solucion-temporal-para-baterias-del-787\/\",\"name\":\"Boeing presentar\u00e1 plan de soluci\u00f3n temporal para bater\u00edas del 787\",\"isPartOf\":{\"@id\":\"https:\/\/aeronoticias.com.pe\/noticiero\/#website\"},\"datePublished\":\"2013-02-21T17:03:09+00:00\",\"author\":{\"@id\":\"https:\/\/aeronoticias.com.pe\/noticiero\/#\/schema\/person\/fc1e5d578f4b62ba1cf7ac2bba1170a0\"},\"description\":\"Portal de noticias del Per\u00fa sobre el transporte a\u00e9reo, aviaci\u00f3n, turismo, hoteleria, actualidad.\",\"breadcrumb\":{\"@id\":\"https:\/\/aeronoticias.com.pe\/noticiero\/transporte-aereo\/internacional\/boeing-presentara-plan-de-solucion-temporal-para-baterias-del-787\/#breadcrumb\"},\"inLanguage\":\"es\",\"potentialAction\":[{\"@type\":\"ReadAction\",\"target\":[\"https:\/\/aeronoticias.com.pe\/noticiero\/transporte-aereo\/internacional\/boeing-presentara-plan-de-solucion-temporal-para-baterias-del-787\/\"]}]},{\"@type\":\"BreadcrumbList\",\"@id\":\"https:\/\/aeronoticias.com.pe\/noticiero\/transporte-aereo\/internacional\/boeing-presentara-plan-de-solucion-temporal-para-baterias-del-787\/#breadcrumb\",\"itemListElement\":[{\"@type\":\"ListItem\",\"position\":1,\"name\":\"Portada\",\"item\":\"https:\/\/aeronoticias.com.pe\/noticiero\/\"},{\"@type\":\"ListItem\",\"position\":2,\"name\":\"Boeing presentar\u00e1 plan de soluci\u00f3n temporal para bater\u00edas del 787\"}]},{\"@type\":\"WebSite\",\"@id\":\"https:\/\/aeronoticias.com.pe\/noticiero\/#website\",\"url\":\"https:\/\/aeronoticias.com.pe\/noticiero\/\",\"name\":\"Aeronoticias.com.pe\",\"description\":\"Noticias de tranporte aereo, turismo, hoteles, gastronomia, actualidad, internacional\",\"potentialAction\":[{\"@type\":\"SearchAction\",\"target\":{\"@type\":\"EntryPoint\",\"urlTemplate\":\"https:\/\/aeronoticias.com.pe\/noticiero\/?s={search_term_string}\"},\"query-input\":{\"@type\":\"PropertyValueSpecification\",\"valueRequired\":true,\"valueName\":\"search_term_string\"}}],\"inLanguage\":\"es\"},{\"@type\":\"Person\",\"@id\":\"https:\/\/aeronoticias.com.pe\/noticiero\/#\/schema\/person\/fc1e5d578f4b62ba1cf7ac2bba1170a0\",\"name\":\"Redacci\u00f3n Aeronoticias\",\"url\":\"https:\/\/aeronoticias.com.pe\/noticiero\/author\/piloto\/\"}]}<\/script>\n<!-- \/ Yoast SEO plugin. -->","yoast_head_json":{"title":"Boeing presentar\u00e1 plan de soluci\u00f3n temporal para bater\u00edas del 787","description":"Portal de noticias del Per\u00fa sobre el transporte a\u00e9reo, aviaci\u00f3n, turismo, hoteleria, actualidad.","robots":{"index":"index","follow":"follow","max-snippet":"max-snippet:-1","max-image-preview":"max-image-preview:large","max-video-preview":"max-video-preview:-1"},"canonical":"https:\/\/aeronoticias.com.pe\/noticiero\/transporte-aereo\/internacional\/boeing-presentara-plan-de-solucion-temporal-para-baterias-del-787\/","og_locale":"es_ES","og_type":"article","og_title":"Boeing presentar\u00e1 plan de soluci\u00f3n temporal para bater\u00edas del 787","og_description":"Portal de noticias del Per\u00fa sobre el transporte a\u00e9reo, aviaci\u00f3n, turismo, hoteleria, actualidad.","og_url":"https:\/\/aeronoticias.com.pe\/noticiero\/transporte-aereo\/internacional\/boeing-presentara-plan-de-solucion-temporal-para-baterias-del-787\/","og_site_name":"Aeronoticias.com.pe","article_publisher":"https:\/\/www.facebook.com\/Aeronoticias.com.pe\/","article_published_time":"2013-02-21T17:03:09+00:00","author":"Redacci\u00f3n Aeronoticias","twitter_card":"summary_large_image","twitter_creator":"@aeronoticias","twitter_site":"@aeronoticias","twitter_misc":{"Escrito por":"Redacci\u00f3n Aeronoticias","Tiempo de lectura":"2 minutos"},"schema":{"@context":"https:\/\/schema.org","@graph":[{"@type":"WebPage","@id":"https:\/\/aeronoticias.com.pe\/noticiero\/transporte-aereo\/internacional\/boeing-presentara-plan-de-solucion-temporal-para-baterias-del-787\/","url":"https:\/\/aeronoticias.com.pe\/noticiero\/transporte-aereo\/internacional\/boeing-presentara-plan-de-solucion-temporal-para-baterias-del-787\/","name":"Boeing presentar\u00e1 plan de soluci\u00f3n temporal para bater\u00edas del 787","isPartOf":{"@id":"https:\/\/aeronoticias.com.pe\/noticiero\/#website"},"datePublished":"2013-02-21T17:03:09+00:00","author":{"@id":"https:\/\/aeronoticias.com.pe\/noticiero\/#\/schema\/person\/fc1e5d578f4b62ba1cf7ac2bba1170a0"},"description":"Portal de noticias del Per\u00fa sobre el transporte a\u00e9reo, aviaci\u00f3n, turismo, hoteleria, actualidad.","breadcrumb":{"@id":"https:\/\/aeronoticias.com.pe\/noticiero\/transporte-aereo\/internacional\/boeing-presentara-plan-de-solucion-temporal-para-baterias-del-787\/#breadcrumb"},"inLanguage":"es","potentialAction":[{"@type":"ReadAction","target":["https:\/\/aeronoticias.com.pe\/noticiero\/transporte-aereo\/internacional\/boeing-presentara-plan-de-solucion-temporal-para-baterias-del-787\/"]}]},{"@type":"BreadcrumbList","@id":"https:\/\/aeronoticias.com.pe\/noticiero\/transporte-aereo\/internacional\/boeing-presentara-plan-de-solucion-temporal-para-baterias-del-787\/#breadcrumb","itemListElement":[{"@type":"ListItem","position":1,"name":"Portada","item":"https:\/\/aeronoticias.com.pe\/noticiero\/"},{"@type":"ListItem","position":2,"name":"Boeing presentar\u00e1 plan de soluci\u00f3n temporal para bater\u00edas del 787"}]},{"@type":"WebSite","@id":"https:\/\/aeronoticias.com.pe\/noticiero\/#website","url":"https:\/\/aeronoticias.com.pe\/noticiero\/","name":"Aeronoticias.com.pe","description":"Noticias de tranporte aereo, turismo, hoteles, gastronomia, actualidad, internacional","potentialAction":[{"@type":"SearchAction","target":{"@type":"EntryPoint","urlTemplate":"https:\/\/aeronoticias.com.pe\/noticiero\/?s={search_term_string}"},"query-input":{"@type":"PropertyValueSpecification","valueRequired":true,"valueName":"search_term_string"}}],"inLanguage":"es"},{"@type":"Person","@id":"https:\/\/aeronoticias.com.pe\/noticiero\/#\/schema\/person\/fc1e5d578f4b62ba1cf7ac2bba1170a0","name":"Redacci\u00f3n Aeronoticias","url":"https:\/\/aeronoticias.com.pe\/noticiero\/author\/piloto\/"}]}},"_links":{"self":[{"href":"https:\/\/aeronoticias.com.pe\/noticiero\/wp-json\/wp\/v2\/posts\/34770","targetHints":{"allow":["GET"]}}],"collection":[{"href":"https:\/\/aeronoticias.com.pe\/noticiero\/wp-json\/wp\/v2\/posts"}],"about":[{"href":"https:\/\/aeronoticias.com.pe\/noticiero\/wp-json\/wp\/v2\/types\/post"}],"author":[{"embeddable":true,"href":"https:\/\/aeronoticias.com.pe\/noticiero\/wp-json\/wp\/v2\/users\/1"}],"replies":[{"embeddable":true,"href":"https:\/\/aeronoticias.com.pe\/noticiero\/wp-json\/wp\/v2\/comments?post=34770"}],"version-history":[{"count":0,"href":"https:\/\/aeronoticias.com.pe\/noticiero\/wp-json\/wp\/v2\/posts\/34770\/revisions"}],"wp:attachment":[{"href":"https:\/\/aeronoticias.com.pe\/noticiero\/wp-json\/wp\/v2\/media?parent=34770"}],"wp:term":[{"taxonomy":"category","embeddable":true,"href":"https:\/\/aeronoticias.com.pe\/noticiero\/wp-json\/wp\/v2\/categories?post=34770"},{"taxonomy":"post_tag","embeddable":true,"href":"https:\/\/aeronoticias.com.pe\/noticiero\/wp-json\/wp\/v2\/tags?post=34770"}],"curies":[{"name":"wp","href":"https:\/\/api.w.org\/{rel}","templated":true}]}}