{"id":35147,"date":"2013-03-08T01:56:46","date_gmt":"2013-03-08T01:56:46","guid":{"rendered":"http:\/\/desarrollo.mcvicious.com\/aero2020\/2013\/03\/08\/benedicto-jimenez-afirma-que-renuncia-de-salazar-es-un-balon-de-oxigeno-para-pedraza\/"},"modified":"2013-03-08T01:56:46","modified_gmt":"2013-03-08T01:56:46","slug":"benedicto-jimenez-afirma-que-renuncia-de-salazar-es-un-balon-de-oxigeno-para-pedraza","status":"publish","type":"post","link":"https:\/\/aeronoticias.com.pe\/noticiero\/49\/benedicto-jimenez-afirma-que-renuncia-de-salazar-es-un-balon-de-oxigeno-para-pedraza\/","title":{"rendered":"Benedicto Jim\u00e9nez afirma que renuncia de Salazar es un bal\u00f3n de ox\u00edgeno para Pedraza"},"content":{"rendered":"<p style=\"text-align: justify;\"><strong>(Aeronoticias).-<\/strong>En la opini\u00f3n del exjefe del Grupo Especial de  Inteligencia (GEIN), Benedicto Jim\u00e9nez, la renuncia del general Ra\u00fal  Salazar a la direcci\u00f3n de la Polic\u00eda Nacional se justificaba  pol\u00edticamente, en medio del esc\u00e1ndalo pol\u00edtico de inseguridad ciudadana  que gener\u00f3 los \u00faltimos hechos delincuenciales que conmocionaron a la poblaci\u00f3n.<\/p>\n<p style=\"text-align: justify;\"><strong>\u201c<\/strong>Era  una situaci\u00f3n insostenible. Estaba fuertemente cuestionado (Salazar)\u2026y es  como un bal\u00f3n de ox\u00edgeno para el ministro del Interior Wilfredo Pedraza  y tambi\u00e9n para el primer ministro Juan Jim\u00e9nez\u201d, explic\u00f3 el coronel en retiro en entrevista con una emisora local.<\/p>\n<p style=\"text-align: justify;\">Reiter\u00f3 que la salida de Salazar va a hacer posible que se cambien los planes del  Gobierno en cuanto a la seguridad ciudadana. No obstante, consider\u00f3 que  la renuncia de Salazar no soluciona los inconvenientes.<\/p>\n<p style=\"text-align: justify;\">\u201cEs  un problema m\u00e1s complejo. Si uno comienza a analizar las calles, el  problema de los marcas, por ejemplo; esos delincuentes cometen delitos,  son juzgados, van a la c\u00e1rcel y vuelven a salir despu\u00e9s de un a\u00f1o\u201d.<\/p>\n<p style=\"text-align: justify;\">\u201cEs  un problema del Poder Judicial y del propio INPE. Las c\u00e1rceles se han  convertido en centros de instrucci\u00f3n y planificaci\u00f3n para los  delincuentes. Es un problema tambi\u00e9n para la polic\u00eda, porque sus  miembros est\u00e1n desmotivados, hace veinte a\u00f1os que no se renuevan los  equipos y no se les compra uniforme\u201d, agreg\u00f3.<\/p>\n<p style=\"text-align: justify;\">\u00bfPor  qu\u00e9 pasa esto, se interrog\u00f3, si hay m\u00e1s presupuesto, por qu\u00e9 la polic\u00eda no est\u00e1  implementada si hay grandes anuncios de presupuesto para este sector?.<\/p>\n<p style=\"text-align: justify;\">Jim\u00e9nez respondi\u00f3 con otra pregunta: \u00bfD\u00f3nde est\u00e1 el dinero, que responda el ministro Pedraza, qu\u00e9 est\u00e1 pasando?.<\/p>\n<p style=\"text-align: justify;\">Manifest\u00f3  su preocupaci\u00f3n con lo acontecido con la suboficial PNP, Delia  Margarita Grozo Egoavil, quien falleci\u00f3 tras recibir cinco impactos de  bala de unos delincuentes, que minutos antes hab\u00edan robado un moderno  veh\u00edculo.<\/p>\n<p style=\"text-align: justify;\">Indic\u00f3 que  la mujer polic\u00eda se defendi\u00f3 quiz\u00e1 con un rev\u00f3lver. \u201cEst\u00e1 prohibido  usar pistolas de nueve mil\u00edmetros, pr\u00e1cticamente la han sacrificado, no  usaba chaleco antibalas, tampoco estaba bien equipada para enfrentar a  delincuentes mejor armados\u201d<\/p>\n<p style=\"text-align: justify;\">\u201cHay  dos generales que ya se est\u00e1n voceando para el puesto dejado por Ra\u00fal  Salazar.\u00a0 Uno de ellos es el general Cortijo, que es actual director de  investigaci\u00f3n criminal. El otro es el actual inspector general Flores  Goycochea<strong>. <\/strong>Ambos tienen el perfil necesario, pero\u00a0 deben tener buenos asesores en inteligencia para vencer a los marcas\u201d.<\/p>\n<p style=\"text-align: justify;\">\u201cSi  se pudo combatir a los terroristas, tambi\u00e9n se puede vencer a los  marcas, pero con inteligencia\u201d, finaliz\u00f3 el exjefe del GEIN.<\/p>\n<p style=\"text-align: justify;\"><img decoding=\"async\" src=\"images\/stories\/13\/03\/070313\/benedictoji.jpg\" border=\"0\" alt=\"benedicto\" title=\"benedicto\" \/><\/p>\n","protected":false},"excerpt":{"rendered":"<p>(Aeronoticias).-En la opini\u00f3n del exjefe del Grupo Especial de Inteligencia (GEIN), Benedicto Jim\u00e9nez, la renuncia del general Ra\u00fal Salazar a la direcci\u00f3n de la Polic\u00eda Nacional se justificaba pol\u00edticamente, en medio del esc\u00e1ndalo pol\u00edtico de inseguridad ciudadana que gener\u00f3 los \u00faltimos hechos delincuenciales que conmocionaron a la poblaci\u00f3n. \u201cEra una situaci\u00f3n insostenible. Estaba fuertemente cuestionado [&hellip;]<\/p>\n","protected":false},"author":1,"featured_media":0,"comment_status":"open","ping_status":"open","sticky":false,"template":"","format":"standard","meta":{"tdm_status":"","tdm_grid_status":"","footnotes":""},"categories":[39],"tags":[],"class_list":{"0":"post-35147","1":"post","2":"type-post","3":"status-publish","4":"format-standard","6":"category-39"},"yoast_head":"<!-- This site is optimized with the Yoast SEO plugin v25.1 - https:\/\/yoast.com\/wordpress\/plugins\/seo\/ -->\n<title>Benedicto Jim\u00e9nez afirma que renuncia de Salazar es un bal\u00f3n de ox\u00edgeno para Pedraza<\/title>\n<meta name=\"description\" content=\"Portal de noticias del Per\u00fa sobre el transporte a\u00e9reo, aviaci\u00f3n, turismo, hoteleria, actualidad.\" \/>\n<meta name=\"robots\" content=\"index, follow, max-snippet:-1, max-image-preview:large, max-video-preview:-1\" \/>\n<link rel=\"canonical\" href=\"https:\/\/aeronoticias.com.pe\/noticiero\/49\/benedicto-jimenez-afirma-que-renuncia-de-salazar-es-un-balon-de-oxigeno-para-pedraza\/\" \/>\n<meta property=\"og:locale\" content=\"es_ES\" \/>\n<meta property=\"og:type\" content=\"article\" \/>\n<meta property=\"og:title\" content=\"Benedicto Jim\u00e9nez afirma que renuncia de Salazar es un bal\u00f3n de ox\u00edgeno para Pedraza\" \/>\n<meta property=\"og:description\" content=\"Portal de noticias del Per\u00fa sobre el transporte a\u00e9reo, aviaci\u00f3n, turismo, hoteleria, actualidad.\" \/>\n<meta property=\"og:url\" content=\"https:\/\/aeronoticias.com.pe\/noticiero\/49\/benedicto-jimenez-afirma-que-renuncia-de-salazar-es-un-balon-de-oxigeno-para-pedraza\/\" \/>\n<meta property=\"og:site_name\" content=\"Aeronoticias.com.pe\" \/>\n<meta property=\"article:publisher\" content=\"https:\/\/www.facebook.com\/Aeronoticias.com.pe\/\" \/>\n<meta property=\"article:published_time\" content=\"2013-03-08T01:56:46+00:00\" \/>\n<meta name=\"author\" content=\"Redacci\u00f3n Aeronoticias\" \/>\n<meta name=\"twitter:card\" content=\"summary_large_image\" \/>\n<meta name=\"twitter:creator\" content=\"@aeronoticias\" \/>\n<meta name=\"twitter:site\" content=\"@aeronoticias\" \/>\n<meta name=\"twitter:label1\" content=\"Escrito por\" \/>\n\t<meta name=\"twitter:data1\" content=\"Redacci\u00f3n Aeronoticias\" \/>\n\t<meta name=\"twitter:label2\" content=\"Tiempo de lectura\" \/>\n\t<meta name=\"twitter:data2\" content=\"2 minutos\" \/>\n<script type=\"application\/ld+json\" class=\"yoast-schema-graph\">{\"@context\":\"https:\/\/schema.org\",\"@graph\":[{\"@type\":\"WebPage\",\"@id\":\"https:\/\/aeronoticias.com.pe\/noticiero\/49\/benedicto-jimenez-afirma-que-renuncia-de-salazar-es-un-balon-de-oxigeno-para-pedraza\/\",\"url\":\"https:\/\/aeronoticias.com.pe\/noticiero\/49\/benedicto-jimenez-afirma-que-renuncia-de-salazar-es-un-balon-de-oxigeno-para-pedraza\/\",\"name\":\"Benedicto Jim\u00e9nez afirma que renuncia de Salazar es un bal\u00f3n de ox\u00edgeno para Pedraza\",\"isPartOf\":{\"@id\":\"https:\/\/aeronoticias.com.pe\/noticiero\/#website\"},\"datePublished\":\"2013-03-08T01:56:46+00:00\",\"author\":{\"@id\":\"https:\/\/aeronoticias.com.pe\/noticiero\/#\/schema\/person\/fc1e5d578f4b62ba1cf7ac2bba1170a0\"},\"description\":\"Portal de noticias del Per\u00fa sobre el transporte a\u00e9reo, aviaci\u00f3n, turismo, hoteleria, actualidad.\",\"breadcrumb\":{\"@id\":\"https:\/\/aeronoticias.com.pe\/noticiero\/49\/benedicto-jimenez-afirma-que-renuncia-de-salazar-es-un-balon-de-oxigeno-para-pedraza\/#breadcrumb\"},\"inLanguage\":\"es\",\"potentialAction\":[{\"@type\":\"ReadAction\",\"target\":[\"https:\/\/aeronoticias.com.pe\/noticiero\/49\/benedicto-jimenez-afirma-que-renuncia-de-salazar-es-un-balon-de-oxigeno-para-pedraza\/\"]}]},{\"@type\":\"BreadcrumbList\",\"@id\":\"https:\/\/aeronoticias.com.pe\/noticiero\/49\/benedicto-jimenez-afirma-que-renuncia-de-salazar-es-un-balon-de-oxigeno-para-pedraza\/#breadcrumb\",\"itemListElement\":[{\"@type\":\"ListItem\",\"position\":1,\"name\":\"Portada\",\"item\":\"https:\/\/aeronoticias.com.pe\/noticiero\/\"},{\"@type\":\"ListItem\",\"position\":2,\"name\":\"Benedicto Jim\u00e9nez afirma que renuncia de Salazar es un bal\u00f3n de ox\u00edgeno para Pedraza\"}]},{\"@type\":\"WebSite\",\"@id\":\"https:\/\/aeronoticias.com.pe\/noticiero\/#website\",\"url\":\"https:\/\/aeronoticias.com.pe\/noticiero\/\",\"name\":\"Aeronoticias.com.pe\",\"description\":\"Noticias de tranporte aereo, turismo, hoteles, gastronomia, actualidad, internacional\",\"potentialAction\":[{\"@type\":\"SearchAction\",\"target\":{\"@type\":\"EntryPoint\",\"urlTemplate\":\"https:\/\/aeronoticias.com.pe\/noticiero\/?s={search_term_string}\"},\"query-input\":{\"@type\":\"PropertyValueSpecification\",\"valueRequired\":true,\"valueName\":\"search_term_string\"}}],\"inLanguage\":\"es\"},{\"@type\":\"Person\",\"@id\":\"https:\/\/aeronoticias.com.pe\/noticiero\/#\/schema\/person\/fc1e5d578f4b62ba1cf7ac2bba1170a0\",\"name\":\"Redacci\u00f3n Aeronoticias\",\"url\":\"https:\/\/aeronoticias.com.pe\/noticiero\/author\/piloto\/\"}]}<\/script>\n<!-- \/ Yoast SEO plugin. -->","yoast_head_json":{"title":"Benedicto Jim\u00e9nez afirma que renuncia de Salazar es un bal\u00f3n de ox\u00edgeno para Pedraza","description":"Portal de noticias del Per\u00fa sobre el transporte a\u00e9reo, aviaci\u00f3n, turismo, hoteleria, actualidad.","robots":{"index":"index","follow":"follow","max-snippet":"max-snippet:-1","max-image-preview":"max-image-preview:large","max-video-preview":"max-video-preview:-1"},"canonical":"https:\/\/aeronoticias.com.pe\/noticiero\/49\/benedicto-jimenez-afirma-que-renuncia-de-salazar-es-un-balon-de-oxigeno-para-pedraza\/","og_locale":"es_ES","og_type":"article","og_title":"Benedicto Jim\u00e9nez afirma que renuncia de Salazar es un bal\u00f3n de ox\u00edgeno para Pedraza","og_description":"Portal de noticias del Per\u00fa sobre el transporte a\u00e9reo, aviaci\u00f3n, turismo, hoteleria, actualidad.","og_url":"https:\/\/aeronoticias.com.pe\/noticiero\/49\/benedicto-jimenez-afirma-que-renuncia-de-salazar-es-un-balon-de-oxigeno-para-pedraza\/","og_site_name":"Aeronoticias.com.pe","article_publisher":"https:\/\/www.facebook.com\/Aeronoticias.com.pe\/","article_published_time":"2013-03-08T01:56:46+00:00","author":"Redacci\u00f3n Aeronoticias","twitter_card":"summary_large_image","twitter_creator":"@aeronoticias","twitter_site":"@aeronoticias","twitter_misc":{"Escrito por":"Redacci\u00f3n Aeronoticias","Tiempo de lectura":"2 minutos"},"schema":{"@context":"https:\/\/schema.org","@graph":[{"@type":"WebPage","@id":"https:\/\/aeronoticias.com.pe\/noticiero\/49\/benedicto-jimenez-afirma-que-renuncia-de-salazar-es-un-balon-de-oxigeno-para-pedraza\/","url":"https:\/\/aeronoticias.com.pe\/noticiero\/49\/benedicto-jimenez-afirma-que-renuncia-de-salazar-es-un-balon-de-oxigeno-para-pedraza\/","name":"Benedicto Jim\u00e9nez afirma que renuncia de Salazar es un bal\u00f3n de ox\u00edgeno para Pedraza","isPartOf":{"@id":"https:\/\/aeronoticias.com.pe\/noticiero\/#website"},"datePublished":"2013-03-08T01:56:46+00:00","author":{"@id":"https:\/\/aeronoticias.com.pe\/noticiero\/#\/schema\/person\/fc1e5d578f4b62ba1cf7ac2bba1170a0"},"description":"Portal de noticias del Per\u00fa sobre el transporte a\u00e9reo, aviaci\u00f3n, turismo, hoteleria, actualidad.","breadcrumb":{"@id":"https:\/\/aeronoticias.com.pe\/noticiero\/49\/benedicto-jimenez-afirma-que-renuncia-de-salazar-es-un-balon-de-oxigeno-para-pedraza\/#breadcrumb"},"inLanguage":"es","potentialAction":[{"@type":"ReadAction","target":["https:\/\/aeronoticias.com.pe\/noticiero\/49\/benedicto-jimenez-afirma-que-renuncia-de-salazar-es-un-balon-de-oxigeno-para-pedraza\/"]}]},{"@type":"BreadcrumbList","@id":"https:\/\/aeronoticias.com.pe\/noticiero\/49\/benedicto-jimenez-afirma-que-renuncia-de-salazar-es-un-balon-de-oxigeno-para-pedraza\/#breadcrumb","itemListElement":[{"@type":"ListItem","position":1,"name":"Portada","item":"https:\/\/aeronoticias.com.pe\/noticiero\/"},{"@type":"ListItem","position":2,"name":"Benedicto Jim\u00e9nez afirma que renuncia de Salazar es un bal\u00f3n de ox\u00edgeno para Pedraza"}]},{"@type":"WebSite","@id":"https:\/\/aeronoticias.com.pe\/noticiero\/#website","url":"https:\/\/aeronoticias.com.pe\/noticiero\/","name":"Aeronoticias.com.pe","description":"Noticias de tranporte aereo, turismo, hoteles, gastronomia, actualidad, internacional","potentialAction":[{"@type":"SearchAction","target":{"@type":"EntryPoint","urlTemplate":"https:\/\/aeronoticias.com.pe\/noticiero\/?s={search_term_string}"},"query-input":{"@type":"PropertyValueSpecification","valueRequired":true,"valueName":"search_term_string"}}],"inLanguage":"es"},{"@type":"Person","@id":"https:\/\/aeronoticias.com.pe\/noticiero\/#\/schema\/person\/fc1e5d578f4b62ba1cf7ac2bba1170a0","name":"Redacci\u00f3n Aeronoticias","url":"https:\/\/aeronoticias.com.pe\/noticiero\/author\/piloto\/"}]}},"_links":{"self":[{"href":"https:\/\/aeronoticias.com.pe\/noticiero\/wp-json\/wp\/v2\/posts\/35147","targetHints":{"allow":["GET"]}}],"collection":[{"href":"https:\/\/aeronoticias.com.pe\/noticiero\/wp-json\/wp\/v2\/posts"}],"about":[{"href":"https:\/\/aeronoticias.com.pe\/noticiero\/wp-json\/wp\/v2\/types\/post"}],"author":[{"embeddable":true,"href":"https:\/\/aeronoticias.com.pe\/noticiero\/wp-json\/wp\/v2\/users\/1"}],"replies":[{"embeddable":true,"href":"https:\/\/aeronoticias.com.pe\/noticiero\/wp-json\/wp\/v2\/comments?post=35147"}],"version-history":[{"count":0,"href":"https:\/\/aeronoticias.com.pe\/noticiero\/wp-json\/wp\/v2\/posts\/35147\/revisions"}],"wp:attachment":[{"href":"https:\/\/aeronoticias.com.pe\/noticiero\/wp-json\/wp\/v2\/media?parent=35147"}],"wp:term":[{"taxonomy":"category","embeddable":true,"href":"https:\/\/aeronoticias.com.pe\/noticiero\/wp-json\/wp\/v2\/categories?post=35147"},{"taxonomy":"post_tag","embeddable":true,"href":"https:\/\/aeronoticias.com.pe\/noticiero\/wp-json\/wp\/v2\/tags?post=35147"}],"curies":[{"name":"wp","href":"https:\/\/api.w.org\/{rel}","templated":true}]}}