{"id":35149,"date":"2013-03-08T03:11:20","date_gmt":"2013-03-08T03:11:20","guid":{"rendered":"http:\/\/desarrollo.mcvicious.com\/aero2020\/2013\/03\/08\/declaran-a-lima-plaza-mayor-de-la-cultura-iberoamericana-2014\/"},"modified":"2013-03-08T03:11:20","modified_gmt":"2013-03-08T03:11:20","slug":"declaran-a-lima-plaza-mayor-de-la-cultura-iberoamericana-2014","status":"publish","type":"post","link":"https:\/\/aeronoticias.com.pe\/noticiero\/turismo\/13\/declaran-a-lima-plaza-mayor-de-la-cultura-iberoamericana-2014\/","title":{"rendered":"Declaran a Lima Plaza Mayor de la  Cultura Iberoamericana 2014"},"content":{"rendered":"<p style=\"text-align: justify;\"><strong>(Aeronoticias).-<\/strong>Nuestra capital de la Rep\u00fablica, Lima ha sido declarada \u00abPlaza Mayor de la Cultura Iberoamericana 2014\u00bb, al considerar su gran compromiso con la promoci\u00f3n de las diferentes  manifestaciones culturales, la recuperaci\u00f3n de los espacios p\u00fablicos  para el arte y la valorizaci\u00f3n del patrimonio arqueol\u00f3gico. La valiosa designaci\u00f3n fue otorgada por el Comit\u00e9 Sectorial de Cultura de la Uni\u00f3n de Ciudades Capitales de Iberoam\u00e9rica (UCCI).<\/p>\n<p style=\"text-align: justify;\">Pedro Pablo Alayza,  gerente de Cultura de la Municipalidad Metropolitana de Lima, expres\u00f3  que la distinci\u00f3n colocar\u00e1 a la ciudad de los reyes, en el centro de atenci\u00f3n del  continente. \u201cHaremos honor al t\u00edtulo. Es un orgullo para todos y  reafirma nuestro compromiso por hacer de Lima una ciudad en la que se  respira cultura y se viven las diferentes expresiones art\u00edsticas\u201d, afirm\u00f3.<\/p>\n<p style=\"text-align: justify;\">Refiri\u00f3 que todos los argumentos para la postulaci\u00f3n de Lima fueron presentados  en la \u00faltima reuni\u00f3n realizada el 2012 en C\u00e1diz (Espa\u00f1a), que posteriormente  fueron aprobados por los miembros de la UCCI. Los proyectos emblem\u00e1ticos  con los que se logr\u00f3 la designaci\u00f3n fueron Cultura Viva, Lima Milenaria, Ciudad de Culturas y el Festival de Artes Esc\u00e9nicas de Lima (FAEL).<\/p>\n<p style=\"text-align: justify;\">\u201cLima  ser\u00e1 la sede de importantes conferencias, exposiciones, publicaciones  de libros, entre otros, y se intercambiar\u00e1n experiencias para mejorar la  gesti\u00f3n de proyectos. Pr\u00f3ximamente, la Municipalidad Metropolitana de  Lima convocar\u00e1 a las instituciones y empresas p\u00fablicas y privadas para  generar el mayor movimiento cultural que la ciudad se merece. En el  2014, la cultura cumplir\u00e1 un papel protag\u00f3nico\u201d, puntualiz\u00f3 Alayza.<\/p>\n<p style=\"text-align: justify;\"><img decoding=\"async\" src=\"images\/stories\/13\/03\/070313\/limacapital.jpg\" border=\"0\" alt=\"lima\" title=\"lima\" \/><\/p>\n","protected":false},"excerpt":{"rendered":"<p>(Aeronoticias).-Nuestra capital de la Rep\u00fablica, Lima ha sido declarada \u00abPlaza Mayor de la Cultura Iberoamericana 2014\u00bb, al considerar su gran compromiso con la promoci\u00f3n de las diferentes manifestaciones culturales, la recuperaci\u00f3n de los espacios p\u00fablicos para el arte y la valorizaci\u00f3n del patrimonio arqueol\u00f3gico. La valiosa designaci\u00f3n fue otorgada por el Comit\u00e9 Sectorial de Cultura [&hellip;]<\/p>\n","protected":false},"author":1,"featured_media":0,"comment_status":"open","ping_status":"open","sticky":false,"template":"","format":"standard","meta":{"tdm_status":"","tdm_grid_status":"","footnotes":""},"categories":[31],"tags":[],"class_list":{"0":"post-35149","1":"post","2":"type-post","3":"status-publish","4":"format-standard","6":"category-31"},"yoast_head":"<!-- This site is optimized with the Yoast SEO plugin v25.1 - https:\/\/yoast.com\/wordpress\/plugins\/seo\/ -->\n<title>Declaran a Lima Plaza Mayor de la Cultura Iberoamericana 2014<\/title>\n<meta name=\"description\" content=\"Portal de noticias del Per\u00fa sobre el transporte a\u00e9reo, aviaci\u00f3n, turismo, hoteleria, actualidad.\" \/>\n<meta name=\"robots\" content=\"index, follow, max-snippet:-1, max-image-preview:large, max-video-preview:-1\" \/>\n<link rel=\"canonical\" href=\"https:\/\/aeronoticias.com.pe\/noticiero\/turismo\/13\/declaran-a-lima-plaza-mayor-de-la-cultura-iberoamericana-2014\/\" \/>\n<meta property=\"og:locale\" content=\"es_ES\" \/>\n<meta property=\"og:type\" content=\"article\" \/>\n<meta property=\"og:title\" content=\"Declaran a Lima Plaza Mayor de la Cultura Iberoamericana 2014\" \/>\n<meta property=\"og:description\" content=\"Portal de noticias del Per\u00fa sobre el transporte a\u00e9reo, aviaci\u00f3n, turismo, hoteleria, actualidad.\" \/>\n<meta property=\"og:url\" content=\"https:\/\/aeronoticias.com.pe\/noticiero\/turismo\/13\/declaran-a-lima-plaza-mayor-de-la-cultura-iberoamericana-2014\/\" \/>\n<meta property=\"og:site_name\" content=\"Aeronoticias.com.pe\" \/>\n<meta property=\"article:publisher\" content=\"https:\/\/www.facebook.com\/Aeronoticias.com.pe\/\" \/>\n<meta property=\"article:published_time\" content=\"2013-03-08T03:11:20+00:00\" \/>\n<meta name=\"author\" content=\"Redacci\u00f3n Aeronoticias\" \/>\n<meta name=\"twitter:card\" content=\"summary_large_image\" \/>\n<meta name=\"twitter:creator\" content=\"@aeronoticias\" \/>\n<meta name=\"twitter:site\" content=\"@aeronoticias\" \/>\n<meta name=\"twitter:label1\" content=\"Escrito por\" \/>\n\t<meta name=\"twitter:data1\" content=\"Redacci\u00f3n Aeronoticias\" \/>\n\t<meta name=\"twitter:label2\" content=\"Tiempo de lectura\" \/>\n\t<meta name=\"twitter:data2\" content=\"1 minuto\" \/>\n<script type=\"application\/ld+json\" class=\"yoast-schema-graph\">{\"@context\":\"https:\/\/schema.org\",\"@graph\":[{\"@type\":\"WebPage\",\"@id\":\"https:\/\/aeronoticias.com.pe\/noticiero\/turismo\/13\/declaran-a-lima-plaza-mayor-de-la-cultura-iberoamericana-2014\/\",\"url\":\"https:\/\/aeronoticias.com.pe\/noticiero\/turismo\/13\/declaran-a-lima-plaza-mayor-de-la-cultura-iberoamericana-2014\/\",\"name\":\"Declaran a Lima Plaza Mayor de la Cultura Iberoamericana 2014\",\"isPartOf\":{\"@id\":\"https:\/\/aeronoticias.com.pe\/noticiero\/#website\"},\"datePublished\":\"2013-03-08T03:11:20+00:00\",\"author\":{\"@id\":\"https:\/\/aeronoticias.com.pe\/noticiero\/#\/schema\/person\/fc1e5d578f4b62ba1cf7ac2bba1170a0\"},\"description\":\"Portal de noticias del Per\u00fa sobre el transporte a\u00e9reo, aviaci\u00f3n, turismo, hoteleria, actualidad.\",\"breadcrumb\":{\"@id\":\"https:\/\/aeronoticias.com.pe\/noticiero\/turismo\/13\/declaran-a-lima-plaza-mayor-de-la-cultura-iberoamericana-2014\/#breadcrumb\"},\"inLanguage\":\"es\",\"potentialAction\":[{\"@type\":\"ReadAction\",\"target\":[\"https:\/\/aeronoticias.com.pe\/noticiero\/turismo\/13\/declaran-a-lima-plaza-mayor-de-la-cultura-iberoamericana-2014\/\"]}]},{\"@type\":\"BreadcrumbList\",\"@id\":\"https:\/\/aeronoticias.com.pe\/noticiero\/turismo\/13\/declaran-a-lima-plaza-mayor-de-la-cultura-iberoamericana-2014\/#breadcrumb\",\"itemListElement\":[{\"@type\":\"ListItem\",\"position\":1,\"name\":\"Portada\",\"item\":\"https:\/\/aeronoticias.com.pe\/noticiero\/\"},{\"@type\":\"ListItem\",\"position\":2,\"name\":\"Declaran a Lima Plaza Mayor de la Cultura Iberoamericana 2014\"}]},{\"@type\":\"WebSite\",\"@id\":\"https:\/\/aeronoticias.com.pe\/noticiero\/#website\",\"url\":\"https:\/\/aeronoticias.com.pe\/noticiero\/\",\"name\":\"Aeronoticias.com.pe\",\"description\":\"Noticias de tranporte aereo, turismo, hoteles, gastronomia, actualidad, internacional\",\"potentialAction\":[{\"@type\":\"SearchAction\",\"target\":{\"@type\":\"EntryPoint\",\"urlTemplate\":\"https:\/\/aeronoticias.com.pe\/noticiero\/?s={search_term_string}\"},\"query-input\":{\"@type\":\"PropertyValueSpecification\",\"valueRequired\":true,\"valueName\":\"search_term_string\"}}],\"inLanguage\":\"es\"},{\"@type\":\"Person\",\"@id\":\"https:\/\/aeronoticias.com.pe\/noticiero\/#\/schema\/person\/fc1e5d578f4b62ba1cf7ac2bba1170a0\",\"name\":\"Redacci\u00f3n Aeronoticias\",\"url\":\"https:\/\/aeronoticias.com.pe\/noticiero\/author\/piloto\/\"}]}<\/script>\n<!-- \/ Yoast SEO plugin. -->","yoast_head_json":{"title":"Declaran a Lima Plaza Mayor de la Cultura Iberoamericana 2014","description":"Portal de noticias del Per\u00fa sobre el transporte a\u00e9reo, aviaci\u00f3n, turismo, hoteleria, actualidad.","robots":{"index":"index","follow":"follow","max-snippet":"max-snippet:-1","max-image-preview":"max-image-preview:large","max-video-preview":"max-video-preview:-1"},"canonical":"https:\/\/aeronoticias.com.pe\/noticiero\/turismo\/13\/declaran-a-lima-plaza-mayor-de-la-cultura-iberoamericana-2014\/","og_locale":"es_ES","og_type":"article","og_title":"Declaran a Lima Plaza Mayor de la Cultura Iberoamericana 2014","og_description":"Portal de noticias del Per\u00fa sobre el transporte a\u00e9reo, aviaci\u00f3n, turismo, hoteleria, actualidad.","og_url":"https:\/\/aeronoticias.com.pe\/noticiero\/turismo\/13\/declaran-a-lima-plaza-mayor-de-la-cultura-iberoamericana-2014\/","og_site_name":"Aeronoticias.com.pe","article_publisher":"https:\/\/www.facebook.com\/Aeronoticias.com.pe\/","article_published_time":"2013-03-08T03:11:20+00:00","author":"Redacci\u00f3n Aeronoticias","twitter_card":"summary_large_image","twitter_creator":"@aeronoticias","twitter_site":"@aeronoticias","twitter_misc":{"Escrito por":"Redacci\u00f3n Aeronoticias","Tiempo de lectura":"1 minuto"},"schema":{"@context":"https:\/\/schema.org","@graph":[{"@type":"WebPage","@id":"https:\/\/aeronoticias.com.pe\/noticiero\/turismo\/13\/declaran-a-lima-plaza-mayor-de-la-cultura-iberoamericana-2014\/","url":"https:\/\/aeronoticias.com.pe\/noticiero\/turismo\/13\/declaran-a-lima-plaza-mayor-de-la-cultura-iberoamericana-2014\/","name":"Declaran a Lima Plaza Mayor de la Cultura Iberoamericana 2014","isPartOf":{"@id":"https:\/\/aeronoticias.com.pe\/noticiero\/#website"},"datePublished":"2013-03-08T03:11:20+00:00","author":{"@id":"https:\/\/aeronoticias.com.pe\/noticiero\/#\/schema\/person\/fc1e5d578f4b62ba1cf7ac2bba1170a0"},"description":"Portal de noticias del Per\u00fa sobre el transporte a\u00e9reo, aviaci\u00f3n, turismo, hoteleria, actualidad.","breadcrumb":{"@id":"https:\/\/aeronoticias.com.pe\/noticiero\/turismo\/13\/declaran-a-lima-plaza-mayor-de-la-cultura-iberoamericana-2014\/#breadcrumb"},"inLanguage":"es","potentialAction":[{"@type":"ReadAction","target":["https:\/\/aeronoticias.com.pe\/noticiero\/turismo\/13\/declaran-a-lima-plaza-mayor-de-la-cultura-iberoamericana-2014\/"]}]},{"@type":"BreadcrumbList","@id":"https:\/\/aeronoticias.com.pe\/noticiero\/turismo\/13\/declaran-a-lima-plaza-mayor-de-la-cultura-iberoamericana-2014\/#breadcrumb","itemListElement":[{"@type":"ListItem","position":1,"name":"Portada","item":"https:\/\/aeronoticias.com.pe\/noticiero\/"},{"@type":"ListItem","position":2,"name":"Declaran a Lima Plaza Mayor de la Cultura Iberoamericana 2014"}]},{"@type":"WebSite","@id":"https:\/\/aeronoticias.com.pe\/noticiero\/#website","url":"https:\/\/aeronoticias.com.pe\/noticiero\/","name":"Aeronoticias.com.pe","description":"Noticias de tranporte aereo, turismo, hoteles, gastronomia, actualidad, internacional","potentialAction":[{"@type":"SearchAction","target":{"@type":"EntryPoint","urlTemplate":"https:\/\/aeronoticias.com.pe\/noticiero\/?s={search_term_string}"},"query-input":{"@type":"PropertyValueSpecification","valueRequired":true,"valueName":"search_term_string"}}],"inLanguage":"es"},{"@type":"Person","@id":"https:\/\/aeronoticias.com.pe\/noticiero\/#\/schema\/person\/fc1e5d578f4b62ba1cf7ac2bba1170a0","name":"Redacci\u00f3n Aeronoticias","url":"https:\/\/aeronoticias.com.pe\/noticiero\/author\/piloto\/"}]}},"_links":{"self":[{"href":"https:\/\/aeronoticias.com.pe\/noticiero\/wp-json\/wp\/v2\/posts\/35149","targetHints":{"allow":["GET"]}}],"collection":[{"href":"https:\/\/aeronoticias.com.pe\/noticiero\/wp-json\/wp\/v2\/posts"}],"about":[{"href":"https:\/\/aeronoticias.com.pe\/noticiero\/wp-json\/wp\/v2\/types\/post"}],"author":[{"embeddable":true,"href":"https:\/\/aeronoticias.com.pe\/noticiero\/wp-json\/wp\/v2\/users\/1"}],"replies":[{"embeddable":true,"href":"https:\/\/aeronoticias.com.pe\/noticiero\/wp-json\/wp\/v2\/comments?post=35149"}],"version-history":[{"count":0,"href":"https:\/\/aeronoticias.com.pe\/noticiero\/wp-json\/wp\/v2\/posts\/35149\/revisions"}],"wp:attachment":[{"href":"https:\/\/aeronoticias.com.pe\/noticiero\/wp-json\/wp\/v2\/media?parent=35149"}],"wp:term":[{"taxonomy":"category","embeddable":true,"href":"https:\/\/aeronoticias.com.pe\/noticiero\/wp-json\/wp\/v2\/categories?post=35149"},{"taxonomy":"post_tag","embeddable":true,"href":"https:\/\/aeronoticias.com.pe\/noticiero\/wp-json\/wp\/v2\/tags?post=35149"}],"curies":[{"name":"wp","href":"https:\/\/api.w.org\/{rel}","templated":true}]}}