{"id":35151,"date":"2013-03-08T03:25:29","date_gmt":"2013-03-08T03:25:29","guid":{"rendered":"http:\/\/desarrollo.mcvicious.com\/aero2020\/2013\/03\/08\/por-contar-detalles-de-su-personaje-separan-a-tulio-loza-de-serie\/"},"modified":"2013-03-08T03:25:29","modified_gmt":"2013-03-08T03:25:29","slug":"por-contar-detalles-de-su-personaje-separan-a-tulio-loza-de-serie","status":"publish","type":"post","link":"https:\/\/aeronoticias.com.pe\/noticiero\/espectaculos\/por-contar-detalles-de-su-personaje-separan-a-tulio-loza-de-serie\/","title":{"rendered":"Por contar detalles de su personaje separan a Tulio Loza de &#8216;Al fondo hay sitio&#8217;"},"content":{"rendered":"<p style=\"text-align: justify;\"><strong>(Aeronoticias).-<\/strong>El haber revelado lo que suceder\u00e1 con su personaje en la serie \u00abAl fondo hay sitio\u00bb, le cost\u00f3 muy caro. El productor Efra\u00edn Aguilar decidi\u00f3 separar del elenco a Tulio Loza.<\/p>\n<p style=\"text-align: justify;\">\u00abSiempre hablo de la privacidad que deben tener los contratos. Jam\u00e1s dije que \u00e9l iba a continuar en la serie y debi\u00f3 ser sorpresa, pero Tulio no puede con su genio y habl\u00f3. Eso me molest\u00f3 mucho y se lo dije. A la serie, \u00e9l ya no vuelve\u00bb, afirm\u00f3 el recordado Betito.<\/p>\n<p style=\"text-align: justify;\">La respuesta del actor c\u00f3mico Tulio Loza no se hizo esperar, y muy ofuscado coment\u00f3 que Aguilar le hab\u00eda llamado a su celular para gritarle la poca discreci\u00f3n\u00a0 que tuvo al contar detalles de la sintonizada serie. \u00abBetito me grit\u00f3 por tel\u00e9fono por haber contado algo de mi personaje, pero que se acuerde que yo lo llev\u00e9 a la televisi\u00f3n, y ahora se convierte en un dictador, un gamonal. No puede gritarle a su maestro\u00bb, expres\u00f3 muy mortificado el popular Emiliano Pampa\u00f1aupa.<\/p>\n<p style=\"text-align: justify;\">\u00abHasta el martes termin\u00e9 de grabar. Chabela y yo no continuaremos. Adem\u00e1s yo ya hab\u00eda pedido no seguir porque simplemente me cans\u00e9 con ete ritmo\u00bb, agreg\u00f3.<\/p>\n<p style=\"text-align: justify;\"><img decoding=\"async\" src=\"images\/stories\/13\/03\/070313\/lozatulio.jpg\" border=\"0\" alt=\"lozaloza\" \/><\/p>\n<p style=\"text-align: justify;\">\u00a0<\/p>\n","protected":false},"excerpt":{"rendered":"<p>(Aeronoticias).-El haber revelado lo que suceder\u00e1 con su personaje en la serie \u00abAl fondo hay sitio\u00bb, le cost\u00f3 muy caro. El productor Efra\u00edn Aguilar decidi\u00f3 separar del elenco a Tulio Loza. \u00abSiempre hablo de la privacidad que deben tener los contratos. Jam\u00e1s dije que \u00e9l iba a continuar en la serie y debi\u00f3 ser sorpresa, [&hellip;]<\/p>\n","protected":false},"author":1,"featured_media":0,"comment_status":"open","ping_status":"open","sticky":false,"template":"","format":"standard","meta":{"tdm_status":"","tdm_grid_status":"","footnotes":""},"categories":[41],"tags":[],"class_list":{"0":"post-35151","1":"post","2":"type-post","3":"status-publish","4":"format-standard","6":"category-espectaculos"},"yoast_head":"<!-- This site is optimized with the Yoast SEO plugin v25.1 - https:\/\/yoast.com\/wordpress\/plugins\/seo\/ -->\n<title>Por contar detalles de su personaje separan a Tulio Loza de &#039;Al fondo hay sitio&#039;<\/title>\n<meta name=\"description\" content=\"Portal de noticias del Per\u00fa sobre el transporte a\u00e9reo, aviaci\u00f3n, turismo, hoteleria, actualidad.\" \/>\n<meta name=\"robots\" content=\"index, follow, max-snippet:-1, max-image-preview:large, max-video-preview:-1\" \/>\n<link rel=\"canonical\" href=\"https:\/\/aeronoticias.com.pe\/noticiero\/espectaculos\/por-contar-detalles-de-su-personaje-separan-a-tulio-loza-de-serie\/\" \/>\n<meta property=\"og:locale\" content=\"es_ES\" \/>\n<meta property=\"og:type\" content=\"article\" \/>\n<meta property=\"og:title\" content=\"Por contar detalles de su personaje separan a Tulio Loza de &#039;Al fondo hay sitio&#039;\" \/>\n<meta property=\"og:description\" content=\"Portal de noticias del Per\u00fa sobre el transporte a\u00e9reo, aviaci\u00f3n, turismo, hoteleria, actualidad.\" \/>\n<meta property=\"og:url\" content=\"https:\/\/aeronoticias.com.pe\/noticiero\/espectaculos\/por-contar-detalles-de-su-personaje-separan-a-tulio-loza-de-serie\/\" \/>\n<meta property=\"og:site_name\" content=\"Aeronoticias.com.pe\" \/>\n<meta property=\"article:publisher\" content=\"https:\/\/www.facebook.com\/Aeronoticias.com.pe\/\" \/>\n<meta property=\"article:published_time\" content=\"2013-03-08T03:25:29+00:00\" \/>\n<meta name=\"author\" content=\"Redacci\u00f3n Aeronoticias\" \/>\n<meta name=\"twitter:card\" content=\"summary_large_image\" \/>\n<meta name=\"twitter:creator\" content=\"@aeronoticias\" \/>\n<meta name=\"twitter:site\" content=\"@aeronoticias\" \/>\n<meta name=\"twitter:label1\" content=\"Escrito por\" \/>\n\t<meta name=\"twitter:data1\" content=\"Redacci\u00f3n Aeronoticias\" \/>\n\t<meta name=\"twitter:label2\" content=\"Tiempo de lectura\" \/>\n\t<meta name=\"twitter:data2\" content=\"1 minuto\" \/>\n<script type=\"application\/ld+json\" class=\"yoast-schema-graph\">{\"@context\":\"https:\/\/schema.org\",\"@graph\":[{\"@type\":\"WebPage\",\"@id\":\"https:\/\/aeronoticias.com.pe\/noticiero\/espectaculos\/por-contar-detalles-de-su-personaje-separan-a-tulio-loza-de-serie\/\",\"url\":\"https:\/\/aeronoticias.com.pe\/noticiero\/espectaculos\/por-contar-detalles-de-su-personaje-separan-a-tulio-loza-de-serie\/\",\"name\":\"Por contar detalles de su personaje separan a Tulio Loza de 'Al fondo hay sitio'\",\"isPartOf\":{\"@id\":\"https:\/\/aeronoticias.com.pe\/noticiero\/#website\"},\"datePublished\":\"2013-03-08T03:25:29+00:00\",\"author\":{\"@id\":\"https:\/\/aeronoticias.com.pe\/noticiero\/#\/schema\/person\/fc1e5d578f4b62ba1cf7ac2bba1170a0\"},\"description\":\"Portal de noticias del Per\u00fa sobre el transporte a\u00e9reo, aviaci\u00f3n, turismo, hoteleria, actualidad.\",\"breadcrumb\":{\"@id\":\"https:\/\/aeronoticias.com.pe\/noticiero\/espectaculos\/por-contar-detalles-de-su-personaje-separan-a-tulio-loza-de-serie\/#breadcrumb\"},\"inLanguage\":\"es\",\"potentialAction\":[{\"@type\":\"ReadAction\",\"target\":[\"https:\/\/aeronoticias.com.pe\/noticiero\/espectaculos\/por-contar-detalles-de-su-personaje-separan-a-tulio-loza-de-serie\/\"]}]},{\"@type\":\"BreadcrumbList\",\"@id\":\"https:\/\/aeronoticias.com.pe\/noticiero\/espectaculos\/por-contar-detalles-de-su-personaje-separan-a-tulio-loza-de-serie\/#breadcrumb\",\"itemListElement\":[{\"@type\":\"ListItem\",\"position\":1,\"name\":\"Portada\",\"item\":\"https:\/\/aeronoticias.com.pe\/noticiero\/\"},{\"@type\":\"ListItem\",\"position\":2,\"name\":\"Por contar detalles de su personaje separan a Tulio Loza de &#8216;Al fondo hay sitio&#8217;\"}]},{\"@type\":\"WebSite\",\"@id\":\"https:\/\/aeronoticias.com.pe\/noticiero\/#website\",\"url\":\"https:\/\/aeronoticias.com.pe\/noticiero\/\",\"name\":\"Aeronoticias.com.pe\",\"description\":\"Noticias de tranporte aereo, turismo, hoteles, gastronomia, actualidad, internacional\",\"potentialAction\":[{\"@type\":\"SearchAction\",\"target\":{\"@type\":\"EntryPoint\",\"urlTemplate\":\"https:\/\/aeronoticias.com.pe\/noticiero\/?s={search_term_string}\"},\"query-input\":{\"@type\":\"PropertyValueSpecification\",\"valueRequired\":true,\"valueName\":\"search_term_string\"}}],\"inLanguage\":\"es\"},{\"@type\":\"Person\",\"@id\":\"https:\/\/aeronoticias.com.pe\/noticiero\/#\/schema\/person\/fc1e5d578f4b62ba1cf7ac2bba1170a0\",\"name\":\"Redacci\u00f3n Aeronoticias\",\"url\":\"https:\/\/aeronoticias.com.pe\/noticiero\/author\/piloto\/\"}]}<\/script>\n<!-- \/ Yoast SEO plugin. -->","yoast_head_json":{"title":"Por contar detalles de su personaje separan a Tulio Loza de 'Al fondo hay sitio'","description":"Portal de noticias del Per\u00fa sobre el transporte a\u00e9reo, aviaci\u00f3n, turismo, hoteleria, actualidad.","robots":{"index":"index","follow":"follow","max-snippet":"max-snippet:-1","max-image-preview":"max-image-preview:large","max-video-preview":"max-video-preview:-1"},"canonical":"https:\/\/aeronoticias.com.pe\/noticiero\/espectaculos\/por-contar-detalles-de-su-personaje-separan-a-tulio-loza-de-serie\/","og_locale":"es_ES","og_type":"article","og_title":"Por contar detalles de su personaje separan a Tulio Loza de 'Al fondo hay sitio'","og_description":"Portal de noticias del Per\u00fa sobre el transporte a\u00e9reo, aviaci\u00f3n, turismo, hoteleria, actualidad.","og_url":"https:\/\/aeronoticias.com.pe\/noticiero\/espectaculos\/por-contar-detalles-de-su-personaje-separan-a-tulio-loza-de-serie\/","og_site_name":"Aeronoticias.com.pe","article_publisher":"https:\/\/www.facebook.com\/Aeronoticias.com.pe\/","article_published_time":"2013-03-08T03:25:29+00:00","author":"Redacci\u00f3n Aeronoticias","twitter_card":"summary_large_image","twitter_creator":"@aeronoticias","twitter_site":"@aeronoticias","twitter_misc":{"Escrito por":"Redacci\u00f3n Aeronoticias","Tiempo de lectura":"1 minuto"},"schema":{"@context":"https:\/\/schema.org","@graph":[{"@type":"WebPage","@id":"https:\/\/aeronoticias.com.pe\/noticiero\/espectaculos\/por-contar-detalles-de-su-personaje-separan-a-tulio-loza-de-serie\/","url":"https:\/\/aeronoticias.com.pe\/noticiero\/espectaculos\/por-contar-detalles-de-su-personaje-separan-a-tulio-loza-de-serie\/","name":"Por contar detalles de su personaje separan a Tulio Loza de 'Al fondo hay sitio'","isPartOf":{"@id":"https:\/\/aeronoticias.com.pe\/noticiero\/#website"},"datePublished":"2013-03-08T03:25:29+00:00","author":{"@id":"https:\/\/aeronoticias.com.pe\/noticiero\/#\/schema\/person\/fc1e5d578f4b62ba1cf7ac2bba1170a0"},"description":"Portal de noticias del Per\u00fa sobre el transporte a\u00e9reo, aviaci\u00f3n, turismo, hoteleria, actualidad.","breadcrumb":{"@id":"https:\/\/aeronoticias.com.pe\/noticiero\/espectaculos\/por-contar-detalles-de-su-personaje-separan-a-tulio-loza-de-serie\/#breadcrumb"},"inLanguage":"es","potentialAction":[{"@type":"ReadAction","target":["https:\/\/aeronoticias.com.pe\/noticiero\/espectaculos\/por-contar-detalles-de-su-personaje-separan-a-tulio-loza-de-serie\/"]}]},{"@type":"BreadcrumbList","@id":"https:\/\/aeronoticias.com.pe\/noticiero\/espectaculos\/por-contar-detalles-de-su-personaje-separan-a-tulio-loza-de-serie\/#breadcrumb","itemListElement":[{"@type":"ListItem","position":1,"name":"Portada","item":"https:\/\/aeronoticias.com.pe\/noticiero\/"},{"@type":"ListItem","position":2,"name":"Por contar detalles de su personaje separan a Tulio Loza de &#8216;Al fondo hay sitio&#8217;"}]},{"@type":"WebSite","@id":"https:\/\/aeronoticias.com.pe\/noticiero\/#website","url":"https:\/\/aeronoticias.com.pe\/noticiero\/","name":"Aeronoticias.com.pe","description":"Noticias de tranporte aereo, turismo, hoteles, gastronomia, actualidad, internacional","potentialAction":[{"@type":"SearchAction","target":{"@type":"EntryPoint","urlTemplate":"https:\/\/aeronoticias.com.pe\/noticiero\/?s={search_term_string}"},"query-input":{"@type":"PropertyValueSpecification","valueRequired":true,"valueName":"search_term_string"}}],"inLanguage":"es"},{"@type":"Person","@id":"https:\/\/aeronoticias.com.pe\/noticiero\/#\/schema\/person\/fc1e5d578f4b62ba1cf7ac2bba1170a0","name":"Redacci\u00f3n Aeronoticias","url":"https:\/\/aeronoticias.com.pe\/noticiero\/author\/piloto\/"}]}},"_links":{"self":[{"href":"https:\/\/aeronoticias.com.pe\/noticiero\/wp-json\/wp\/v2\/posts\/35151","targetHints":{"allow":["GET"]}}],"collection":[{"href":"https:\/\/aeronoticias.com.pe\/noticiero\/wp-json\/wp\/v2\/posts"}],"about":[{"href":"https:\/\/aeronoticias.com.pe\/noticiero\/wp-json\/wp\/v2\/types\/post"}],"author":[{"embeddable":true,"href":"https:\/\/aeronoticias.com.pe\/noticiero\/wp-json\/wp\/v2\/users\/1"}],"replies":[{"embeddable":true,"href":"https:\/\/aeronoticias.com.pe\/noticiero\/wp-json\/wp\/v2\/comments?post=35151"}],"version-history":[{"count":0,"href":"https:\/\/aeronoticias.com.pe\/noticiero\/wp-json\/wp\/v2\/posts\/35151\/revisions"}],"wp:attachment":[{"href":"https:\/\/aeronoticias.com.pe\/noticiero\/wp-json\/wp\/v2\/media?parent=35151"}],"wp:term":[{"taxonomy":"category","embeddable":true,"href":"https:\/\/aeronoticias.com.pe\/noticiero\/wp-json\/wp\/v2\/categories?post=35151"},{"taxonomy":"post_tag","embeddable":true,"href":"https:\/\/aeronoticias.com.pe\/noticiero\/wp-json\/wp\/v2\/tags?post=35151"}],"curies":[{"name":"wp","href":"https:\/\/api.w.org\/{rel}","templated":true}]}}