{"id":35154,"date":"2013-03-08T15:42:05","date_gmt":"2013-03-08T15:42:05","guid":{"rendered":"http:\/\/desarrollo.mcvicious.com\/aero2020\/2013\/03\/08\/lambayeque-mejoraran-servicios-turisticos-en-el-bosque-de-pomac\/"},"modified":"2013-03-08T15:42:05","modified_gmt":"2013-03-08T15:42:05","slug":"lambayeque-mejoraran-servicios-turisticos-en-el-bosque-de-pomac","status":"publish","type":"post","link":"https:\/\/aeronoticias.com.pe\/noticiero\/turismo\/13\/lambayeque-mejoraran-servicios-turisticos-en-el-bosque-de-pomac\/","title":{"rendered":"Lambayeque: Mejorar\u00e1n servicios tur\u00edsticos en el Bosque de P\u00f3mac"},"content":{"rendered":"<p style=\"text-align: justify;\"><strong>(Aeronoticias).-<\/strong> Casi cinco millones de nuevos soles ser\u00e1n invertidos este a\u00f1o en el santuario hist\u00f3rico Bosque de P\u00f3mac, a trav\u00e9s de un proyecto para mejorar los servicios tur\u00edsticos que ofrece y se convierta en un producto tur\u00edstico de la regi\u00f3n Lambayeque.<\/p>\n<p style=\"text-align: justify;\">Miguel Peralta Su\u00e1rez, gerente regional de Comercio Exterior y Turismo, inform\u00f3 que a mediados de este a\u00f1o se estima ejecutar las obras f\u00edsicas del proyecto.<\/p>\n<p style=\"text-align: justify;\">Se mejorar\u00e1 as\u00ed los accesos e instalaciones tur\u00edsticas de la ruta que conduce al centro de interpretaci\u00f3n, al \u00e1rbol milenario, mirador Salinas, y a las huacas Las Ventanas, El Oro y la ruta Naturaleza del santuario.<\/p>\n<p>  <!--more-->  <\/p>\n<p style=\"text-align: justify;\">\u201cEn los pr\u00f3ximos 15 d\u00edas se convocar\u00e1 a licitaci\u00f3n p\u00fablica la ejecuci\u00f3n las obras f\u00edsicas de esta importante proyecto, tras subsanarse algunas observaciones en los t\u00e9rminos de referencia\u201d, indic\u00f3 a la Agencia Andina.<\/p>\n<p style=\"text-align: justify;\">Para el segundo semestre de 2013 se calcula el inicio de las obras f\u00edsicas de este proyecto, que culminar\u00eda en el primer trimestre de 2014.<\/p>\n<p style=\"text-align: justify;\">\u201cSe busca dar mayor comodidad a los turistas en el recorrido de la ruta que une el centro de interpretaci\u00f3n, \u00e1rbol milenario, entre otros sitios tur\u00edsticos y culturales que concentra este complejo ecol\u00f3gico-cultural de Lambayeque\u201d, anot\u00f3.<\/p>\n<p style=\"text-align: justify;\">Refiri\u00f3, asimismo, que la iniciativa tiene componentes de infraestructura, as\u00ed como de capacitaci\u00f3n con la sensibilizaci\u00f3n a las comunidades rurales que habitan en el \u00e1rea de amortiguamiento del bosque.<\/p>\n<p style=\"text-align: justify;\">\u201cSer\u00e1n capacitados en brindar servicios tur\u00edsticos como el desarrollo del turismo rural comunitario, turismo vivencial. Ya hay varias actividades que diferentes instituciones desarrollan en P\u00f3mac pero con este proyecto se va a consolidar\u201d, mencion\u00f3.<\/p>\n<p style=\"text-align: justify;\">Destac\u00f3 que el bosque empieza a constituirse en un gran atractivo de Lambayeque no solo por la parte arqueol\u00f3gica sino por el turismo de naturaleza y vivencial de las comunidades que existen en la zona de amortiguamiento.<\/p>\n<p style=\"text-align: justify;\">El santuario hist\u00f3rico ocupa un \u00e1rea natural protegida de 5,887.38 hect\u00e1reas en la provincia lambayecana de Ferre\u00f1afe.<\/p>\n<p style=\"text-align: justify;\">Fue establecido mediante el Decreto Supremo 034-2001-AG, con el objetivo de conservar la unidad paisaj\u00edstica cultural del bosque seco ecuatorial y el complejo arqueol\u00f3gico de la cultura Sic\u00e1n.<\/p>\n<p style=\"text-align: justify;\">Agencia Andina.<\/p>\n<p style=\"text-align: justify;\"><img decoding=\"async\" src=\"images\/resized\/images\/stories\/13\/01\/300113\/pomac_400_268.jpg\" border=\"0\" alt=\"Lambayeque: Mejorar\u00e1n servicios tur\u00edsticos en el Bosque de P\u00f3mac\" title=\"Lambayeque: Mejorar\u00e1n servicios tur\u00edsticos en el Bosque de P\u00f3mac\" \/><\/p>\n","protected":false},"excerpt":{"rendered":"<p>(Aeronoticias).- Casi cinco millones de nuevos soles ser\u00e1n invertidos este a\u00f1o en el santuario hist\u00f3rico Bosque de P\u00f3mac, a trav\u00e9s de un proyecto para mejorar los servicios tur\u00edsticos que ofrece y se convierta en un producto tur\u00edstico de la regi\u00f3n Lambayeque. Miguel Peralta Su\u00e1rez, gerente regional de Comercio Exterior y Turismo, inform\u00f3 que a mediados [&hellip;]<\/p>\n","protected":false},"author":1,"featured_media":0,"comment_status":"open","ping_status":"open","sticky":false,"template":"","format":"standard","meta":{"tdm_status":"","tdm_grid_status":"","footnotes":""},"categories":[31],"tags":[],"class_list":{"0":"post-35154","1":"post","2":"type-post","3":"status-publish","4":"format-standard","6":"category-31"},"yoast_head":"<!-- This site is optimized with the Yoast SEO plugin v25.1 - https:\/\/yoast.com\/wordpress\/plugins\/seo\/ -->\n<title>Lambayeque: Mejorar\u00e1n servicios tur\u00edsticos en el Bosque de P\u00f3mac<\/title>\n<meta name=\"description\" content=\"Portal de noticias del Per\u00fa sobre el transporte a\u00e9reo, aviaci\u00f3n, turismo, hoteleria, actualidad.\" \/>\n<meta name=\"robots\" content=\"index, follow, max-snippet:-1, max-image-preview:large, max-video-preview:-1\" \/>\n<link rel=\"canonical\" href=\"https:\/\/aeronoticias.com.pe\/noticiero\/turismo\/13\/lambayeque-mejoraran-servicios-turisticos-en-el-bosque-de-pomac\/\" \/>\n<meta property=\"og:locale\" content=\"es_ES\" \/>\n<meta property=\"og:type\" content=\"article\" \/>\n<meta property=\"og:title\" content=\"Lambayeque: Mejorar\u00e1n servicios tur\u00edsticos en el Bosque de P\u00f3mac\" \/>\n<meta property=\"og:description\" content=\"Portal de noticias del Per\u00fa sobre el transporte a\u00e9reo, aviaci\u00f3n, turismo, hoteleria, actualidad.\" \/>\n<meta property=\"og:url\" content=\"https:\/\/aeronoticias.com.pe\/noticiero\/turismo\/13\/lambayeque-mejoraran-servicios-turisticos-en-el-bosque-de-pomac\/\" \/>\n<meta property=\"og:site_name\" content=\"Aeronoticias.com.pe\" \/>\n<meta property=\"article:publisher\" content=\"https:\/\/www.facebook.com\/Aeronoticias.com.pe\/\" \/>\n<meta property=\"article:published_time\" content=\"2013-03-08T15:42:05+00:00\" \/>\n<meta name=\"author\" content=\"Redacci\u00f3n Aeronoticias\" \/>\n<meta name=\"twitter:card\" content=\"summary_large_image\" \/>\n<meta name=\"twitter:creator\" content=\"@aeronoticias\" \/>\n<meta name=\"twitter:site\" content=\"@aeronoticias\" \/>\n<meta name=\"twitter:label1\" content=\"Escrito por\" \/>\n\t<meta name=\"twitter:data1\" content=\"Redacci\u00f3n Aeronoticias\" \/>\n\t<meta name=\"twitter:label2\" content=\"Tiempo de lectura\" \/>\n\t<meta name=\"twitter:data2\" content=\"2 minutos\" \/>\n<script type=\"application\/ld+json\" class=\"yoast-schema-graph\">{\"@context\":\"https:\/\/schema.org\",\"@graph\":[{\"@type\":\"WebPage\",\"@id\":\"https:\/\/aeronoticias.com.pe\/noticiero\/turismo\/13\/lambayeque-mejoraran-servicios-turisticos-en-el-bosque-de-pomac\/\",\"url\":\"https:\/\/aeronoticias.com.pe\/noticiero\/turismo\/13\/lambayeque-mejoraran-servicios-turisticos-en-el-bosque-de-pomac\/\",\"name\":\"Lambayeque: Mejorar\u00e1n servicios tur\u00edsticos en el Bosque de P\u00f3mac\",\"isPartOf\":{\"@id\":\"https:\/\/aeronoticias.com.pe\/noticiero\/#website\"},\"datePublished\":\"2013-03-08T15:42:05+00:00\",\"author\":{\"@id\":\"https:\/\/aeronoticias.com.pe\/noticiero\/#\/schema\/person\/fc1e5d578f4b62ba1cf7ac2bba1170a0\"},\"description\":\"Portal de noticias del Per\u00fa sobre el transporte a\u00e9reo, aviaci\u00f3n, turismo, hoteleria, actualidad.\",\"breadcrumb\":{\"@id\":\"https:\/\/aeronoticias.com.pe\/noticiero\/turismo\/13\/lambayeque-mejoraran-servicios-turisticos-en-el-bosque-de-pomac\/#breadcrumb\"},\"inLanguage\":\"es\",\"potentialAction\":[{\"@type\":\"ReadAction\",\"target\":[\"https:\/\/aeronoticias.com.pe\/noticiero\/turismo\/13\/lambayeque-mejoraran-servicios-turisticos-en-el-bosque-de-pomac\/\"]}]},{\"@type\":\"BreadcrumbList\",\"@id\":\"https:\/\/aeronoticias.com.pe\/noticiero\/turismo\/13\/lambayeque-mejoraran-servicios-turisticos-en-el-bosque-de-pomac\/#breadcrumb\",\"itemListElement\":[{\"@type\":\"ListItem\",\"position\":1,\"name\":\"Portada\",\"item\":\"https:\/\/aeronoticias.com.pe\/noticiero\/\"},{\"@type\":\"ListItem\",\"position\":2,\"name\":\"Lambayeque: Mejorar\u00e1n servicios tur\u00edsticos en el Bosque de P\u00f3mac\"}]},{\"@type\":\"WebSite\",\"@id\":\"https:\/\/aeronoticias.com.pe\/noticiero\/#website\",\"url\":\"https:\/\/aeronoticias.com.pe\/noticiero\/\",\"name\":\"Aeronoticias.com.pe\",\"description\":\"Noticias de tranporte aereo, turismo, hoteles, gastronomia, actualidad, internacional\",\"potentialAction\":[{\"@type\":\"SearchAction\",\"target\":{\"@type\":\"EntryPoint\",\"urlTemplate\":\"https:\/\/aeronoticias.com.pe\/noticiero\/?s={search_term_string}\"},\"query-input\":{\"@type\":\"PropertyValueSpecification\",\"valueRequired\":true,\"valueName\":\"search_term_string\"}}],\"inLanguage\":\"es\"},{\"@type\":\"Person\",\"@id\":\"https:\/\/aeronoticias.com.pe\/noticiero\/#\/schema\/person\/fc1e5d578f4b62ba1cf7ac2bba1170a0\",\"name\":\"Redacci\u00f3n Aeronoticias\",\"url\":\"https:\/\/aeronoticias.com.pe\/noticiero\/author\/piloto\/\"}]}<\/script>\n<!-- \/ Yoast SEO plugin. -->","yoast_head_json":{"title":"Lambayeque: Mejorar\u00e1n servicios tur\u00edsticos en el Bosque de P\u00f3mac","description":"Portal de noticias del Per\u00fa sobre el transporte a\u00e9reo, aviaci\u00f3n, turismo, hoteleria, actualidad.","robots":{"index":"index","follow":"follow","max-snippet":"max-snippet:-1","max-image-preview":"max-image-preview:large","max-video-preview":"max-video-preview:-1"},"canonical":"https:\/\/aeronoticias.com.pe\/noticiero\/turismo\/13\/lambayeque-mejoraran-servicios-turisticos-en-el-bosque-de-pomac\/","og_locale":"es_ES","og_type":"article","og_title":"Lambayeque: Mejorar\u00e1n servicios tur\u00edsticos en el Bosque de P\u00f3mac","og_description":"Portal de noticias del Per\u00fa sobre el transporte a\u00e9reo, aviaci\u00f3n, turismo, hoteleria, actualidad.","og_url":"https:\/\/aeronoticias.com.pe\/noticiero\/turismo\/13\/lambayeque-mejoraran-servicios-turisticos-en-el-bosque-de-pomac\/","og_site_name":"Aeronoticias.com.pe","article_publisher":"https:\/\/www.facebook.com\/Aeronoticias.com.pe\/","article_published_time":"2013-03-08T15:42:05+00:00","author":"Redacci\u00f3n Aeronoticias","twitter_card":"summary_large_image","twitter_creator":"@aeronoticias","twitter_site":"@aeronoticias","twitter_misc":{"Escrito por":"Redacci\u00f3n Aeronoticias","Tiempo de lectura":"2 minutos"},"schema":{"@context":"https:\/\/schema.org","@graph":[{"@type":"WebPage","@id":"https:\/\/aeronoticias.com.pe\/noticiero\/turismo\/13\/lambayeque-mejoraran-servicios-turisticos-en-el-bosque-de-pomac\/","url":"https:\/\/aeronoticias.com.pe\/noticiero\/turismo\/13\/lambayeque-mejoraran-servicios-turisticos-en-el-bosque-de-pomac\/","name":"Lambayeque: Mejorar\u00e1n servicios tur\u00edsticos en el Bosque de P\u00f3mac","isPartOf":{"@id":"https:\/\/aeronoticias.com.pe\/noticiero\/#website"},"datePublished":"2013-03-08T15:42:05+00:00","author":{"@id":"https:\/\/aeronoticias.com.pe\/noticiero\/#\/schema\/person\/fc1e5d578f4b62ba1cf7ac2bba1170a0"},"description":"Portal de noticias del Per\u00fa sobre el transporte a\u00e9reo, aviaci\u00f3n, turismo, hoteleria, actualidad.","breadcrumb":{"@id":"https:\/\/aeronoticias.com.pe\/noticiero\/turismo\/13\/lambayeque-mejoraran-servicios-turisticos-en-el-bosque-de-pomac\/#breadcrumb"},"inLanguage":"es","potentialAction":[{"@type":"ReadAction","target":["https:\/\/aeronoticias.com.pe\/noticiero\/turismo\/13\/lambayeque-mejoraran-servicios-turisticos-en-el-bosque-de-pomac\/"]}]},{"@type":"BreadcrumbList","@id":"https:\/\/aeronoticias.com.pe\/noticiero\/turismo\/13\/lambayeque-mejoraran-servicios-turisticos-en-el-bosque-de-pomac\/#breadcrumb","itemListElement":[{"@type":"ListItem","position":1,"name":"Portada","item":"https:\/\/aeronoticias.com.pe\/noticiero\/"},{"@type":"ListItem","position":2,"name":"Lambayeque: Mejorar\u00e1n servicios tur\u00edsticos en el Bosque de P\u00f3mac"}]},{"@type":"WebSite","@id":"https:\/\/aeronoticias.com.pe\/noticiero\/#website","url":"https:\/\/aeronoticias.com.pe\/noticiero\/","name":"Aeronoticias.com.pe","description":"Noticias de tranporte aereo, turismo, hoteles, gastronomia, actualidad, internacional","potentialAction":[{"@type":"SearchAction","target":{"@type":"EntryPoint","urlTemplate":"https:\/\/aeronoticias.com.pe\/noticiero\/?s={search_term_string}"},"query-input":{"@type":"PropertyValueSpecification","valueRequired":true,"valueName":"search_term_string"}}],"inLanguage":"es"},{"@type":"Person","@id":"https:\/\/aeronoticias.com.pe\/noticiero\/#\/schema\/person\/fc1e5d578f4b62ba1cf7ac2bba1170a0","name":"Redacci\u00f3n Aeronoticias","url":"https:\/\/aeronoticias.com.pe\/noticiero\/author\/piloto\/"}]}},"_links":{"self":[{"href":"https:\/\/aeronoticias.com.pe\/noticiero\/wp-json\/wp\/v2\/posts\/35154","targetHints":{"allow":["GET"]}}],"collection":[{"href":"https:\/\/aeronoticias.com.pe\/noticiero\/wp-json\/wp\/v2\/posts"}],"about":[{"href":"https:\/\/aeronoticias.com.pe\/noticiero\/wp-json\/wp\/v2\/types\/post"}],"author":[{"embeddable":true,"href":"https:\/\/aeronoticias.com.pe\/noticiero\/wp-json\/wp\/v2\/users\/1"}],"replies":[{"embeddable":true,"href":"https:\/\/aeronoticias.com.pe\/noticiero\/wp-json\/wp\/v2\/comments?post=35154"}],"version-history":[{"count":0,"href":"https:\/\/aeronoticias.com.pe\/noticiero\/wp-json\/wp\/v2\/posts\/35154\/revisions"}],"wp:attachment":[{"href":"https:\/\/aeronoticias.com.pe\/noticiero\/wp-json\/wp\/v2\/media?parent=35154"}],"wp:term":[{"taxonomy":"category","embeddable":true,"href":"https:\/\/aeronoticias.com.pe\/noticiero\/wp-json\/wp\/v2\/categories?post=35154"},{"taxonomy":"post_tag","embeddable":true,"href":"https:\/\/aeronoticias.com.pe\/noticiero\/wp-json\/wp\/v2\/tags?post=35154"}],"curies":[{"name":"wp","href":"https:\/\/api.w.org\/{rel}","templated":true}]}}