{"id":35158,"date":"2013-03-08T16:04:40","date_gmt":"2013-03-08T16:04:40","guid":{"rendered":"http:\/\/desarrollo.mcvicious.com\/aero2020\/2013\/03\/08\/promperu-posiciona-a-peru-como-destino-multitematico-en-feria-itb-de-berlin\/"},"modified":"2013-03-08T16:04:40","modified_gmt":"2013-03-08T16:04:40","slug":"promperu-posiciona-a-peru-como-destino-multitematico-en-feria-itb-de-berlin","status":"publish","type":"post","link":"https:\/\/aeronoticias.com.pe\/noticiero\/turismo\/13\/promperu-posiciona-a-peru-como-destino-multitematico-en-feria-itb-de-berlin\/","title":{"rendered":"Promper\u00fa posiciona a Per\u00fa como destino multitem\u00e1tico en feria ITB de Berl\u00edn"},"content":{"rendered":"<p style=\"text-align: justify;\"><strong>(Aeronoticias).-<\/strong> La Comisi\u00f3n de Promoci\u00f3n del Per\u00fa para la Exportaci\u00f3n y el Turismo (Promper\u00fa) est\u00e1 focalizada en posicionar a Per\u00fa como un destino multitem\u00e9tico, con productos de cultura, naturaleza y aventura, durante la feria Internationale Tourismus B\u00f6rse (ITB), que se realiza en Berl\u00edn (Alemania).<\/p>\n<p style=\"text-align: justify;\">La viceministra de Turismo, Claudia Cornejo, preside la delegaci\u00f3n peruana, que por Promper\u00fa est\u00e1 integrada por la directora de Promoci\u00f3n del Turismo, Mar\u00eda del Carmen de Reparaz, la coordinadora del Departamento del Mercado Europeo de Promper\u00fa, Cecilia Salazar, y la especialista del Mercado Alem\u00e1n, Magaly Aliaga.<\/p>\n<p style=\"text-align: justify;\">El stand peruano ocupa un \u00e1rea de 405 metros cuadrados, cuenta con 35 coexpositores y una peque\u00f1a muestra de cer\u00e1micos de la cultura Moche.<\/p>\n<p>  <!--more-->  <\/p>\n<p style=\"text-align: justify;\">Adem\u00e1s, participa la C\u00e1mara de las Organizaciones de Turismo de La Libertad (Cadetur), que reforzar\u00e1 la informaci\u00f3n que se brindar\u00e1 sobre La Ruta Moche.<\/p>\n<p style=\"text-align: justify;\">La ITB es una de las ferias de turismo m\u00e1s importantes a nivel mundial, se realiza en la ciudad de Berl\u00edn desde 1966 y, en su \u00faltima edici\u00f3n cont\u00f3 con m\u00e1s de 170 mil visitantes. Adem\u00e1s, cont\u00f3 con m\u00e1s de 10,000 expositores de 180 pa\u00edses.<\/p>\n<p style=\"text-align: justify;\">Alemania es el cuarto pa\u00eds europeo emisor de turistas hacia el pa\u00eds, con un promedio de 17 d\u00edas de estad\u00eda y un gasto promedio de 1,793 de d\u00f3lares, sin contar el coste de los pasajes a\u00e9reos.<\/p>\n<p style=\"text-align: justify;\">Promper\u00fa record\u00f3 que en la feria ITB se utiliz\u00f3 por primera vez la Marca Pa\u00eds en la decoraci\u00f3n del stand peruano, lo que gener\u00f3 una gran expectativa entre los asistentes al recinto ferial y entre los peruanos, que vieron por primera vez la nueva imagen de Per\u00fa.<\/p>\n<p style=\"text-align: justify;\">Agencia Andina.<\/p>\n<p style=\"text-align: justify;\"><img decoding=\"async\" src=\"images\/stories\/13\/03\/080313\/itb_berlin_2013.jpg\" border=\"0\" alt=\"Promper\u00fa posiciona a Per\u00fa como destino multitem\u00e1tico en feria ITB de Berl\u00edn\" title=\"Promper\u00fa posiciona a Per\u00fa como destino multitem\u00e1tico en feria ITB de Berl\u00edn\" \/><\/p>\n","protected":false},"excerpt":{"rendered":"<p>(Aeronoticias).- La Comisi\u00f3n de Promoci\u00f3n del Per\u00fa para la Exportaci\u00f3n y el Turismo (Promper\u00fa) est\u00e1 focalizada en posicionar a Per\u00fa como un destino multitem\u00e9tico, con productos de cultura, naturaleza y aventura, durante la feria Internationale Tourismus B\u00f6rse (ITB), que se realiza en Berl\u00edn (Alemania). La viceministra de Turismo, Claudia Cornejo, preside la delegaci\u00f3n peruana, que [&hellip;]<\/p>\n","protected":false},"author":1,"featured_media":0,"comment_status":"open","ping_status":"open","sticky":false,"template":"","format":"standard","meta":{"tdm_status":"","tdm_grid_status":"","footnotes":""},"categories":[31],"tags":[],"class_list":{"0":"post-35158","1":"post","2":"type-post","3":"status-publish","4":"format-standard","6":"category-31"},"yoast_head":"<!-- This site is optimized with the Yoast SEO plugin v25.1 - https:\/\/yoast.com\/wordpress\/plugins\/seo\/ -->\n<title>Promper\u00fa posiciona a Per\u00fa como destino multitem\u00e1tico en feria ITB de Berl\u00edn<\/title>\n<meta name=\"description\" content=\"Portal de noticias del Per\u00fa sobre el transporte a\u00e9reo, aviaci\u00f3n, turismo, hoteleria, actualidad.\" \/>\n<meta name=\"robots\" content=\"index, follow, max-snippet:-1, max-image-preview:large, max-video-preview:-1\" \/>\n<link rel=\"canonical\" href=\"https:\/\/aeronoticias.com.pe\/noticiero\/turismo\/13\/promperu-posiciona-a-peru-como-destino-multitematico-en-feria-itb-de-berlin\/\" \/>\n<meta property=\"og:locale\" content=\"es_ES\" \/>\n<meta property=\"og:type\" content=\"article\" \/>\n<meta property=\"og:title\" content=\"Promper\u00fa posiciona a Per\u00fa como destino multitem\u00e1tico en feria ITB de Berl\u00edn\" \/>\n<meta property=\"og:description\" content=\"Portal de noticias del Per\u00fa sobre el transporte a\u00e9reo, aviaci\u00f3n, turismo, hoteleria, actualidad.\" \/>\n<meta property=\"og:url\" content=\"https:\/\/aeronoticias.com.pe\/noticiero\/turismo\/13\/promperu-posiciona-a-peru-como-destino-multitematico-en-feria-itb-de-berlin\/\" \/>\n<meta property=\"og:site_name\" content=\"Aeronoticias.com.pe\" \/>\n<meta property=\"article:publisher\" content=\"https:\/\/www.facebook.com\/Aeronoticias.com.pe\/\" \/>\n<meta property=\"article:published_time\" content=\"2013-03-08T16:04:40+00:00\" \/>\n<meta name=\"author\" content=\"Redacci\u00f3n Aeronoticias\" \/>\n<meta name=\"twitter:card\" content=\"summary_large_image\" \/>\n<meta name=\"twitter:creator\" content=\"@aeronoticias\" \/>\n<meta name=\"twitter:site\" content=\"@aeronoticias\" \/>\n<meta name=\"twitter:label1\" content=\"Escrito por\" \/>\n\t<meta name=\"twitter:data1\" content=\"Redacci\u00f3n Aeronoticias\" \/>\n\t<meta name=\"twitter:label2\" content=\"Tiempo de lectura\" \/>\n\t<meta name=\"twitter:data2\" content=\"1 minuto\" \/>\n<script type=\"application\/ld+json\" class=\"yoast-schema-graph\">{\"@context\":\"https:\/\/schema.org\",\"@graph\":[{\"@type\":\"WebPage\",\"@id\":\"https:\/\/aeronoticias.com.pe\/noticiero\/turismo\/13\/promperu-posiciona-a-peru-como-destino-multitematico-en-feria-itb-de-berlin\/\",\"url\":\"https:\/\/aeronoticias.com.pe\/noticiero\/turismo\/13\/promperu-posiciona-a-peru-como-destino-multitematico-en-feria-itb-de-berlin\/\",\"name\":\"Promper\u00fa posiciona a Per\u00fa como destino multitem\u00e1tico en feria ITB de Berl\u00edn\",\"isPartOf\":{\"@id\":\"https:\/\/aeronoticias.com.pe\/noticiero\/#website\"},\"datePublished\":\"2013-03-08T16:04:40+00:00\",\"author\":{\"@id\":\"https:\/\/aeronoticias.com.pe\/noticiero\/#\/schema\/person\/fc1e5d578f4b62ba1cf7ac2bba1170a0\"},\"description\":\"Portal de noticias del Per\u00fa sobre el transporte a\u00e9reo, aviaci\u00f3n, turismo, hoteleria, actualidad.\",\"breadcrumb\":{\"@id\":\"https:\/\/aeronoticias.com.pe\/noticiero\/turismo\/13\/promperu-posiciona-a-peru-como-destino-multitematico-en-feria-itb-de-berlin\/#breadcrumb\"},\"inLanguage\":\"es\",\"potentialAction\":[{\"@type\":\"ReadAction\",\"target\":[\"https:\/\/aeronoticias.com.pe\/noticiero\/turismo\/13\/promperu-posiciona-a-peru-como-destino-multitematico-en-feria-itb-de-berlin\/\"]}]},{\"@type\":\"BreadcrumbList\",\"@id\":\"https:\/\/aeronoticias.com.pe\/noticiero\/turismo\/13\/promperu-posiciona-a-peru-como-destino-multitematico-en-feria-itb-de-berlin\/#breadcrumb\",\"itemListElement\":[{\"@type\":\"ListItem\",\"position\":1,\"name\":\"Portada\",\"item\":\"https:\/\/aeronoticias.com.pe\/noticiero\/\"},{\"@type\":\"ListItem\",\"position\":2,\"name\":\"Promper\u00fa posiciona a Per\u00fa como destino multitem\u00e1tico en feria ITB de Berl\u00edn\"}]},{\"@type\":\"WebSite\",\"@id\":\"https:\/\/aeronoticias.com.pe\/noticiero\/#website\",\"url\":\"https:\/\/aeronoticias.com.pe\/noticiero\/\",\"name\":\"Aeronoticias.com.pe\",\"description\":\"Noticias de tranporte aereo, turismo, hoteles, gastronomia, actualidad, internacional\",\"potentialAction\":[{\"@type\":\"SearchAction\",\"target\":{\"@type\":\"EntryPoint\",\"urlTemplate\":\"https:\/\/aeronoticias.com.pe\/noticiero\/?s={search_term_string}\"},\"query-input\":{\"@type\":\"PropertyValueSpecification\",\"valueRequired\":true,\"valueName\":\"search_term_string\"}}],\"inLanguage\":\"es\"},{\"@type\":\"Person\",\"@id\":\"https:\/\/aeronoticias.com.pe\/noticiero\/#\/schema\/person\/fc1e5d578f4b62ba1cf7ac2bba1170a0\",\"name\":\"Redacci\u00f3n Aeronoticias\",\"url\":\"https:\/\/aeronoticias.com.pe\/noticiero\/author\/piloto\/\"}]}<\/script>\n<!-- \/ Yoast SEO plugin. -->","yoast_head_json":{"title":"Promper\u00fa posiciona a Per\u00fa como destino multitem\u00e1tico en feria ITB de Berl\u00edn","description":"Portal de noticias del Per\u00fa sobre el transporte a\u00e9reo, aviaci\u00f3n, turismo, hoteleria, actualidad.","robots":{"index":"index","follow":"follow","max-snippet":"max-snippet:-1","max-image-preview":"max-image-preview:large","max-video-preview":"max-video-preview:-1"},"canonical":"https:\/\/aeronoticias.com.pe\/noticiero\/turismo\/13\/promperu-posiciona-a-peru-como-destino-multitematico-en-feria-itb-de-berlin\/","og_locale":"es_ES","og_type":"article","og_title":"Promper\u00fa posiciona a Per\u00fa como destino multitem\u00e1tico en feria ITB de Berl\u00edn","og_description":"Portal de noticias del Per\u00fa sobre el transporte a\u00e9reo, aviaci\u00f3n, turismo, hoteleria, actualidad.","og_url":"https:\/\/aeronoticias.com.pe\/noticiero\/turismo\/13\/promperu-posiciona-a-peru-como-destino-multitematico-en-feria-itb-de-berlin\/","og_site_name":"Aeronoticias.com.pe","article_publisher":"https:\/\/www.facebook.com\/Aeronoticias.com.pe\/","article_published_time":"2013-03-08T16:04:40+00:00","author":"Redacci\u00f3n Aeronoticias","twitter_card":"summary_large_image","twitter_creator":"@aeronoticias","twitter_site":"@aeronoticias","twitter_misc":{"Escrito por":"Redacci\u00f3n Aeronoticias","Tiempo de lectura":"1 minuto"},"schema":{"@context":"https:\/\/schema.org","@graph":[{"@type":"WebPage","@id":"https:\/\/aeronoticias.com.pe\/noticiero\/turismo\/13\/promperu-posiciona-a-peru-como-destino-multitematico-en-feria-itb-de-berlin\/","url":"https:\/\/aeronoticias.com.pe\/noticiero\/turismo\/13\/promperu-posiciona-a-peru-como-destino-multitematico-en-feria-itb-de-berlin\/","name":"Promper\u00fa posiciona a Per\u00fa como destino multitem\u00e1tico en feria ITB de Berl\u00edn","isPartOf":{"@id":"https:\/\/aeronoticias.com.pe\/noticiero\/#website"},"datePublished":"2013-03-08T16:04:40+00:00","author":{"@id":"https:\/\/aeronoticias.com.pe\/noticiero\/#\/schema\/person\/fc1e5d578f4b62ba1cf7ac2bba1170a0"},"description":"Portal de noticias del Per\u00fa sobre el transporte a\u00e9reo, aviaci\u00f3n, turismo, hoteleria, actualidad.","breadcrumb":{"@id":"https:\/\/aeronoticias.com.pe\/noticiero\/turismo\/13\/promperu-posiciona-a-peru-como-destino-multitematico-en-feria-itb-de-berlin\/#breadcrumb"},"inLanguage":"es","potentialAction":[{"@type":"ReadAction","target":["https:\/\/aeronoticias.com.pe\/noticiero\/turismo\/13\/promperu-posiciona-a-peru-como-destino-multitematico-en-feria-itb-de-berlin\/"]}]},{"@type":"BreadcrumbList","@id":"https:\/\/aeronoticias.com.pe\/noticiero\/turismo\/13\/promperu-posiciona-a-peru-como-destino-multitematico-en-feria-itb-de-berlin\/#breadcrumb","itemListElement":[{"@type":"ListItem","position":1,"name":"Portada","item":"https:\/\/aeronoticias.com.pe\/noticiero\/"},{"@type":"ListItem","position":2,"name":"Promper\u00fa posiciona a Per\u00fa como destino multitem\u00e1tico en feria ITB de Berl\u00edn"}]},{"@type":"WebSite","@id":"https:\/\/aeronoticias.com.pe\/noticiero\/#website","url":"https:\/\/aeronoticias.com.pe\/noticiero\/","name":"Aeronoticias.com.pe","description":"Noticias de tranporte aereo, turismo, hoteles, gastronomia, actualidad, internacional","potentialAction":[{"@type":"SearchAction","target":{"@type":"EntryPoint","urlTemplate":"https:\/\/aeronoticias.com.pe\/noticiero\/?s={search_term_string}"},"query-input":{"@type":"PropertyValueSpecification","valueRequired":true,"valueName":"search_term_string"}}],"inLanguage":"es"},{"@type":"Person","@id":"https:\/\/aeronoticias.com.pe\/noticiero\/#\/schema\/person\/fc1e5d578f4b62ba1cf7ac2bba1170a0","name":"Redacci\u00f3n Aeronoticias","url":"https:\/\/aeronoticias.com.pe\/noticiero\/author\/piloto\/"}]}},"_links":{"self":[{"href":"https:\/\/aeronoticias.com.pe\/noticiero\/wp-json\/wp\/v2\/posts\/35158","targetHints":{"allow":["GET"]}}],"collection":[{"href":"https:\/\/aeronoticias.com.pe\/noticiero\/wp-json\/wp\/v2\/posts"}],"about":[{"href":"https:\/\/aeronoticias.com.pe\/noticiero\/wp-json\/wp\/v2\/types\/post"}],"author":[{"embeddable":true,"href":"https:\/\/aeronoticias.com.pe\/noticiero\/wp-json\/wp\/v2\/users\/1"}],"replies":[{"embeddable":true,"href":"https:\/\/aeronoticias.com.pe\/noticiero\/wp-json\/wp\/v2\/comments?post=35158"}],"version-history":[{"count":0,"href":"https:\/\/aeronoticias.com.pe\/noticiero\/wp-json\/wp\/v2\/posts\/35158\/revisions"}],"wp:attachment":[{"href":"https:\/\/aeronoticias.com.pe\/noticiero\/wp-json\/wp\/v2\/media?parent=35158"}],"wp:term":[{"taxonomy":"category","embeddable":true,"href":"https:\/\/aeronoticias.com.pe\/noticiero\/wp-json\/wp\/v2\/categories?post=35158"},{"taxonomy":"post_tag","embeddable":true,"href":"https:\/\/aeronoticias.com.pe\/noticiero\/wp-json\/wp\/v2\/tags?post=35158"}],"curies":[{"name":"wp","href":"https:\/\/api.w.org\/{rel}","templated":true}]}}