{"id":35160,"date":"2013-03-08T16:59:02","date_gmt":"2013-03-08T16:59:02","guid":{"rendered":"http:\/\/desarrollo.mcvicious.com\/aero2020\/2013\/03\/08\/investigan-inexistencia-de-ayudas-visuales-e-informacion-meteorologica-en-el-accidente-de-aerodromo-de-pias\/"},"modified":"2013-03-08T16:59:02","modified_gmt":"2013-03-08T16:59:02","slug":"investigan-inexistencia-de-ayudas-visuales-e-informacion-meteorologica-en-el-accidente-de-aerodromo-de-pias","status":"publish","type":"post","link":"https:\/\/aeronoticias.com.pe\/noticiero\/ultimas\/1\/investigan-inexistencia-de-ayudas-visuales-e-informacion-meteorologica-en-el-accidente-de-aerodromo-de-pias\/","title":{"rendered":"Investigan inexistencia de ayudas visuales e informaci\u00f3n meteorol\u00f3gica en el accidente  de aer\u00f3dromo de P\u00edas"},"content":{"rendered":"<p style=\"text-align: justify;\"><strong>(Aeronoticias)<\/strong> La Comisi\u00f3n de Derecho Aeron\u00e1utico del Colegio de Abogados de Lima (CAL) que preside Juli\u00e1n Palacin Fern\u00e1ndez, est\u00e1 realizando un estudio preliminar para determinar la existencia de ayudas visuales indicadoras de obst\u00e1culos en el aer\u00f3dromo de P\u00edas, en Pataz- La Libertad, en donde el mi\u00e9rcoles 6 de marzo una aeronave Beechcraft B-200 de una conocida compa\u00f1\u00eda local sufri\u00f3 un tr\u00e1gico accidente de aviaci\u00f3n, en el que fallecieron 9 personas entre pasajeros y tripulantes.<\/p>\n<p>El anexo 14 al Convenio sobre Aviaci\u00f3n Civil Internacional recomienda que deber\u00eda se\u00f1alarse todo obst\u00e1culo fijo que sobresalga de una superficie de ascenso en el despegue dentro de la distancia comprendida entre 3,000 metros del borde interior de la superficie de ascenso en el despegue, y deber\u00eda adem\u00e1s se\u00f1alarse todo objeto fijo que no sea un obst\u00e1culo situado en la proximidad de una superficie de ascenso en el despegue, agregando que se deben se\u00f1alar los objetos con uso de colores en el caso de los cables de alta tensi\u00f3n, en los que supuestamente se habr\u00eda enredado la aeronave siniestrada.<\/p>\n<p>  <!--more-->  <\/p>\n<p style=\"text-align: justify;\"><img decoding=\"async\" src=\"images\/stories\/13\/03\/080313\/pataz_atsa.jpg\" border=\"0\" alt=\"Investigan inexistencia de ayudas visuales e informaci\u00f3n meteorol\u00f3gica en el accidente  de aer\u00f3dromo de P\u00edas\" title=\"Investigan inexistencia de ayudas visuales e informaci\u00f3n meteorol\u00f3gica en el accidente  de aer\u00f3dromo de P\u00edas\" \/><\/p>\n<p>Si no se hubieran cumplido estas normas en la certificaci\u00f3n del aeropuerto de P\u00edas autorizado por Resoluci\u00f3n Directoral de la Direcci\u00f3n General de Aerona\u00fatica Civil del Ministerio de Transportes RD010-2012-MTC\/12, podr\u00edamos estar ante una posible responsabilidad del explotador del aer\u00f3dromo, que en este caso ser\u00eda el Consorcio Minero Horizonte, en aplicaci\u00f3n a lo previsto por el Art\u00edculo 139 de la Ley 27261 que establece que el explotador de un aer\u00f3dromo privado es el responsable frente a las empresas de aviaci\u00f3n por los da\u00f1os que sufren las aeronaves por el mal estado del aer\u00f3dromo, de sus pistas y de sus instalaciones, sin embargo dijo, esta informaci\u00f3n no se puede corroborar.<\/p>\n<p>Expres\u00f3 su extra\u00f1eza, en relaci\u00f3n a que la DGAC del Per\u00fa no habr\u00eda obligado al explotador del aer\u00f3dromo a dar informaci\u00f3n de vuelo e informaci\u00f3n meteorol\u00f3gica, lo que hubiera ayudado mucho al piloto y a la l\u00ednea a\u00e9rea, acot\u00f3.<\/p>\n<p>Ser\u00e1 la Comisi\u00f3n Investigadora de Accidentes de Aviaci\u00f3n del Ministerio de Transportes que deber\u00e1 determinar exhaustivamente si el aer\u00f3dromo de P\u00edas, ubicado en la provincia de Pataz, cumpl\u00eda con el Anexo 14 sobre aer\u00f3dromos al Convenio sobre Aviaci\u00f3n Civil Internacional y la Ley de Aeron\u00e1utica Civil y la Reglamentaci\u00f3n vigente.<\/p>\n","protected":false},"excerpt":{"rendered":"<p>(Aeronoticias) La Comisi\u00f3n de Derecho Aeron\u00e1utico del Colegio de Abogados de Lima (CAL) que preside Juli\u00e1n Palacin Fern\u00e1ndez, est\u00e1 realizando un estudio preliminar para determinar la existencia de ayudas visuales indicadoras de obst\u00e1culos en el aer\u00f3dromo de P\u00edas, en Pataz- La Libertad, en donde el mi\u00e9rcoles 6 de marzo una aeronave Beechcraft B-200 de una [&hellip;]<\/p>\n","protected":false},"author":1,"featured_media":0,"comment_status":"open","ping_status":"open","sticky":false,"template":"","format":"standard","meta":{"tdm_status":"","tdm_grid_status":"","footnotes":""},"categories":[30],"tags":[],"class_list":{"0":"post-35160","1":"post","2":"type-post","3":"status-publish","4":"format-standard","6":"category-30"},"yoast_head":"<!-- This site is optimized with the Yoast SEO plugin v25.1 - https:\/\/yoast.com\/wordpress\/plugins\/seo\/ -->\n<title>Investigan inexistencia de ayudas visuales e informaci\u00f3n meteorol\u00f3gica en el accidente de aer\u00f3dromo de P\u00edas<\/title>\n<meta name=\"description\" content=\"Portal de noticias del Per\u00fa sobre el transporte a\u00e9reo, aviaci\u00f3n, turismo, hoteleria, actualidad.\" \/>\n<meta name=\"robots\" content=\"index, follow, max-snippet:-1, max-image-preview:large, max-video-preview:-1\" \/>\n<link rel=\"canonical\" href=\"https:\/\/aeronoticias.com.pe\/noticiero\/ultimas\/1\/investigan-inexistencia-de-ayudas-visuales-e-informacion-meteorologica-en-el-accidente-de-aerodromo-de-pias\/\" \/>\n<meta property=\"og:locale\" content=\"es_ES\" \/>\n<meta property=\"og:type\" content=\"article\" \/>\n<meta property=\"og:title\" content=\"Investigan inexistencia de ayudas visuales e informaci\u00f3n meteorol\u00f3gica en el accidente de aer\u00f3dromo de P\u00edas\" \/>\n<meta property=\"og:description\" content=\"Portal de noticias del Per\u00fa sobre el transporte a\u00e9reo, aviaci\u00f3n, turismo, hoteleria, actualidad.\" \/>\n<meta property=\"og:url\" content=\"https:\/\/aeronoticias.com.pe\/noticiero\/ultimas\/1\/investigan-inexistencia-de-ayudas-visuales-e-informacion-meteorologica-en-el-accidente-de-aerodromo-de-pias\/\" \/>\n<meta property=\"og:site_name\" content=\"Aeronoticias.com.pe\" \/>\n<meta property=\"article:publisher\" content=\"https:\/\/www.facebook.com\/Aeronoticias.com.pe\/\" \/>\n<meta property=\"article:published_time\" content=\"2013-03-08T16:59:02+00:00\" \/>\n<meta name=\"author\" content=\"Redacci\u00f3n Aeronoticias\" \/>\n<meta name=\"twitter:card\" content=\"summary_large_image\" \/>\n<meta name=\"twitter:creator\" content=\"@aeronoticias\" \/>\n<meta name=\"twitter:site\" content=\"@aeronoticias\" \/>\n<meta name=\"twitter:label1\" content=\"Escrito por\" \/>\n\t<meta name=\"twitter:data1\" content=\"Redacci\u00f3n Aeronoticias\" \/>\n\t<meta name=\"twitter:label2\" content=\"Tiempo de lectura\" \/>\n\t<meta name=\"twitter:data2\" content=\"2 minutos\" \/>\n<script type=\"application\/ld+json\" class=\"yoast-schema-graph\">{\"@context\":\"https:\/\/schema.org\",\"@graph\":[{\"@type\":\"WebPage\",\"@id\":\"https:\/\/aeronoticias.com.pe\/noticiero\/ultimas\/1\/investigan-inexistencia-de-ayudas-visuales-e-informacion-meteorologica-en-el-accidente-de-aerodromo-de-pias\/\",\"url\":\"https:\/\/aeronoticias.com.pe\/noticiero\/ultimas\/1\/investigan-inexistencia-de-ayudas-visuales-e-informacion-meteorologica-en-el-accidente-de-aerodromo-de-pias\/\",\"name\":\"Investigan inexistencia de ayudas visuales e informaci\u00f3n meteorol\u00f3gica en el accidente de aer\u00f3dromo de P\u00edas\",\"isPartOf\":{\"@id\":\"https:\/\/aeronoticias.com.pe\/noticiero\/#website\"},\"datePublished\":\"2013-03-08T16:59:02+00:00\",\"author\":{\"@id\":\"https:\/\/aeronoticias.com.pe\/noticiero\/#\/schema\/person\/fc1e5d578f4b62ba1cf7ac2bba1170a0\"},\"description\":\"Portal de noticias del Per\u00fa sobre el transporte a\u00e9reo, aviaci\u00f3n, turismo, hoteleria, actualidad.\",\"breadcrumb\":{\"@id\":\"https:\/\/aeronoticias.com.pe\/noticiero\/ultimas\/1\/investigan-inexistencia-de-ayudas-visuales-e-informacion-meteorologica-en-el-accidente-de-aerodromo-de-pias\/#breadcrumb\"},\"inLanguage\":\"es\",\"potentialAction\":[{\"@type\":\"ReadAction\",\"target\":[\"https:\/\/aeronoticias.com.pe\/noticiero\/ultimas\/1\/investigan-inexistencia-de-ayudas-visuales-e-informacion-meteorologica-en-el-accidente-de-aerodromo-de-pias\/\"]}]},{\"@type\":\"BreadcrumbList\",\"@id\":\"https:\/\/aeronoticias.com.pe\/noticiero\/ultimas\/1\/investigan-inexistencia-de-ayudas-visuales-e-informacion-meteorologica-en-el-accidente-de-aerodromo-de-pias\/#breadcrumb\",\"itemListElement\":[{\"@type\":\"ListItem\",\"position\":1,\"name\":\"Portada\",\"item\":\"https:\/\/aeronoticias.com.pe\/noticiero\/\"},{\"@type\":\"ListItem\",\"position\":2,\"name\":\"Investigan inexistencia de ayudas visuales e informaci\u00f3n meteorol\u00f3gica en el accidente de aer\u00f3dromo de P\u00edas\"}]},{\"@type\":\"WebSite\",\"@id\":\"https:\/\/aeronoticias.com.pe\/noticiero\/#website\",\"url\":\"https:\/\/aeronoticias.com.pe\/noticiero\/\",\"name\":\"Aeronoticias.com.pe\",\"description\":\"Noticias de tranporte aereo, turismo, hoteles, gastronomia, actualidad, internacional\",\"potentialAction\":[{\"@type\":\"SearchAction\",\"target\":{\"@type\":\"EntryPoint\",\"urlTemplate\":\"https:\/\/aeronoticias.com.pe\/noticiero\/?s={search_term_string}\"},\"query-input\":{\"@type\":\"PropertyValueSpecification\",\"valueRequired\":true,\"valueName\":\"search_term_string\"}}],\"inLanguage\":\"es\"},{\"@type\":\"Person\",\"@id\":\"https:\/\/aeronoticias.com.pe\/noticiero\/#\/schema\/person\/fc1e5d578f4b62ba1cf7ac2bba1170a0\",\"name\":\"Redacci\u00f3n Aeronoticias\",\"url\":\"https:\/\/aeronoticias.com.pe\/noticiero\/author\/piloto\/\"}]}<\/script>\n<!-- \/ Yoast SEO plugin. -->","yoast_head_json":{"title":"Investigan inexistencia de ayudas visuales e informaci\u00f3n meteorol\u00f3gica en el accidente de aer\u00f3dromo de P\u00edas","description":"Portal de noticias del Per\u00fa sobre el transporte a\u00e9reo, aviaci\u00f3n, turismo, hoteleria, actualidad.","robots":{"index":"index","follow":"follow","max-snippet":"max-snippet:-1","max-image-preview":"max-image-preview:large","max-video-preview":"max-video-preview:-1"},"canonical":"https:\/\/aeronoticias.com.pe\/noticiero\/ultimas\/1\/investigan-inexistencia-de-ayudas-visuales-e-informacion-meteorologica-en-el-accidente-de-aerodromo-de-pias\/","og_locale":"es_ES","og_type":"article","og_title":"Investigan inexistencia de ayudas visuales e informaci\u00f3n meteorol\u00f3gica en el accidente de aer\u00f3dromo de P\u00edas","og_description":"Portal de noticias del Per\u00fa sobre el transporte a\u00e9reo, aviaci\u00f3n, turismo, hoteleria, actualidad.","og_url":"https:\/\/aeronoticias.com.pe\/noticiero\/ultimas\/1\/investigan-inexistencia-de-ayudas-visuales-e-informacion-meteorologica-en-el-accidente-de-aerodromo-de-pias\/","og_site_name":"Aeronoticias.com.pe","article_publisher":"https:\/\/www.facebook.com\/Aeronoticias.com.pe\/","article_published_time":"2013-03-08T16:59:02+00:00","author":"Redacci\u00f3n Aeronoticias","twitter_card":"summary_large_image","twitter_creator":"@aeronoticias","twitter_site":"@aeronoticias","twitter_misc":{"Escrito por":"Redacci\u00f3n Aeronoticias","Tiempo de lectura":"2 minutos"},"schema":{"@context":"https:\/\/schema.org","@graph":[{"@type":"WebPage","@id":"https:\/\/aeronoticias.com.pe\/noticiero\/ultimas\/1\/investigan-inexistencia-de-ayudas-visuales-e-informacion-meteorologica-en-el-accidente-de-aerodromo-de-pias\/","url":"https:\/\/aeronoticias.com.pe\/noticiero\/ultimas\/1\/investigan-inexistencia-de-ayudas-visuales-e-informacion-meteorologica-en-el-accidente-de-aerodromo-de-pias\/","name":"Investigan inexistencia de ayudas visuales e informaci\u00f3n meteorol\u00f3gica en el accidente de aer\u00f3dromo de P\u00edas","isPartOf":{"@id":"https:\/\/aeronoticias.com.pe\/noticiero\/#website"},"datePublished":"2013-03-08T16:59:02+00:00","author":{"@id":"https:\/\/aeronoticias.com.pe\/noticiero\/#\/schema\/person\/fc1e5d578f4b62ba1cf7ac2bba1170a0"},"description":"Portal de noticias del Per\u00fa sobre el transporte a\u00e9reo, aviaci\u00f3n, turismo, hoteleria, actualidad.","breadcrumb":{"@id":"https:\/\/aeronoticias.com.pe\/noticiero\/ultimas\/1\/investigan-inexistencia-de-ayudas-visuales-e-informacion-meteorologica-en-el-accidente-de-aerodromo-de-pias\/#breadcrumb"},"inLanguage":"es","potentialAction":[{"@type":"ReadAction","target":["https:\/\/aeronoticias.com.pe\/noticiero\/ultimas\/1\/investigan-inexistencia-de-ayudas-visuales-e-informacion-meteorologica-en-el-accidente-de-aerodromo-de-pias\/"]}]},{"@type":"BreadcrumbList","@id":"https:\/\/aeronoticias.com.pe\/noticiero\/ultimas\/1\/investigan-inexistencia-de-ayudas-visuales-e-informacion-meteorologica-en-el-accidente-de-aerodromo-de-pias\/#breadcrumb","itemListElement":[{"@type":"ListItem","position":1,"name":"Portada","item":"https:\/\/aeronoticias.com.pe\/noticiero\/"},{"@type":"ListItem","position":2,"name":"Investigan inexistencia de ayudas visuales e informaci\u00f3n meteorol\u00f3gica en el accidente de aer\u00f3dromo de P\u00edas"}]},{"@type":"WebSite","@id":"https:\/\/aeronoticias.com.pe\/noticiero\/#website","url":"https:\/\/aeronoticias.com.pe\/noticiero\/","name":"Aeronoticias.com.pe","description":"Noticias de tranporte aereo, turismo, hoteles, gastronomia, actualidad, internacional","potentialAction":[{"@type":"SearchAction","target":{"@type":"EntryPoint","urlTemplate":"https:\/\/aeronoticias.com.pe\/noticiero\/?s={search_term_string}"},"query-input":{"@type":"PropertyValueSpecification","valueRequired":true,"valueName":"search_term_string"}}],"inLanguage":"es"},{"@type":"Person","@id":"https:\/\/aeronoticias.com.pe\/noticiero\/#\/schema\/person\/fc1e5d578f4b62ba1cf7ac2bba1170a0","name":"Redacci\u00f3n Aeronoticias","url":"https:\/\/aeronoticias.com.pe\/noticiero\/author\/piloto\/"}]}},"_links":{"self":[{"href":"https:\/\/aeronoticias.com.pe\/noticiero\/wp-json\/wp\/v2\/posts\/35160","targetHints":{"allow":["GET"]}}],"collection":[{"href":"https:\/\/aeronoticias.com.pe\/noticiero\/wp-json\/wp\/v2\/posts"}],"about":[{"href":"https:\/\/aeronoticias.com.pe\/noticiero\/wp-json\/wp\/v2\/types\/post"}],"author":[{"embeddable":true,"href":"https:\/\/aeronoticias.com.pe\/noticiero\/wp-json\/wp\/v2\/users\/1"}],"replies":[{"embeddable":true,"href":"https:\/\/aeronoticias.com.pe\/noticiero\/wp-json\/wp\/v2\/comments?post=35160"}],"version-history":[{"count":0,"href":"https:\/\/aeronoticias.com.pe\/noticiero\/wp-json\/wp\/v2\/posts\/35160\/revisions"}],"wp:attachment":[{"href":"https:\/\/aeronoticias.com.pe\/noticiero\/wp-json\/wp\/v2\/media?parent=35160"}],"wp:term":[{"taxonomy":"category","embeddable":true,"href":"https:\/\/aeronoticias.com.pe\/noticiero\/wp-json\/wp\/v2\/categories?post=35160"},{"taxonomy":"post_tag","embeddable":true,"href":"https:\/\/aeronoticias.com.pe\/noticiero\/wp-json\/wp\/v2\/tags?post=35160"}],"curies":[{"name":"wp","href":"https:\/\/api.w.org\/{rel}","templated":true}]}}