{"id":352,"date":"2008-08-28T14:55:52","date_gmt":"2008-08-28T14:55:52","guid":{"rendered":"http:\/\/desarrollo.mcvicious.com\/aero2020\/2008\/08\/28\/mincetur-culmina-sezacie-atractivos-turicos-en-apurc\/"},"modified":"2008-08-28T14:55:52","modified_gmt":"2008-08-28T14:55:52","slug":"mincetur-culmina-sezacie-atractivos-turicos-en-apurc","status":"publish","type":"post","link":"https:\/\/aeronoticias.com.pe\/noticiero\/turismo\/13\/mincetur-culmina-sezacie-atractivos-turicos-en-apurc\/","title":{"rendered":"Mincetur culmina se"},"content":{"rendered":"\n<div align=\"justify\" style=\"font-family: Arial,Helvetica,sans-serif; font-size: 12px; color: #003a75\">La titular del Mincetur, Mercedes Ar&aacute;oz inform&oacute; que el Plan Copesco del Ministerio de Comercio Exterior y Turismo culmin&oacute; la se&ntilde;alizaci&oacute;n de los atractivos tur&iacute;sticos ubicados en el departamento de Apur&iacute;mac, a fin de mejorar la orientaci&oacute;n del turista, durante su visita a los principales atractivos tur&iacute;sticos y arqueol&oacute;gicos de la localidad.<br \/>&nbsp;<br \/>&ldquo;Nuestro objetivo es mejorar la orientaci&oacute;n del turista nacional y extranjero durante su visita a los principales atractivos tur&iacute;sticos del pa&iacute;s, mediante la implementaci&oacute;n de estas se&ntilde;ales estandarizadas. El Mincetur contin&uacute;a trabajando en otros departamentos del pa&iacute;s para mejorar la se&ntilde;alizaci&oacute;n en las zonas donde se ubican nuestros principales atractivos tur&iacute;sticos&rdquo;, explic&oacute;.<\/div>\n<div align=\"justify\" style=\"font-family: Arial,Helvetica,sans-serif; font-size: 12px; color: #003a75\">&nbsp;<\/p>\n<div style=\"text-align: center\"><img loading=\"lazy\" decoding=\"async\" src=\"http:\/\/aeronoticias.com.pe\/fotonoticias\/agosto\/senaliza28.JPG\" alt=\" \" title=\"Se&ntilde;alizaci&oacute;n en el Conjunto Arqueol&oacute;gico de Saywite, ubicado en el Distrito de Curahuasi, Provincia de Abancay. (Foto: Mincetur)\" hspace=\"5\" vspace=\"5\" width=\"250\" height=\"188\" \/><\/div>\n<\/div>\n<p> <!--more--> <\/p>\n<p align=\"center\"><strong style=\"font-family: Arial,Helvetica,sans-serif; font-size: 12px; color: #003a75\">Inversi&oacute;n mayor a los 110 mil soles<\/strong><\/p>\n<p style=\"font-family: Arial,Helvetica,sans-serif; font-size: 12px; color: #003a75\" align=\"justify\"> La obra de se&ntilde;alizaci&oacute;n realizada en Apurimac fue financiada &iacute;ntegramente por el Plan Copesco Nacional -Unidad Ejecutora del Mincetur- con una inversi&oacute;n de S\/.110,402.29 Nuevos Soles y fue ejecutada por el Gobierno Regional de Apur&iacute;mac.<\/p>\n<p style=\"font-family: Arial,Helvetica,sans-serif; font-size: 12px; color: #003a75\" align=\"justify\">&nbsp;<\/p>\n<div style=\"text-align: center\"><img loading=\"lazy\" decoding=\"async\" src=\"http:\/\/aeronoticias.com.pe\/fotonoticias\/agosto\/choquequiraoplaza28.JPG\" alt=\" \" title=\"El Conjunto Arqueol&oacute;gico de Choquequirao, circuito tur&iacute;stico que tambi&eacute;n fue se&ntilde;alizado. (Foto: Mincetur)\" hspace=\"5\" vspace=\"5\" width=\"500\" height=\"365\" \/><\/div>\n<p>&nbsp;<\/p>\n<p style=\"font-family: Arial,Helvetica,sans-serif; font-size: 12px; color: #003a75\" align=\"justify\">&nbsp;<\/p>\n<p align=\"center\"><strong style=\"font-family: Arial,Helvetica,sans-serif; font-size: 12px; color: #003a75\">Siete circuitos tur&iacute;sticos se&ntilde;alizados<\/strong><\/p>\n<p style=\"font-family: Arial,Helvetica,sans-serif; font-size: 12px; color: #003a75\" align=\"justify\">Ar&aacute;oz indic&oacute; que se se&ntilde;alizaron siete circuitos tur&iacute;sticos, utilizando un total de 44 letreros, los cuales se ubican en los&nbsp; principales atractivos, caminos, v&iacute;as de ingreso y alrededores de lugares tur&iacute;sticos.&nbsp; <\/p>\n<p style=\"font-family: Arial,Helvetica,sans-serif; font-size: 12px; color: #003a75\" align=\"justify\">Los circuitos se&ntilde;alizados son: Ba&ntilde;os termales de Cconoc (Curahuasi- Abancay); Ca&ntilde;&oacute;n del Apurimac (Curahuasi- Abancay); Conjunto Arqueol&oacute;gico de Saywite (Curahuasi- Abancay); Conjunto Arqueol&oacute;gico de Choquequirao (Abancay-Curahuasi- Cachora -Huanipaca); Santuario Nacional de Ampay&nbsp; (Tamburco -Abancay); Laguna de Pacucha (Pacucha-Andahuaylas); y Ba&ntilde;os Termales de Pincahuacho (Chalhuanca-Aymaraes).<\/p>\n<div align=\"justify\" style=\"font-family: Arial,Helvetica,sans-serif; font-size: 12px; color: #003a75\">El Plan Copesco Nacional es el &oacute;rgano ejecutor del Mincetur que formula, eval&uacute;a, coordina, ejecuta y supervisa proyectos de inversi&oacute;n p&uacute;blica de desarrollo tur&iacute;stico a nivel nacional, gracias a los recursos que genera el Fondo para la Promoci&oacute;n y Desarrollo Tur&iacute;stico Nacional. <\/div>\n<p>&nbsp;<\/p>\n","protected":false},"excerpt":{"rendered":"<p>La titular del Mincetur, Mercedes Ar&aacute;oz inform&oacute; que el Plan Copesco del Ministerio de Comercio Exterior y Turismo culmin&oacute; la se&ntilde;alizaci&oacute;n de los atractivos tur&iacute;sticos ubicados en el departamento de Apur&iacute;mac, a fin de mejorar la orientaci&oacute;n del turista, durante su visita a los principales atractivos tur&iacute;sticos y arqueol&oacute;gicos de la localidad.&nbsp;&ldquo;Nuestro objetivo es mejorar [&hellip;]<\/p>\n","protected":false},"author":1,"featured_media":0,"comment_status":"open","ping_status":"open","sticky":false,"template":"","format":"standard","meta":{"tdm_status":"","tdm_grid_status":"","footnotes":""},"categories":[31],"tags":[],"class_list":{"0":"post-352","1":"post","2":"type-post","3":"status-publish","4":"format-standard","6":"category-31"},"yoast_head":"<!-- This site is optimized with the Yoast SEO plugin v25.1 - https:\/\/yoast.com\/wordpress\/plugins\/seo\/ -->\n<title>Mincetur culmina se<\/title>\n<meta name=\"description\" content=\"Portal de noticias del Per\u00fa sobre el transporte a\u00e9reo, aviaci\u00f3n, turismo, hoteleria, actualidad.\" \/>\n<meta name=\"robots\" content=\"index, follow, max-snippet:-1, max-image-preview:large, max-video-preview:-1\" \/>\n<link rel=\"canonical\" href=\"https:\/\/aeronoticias.com.pe\/noticiero\/turismo\/13\/mincetur-culmina-sezacie-atractivos-turicos-en-apurc\/\" \/>\n<meta property=\"og:locale\" content=\"es_ES\" \/>\n<meta property=\"og:type\" content=\"article\" \/>\n<meta property=\"og:title\" content=\"Mincetur culmina se\" \/>\n<meta property=\"og:description\" content=\"Portal de noticias del Per\u00fa sobre el transporte a\u00e9reo, aviaci\u00f3n, turismo, hoteleria, actualidad.\" \/>\n<meta property=\"og:url\" content=\"https:\/\/aeronoticias.com.pe\/noticiero\/turismo\/13\/mincetur-culmina-sezacie-atractivos-turicos-en-apurc\/\" \/>\n<meta property=\"og:site_name\" content=\"Aeronoticias.com.pe\" \/>\n<meta property=\"article:publisher\" content=\"https:\/\/www.facebook.com\/Aeronoticias.com.pe\/\" \/>\n<meta property=\"article:published_time\" content=\"2008-08-28T14:55:52+00:00\" \/>\n<meta property=\"og:image\" content=\"http:\/\/aeronoticias.com.pe\/fotonoticias\/agosto\/senaliza28.JPG\" \/>\n<meta name=\"author\" content=\"Redacci\u00f3n Aeronoticias\" \/>\n<meta name=\"twitter:card\" content=\"summary_large_image\" \/>\n<meta name=\"twitter:creator\" content=\"@aeronoticias\" \/>\n<meta name=\"twitter:site\" content=\"@aeronoticias\" \/>\n<meta name=\"twitter:label1\" content=\"Escrito por\" \/>\n\t<meta name=\"twitter:data1\" content=\"Redacci\u00f3n Aeronoticias\" \/>\n\t<meta name=\"twitter:label2\" content=\"Tiempo de lectura\" \/>\n\t<meta name=\"twitter:data2\" content=\"2 minutos\" \/>\n<script type=\"application\/ld+json\" class=\"yoast-schema-graph\">{\"@context\":\"https:\/\/schema.org\",\"@graph\":[{\"@type\":\"WebPage\",\"@id\":\"https:\/\/aeronoticias.com.pe\/noticiero\/turismo\/13\/mincetur-culmina-sezacie-atractivos-turicos-en-apurc\/\",\"url\":\"https:\/\/aeronoticias.com.pe\/noticiero\/turismo\/13\/mincetur-culmina-sezacie-atractivos-turicos-en-apurc\/\",\"name\":\"Mincetur culmina se\",\"isPartOf\":{\"@id\":\"https:\/\/aeronoticias.com.pe\/noticiero\/#website\"},\"primaryImageOfPage\":{\"@id\":\"https:\/\/aeronoticias.com.pe\/noticiero\/turismo\/13\/mincetur-culmina-sezacie-atractivos-turicos-en-apurc\/#primaryimage\"},\"image\":{\"@id\":\"https:\/\/aeronoticias.com.pe\/noticiero\/turismo\/13\/mincetur-culmina-sezacie-atractivos-turicos-en-apurc\/#primaryimage\"},\"thumbnailUrl\":\"http:\/\/aeronoticias.com.pe\/fotonoticias\/agosto\/senaliza28.JPG\",\"datePublished\":\"2008-08-28T14:55:52+00:00\",\"author\":{\"@id\":\"https:\/\/aeronoticias.com.pe\/noticiero\/#\/schema\/person\/fc1e5d578f4b62ba1cf7ac2bba1170a0\"},\"description\":\"Portal de noticias del Per\u00fa sobre el transporte a\u00e9reo, aviaci\u00f3n, turismo, hoteleria, actualidad.\",\"breadcrumb\":{\"@id\":\"https:\/\/aeronoticias.com.pe\/noticiero\/turismo\/13\/mincetur-culmina-sezacie-atractivos-turicos-en-apurc\/#breadcrumb\"},\"inLanguage\":\"es\",\"potentialAction\":[{\"@type\":\"ReadAction\",\"target\":[\"https:\/\/aeronoticias.com.pe\/noticiero\/turismo\/13\/mincetur-culmina-sezacie-atractivos-turicos-en-apurc\/\"]}]},{\"@type\":\"ImageObject\",\"inLanguage\":\"es\",\"@id\":\"https:\/\/aeronoticias.com.pe\/noticiero\/turismo\/13\/mincetur-culmina-sezacie-atractivos-turicos-en-apurc\/#primaryimage\",\"url\":\"http:\/\/aeronoticias.com.pe\/fotonoticias\/agosto\/senaliza28.JPG\",\"contentUrl\":\"http:\/\/aeronoticias.com.pe\/fotonoticias\/agosto\/senaliza28.JPG\"},{\"@type\":\"BreadcrumbList\",\"@id\":\"https:\/\/aeronoticias.com.pe\/noticiero\/turismo\/13\/mincetur-culmina-sezacie-atractivos-turicos-en-apurc\/#breadcrumb\",\"itemListElement\":[{\"@type\":\"ListItem\",\"position\":1,\"name\":\"Portada\",\"item\":\"https:\/\/aeronoticias.com.pe\/noticiero\/\"},{\"@type\":\"ListItem\",\"position\":2,\"name\":\"Mincetur culmina se\"}]},{\"@type\":\"WebSite\",\"@id\":\"https:\/\/aeronoticias.com.pe\/noticiero\/#website\",\"url\":\"https:\/\/aeronoticias.com.pe\/noticiero\/\",\"name\":\"Aeronoticias.com.pe\",\"description\":\"Noticias de tranporte aereo, turismo, hoteles, gastronomia, actualidad, internacional\",\"potentialAction\":[{\"@type\":\"SearchAction\",\"target\":{\"@type\":\"EntryPoint\",\"urlTemplate\":\"https:\/\/aeronoticias.com.pe\/noticiero\/?s={search_term_string}\"},\"query-input\":{\"@type\":\"PropertyValueSpecification\",\"valueRequired\":true,\"valueName\":\"search_term_string\"}}],\"inLanguage\":\"es\"},{\"@type\":\"Person\",\"@id\":\"https:\/\/aeronoticias.com.pe\/noticiero\/#\/schema\/person\/fc1e5d578f4b62ba1cf7ac2bba1170a0\",\"name\":\"Redacci\u00f3n Aeronoticias\",\"url\":\"https:\/\/aeronoticias.com.pe\/noticiero\/author\/piloto\/\"}]}<\/script>\n<!-- \/ Yoast SEO plugin. -->","yoast_head_json":{"title":"Mincetur culmina se","description":"Portal de noticias del Per\u00fa sobre el transporte a\u00e9reo, aviaci\u00f3n, turismo, hoteleria, actualidad.","robots":{"index":"index","follow":"follow","max-snippet":"max-snippet:-1","max-image-preview":"max-image-preview:large","max-video-preview":"max-video-preview:-1"},"canonical":"https:\/\/aeronoticias.com.pe\/noticiero\/turismo\/13\/mincetur-culmina-sezacie-atractivos-turicos-en-apurc\/","og_locale":"es_ES","og_type":"article","og_title":"Mincetur culmina se","og_description":"Portal de noticias del Per\u00fa sobre el transporte a\u00e9reo, aviaci\u00f3n, turismo, hoteleria, actualidad.","og_url":"https:\/\/aeronoticias.com.pe\/noticiero\/turismo\/13\/mincetur-culmina-sezacie-atractivos-turicos-en-apurc\/","og_site_name":"Aeronoticias.com.pe","article_publisher":"https:\/\/www.facebook.com\/Aeronoticias.com.pe\/","article_published_time":"2008-08-28T14:55:52+00:00","og_image":[{"url":"http:\/\/aeronoticias.com.pe\/fotonoticias\/agosto\/senaliza28.JPG","type":"","width":"","height":""}],"author":"Redacci\u00f3n Aeronoticias","twitter_card":"summary_large_image","twitter_creator":"@aeronoticias","twitter_site":"@aeronoticias","twitter_misc":{"Escrito por":"Redacci\u00f3n Aeronoticias","Tiempo de lectura":"2 minutos"},"schema":{"@context":"https:\/\/schema.org","@graph":[{"@type":"WebPage","@id":"https:\/\/aeronoticias.com.pe\/noticiero\/turismo\/13\/mincetur-culmina-sezacie-atractivos-turicos-en-apurc\/","url":"https:\/\/aeronoticias.com.pe\/noticiero\/turismo\/13\/mincetur-culmina-sezacie-atractivos-turicos-en-apurc\/","name":"Mincetur culmina se","isPartOf":{"@id":"https:\/\/aeronoticias.com.pe\/noticiero\/#website"},"primaryImageOfPage":{"@id":"https:\/\/aeronoticias.com.pe\/noticiero\/turismo\/13\/mincetur-culmina-sezacie-atractivos-turicos-en-apurc\/#primaryimage"},"image":{"@id":"https:\/\/aeronoticias.com.pe\/noticiero\/turismo\/13\/mincetur-culmina-sezacie-atractivos-turicos-en-apurc\/#primaryimage"},"thumbnailUrl":"http:\/\/aeronoticias.com.pe\/fotonoticias\/agosto\/senaliza28.JPG","datePublished":"2008-08-28T14:55:52+00:00","author":{"@id":"https:\/\/aeronoticias.com.pe\/noticiero\/#\/schema\/person\/fc1e5d578f4b62ba1cf7ac2bba1170a0"},"description":"Portal de noticias del Per\u00fa sobre el transporte a\u00e9reo, aviaci\u00f3n, turismo, hoteleria, actualidad.","breadcrumb":{"@id":"https:\/\/aeronoticias.com.pe\/noticiero\/turismo\/13\/mincetur-culmina-sezacie-atractivos-turicos-en-apurc\/#breadcrumb"},"inLanguage":"es","potentialAction":[{"@type":"ReadAction","target":["https:\/\/aeronoticias.com.pe\/noticiero\/turismo\/13\/mincetur-culmina-sezacie-atractivos-turicos-en-apurc\/"]}]},{"@type":"ImageObject","inLanguage":"es","@id":"https:\/\/aeronoticias.com.pe\/noticiero\/turismo\/13\/mincetur-culmina-sezacie-atractivos-turicos-en-apurc\/#primaryimage","url":"http:\/\/aeronoticias.com.pe\/fotonoticias\/agosto\/senaliza28.JPG","contentUrl":"http:\/\/aeronoticias.com.pe\/fotonoticias\/agosto\/senaliza28.JPG"},{"@type":"BreadcrumbList","@id":"https:\/\/aeronoticias.com.pe\/noticiero\/turismo\/13\/mincetur-culmina-sezacie-atractivos-turicos-en-apurc\/#breadcrumb","itemListElement":[{"@type":"ListItem","position":1,"name":"Portada","item":"https:\/\/aeronoticias.com.pe\/noticiero\/"},{"@type":"ListItem","position":2,"name":"Mincetur culmina se"}]},{"@type":"WebSite","@id":"https:\/\/aeronoticias.com.pe\/noticiero\/#website","url":"https:\/\/aeronoticias.com.pe\/noticiero\/","name":"Aeronoticias.com.pe","description":"Noticias de tranporte aereo, turismo, hoteles, gastronomia, actualidad, internacional","potentialAction":[{"@type":"SearchAction","target":{"@type":"EntryPoint","urlTemplate":"https:\/\/aeronoticias.com.pe\/noticiero\/?s={search_term_string}"},"query-input":{"@type":"PropertyValueSpecification","valueRequired":true,"valueName":"search_term_string"}}],"inLanguage":"es"},{"@type":"Person","@id":"https:\/\/aeronoticias.com.pe\/noticiero\/#\/schema\/person\/fc1e5d578f4b62ba1cf7ac2bba1170a0","name":"Redacci\u00f3n Aeronoticias","url":"https:\/\/aeronoticias.com.pe\/noticiero\/author\/piloto\/"}]}},"_links":{"self":[{"href":"https:\/\/aeronoticias.com.pe\/noticiero\/wp-json\/wp\/v2\/posts\/352","targetHints":{"allow":["GET"]}}],"collection":[{"href":"https:\/\/aeronoticias.com.pe\/noticiero\/wp-json\/wp\/v2\/posts"}],"about":[{"href":"https:\/\/aeronoticias.com.pe\/noticiero\/wp-json\/wp\/v2\/types\/post"}],"author":[{"embeddable":true,"href":"https:\/\/aeronoticias.com.pe\/noticiero\/wp-json\/wp\/v2\/users\/1"}],"replies":[{"embeddable":true,"href":"https:\/\/aeronoticias.com.pe\/noticiero\/wp-json\/wp\/v2\/comments?post=352"}],"version-history":[{"count":0,"href":"https:\/\/aeronoticias.com.pe\/noticiero\/wp-json\/wp\/v2\/posts\/352\/revisions"}],"wp:attachment":[{"href":"https:\/\/aeronoticias.com.pe\/noticiero\/wp-json\/wp\/v2\/media?parent=352"}],"wp:term":[{"taxonomy":"category","embeddable":true,"href":"https:\/\/aeronoticias.com.pe\/noticiero\/wp-json\/wp\/v2\/categories?post=352"},{"taxonomy":"post_tag","embeddable":true,"href":"https:\/\/aeronoticias.com.pe\/noticiero\/wp-json\/wp\/v2\/tags?post=352"}],"curies":[{"name":"wp","href":"https:\/\/api.w.org\/{rel}","templated":true}]}}