{"id":35325,"date":"2013-03-14T19:44:43","date_gmt":"2013-03-14T19:44:43","guid":{"rendered":"http:\/\/desarrollo.mcvicious.com\/aero2020\/2013\/03\/14\/lady-gaga-se-recupera-de-operacion-a-la-cadera-en-silla-de-ruedas-banada-en-oro\/"},"modified":"2013-03-14T19:44:43","modified_gmt":"2013-03-14T19:44:43","slug":"lady-gaga-se-recupera-de-operacion-a-la-cadera-en-silla-de-ruedas-banada-en-oro","status":"publish","type":"post","link":"https:\/\/aeronoticias.com.pe\/noticiero\/espectaculos\/lady-gaga-se-recupera-de-operacion-a-la-cadera-en-silla-de-ruedas-banada-en-oro\/","title":{"rendered":"Lady Gaga se recupera de operaci\u00f3n a la cadera en silla de ruedas ba\u00f1ada en oro"},"content":{"rendered":"<p style=\"text-align: justify;\"><strong>(Aeronoticias)<\/strong> La cantante Lady Gaga encarg\u00f3 a Ken Borochov, de la joyer\u00eda Mordekai, una silla de ruedas ba\u00f1ada en oro de 24 kilates, con asiento cubierto en piel negra y una llamativa sombrilla, que adem\u00e1s se reclina 180 grados para que ella pueda descansar, tras someterse en febrero a una operaci\u00f3n de cadera.<\/p>\n<p>\u201cNo esperaba esa llamada y nunca me hab\u00edan encargado una silla de ruedas, pero siempre estoy dispuesto a los nuevos retos y me encant\u00f3 poder fabricar una silla que he llamado \u2018chariot\u2019 y que es digna solo de una reina\u201d, afirm\u00f3 el joyero al peri\u00f3dico \u201cNew York Post\u201d.<\/p>\n<p>Borochov, que cuenta entre sus clientes con otras estrellas como Kanye West, Cher Lloyd y Nicki Minaj, revel\u00f3 que tuvo que completar el encargo en una semana y que para ello se inspir\u00f3 en el trono de una reina y en la chaqueta de un motociclista.<\/p>\n<p>Cabe indicar, que Lady Gaga se someti\u00f3 en el mes de febrero a una operaci\u00f3n de cadera debido a una severa inflamaci\u00f3n en las articulaciones que le oblig\u00f3 a posponer su gira de conciertos \u201cThe Born This Way Ball\u201d, seg\u00fan revel\u00f3 la artista en su p\u00e1gina oficial. Fuente: EFE<\/p>\n<p><strong><img decoding=\"async\" src=\"images\/stories\/13\/03\/140313\/sillagaga.jpg\" border=\"0\" alt=\"Lady Gaga se recupera de operaci\u00f3n a la cadera en silla de ruedas ba\u00f1ada en oro\" \/><br \/><\/strong><\/p>\n","protected":false},"excerpt":{"rendered":"<p>(Aeronoticias) La cantante Lady Gaga encarg\u00f3 a Ken Borochov, de la joyer\u00eda Mordekai, una silla de ruedas ba\u00f1ada en oro de 24 kilates, con asiento cubierto en piel negra y una llamativa sombrilla, que adem\u00e1s se reclina 180 grados para que ella pueda descansar, tras someterse en febrero a una operaci\u00f3n de cadera. \u201cNo esperaba [&hellip;]<\/p>\n","protected":false},"author":1,"featured_media":0,"comment_status":"open","ping_status":"open","sticky":false,"template":"","format":"standard","meta":{"tdm_status":"","tdm_grid_status":"","footnotes":""},"categories":[41],"tags":[],"class_list":{"0":"post-35325","1":"post","2":"type-post","3":"status-publish","4":"format-standard","6":"category-espectaculos"},"yoast_head":"<!-- This site is optimized with the Yoast SEO plugin v25.1 - https:\/\/yoast.com\/wordpress\/plugins\/seo\/ -->\n<title>Lady Gaga se recupera de operaci\u00f3n a la cadera en silla de ruedas ba\u00f1ada en oro<\/title>\n<meta name=\"description\" content=\"Portal de noticias del Per\u00fa sobre el transporte a\u00e9reo, aviaci\u00f3n, turismo, hoteleria, actualidad.\" \/>\n<meta name=\"robots\" content=\"index, follow, max-snippet:-1, max-image-preview:large, max-video-preview:-1\" \/>\n<link rel=\"canonical\" href=\"https:\/\/aeronoticias.com.pe\/noticiero\/espectaculos\/lady-gaga-se-recupera-de-operacion-a-la-cadera-en-silla-de-ruedas-banada-en-oro\/\" \/>\n<meta property=\"og:locale\" content=\"es_ES\" \/>\n<meta property=\"og:type\" content=\"article\" \/>\n<meta property=\"og:title\" content=\"Lady Gaga se recupera de operaci\u00f3n a la cadera en silla de ruedas ba\u00f1ada en oro\" \/>\n<meta property=\"og:description\" content=\"Portal de noticias del Per\u00fa sobre el transporte a\u00e9reo, aviaci\u00f3n, turismo, hoteleria, actualidad.\" \/>\n<meta property=\"og:url\" content=\"https:\/\/aeronoticias.com.pe\/noticiero\/espectaculos\/lady-gaga-se-recupera-de-operacion-a-la-cadera-en-silla-de-ruedas-banada-en-oro\/\" \/>\n<meta property=\"og:site_name\" content=\"Aeronoticias.com.pe\" \/>\n<meta property=\"article:publisher\" content=\"https:\/\/www.facebook.com\/Aeronoticias.com.pe\/\" \/>\n<meta property=\"article:published_time\" content=\"2013-03-14T19:44:43+00:00\" \/>\n<meta name=\"author\" content=\"Redacci\u00f3n Aeronoticias\" \/>\n<meta name=\"twitter:card\" content=\"summary_large_image\" \/>\n<meta name=\"twitter:creator\" content=\"@aeronoticias\" \/>\n<meta name=\"twitter:site\" content=\"@aeronoticias\" \/>\n<meta name=\"twitter:label1\" content=\"Escrito por\" \/>\n\t<meta name=\"twitter:data1\" content=\"Redacci\u00f3n Aeronoticias\" \/>\n\t<meta name=\"twitter:label2\" content=\"Tiempo de lectura\" \/>\n\t<meta name=\"twitter:data2\" content=\"1 minuto\" \/>\n<script type=\"application\/ld+json\" class=\"yoast-schema-graph\">{\"@context\":\"https:\/\/schema.org\",\"@graph\":[{\"@type\":\"WebPage\",\"@id\":\"https:\/\/aeronoticias.com.pe\/noticiero\/espectaculos\/lady-gaga-se-recupera-de-operacion-a-la-cadera-en-silla-de-ruedas-banada-en-oro\/\",\"url\":\"https:\/\/aeronoticias.com.pe\/noticiero\/espectaculos\/lady-gaga-se-recupera-de-operacion-a-la-cadera-en-silla-de-ruedas-banada-en-oro\/\",\"name\":\"Lady Gaga se recupera de operaci\u00f3n a la cadera en silla de ruedas ba\u00f1ada en oro\",\"isPartOf\":{\"@id\":\"https:\/\/aeronoticias.com.pe\/noticiero\/#website\"},\"datePublished\":\"2013-03-14T19:44:43+00:00\",\"author\":{\"@id\":\"https:\/\/aeronoticias.com.pe\/noticiero\/#\/schema\/person\/fc1e5d578f4b62ba1cf7ac2bba1170a0\"},\"description\":\"Portal de noticias del Per\u00fa sobre el transporte a\u00e9reo, aviaci\u00f3n, turismo, hoteleria, actualidad.\",\"breadcrumb\":{\"@id\":\"https:\/\/aeronoticias.com.pe\/noticiero\/espectaculos\/lady-gaga-se-recupera-de-operacion-a-la-cadera-en-silla-de-ruedas-banada-en-oro\/#breadcrumb\"},\"inLanguage\":\"es\",\"potentialAction\":[{\"@type\":\"ReadAction\",\"target\":[\"https:\/\/aeronoticias.com.pe\/noticiero\/espectaculos\/lady-gaga-se-recupera-de-operacion-a-la-cadera-en-silla-de-ruedas-banada-en-oro\/\"]}]},{\"@type\":\"BreadcrumbList\",\"@id\":\"https:\/\/aeronoticias.com.pe\/noticiero\/espectaculos\/lady-gaga-se-recupera-de-operacion-a-la-cadera-en-silla-de-ruedas-banada-en-oro\/#breadcrumb\",\"itemListElement\":[{\"@type\":\"ListItem\",\"position\":1,\"name\":\"Portada\",\"item\":\"https:\/\/aeronoticias.com.pe\/noticiero\/\"},{\"@type\":\"ListItem\",\"position\":2,\"name\":\"Lady Gaga se recupera de operaci\u00f3n a la cadera en silla de ruedas ba\u00f1ada en oro\"}]},{\"@type\":\"WebSite\",\"@id\":\"https:\/\/aeronoticias.com.pe\/noticiero\/#website\",\"url\":\"https:\/\/aeronoticias.com.pe\/noticiero\/\",\"name\":\"Aeronoticias.com.pe\",\"description\":\"Noticias de tranporte aereo, turismo, hoteles, gastronomia, actualidad, internacional\",\"potentialAction\":[{\"@type\":\"SearchAction\",\"target\":{\"@type\":\"EntryPoint\",\"urlTemplate\":\"https:\/\/aeronoticias.com.pe\/noticiero\/?s={search_term_string}\"},\"query-input\":{\"@type\":\"PropertyValueSpecification\",\"valueRequired\":true,\"valueName\":\"search_term_string\"}}],\"inLanguage\":\"es\"},{\"@type\":\"Person\",\"@id\":\"https:\/\/aeronoticias.com.pe\/noticiero\/#\/schema\/person\/fc1e5d578f4b62ba1cf7ac2bba1170a0\",\"name\":\"Redacci\u00f3n Aeronoticias\",\"url\":\"https:\/\/aeronoticias.com.pe\/noticiero\/author\/piloto\/\"}]}<\/script>\n<!-- \/ Yoast SEO plugin. -->","yoast_head_json":{"title":"Lady Gaga se recupera de operaci\u00f3n a la cadera en silla de ruedas ba\u00f1ada en oro","description":"Portal de noticias del Per\u00fa sobre el transporte a\u00e9reo, aviaci\u00f3n, turismo, hoteleria, actualidad.","robots":{"index":"index","follow":"follow","max-snippet":"max-snippet:-1","max-image-preview":"max-image-preview:large","max-video-preview":"max-video-preview:-1"},"canonical":"https:\/\/aeronoticias.com.pe\/noticiero\/espectaculos\/lady-gaga-se-recupera-de-operacion-a-la-cadera-en-silla-de-ruedas-banada-en-oro\/","og_locale":"es_ES","og_type":"article","og_title":"Lady Gaga se recupera de operaci\u00f3n a la cadera en silla de ruedas ba\u00f1ada en oro","og_description":"Portal de noticias del Per\u00fa sobre el transporte a\u00e9reo, aviaci\u00f3n, turismo, hoteleria, actualidad.","og_url":"https:\/\/aeronoticias.com.pe\/noticiero\/espectaculos\/lady-gaga-se-recupera-de-operacion-a-la-cadera-en-silla-de-ruedas-banada-en-oro\/","og_site_name":"Aeronoticias.com.pe","article_publisher":"https:\/\/www.facebook.com\/Aeronoticias.com.pe\/","article_published_time":"2013-03-14T19:44:43+00:00","author":"Redacci\u00f3n Aeronoticias","twitter_card":"summary_large_image","twitter_creator":"@aeronoticias","twitter_site":"@aeronoticias","twitter_misc":{"Escrito por":"Redacci\u00f3n Aeronoticias","Tiempo de lectura":"1 minuto"},"schema":{"@context":"https:\/\/schema.org","@graph":[{"@type":"WebPage","@id":"https:\/\/aeronoticias.com.pe\/noticiero\/espectaculos\/lady-gaga-se-recupera-de-operacion-a-la-cadera-en-silla-de-ruedas-banada-en-oro\/","url":"https:\/\/aeronoticias.com.pe\/noticiero\/espectaculos\/lady-gaga-se-recupera-de-operacion-a-la-cadera-en-silla-de-ruedas-banada-en-oro\/","name":"Lady Gaga se recupera de operaci\u00f3n a la cadera en silla de ruedas ba\u00f1ada en oro","isPartOf":{"@id":"https:\/\/aeronoticias.com.pe\/noticiero\/#website"},"datePublished":"2013-03-14T19:44:43+00:00","author":{"@id":"https:\/\/aeronoticias.com.pe\/noticiero\/#\/schema\/person\/fc1e5d578f4b62ba1cf7ac2bba1170a0"},"description":"Portal de noticias del Per\u00fa sobre el transporte a\u00e9reo, aviaci\u00f3n, turismo, hoteleria, actualidad.","breadcrumb":{"@id":"https:\/\/aeronoticias.com.pe\/noticiero\/espectaculos\/lady-gaga-se-recupera-de-operacion-a-la-cadera-en-silla-de-ruedas-banada-en-oro\/#breadcrumb"},"inLanguage":"es","potentialAction":[{"@type":"ReadAction","target":["https:\/\/aeronoticias.com.pe\/noticiero\/espectaculos\/lady-gaga-se-recupera-de-operacion-a-la-cadera-en-silla-de-ruedas-banada-en-oro\/"]}]},{"@type":"BreadcrumbList","@id":"https:\/\/aeronoticias.com.pe\/noticiero\/espectaculos\/lady-gaga-se-recupera-de-operacion-a-la-cadera-en-silla-de-ruedas-banada-en-oro\/#breadcrumb","itemListElement":[{"@type":"ListItem","position":1,"name":"Portada","item":"https:\/\/aeronoticias.com.pe\/noticiero\/"},{"@type":"ListItem","position":2,"name":"Lady Gaga se recupera de operaci\u00f3n a la cadera en silla de ruedas ba\u00f1ada en oro"}]},{"@type":"WebSite","@id":"https:\/\/aeronoticias.com.pe\/noticiero\/#website","url":"https:\/\/aeronoticias.com.pe\/noticiero\/","name":"Aeronoticias.com.pe","description":"Noticias de tranporte aereo, turismo, hoteles, gastronomia, actualidad, internacional","potentialAction":[{"@type":"SearchAction","target":{"@type":"EntryPoint","urlTemplate":"https:\/\/aeronoticias.com.pe\/noticiero\/?s={search_term_string}"},"query-input":{"@type":"PropertyValueSpecification","valueRequired":true,"valueName":"search_term_string"}}],"inLanguage":"es"},{"@type":"Person","@id":"https:\/\/aeronoticias.com.pe\/noticiero\/#\/schema\/person\/fc1e5d578f4b62ba1cf7ac2bba1170a0","name":"Redacci\u00f3n Aeronoticias","url":"https:\/\/aeronoticias.com.pe\/noticiero\/author\/piloto\/"}]}},"_links":{"self":[{"href":"https:\/\/aeronoticias.com.pe\/noticiero\/wp-json\/wp\/v2\/posts\/35325","targetHints":{"allow":["GET"]}}],"collection":[{"href":"https:\/\/aeronoticias.com.pe\/noticiero\/wp-json\/wp\/v2\/posts"}],"about":[{"href":"https:\/\/aeronoticias.com.pe\/noticiero\/wp-json\/wp\/v2\/types\/post"}],"author":[{"embeddable":true,"href":"https:\/\/aeronoticias.com.pe\/noticiero\/wp-json\/wp\/v2\/users\/1"}],"replies":[{"embeddable":true,"href":"https:\/\/aeronoticias.com.pe\/noticiero\/wp-json\/wp\/v2\/comments?post=35325"}],"version-history":[{"count":0,"href":"https:\/\/aeronoticias.com.pe\/noticiero\/wp-json\/wp\/v2\/posts\/35325\/revisions"}],"wp:attachment":[{"href":"https:\/\/aeronoticias.com.pe\/noticiero\/wp-json\/wp\/v2\/media?parent=35325"}],"wp:term":[{"taxonomy":"category","embeddable":true,"href":"https:\/\/aeronoticias.com.pe\/noticiero\/wp-json\/wp\/v2\/categories?post=35325"},{"taxonomy":"post_tag","embeddable":true,"href":"https:\/\/aeronoticias.com.pe\/noticiero\/wp-json\/wp\/v2\/tags?post=35325"}],"curies":[{"name":"wp","href":"https:\/\/api.w.org\/{rel}","templated":true}]}}