{"id":35326,"date":"2013-03-14T20:01:28","date_gmt":"2013-03-14T20:01:28","guid":{"rendered":"http:\/\/desarrollo.mcvicious.com\/aero2020\/2013\/03\/14\/bienvenido-papa-francisco-i\/"},"modified":"2020-09-11T12:56:15","modified_gmt":"2020-09-11T12:56:15","slug":"bienvenido-papa-francisco-i","status":"publish","type":"post","link":"https:\/\/aeronoticias.com.pe\/noticiero\/cultural\/bienvenido-papa-francisco-i\/","title":{"rendered":"Bienvenido, Papa Francisco I"},"content":{"rendered":"<p style=\"text-align: justify;\"><strong>(Aeronoticias).-<\/strong> La elecci\u00f3n del Cardenal Jorge Mario Bergoglio como el nuevo sucesor de San Pedro, sin lugar a dudas marca un hito en nuestra historia moderna como Iglesia de Cristo. Digo lo anterior, por la trayectoria de humildad y pobreza (no predicada sino vivida), y por el nombre de Francisco que ha adoptado como el 266\u00ba sucesor de San Pedro, que indican claramente una nueva ruta en la Iglesia.<\/p>\n<p style=\"text-align: justify;\">Esta ruta de humildad y pobreza, que estoy seguro va a tomar el Papa, quien hasta hace unas semanas viv\u00eda en un humilde departamento en Buenos Aires, y que se transportaba en cami\u00f3n, habiendo renunciado al Palacio Episcopal y a su limusina y chofer, indican con claridad que trazar\u00e1 la ruta de Francisco: pobreza, humildad, oraci\u00f3n y la predicaci\u00f3n infatigable del Evangelio, el cual seguramente ser\u00e1 la norma de su vida.<\/p>\n<p style=\"text-align: justify;\">Esta ruta en realidad no es nueva, ya que \u00e9sta fue en realidad iniciada por sus predecesor Paulo VI quien al final de la segunda sesi\u00f3n del Concilio Vaticano II en 1963, baj\u00f3 los escalones del trono papal, en la bas\u00edlica de San Pedro, y subi\u00f3 al altar, sobre el cual coloc\u00f3 la Tiara Pontificia en un gesto dram\u00e1tico de la humildad y como signo de la renuncia a la gloria y el poder humano en armon\u00eda con el esp\u00edritu renovado del Concilio. M\u00e1s adelante en 1978, Juan Pablo I, renuncia al uso de la silla Gestatoria, otro de los elementos suntuosos y que denotaban la \u201cmajestad\u201d del papado.<\/p>\n<p>  <!--more-->  <\/p>\n<p style=\"text-align: justify;\">Todo parece, pues, indicar que con Francisco I el camino de renovaci\u00f3n de la Iglesia contin\u00faa, especialmente en el acercamiento al Pobre de Nazaret.<\/p>\n<p style=\"text-align: justify;\">Recuerdo las palabra del obispo Guido sobre San Francisco, que dec\u00eda que no hab\u00eda en el mundo nadie que hubiera vivido tan de cerca la vida de Jes\u00fas como Francisco.<\/p>\n<p style=\"text-align: justify;\">Hoy vemos a un Papa sencillo, un Papa que antes de dar la bendici\u00f3n pide la oraci\u00f3n de parte de su pueblo, un Papa que se refugia en la oraci\u00f3n como medio para poder llevar adelante la tremenda misi\u00f3n de continuar guiando a la Iglesia hacia una renovaci\u00f3n tal, que vuelva a tener la frescura y resplandor que tuvo en los primeros siglos, cuando la gente dec\u00eda sobre los cristianos: Vean como se aman.<\/p>\n<p style=\"text-align: justify;\">Hemos visto la sencillez de un hombre que est\u00e1 acostumbrado a cocinarse solo y que hoy, ya como el Sumo Pont\u00edfice, ha buscado tomar por su mano el micr\u00f3fono como un signo de que, como su amado Se\u00f1or, no ha venido a ser servido sino a servir (Mc 10, 45; cfr. Jn 13, 1-15).<\/p>\n<p style=\"text-align: justify;\">Habiendo sido instruido por la Compa\u00f1\u00eda de Jes\u00fas, abre una esperanza para que esta orden religiosa, que durante tantos siglos fue uno de las principales baluartes de la Evangelizacion, especialmente del Nuevo Mundo, pueda regresar a la sana doctrina, y renovarse de modo que puedan de nuevo vivir el celo apost\u00f3lico que caracteriz\u00f3 a su fundador y respetar a pie juntillas el Evangelio que da forma y origen a nuestra Iglesia.<\/p>\n<p style=\"text-align: justify;\">Por otro lado, Dios nos ha elegido un Papa sabio, ya que siendo formado por la Compa\u00f1\u00eda de Jes\u00fas, no se puede dudar que es un papa instruido en todos los aspectos del mundo moderno. Prueba de su capacidad intelectual y administrativa como pastor, es el hecho de haber sido reelecto dos veces como Presidente de la Conferencia Episcopal Argentina y que, debido a los estatutos, no fue electo por tercera vez.<\/p>\n<p style=\"text-align: justify;\">As\u00ed, pues, tenemos hoy al frente de la Iglesia a un digno sucesor de Pedro. Un hombre que en su trayectoria demuestra que, para \u00e9l, el Evangelio no es simplemente un libro de lectura, sino la luz y la l\u00e1mpara para su camino y del cual ha hecho la norma de su vida.<\/p>\n<p style=\"text-align: justify;\">Oremos por \u00e9l, porque los tiempos que se avecinan no pronostican buenos augurios. Tendr\u00e1 que enfrentar a una Iglesia dividida, con muchos enemigos que han ido ganando poder en el tiempo. A una Iglesia sin evangelizaci\u00f3n y -lo peor- que no tienen muchos deseos de cambiar y ajustar la vida al Evangelio. En fin, a una Iglesia que necesita culminar con la renovaci\u00f3n que inici\u00f3 el Concilio Vaticano II.<\/p>\n<p style=\"text-align: justify;\">Francisco I, padre y pastor, te rendimos hoy homenaje como sucesor de Pedro. Ponemos entre tus manos las nuestras para decirte: \u201cPrometo obediencia y respeto a ti y a tus sucesores\u201d. Cuentas con nuestras oraciones, y en lo que podamos contribuir a que la Iglesia de nuestro amado se\u00f1or Jesucristo se renueve y brille en medio de la oscuridad de este mundo, cuenta con nuestro apoyo incondicional.<\/p>\n<p style=\"text-align: justify;\">Recibe nuestra oraci\u00f3n y respeto.<\/p>\n<p style=\"text-align: justify;\">Ernesto Mar\u00eda Caro, Sac.<\/p>\n<p style=\"text-align: justify;\"><img decoding=\"async\" src=\"images\/stories\/13\/03\/140313\/papa_francisco_i.jpg\" border=\"0\" alt=\"Bienvenido, Papa Francisco I\" title=\"Bienvenido, Papa Francisco I\" \/><\/p>\n","protected":false},"excerpt":{"rendered":"<p>(Aeronoticias).- La elecci\u00f3n del Cardenal Jorge Mario Bergoglio como el nuevo sucesor de San Pedro, sin lugar a dudas marca un hito en nuestra historia moderna como Iglesia de Cristo. Digo lo anterior, por la trayectoria de humildad y pobreza (no predicada sino vivida), y por el nombre de Francisco que ha adoptado como el [&hellip;]<\/p>\n","protected":false},"author":1,"featured_media":0,"comment_status":"open","ping_status":"open","sticky":false,"template":"","format":"standard","meta":{"tdm_status":"","tdm_grid_status":"","footnotes":""},"categories":[26],"tags":[],"class_list":{"0":"post-35326","1":"post","2":"type-post","3":"status-publish","4":"format-standard","6":"category-cultural"},"yoast_head":"<!-- This site is optimized with the Yoast SEO plugin v25.1 - https:\/\/yoast.com\/wordpress\/plugins\/seo\/ -->\n<title>Bienvenido, Papa Francisco I<\/title>\n<meta name=\"description\" content=\"Portal de noticias del Per\u00fa sobre el transporte a\u00e9reo, aviaci\u00f3n, turismo, hoteleria, actualidad.\" \/>\n<meta name=\"robots\" content=\"index, follow, max-snippet:-1, max-image-preview:large, max-video-preview:-1\" \/>\n<link rel=\"canonical\" href=\"https:\/\/aeronoticias.com.pe\/noticiero\/cultural\/bienvenido-papa-francisco-i\/\" \/>\n<meta property=\"og:locale\" content=\"es_ES\" \/>\n<meta property=\"og:type\" content=\"article\" \/>\n<meta property=\"og:title\" content=\"Bienvenido, Papa Francisco I\" \/>\n<meta property=\"og:description\" content=\"Portal de noticias del Per\u00fa sobre el transporte a\u00e9reo, aviaci\u00f3n, turismo, hoteleria, actualidad.\" \/>\n<meta property=\"og:url\" content=\"https:\/\/aeronoticias.com.pe\/noticiero\/cultural\/bienvenido-papa-francisco-i\/\" \/>\n<meta property=\"og:site_name\" content=\"Aeronoticias.com.pe\" \/>\n<meta property=\"article:publisher\" content=\"https:\/\/www.facebook.com\/Aeronoticias.com.pe\/\" \/>\n<meta property=\"article:published_time\" content=\"2013-03-14T20:01:28+00:00\" \/>\n<meta property=\"article:modified_time\" content=\"2020-09-11T12:56:15+00:00\" \/>\n<meta name=\"author\" content=\"Redacci\u00f3n Aeronoticias\" \/>\n<meta name=\"twitter:card\" content=\"summary_large_image\" \/>\n<meta name=\"twitter:creator\" content=\"@aeronoticias\" \/>\n<meta name=\"twitter:site\" content=\"@aeronoticias\" \/>\n<meta name=\"twitter:label1\" content=\"Escrito por\" \/>\n\t<meta name=\"twitter:data1\" content=\"Redacci\u00f3n Aeronoticias\" \/>\n\t<meta name=\"twitter:label2\" content=\"Tiempo de lectura\" \/>\n\t<meta name=\"twitter:data2\" content=\"4 minutos\" \/>\n<script type=\"application\/ld+json\" class=\"yoast-schema-graph\">{\"@context\":\"https:\/\/schema.org\",\"@graph\":[{\"@type\":\"WebPage\",\"@id\":\"https:\/\/aeronoticias.com.pe\/noticiero\/cultural\/bienvenido-papa-francisco-i\/\",\"url\":\"https:\/\/aeronoticias.com.pe\/noticiero\/cultural\/bienvenido-papa-francisco-i\/\",\"name\":\"Bienvenido, Papa Francisco I\",\"isPartOf\":{\"@id\":\"https:\/\/aeronoticias.com.pe\/noticiero\/#website\"},\"datePublished\":\"2013-03-14T20:01:28+00:00\",\"dateModified\":\"2020-09-11T12:56:15+00:00\",\"author\":{\"@id\":\"https:\/\/aeronoticias.com.pe\/noticiero\/#\/schema\/person\/fc1e5d578f4b62ba1cf7ac2bba1170a0\"},\"description\":\"Portal de noticias del Per\u00fa sobre el transporte a\u00e9reo, aviaci\u00f3n, turismo, hoteleria, actualidad.\",\"breadcrumb\":{\"@id\":\"https:\/\/aeronoticias.com.pe\/noticiero\/cultural\/bienvenido-papa-francisco-i\/#breadcrumb\"},\"inLanguage\":\"es\",\"potentialAction\":[{\"@type\":\"ReadAction\",\"target\":[\"https:\/\/aeronoticias.com.pe\/noticiero\/cultural\/bienvenido-papa-francisco-i\/\"]}]},{\"@type\":\"BreadcrumbList\",\"@id\":\"https:\/\/aeronoticias.com.pe\/noticiero\/cultural\/bienvenido-papa-francisco-i\/#breadcrumb\",\"itemListElement\":[{\"@type\":\"ListItem\",\"position\":1,\"name\":\"Portada\",\"item\":\"https:\/\/aeronoticias.com.pe\/noticiero\/\"},{\"@type\":\"ListItem\",\"position\":2,\"name\":\"Bienvenido, Papa Francisco I\"}]},{\"@type\":\"WebSite\",\"@id\":\"https:\/\/aeronoticias.com.pe\/noticiero\/#website\",\"url\":\"https:\/\/aeronoticias.com.pe\/noticiero\/\",\"name\":\"Aeronoticias.com.pe\",\"description\":\"Noticias de tranporte aereo, turismo, hoteles, gastronomia, actualidad, internacional\",\"potentialAction\":[{\"@type\":\"SearchAction\",\"target\":{\"@type\":\"EntryPoint\",\"urlTemplate\":\"https:\/\/aeronoticias.com.pe\/noticiero\/?s={search_term_string}\"},\"query-input\":{\"@type\":\"PropertyValueSpecification\",\"valueRequired\":true,\"valueName\":\"search_term_string\"}}],\"inLanguage\":\"es\"},{\"@type\":\"Person\",\"@id\":\"https:\/\/aeronoticias.com.pe\/noticiero\/#\/schema\/person\/fc1e5d578f4b62ba1cf7ac2bba1170a0\",\"name\":\"Redacci\u00f3n Aeronoticias\",\"url\":\"https:\/\/aeronoticias.com.pe\/noticiero\/author\/piloto\/\"}]}<\/script>\n<!-- \/ Yoast SEO plugin. -->","yoast_head_json":{"title":"Bienvenido, Papa Francisco I","description":"Portal de noticias del Per\u00fa sobre el transporte a\u00e9reo, aviaci\u00f3n, turismo, hoteleria, actualidad.","robots":{"index":"index","follow":"follow","max-snippet":"max-snippet:-1","max-image-preview":"max-image-preview:large","max-video-preview":"max-video-preview:-1"},"canonical":"https:\/\/aeronoticias.com.pe\/noticiero\/cultural\/bienvenido-papa-francisco-i\/","og_locale":"es_ES","og_type":"article","og_title":"Bienvenido, Papa Francisco I","og_description":"Portal de noticias del Per\u00fa sobre el transporte a\u00e9reo, aviaci\u00f3n, turismo, hoteleria, actualidad.","og_url":"https:\/\/aeronoticias.com.pe\/noticiero\/cultural\/bienvenido-papa-francisco-i\/","og_site_name":"Aeronoticias.com.pe","article_publisher":"https:\/\/www.facebook.com\/Aeronoticias.com.pe\/","article_published_time":"2013-03-14T20:01:28+00:00","article_modified_time":"2020-09-11T12:56:15+00:00","author":"Redacci\u00f3n Aeronoticias","twitter_card":"summary_large_image","twitter_creator":"@aeronoticias","twitter_site":"@aeronoticias","twitter_misc":{"Escrito por":"Redacci\u00f3n Aeronoticias","Tiempo de lectura":"4 minutos"},"schema":{"@context":"https:\/\/schema.org","@graph":[{"@type":"WebPage","@id":"https:\/\/aeronoticias.com.pe\/noticiero\/cultural\/bienvenido-papa-francisco-i\/","url":"https:\/\/aeronoticias.com.pe\/noticiero\/cultural\/bienvenido-papa-francisco-i\/","name":"Bienvenido, Papa Francisco I","isPartOf":{"@id":"https:\/\/aeronoticias.com.pe\/noticiero\/#website"},"datePublished":"2013-03-14T20:01:28+00:00","dateModified":"2020-09-11T12:56:15+00:00","author":{"@id":"https:\/\/aeronoticias.com.pe\/noticiero\/#\/schema\/person\/fc1e5d578f4b62ba1cf7ac2bba1170a0"},"description":"Portal de noticias del Per\u00fa sobre el transporte a\u00e9reo, aviaci\u00f3n, turismo, hoteleria, actualidad.","breadcrumb":{"@id":"https:\/\/aeronoticias.com.pe\/noticiero\/cultural\/bienvenido-papa-francisco-i\/#breadcrumb"},"inLanguage":"es","potentialAction":[{"@type":"ReadAction","target":["https:\/\/aeronoticias.com.pe\/noticiero\/cultural\/bienvenido-papa-francisco-i\/"]}]},{"@type":"BreadcrumbList","@id":"https:\/\/aeronoticias.com.pe\/noticiero\/cultural\/bienvenido-papa-francisco-i\/#breadcrumb","itemListElement":[{"@type":"ListItem","position":1,"name":"Portada","item":"https:\/\/aeronoticias.com.pe\/noticiero\/"},{"@type":"ListItem","position":2,"name":"Bienvenido, Papa Francisco I"}]},{"@type":"WebSite","@id":"https:\/\/aeronoticias.com.pe\/noticiero\/#website","url":"https:\/\/aeronoticias.com.pe\/noticiero\/","name":"Aeronoticias.com.pe","description":"Noticias de tranporte aereo, turismo, hoteles, gastronomia, actualidad, internacional","potentialAction":[{"@type":"SearchAction","target":{"@type":"EntryPoint","urlTemplate":"https:\/\/aeronoticias.com.pe\/noticiero\/?s={search_term_string}"},"query-input":{"@type":"PropertyValueSpecification","valueRequired":true,"valueName":"search_term_string"}}],"inLanguage":"es"},{"@type":"Person","@id":"https:\/\/aeronoticias.com.pe\/noticiero\/#\/schema\/person\/fc1e5d578f4b62ba1cf7ac2bba1170a0","name":"Redacci\u00f3n Aeronoticias","url":"https:\/\/aeronoticias.com.pe\/noticiero\/author\/piloto\/"}]}},"_links":{"self":[{"href":"https:\/\/aeronoticias.com.pe\/noticiero\/wp-json\/wp\/v2\/posts\/35326","targetHints":{"allow":["GET"]}}],"collection":[{"href":"https:\/\/aeronoticias.com.pe\/noticiero\/wp-json\/wp\/v2\/posts"}],"about":[{"href":"https:\/\/aeronoticias.com.pe\/noticiero\/wp-json\/wp\/v2\/types\/post"}],"author":[{"embeddable":true,"href":"https:\/\/aeronoticias.com.pe\/noticiero\/wp-json\/wp\/v2\/users\/1"}],"replies":[{"embeddable":true,"href":"https:\/\/aeronoticias.com.pe\/noticiero\/wp-json\/wp\/v2\/comments?post=35326"}],"version-history":[{"count":0,"href":"https:\/\/aeronoticias.com.pe\/noticiero\/wp-json\/wp\/v2\/posts\/35326\/revisions"}],"wp:attachment":[{"href":"https:\/\/aeronoticias.com.pe\/noticiero\/wp-json\/wp\/v2\/media?parent=35326"}],"wp:term":[{"taxonomy":"category","embeddable":true,"href":"https:\/\/aeronoticias.com.pe\/noticiero\/wp-json\/wp\/v2\/categories?post=35326"},{"taxonomy":"post_tag","embeddable":true,"href":"https:\/\/aeronoticias.com.pe\/noticiero\/wp-json\/wp\/v2\/tags?post=35326"}],"curies":[{"name":"wp","href":"https:\/\/api.w.org\/{rel}","templated":true}]}}