{"id":35327,"date":"2013-03-14T19:37:52","date_gmt":"2013-03-14T19:37:52","guid":{"rendered":"http:\/\/desarrollo.mcvicious.com\/aero2020\/2013\/03\/14\/arequipa-planea-abrir-rutas-aereas-con-brasil-bolivia-y-argentina\/"},"modified":"2013-03-14T19:37:52","modified_gmt":"2013-03-14T19:37:52","slug":"arequipa-planea-abrir-rutas-aereas-con-brasil-bolivia-y-argentina","status":"publish","type":"post","link":"https:\/\/aeronoticias.com.pe\/noticiero\/transporte-aereo\/nacional\/arequipa-planea-abrir-rutas-aereas-con-brasil-bolivia-y-argentina\/","title":{"rendered":"Arequipa planea abrir rutas a\u00e9reas con Brasil, Bolivia y Argentina"},"content":{"rendered":"<p style=\"text-align: justify;\">(<strong>Aeronoticias<\/strong>).- Eddy Carpio, presidente de la Asociaci\u00f3n de Agencias de Viajes y Turismo (AVIT), revel\u00f3 que su oficina plantear\u00e1 la operaci\u00f3n de una ruta a\u00e9rea desde la Ciudad Blanca hasta C\u00f3rdoba -v\u00eda Aerol\u00edneas Argentinas- y a Mato Grosso -v\u00eda Gol-.<\/p>\n<p style=\"text-align: justify;\">En consonancia con esto, la concesionaria arequipe\u00f1a Aeropuertos Andinos del P<span style=\"line-height: 1.3em;\">er\u00fa (AAP) invierte 15 millones en la ampliaci\u00f3n del terminal a\u00e9reo de Arequipa, que es parte de la una total renovaci\u00f3n se\u00f1alada en 200 millones de d\u00f3lares.<\/span><\/p>\n<p style=\"text-align: justify;\">Hasta 2006, Arequipa, <a href=\"http:\/\/infoturperu.com.pe\/noticias-del-dia\/6123-arequipa-busca-vuelos-directos-de-aerolineas-argentinas-gol-y-boa%20\"><strong><em><span style=\"text-decoration: underline;\">seg\u00fan la fuente<\/span><\/em><\/strong><\/a>, tuvo conexiones desde Argentina a trav\u00e9s de la aerol\u00ednea argentina Southern Winds, quien desapareci\u00f3 tras una crisis financiera. Para el caso de Bolivia, actualmente AAP \u00a0est\u00e1 tratando con Boliviana de Aviaci\u00f3n y Amaszonas.<\/p>\n<p style=\"text-align: justify;\"><img decoding=\"async\" src=\"images\/stories\/13\/03\/140313\/gol.jpg\" border=\"0\" \/><\/p>\n","protected":false},"excerpt":{"rendered":"<p>(Aeronoticias).- Eddy Carpio, presidente de la Asociaci\u00f3n de Agencias de Viajes y Turismo (AVIT), revel\u00f3 que su oficina plantear\u00e1 la operaci\u00f3n de una ruta a\u00e9rea desde la Ciudad Blanca hasta C\u00f3rdoba -v\u00eda Aerol\u00edneas Argentinas- y a Mato Grosso -v\u00eda Gol-. En consonancia con esto, la concesionaria arequipe\u00f1a Aeropuertos Andinos del Per\u00fa (AAP) invierte 15 millones [&hellip;]<\/p>\n","protected":false},"author":1,"featured_media":0,"comment_status":"open","ping_status":"open","sticky":false,"template":"","format":"standard","meta":{"tdm_status":"","tdm_grid_status":"","footnotes":""},"categories":[51],"tags":[],"class_list":{"0":"post-35327","1":"post","2":"type-post","3":"status-publish","4":"format-standard","6":"category-nacional"},"yoast_head":"<!-- This site is optimized with the Yoast SEO plugin v25.1 - https:\/\/yoast.com\/wordpress\/plugins\/seo\/ -->\n<title>Arequipa planea abrir rutas a\u00e9reas con Brasil, Bolivia y Argentina<\/title>\n<meta name=\"description\" content=\"Portal de noticias del Per\u00fa sobre el transporte a\u00e9reo, aviaci\u00f3n, turismo, hoteleria, actualidad.\" \/>\n<meta name=\"robots\" content=\"index, follow, max-snippet:-1, max-image-preview:large, max-video-preview:-1\" \/>\n<link rel=\"canonical\" href=\"https:\/\/aeronoticias.com.pe\/noticiero\/transporte-aereo\/nacional\/arequipa-planea-abrir-rutas-aereas-con-brasil-bolivia-y-argentina\/\" \/>\n<meta property=\"og:locale\" content=\"es_ES\" \/>\n<meta property=\"og:type\" content=\"article\" \/>\n<meta property=\"og:title\" content=\"Arequipa planea abrir rutas a\u00e9reas con Brasil, Bolivia y Argentina\" \/>\n<meta property=\"og:description\" content=\"Portal de noticias del Per\u00fa sobre el transporte a\u00e9reo, aviaci\u00f3n, turismo, hoteleria, actualidad.\" \/>\n<meta property=\"og:url\" content=\"https:\/\/aeronoticias.com.pe\/noticiero\/transporte-aereo\/nacional\/arequipa-planea-abrir-rutas-aereas-con-brasil-bolivia-y-argentina\/\" \/>\n<meta property=\"og:site_name\" content=\"Aeronoticias.com.pe\" \/>\n<meta property=\"article:publisher\" content=\"https:\/\/www.facebook.com\/Aeronoticias.com.pe\/\" \/>\n<meta property=\"article:published_time\" content=\"2013-03-14T19:37:52+00:00\" \/>\n<meta name=\"author\" content=\"Redacci\u00f3n Aeronoticias\" \/>\n<meta name=\"twitter:card\" content=\"summary_large_image\" \/>\n<meta name=\"twitter:creator\" content=\"@aeronoticias\" \/>\n<meta name=\"twitter:site\" content=\"@aeronoticias\" \/>\n<meta name=\"twitter:label1\" content=\"Escrito por\" \/>\n\t<meta name=\"twitter:data1\" content=\"Redacci\u00f3n Aeronoticias\" \/>\n\t<meta name=\"twitter:label2\" content=\"Tiempo de lectura\" \/>\n\t<meta name=\"twitter:data2\" content=\"1 minuto\" \/>\n<script type=\"application\/ld+json\" class=\"yoast-schema-graph\">{\"@context\":\"https:\/\/schema.org\",\"@graph\":[{\"@type\":\"WebPage\",\"@id\":\"https:\/\/aeronoticias.com.pe\/noticiero\/transporte-aereo\/nacional\/arequipa-planea-abrir-rutas-aereas-con-brasil-bolivia-y-argentina\/\",\"url\":\"https:\/\/aeronoticias.com.pe\/noticiero\/transporte-aereo\/nacional\/arequipa-planea-abrir-rutas-aereas-con-brasil-bolivia-y-argentina\/\",\"name\":\"Arequipa planea abrir rutas a\u00e9reas con Brasil, Bolivia y Argentina\",\"isPartOf\":{\"@id\":\"https:\/\/aeronoticias.com.pe\/noticiero\/#website\"},\"datePublished\":\"2013-03-14T19:37:52+00:00\",\"author\":{\"@id\":\"https:\/\/aeronoticias.com.pe\/noticiero\/#\/schema\/person\/fc1e5d578f4b62ba1cf7ac2bba1170a0\"},\"description\":\"Portal de noticias del Per\u00fa sobre el transporte a\u00e9reo, aviaci\u00f3n, turismo, hoteleria, actualidad.\",\"breadcrumb\":{\"@id\":\"https:\/\/aeronoticias.com.pe\/noticiero\/transporte-aereo\/nacional\/arequipa-planea-abrir-rutas-aereas-con-brasil-bolivia-y-argentina\/#breadcrumb\"},\"inLanguage\":\"es\",\"potentialAction\":[{\"@type\":\"ReadAction\",\"target\":[\"https:\/\/aeronoticias.com.pe\/noticiero\/transporte-aereo\/nacional\/arequipa-planea-abrir-rutas-aereas-con-brasil-bolivia-y-argentina\/\"]}]},{\"@type\":\"BreadcrumbList\",\"@id\":\"https:\/\/aeronoticias.com.pe\/noticiero\/transporte-aereo\/nacional\/arequipa-planea-abrir-rutas-aereas-con-brasil-bolivia-y-argentina\/#breadcrumb\",\"itemListElement\":[{\"@type\":\"ListItem\",\"position\":1,\"name\":\"Portada\",\"item\":\"https:\/\/aeronoticias.com.pe\/noticiero\/\"},{\"@type\":\"ListItem\",\"position\":2,\"name\":\"Arequipa planea abrir rutas a\u00e9reas con Brasil, Bolivia y Argentina\"}]},{\"@type\":\"WebSite\",\"@id\":\"https:\/\/aeronoticias.com.pe\/noticiero\/#website\",\"url\":\"https:\/\/aeronoticias.com.pe\/noticiero\/\",\"name\":\"Aeronoticias.com.pe\",\"description\":\"Noticias de tranporte aereo, turismo, hoteles, gastronomia, actualidad, internacional\",\"potentialAction\":[{\"@type\":\"SearchAction\",\"target\":{\"@type\":\"EntryPoint\",\"urlTemplate\":\"https:\/\/aeronoticias.com.pe\/noticiero\/?s={search_term_string}\"},\"query-input\":{\"@type\":\"PropertyValueSpecification\",\"valueRequired\":true,\"valueName\":\"search_term_string\"}}],\"inLanguage\":\"es\"},{\"@type\":\"Person\",\"@id\":\"https:\/\/aeronoticias.com.pe\/noticiero\/#\/schema\/person\/fc1e5d578f4b62ba1cf7ac2bba1170a0\",\"name\":\"Redacci\u00f3n Aeronoticias\",\"url\":\"https:\/\/aeronoticias.com.pe\/noticiero\/author\/piloto\/\"}]}<\/script>\n<!-- \/ Yoast SEO plugin. -->","yoast_head_json":{"title":"Arequipa planea abrir rutas a\u00e9reas con Brasil, Bolivia y Argentina","description":"Portal de noticias del Per\u00fa sobre el transporte a\u00e9reo, aviaci\u00f3n, turismo, hoteleria, actualidad.","robots":{"index":"index","follow":"follow","max-snippet":"max-snippet:-1","max-image-preview":"max-image-preview:large","max-video-preview":"max-video-preview:-1"},"canonical":"https:\/\/aeronoticias.com.pe\/noticiero\/transporte-aereo\/nacional\/arequipa-planea-abrir-rutas-aereas-con-brasil-bolivia-y-argentina\/","og_locale":"es_ES","og_type":"article","og_title":"Arequipa planea abrir rutas a\u00e9reas con Brasil, Bolivia y Argentina","og_description":"Portal de noticias del Per\u00fa sobre el transporte a\u00e9reo, aviaci\u00f3n, turismo, hoteleria, actualidad.","og_url":"https:\/\/aeronoticias.com.pe\/noticiero\/transporte-aereo\/nacional\/arequipa-planea-abrir-rutas-aereas-con-brasil-bolivia-y-argentina\/","og_site_name":"Aeronoticias.com.pe","article_publisher":"https:\/\/www.facebook.com\/Aeronoticias.com.pe\/","article_published_time":"2013-03-14T19:37:52+00:00","author":"Redacci\u00f3n Aeronoticias","twitter_card":"summary_large_image","twitter_creator":"@aeronoticias","twitter_site":"@aeronoticias","twitter_misc":{"Escrito por":"Redacci\u00f3n Aeronoticias","Tiempo de lectura":"1 minuto"},"schema":{"@context":"https:\/\/schema.org","@graph":[{"@type":"WebPage","@id":"https:\/\/aeronoticias.com.pe\/noticiero\/transporte-aereo\/nacional\/arequipa-planea-abrir-rutas-aereas-con-brasil-bolivia-y-argentina\/","url":"https:\/\/aeronoticias.com.pe\/noticiero\/transporte-aereo\/nacional\/arequipa-planea-abrir-rutas-aereas-con-brasil-bolivia-y-argentina\/","name":"Arequipa planea abrir rutas a\u00e9reas con Brasil, Bolivia y Argentina","isPartOf":{"@id":"https:\/\/aeronoticias.com.pe\/noticiero\/#website"},"datePublished":"2013-03-14T19:37:52+00:00","author":{"@id":"https:\/\/aeronoticias.com.pe\/noticiero\/#\/schema\/person\/fc1e5d578f4b62ba1cf7ac2bba1170a0"},"description":"Portal de noticias del Per\u00fa sobre el transporte a\u00e9reo, aviaci\u00f3n, turismo, hoteleria, actualidad.","breadcrumb":{"@id":"https:\/\/aeronoticias.com.pe\/noticiero\/transporte-aereo\/nacional\/arequipa-planea-abrir-rutas-aereas-con-brasil-bolivia-y-argentina\/#breadcrumb"},"inLanguage":"es","potentialAction":[{"@type":"ReadAction","target":["https:\/\/aeronoticias.com.pe\/noticiero\/transporte-aereo\/nacional\/arequipa-planea-abrir-rutas-aereas-con-brasil-bolivia-y-argentina\/"]}]},{"@type":"BreadcrumbList","@id":"https:\/\/aeronoticias.com.pe\/noticiero\/transporte-aereo\/nacional\/arequipa-planea-abrir-rutas-aereas-con-brasil-bolivia-y-argentina\/#breadcrumb","itemListElement":[{"@type":"ListItem","position":1,"name":"Portada","item":"https:\/\/aeronoticias.com.pe\/noticiero\/"},{"@type":"ListItem","position":2,"name":"Arequipa planea abrir rutas a\u00e9reas con Brasil, Bolivia y Argentina"}]},{"@type":"WebSite","@id":"https:\/\/aeronoticias.com.pe\/noticiero\/#website","url":"https:\/\/aeronoticias.com.pe\/noticiero\/","name":"Aeronoticias.com.pe","description":"Noticias de tranporte aereo, turismo, hoteles, gastronomia, actualidad, internacional","potentialAction":[{"@type":"SearchAction","target":{"@type":"EntryPoint","urlTemplate":"https:\/\/aeronoticias.com.pe\/noticiero\/?s={search_term_string}"},"query-input":{"@type":"PropertyValueSpecification","valueRequired":true,"valueName":"search_term_string"}}],"inLanguage":"es"},{"@type":"Person","@id":"https:\/\/aeronoticias.com.pe\/noticiero\/#\/schema\/person\/fc1e5d578f4b62ba1cf7ac2bba1170a0","name":"Redacci\u00f3n Aeronoticias","url":"https:\/\/aeronoticias.com.pe\/noticiero\/author\/piloto\/"}]}},"_links":{"self":[{"href":"https:\/\/aeronoticias.com.pe\/noticiero\/wp-json\/wp\/v2\/posts\/35327","targetHints":{"allow":["GET"]}}],"collection":[{"href":"https:\/\/aeronoticias.com.pe\/noticiero\/wp-json\/wp\/v2\/posts"}],"about":[{"href":"https:\/\/aeronoticias.com.pe\/noticiero\/wp-json\/wp\/v2\/types\/post"}],"author":[{"embeddable":true,"href":"https:\/\/aeronoticias.com.pe\/noticiero\/wp-json\/wp\/v2\/users\/1"}],"replies":[{"embeddable":true,"href":"https:\/\/aeronoticias.com.pe\/noticiero\/wp-json\/wp\/v2\/comments?post=35327"}],"version-history":[{"count":0,"href":"https:\/\/aeronoticias.com.pe\/noticiero\/wp-json\/wp\/v2\/posts\/35327\/revisions"}],"wp:attachment":[{"href":"https:\/\/aeronoticias.com.pe\/noticiero\/wp-json\/wp\/v2\/media?parent=35327"}],"wp:term":[{"taxonomy":"category","embeddable":true,"href":"https:\/\/aeronoticias.com.pe\/noticiero\/wp-json\/wp\/v2\/categories?post=35327"},{"taxonomy":"post_tag","embeddable":true,"href":"https:\/\/aeronoticias.com.pe\/noticiero\/wp-json\/wp\/v2\/tags?post=35327"}],"curies":[{"name":"wp","href":"https:\/\/api.w.org\/{rel}","templated":true}]}}