{"id":354,"date":"2008-08-28T20:08:01","date_gmt":"2008-08-28T20:08:01","guid":{"rendered":"http:\/\/desarrollo.mcvicious.com\/aero2020\/2008\/08\/28\/en-76-aumentportacie-pika-con-envde-us-60-millones-en-el-primer-semestre\/"},"modified":"2008-08-28T20:08:01","modified_gmt":"2008-08-28T20:08:01","slug":"en-76-aumentportacie-pika-con-envde-us-60-millones-en-el-primer-semestre","status":"publish","type":"post","link":"https:\/\/aeronoticias.com.pe\/noticiero\/economia\/en-76-aumentportacie-pika-con-envde-us-60-millones-en-el-primer-semestre\/","title":{"rendered":"En 76% aument"},"content":{"rendered":"<p style=\"font-size: 12px; color: #003a75; font-family: Arial,Helvetica,sans-serif\" align=\"justify\">La exportaci&oacute;n de p&aacute;prika peruana experiment&oacute; una recuperaci&oacute;n en el primer semestre del a&ntilde;o sumando env&iacute;os por US$ 60 millones 773 mil, 76% m&aacute;s que en similar periodo del a&ntilde;o pasado cuando el monto ascendi&oacute; a US$ 34 millones 495 mil, inform&oacute; ADEX.<\/p>\n<p style=\"font-size: 12px; color: #003a75; font-family: Arial,Helvetica,sans-serif\" align=\"justify\">&nbsp;<\/p>\n<div style=\"text-align: center\"><img loading=\"lazy\" decoding=\"async\" src=\"http:\/\/aeronoticias.com.pe\/fotonoticias\/agosto\/paprika.JPG\" alt=\" \" title=\"En 76% aument&oacute; exportaci&oacute;n de p&aacute;prika con env&iacute;o de US$ 60 millones en el primer semestre. (Foto: ADEX)\" hspace=\"5\" vspace=\"5\" width=\"250\" height=\"311\" \/><\/div>\n<p>&nbsp;<\/p>\n<p style=\"font-size: 12px; color: #003a75; font-family: Arial,Helvetica,sans-serif\" align=\"justify\">&nbsp;<\/p>\n<p> <!--more--> <\/p>\n<p style=\"font-size: 12px; color: #003a75; font-family: Arial,Helvetica,sans-serif\" align=\"center\"><strong>Mayor demanda de M&eacute;xico<\/strong><\/p>\n<p style=\"font-size: 12px; color: #003a75; font-family: Arial,Helvetica,sans-serif\" align=\"justify\">Jorge Chepote, presidente del Comit&eacute; de Productores y Exportadores de Capsicum del gremio exportador se&ntilde;al&oacute; que la recuperaci&oacute;n de ese producto fue determinada por dos factores: el reordenamiento en los cultivos de p&aacute;prika para evitar una sobreproducci&oacute;n que presionen los precios a la baja y por la mayor demanda de M&eacute;xico debido a la p&eacute;rdida de su cosecha ante cambios climatol&oacute;gicos.<\/p>\n<p style=\"font-size: 12px; color: #003a75; font-family: Arial,Helvetica,sans-serif\" align=\"justify\">&quot;Estamos incrementando nuestras ventas a M&eacute;xico, EE.UU. y los pa&iacute;ses de la Uni&oacute;n Europea, especialmente a Espa&ntilde;a, que nos sirvi&oacute; como punta de lanza para ingresar a otros pa&iacute;ses de ese bloque comercial, a los que ya estamos exportando, a&uacute;n cuando los montos sean peque&ntilde;os por el momento&quot;, dijo.<\/p>\n<p style=\"font-size: 12px; color: #003a75; font-family: Arial,Helvetica,sans-serif\" align=\"center\"><strong>Ordenamiento de los cultivos<\/strong><\/p>\n<p style=\"font-size: 12px; color: #003a75; font-family: Arial,Helvetica,sans-serif\" align=\"justify\">Detall&oacute; que el incremento del monto FOB se debe a los buenos precios que hasta ahora se mantienen porque hay un mayor ordenamiento de los cultivos. &quot;Es un tema importante modular los vol&uacute;menes cultivados para no caer en una sobreproducci&oacute;n que se traigan abajo los precios. <\/p>\n<p style=\"font-size: 12px; color: #003a75; font-family: Arial,Helvetica,sans-serif\" align=\"justify\">Cuando nos reunimos con los productores le damos este mensaje que ya ha sido entendido por muchos de ellos: por m&aacute;s grande que sea un mercado, &eacute;ste tiene una dimensi&oacute;n que no se debe sobrepasar&quot;, apunt&oacute;.<\/p>\n<p style=\"font-size: 12px; color: #003a75; font-family: Arial,Helvetica,sans-serif\" align=\"justify\">&nbsp;<\/p>\n<div style=\"text-align: center\"><img loading=\"lazy\" decoding=\"async\" src=\"http:\/\/aeronoticias.com.pe\/fotonoticias\/agosto\/chepote28.JPG\" alt=\" \" title=\"Jorge Chepote, presidente del Comit&eacute; de Productores y Exportadores de Capsicum de ADEX. (Foto: ADEX)\" hspace=\"5\" vspace=\"5\" width=\"250\" height=\"170\" \/><\/div>\n<p>&nbsp;<\/p>\n<p style=\"font-size: 12px; color: #003a75; font-family: Arial,Helvetica,sans-serif\" align=\"center\"><strong>Se siembran 7 mil hect&aacute;reas<\/strong><\/p>\n<p style=\"font-size: 12px; color: #003a75; font-family: Arial,Helvetica,sans-serif\" align=\"justify\">Indic&oacute; que en el Per&uacute; se siembran alrededor de 7,000 has., volumen que se debe mantener para evitar perjuicios en la cadena exportadora de ese producto. <\/p>\n<p style=\"font-size: 12px; color: #003a75; font-family: Arial,Helvetica,sans-serif\" align=\"justify\">Las principales zonas de producci&oacute;n son Arequipa, Ica, Barranca, Piura, Lambayeque, Motupe y Tacna.<\/p>\n<p style=\"font-size: 12px; color: #003a75; font-family: Arial,Helvetica,sans-serif\" align=\"center\"><strong>M&eacute;xico, Espa&ntilde;a, EE.UU., Chile y Guatemala destinos del p&aacute;prika<\/strong><\/p>\n<p style=\"font-size: 12px; color: #003a75; font-family: Arial,Helvetica,sans-serif\" align=\"justify\">Respecto a las exportaciones de p&aacute;prika en el primer semestre del a&ntilde;o, ADEX se&ntilde;al&oacute; que los env&iacute;os se hicieron en varias presentaciones como p&aacute;prika entera, deshidratada, molida, extracto saponificado de p&aacute;prika y semillas de p&aacute;prika.<\/p>\n<p style=\"font-size: 12px; color: #003a75; font-family: Arial,Helvetica,sans-serif\" align=\"justify\">Respecto a la exportaci&oacute;n de la presentaci&oacute;n de p&aacute;prika entera, Chepote se&ntilde;al&oacute; que efectivamente el primer destino fue ocupado por M&eacute;xico al concentrar el 34% del total de los env&iacute;os desplazando a Espa&ntilde;a y EE.UU. Sus pedidos pasaron de US$ 4 millones 162 mil a US$ 16 millones 979 mil, logrando un crecimiento de 308%.<\/p>\n<p style=\"font-size: 12px; color: #003a75; font-family: Arial,Helvetica,sans-serif\" align=\"justify\">El segundo destino fue Espa&ntilde;a (US$ 15 millones 439 mil), seguido de EE.UU. (US$ 14 millones 190 mil), Chile (US$1 mill&oacute;n 899 mil), Guatemala (US$500 mil 542) y Polonia (US$ 373 mil 124), adem&aacute;s de otros 10 mercados entre los que se contaban varios pa&iacute;ses del bloque europeo.<\/p>\n<p>&nbsp;<\/p>\n","protected":false},"excerpt":{"rendered":"<p>La exportaci&oacute;n de p&aacute;prika peruana experiment&oacute; una recuperaci&oacute;n en el primer semestre del a&ntilde;o sumando env&iacute;os por US$ 60 millones 773 mil, 76% m&aacute;s que en similar periodo del a&ntilde;o pasado cuando el monto ascendi&oacute; a US$ 34 millones 495 mil, inform&oacute; ADEX. &nbsp; &nbsp; &nbsp;<\/p>\n","protected":false},"author":1,"featured_media":0,"comment_status":"open","ping_status":"open","sticky":false,"template":"","format":"standard","meta":{"tdm_status":"","tdm_grid_status":"","footnotes":""},"categories":[33],"tags":[],"class_list":{"0":"post-354","1":"post","2":"type-post","3":"status-publish","4":"format-standard","6":"category-economia"},"yoast_head":"<!-- This site is optimized with the Yoast SEO plugin v25.1 - https:\/\/yoast.com\/wordpress\/plugins\/seo\/ -->\n<title>En 76% aument<\/title>\n<meta name=\"description\" content=\"Portal de noticias del Per\u00fa sobre el transporte a\u00e9reo, aviaci\u00f3n, turismo, hoteleria, actualidad.\" \/>\n<meta name=\"robots\" content=\"index, follow, max-snippet:-1, max-image-preview:large, max-video-preview:-1\" \/>\n<link rel=\"canonical\" href=\"https:\/\/aeronoticias.com.pe\/noticiero\/economia\/en-76-aumentportacie-pika-con-envde-us-60-millones-en-el-primer-semestre\/\" \/>\n<meta property=\"og:locale\" content=\"es_ES\" \/>\n<meta property=\"og:type\" content=\"article\" \/>\n<meta property=\"og:title\" content=\"En 76% aument\" \/>\n<meta property=\"og:description\" content=\"Portal de noticias del Per\u00fa sobre el transporte a\u00e9reo, aviaci\u00f3n, turismo, hoteleria, actualidad.\" \/>\n<meta property=\"og:url\" content=\"https:\/\/aeronoticias.com.pe\/noticiero\/economia\/en-76-aumentportacie-pika-con-envde-us-60-millones-en-el-primer-semestre\/\" \/>\n<meta property=\"og:site_name\" content=\"Aeronoticias.com.pe\" \/>\n<meta property=\"article:publisher\" content=\"https:\/\/www.facebook.com\/Aeronoticias.com.pe\/\" \/>\n<meta property=\"article:published_time\" content=\"2008-08-28T20:08:01+00:00\" \/>\n<meta property=\"og:image\" content=\"http:\/\/aeronoticias.com.pe\/fotonoticias\/agosto\/paprika.JPG\" \/>\n<meta name=\"author\" content=\"Redacci\u00f3n Aeronoticias\" \/>\n<meta name=\"twitter:card\" content=\"summary_large_image\" \/>\n<meta name=\"twitter:creator\" content=\"@aeronoticias\" \/>\n<meta name=\"twitter:site\" content=\"@aeronoticias\" \/>\n<meta name=\"twitter:label1\" content=\"Escrito por\" \/>\n\t<meta name=\"twitter:data1\" content=\"Redacci\u00f3n Aeronoticias\" \/>\n\t<meta name=\"twitter:label2\" content=\"Tiempo de lectura\" \/>\n\t<meta name=\"twitter:data2\" content=\"3 minutos\" \/>\n<script type=\"application\/ld+json\" class=\"yoast-schema-graph\">{\"@context\":\"https:\/\/schema.org\",\"@graph\":[{\"@type\":\"WebPage\",\"@id\":\"https:\/\/aeronoticias.com.pe\/noticiero\/economia\/en-76-aumentportacie-pika-con-envde-us-60-millones-en-el-primer-semestre\/\",\"url\":\"https:\/\/aeronoticias.com.pe\/noticiero\/economia\/en-76-aumentportacie-pika-con-envde-us-60-millones-en-el-primer-semestre\/\",\"name\":\"En 76% aument\",\"isPartOf\":{\"@id\":\"https:\/\/aeronoticias.com.pe\/noticiero\/#website\"},\"primaryImageOfPage\":{\"@id\":\"https:\/\/aeronoticias.com.pe\/noticiero\/economia\/en-76-aumentportacie-pika-con-envde-us-60-millones-en-el-primer-semestre\/#primaryimage\"},\"image\":{\"@id\":\"https:\/\/aeronoticias.com.pe\/noticiero\/economia\/en-76-aumentportacie-pika-con-envde-us-60-millones-en-el-primer-semestre\/#primaryimage\"},\"thumbnailUrl\":\"http:\/\/aeronoticias.com.pe\/fotonoticias\/agosto\/paprika.JPG\",\"datePublished\":\"2008-08-28T20:08:01+00:00\",\"author\":{\"@id\":\"https:\/\/aeronoticias.com.pe\/noticiero\/#\/schema\/person\/fc1e5d578f4b62ba1cf7ac2bba1170a0\"},\"description\":\"Portal de noticias del Per\u00fa sobre el transporte a\u00e9reo, aviaci\u00f3n, turismo, hoteleria, actualidad.\",\"breadcrumb\":{\"@id\":\"https:\/\/aeronoticias.com.pe\/noticiero\/economia\/en-76-aumentportacie-pika-con-envde-us-60-millones-en-el-primer-semestre\/#breadcrumb\"},\"inLanguage\":\"es\",\"potentialAction\":[{\"@type\":\"ReadAction\",\"target\":[\"https:\/\/aeronoticias.com.pe\/noticiero\/economia\/en-76-aumentportacie-pika-con-envde-us-60-millones-en-el-primer-semestre\/\"]}]},{\"@type\":\"ImageObject\",\"inLanguage\":\"es\",\"@id\":\"https:\/\/aeronoticias.com.pe\/noticiero\/economia\/en-76-aumentportacie-pika-con-envde-us-60-millones-en-el-primer-semestre\/#primaryimage\",\"url\":\"http:\/\/aeronoticias.com.pe\/fotonoticias\/agosto\/paprika.JPG\",\"contentUrl\":\"http:\/\/aeronoticias.com.pe\/fotonoticias\/agosto\/paprika.JPG\"},{\"@type\":\"BreadcrumbList\",\"@id\":\"https:\/\/aeronoticias.com.pe\/noticiero\/economia\/en-76-aumentportacie-pika-con-envde-us-60-millones-en-el-primer-semestre\/#breadcrumb\",\"itemListElement\":[{\"@type\":\"ListItem\",\"position\":1,\"name\":\"Portada\",\"item\":\"https:\/\/aeronoticias.com.pe\/noticiero\/\"},{\"@type\":\"ListItem\",\"position\":2,\"name\":\"En 76% aument\"}]},{\"@type\":\"WebSite\",\"@id\":\"https:\/\/aeronoticias.com.pe\/noticiero\/#website\",\"url\":\"https:\/\/aeronoticias.com.pe\/noticiero\/\",\"name\":\"Aeronoticias.com.pe\",\"description\":\"Noticias de tranporte aereo, turismo, hoteles, gastronomia, actualidad, internacional\",\"potentialAction\":[{\"@type\":\"SearchAction\",\"target\":{\"@type\":\"EntryPoint\",\"urlTemplate\":\"https:\/\/aeronoticias.com.pe\/noticiero\/?s={search_term_string}\"},\"query-input\":{\"@type\":\"PropertyValueSpecification\",\"valueRequired\":true,\"valueName\":\"search_term_string\"}}],\"inLanguage\":\"es\"},{\"@type\":\"Person\",\"@id\":\"https:\/\/aeronoticias.com.pe\/noticiero\/#\/schema\/person\/fc1e5d578f4b62ba1cf7ac2bba1170a0\",\"name\":\"Redacci\u00f3n Aeronoticias\",\"url\":\"https:\/\/aeronoticias.com.pe\/noticiero\/author\/piloto\/\"}]}<\/script>\n<!-- \/ Yoast SEO plugin. -->","yoast_head_json":{"title":"En 76% aument","description":"Portal de noticias del Per\u00fa sobre el transporte a\u00e9reo, aviaci\u00f3n, turismo, hoteleria, actualidad.","robots":{"index":"index","follow":"follow","max-snippet":"max-snippet:-1","max-image-preview":"max-image-preview:large","max-video-preview":"max-video-preview:-1"},"canonical":"https:\/\/aeronoticias.com.pe\/noticiero\/economia\/en-76-aumentportacie-pika-con-envde-us-60-millones-en-el-primer-semestre\/","og_locale":"es_ES","og_type":"article","og_title":"En 76% aument","og_description":"Portal de noticias del Per\u00fa sobre el transporte a\u00e9reo, aviaci\u00f3n, turismo, hoteleria, actualidad.","og_url":"https:\/\/aeronoticias.com.pe\/noticiero\/economia\/en-76-aumentportacie-pika-con-envde-us-60-millones-en-el-primer-semestre\/","og_site_name":"Aeronoticias.com.pe","article_publisher":"https:\/\/www.facebook.com\/Aeronoticias.com.pe\/","article_published_time":"2008-08-28T20:08:01+00:00","og_image":[{"url":"http:\/\/aeronoticias.com.pe\/fotonoticias\/agosto\/paprika.JPG","type":"","width":"","height":""}],"author":"Redacci\u00f3n Aeronoticias","twitter_card":"summary_large_image","twitter_creator":"@aeronoticias","twitter_site":"@aeronoticias","twitter_misc":{"Escrito por":"Redacci\u00f3n Aeronoticias","Tiempo de lectura":"3 minutos"},"schema":{"@context":"https:\/\/schema.org","@graph":[{"@type":"WebPage","@id":"https:\/\/aeronoticias.com.pe\/noticiero\/economia\/en-76-aumentportacie-pika-con-envde-us-60-millones-en-el-primer-semestre\/","url":"https:\/\/aeronoticias.com.pe\/noticiero\/economia\/en-76-aumentportacie-pika-con-envde-us-60-millones-en-el-primer-semestre\/","name":"En 76% aument","isPartOf":{"@id":"https:\/\/aeronoticias.com.pe\/noticiero\/#website"},"primaryImageOfPage":{"@id":"https:\/\/aeronoticias.com.pe\/noticiero\/economia\/en-76-aumentportacie-pika-con-envde-us-60-millones-en-el-primer-semestre\/#primaryimage"},"image":{"@id":"https:\/\/aeronoticias.com.pe\/noticiero\/economia\/en-76-aumentportacie-pika-con-envde-us-60-millones-en-el-primer-semestre\/#primaryimage"},"thumbnailUrl":"http:\/\/aeronoticias.com.pe\/fotonoticias\/agosto\/paprika.JPG","datePublished":"2008-08-28T20:08:01+00:00","author":{"@id":"https:\/\/aeronoticias.com.pe\/noticiero\/#\/schema\/person\/fc1e5d578f4b62ba1cf7ac2bba1170a0"},"description":"Portal de noticias del Per\u00fa sobre el transporte a\u00e9reo, aviaci\u00f3n, turismo, hoteleria, actualidad.","breadcrumb":{"@id":"https:\/\/aeronoticias.com.pe\/noticiero\/economia\/en-76-aumentportacie-pika-con-envde-us-60-millones-en-el-primer-semestre\/#breadcrumb"},"inLanguage":"es","potentialAction":[{"@type":"ReadAction","target":["https:\/\/aeronoticias.com.pe\/noticiero\/economia\/en-76-aumentportacie-pika-con-envde-us-60-millones-en-el-primer-semestre\/"]}]},{"@type":"ImageObject","inLanguage":"es","@id":"https:\/\/aeronoticias.com.pe\/noticiero\/economia\/en-76-aumentportacie-pika-con-envde-us-60-millones-en-el-primer-semestre\/#primaryimage","url":"http:\/\/aeronoticias.com.pe\/fotonoticias\/agosto\/paprika.JPG","contentUrl":"http:\/\/aeronoticias.com.pe\/fotonoticias\/agosto\/paprika.JPG"},{"@type":"BreadcrumbList","@id":"https:\/\/aeronoticias.com.pe\/noticiero\/economia\/en-76-aumentportacie-pika-con-envde-us-60-millones-en-el-primer-semestre\/#breadcrumb","itemListElement":[{"@type":"ListItem","position":1,"name":"Portada","item":"https:\/\/aeronoticias.com.pe\/noticiero\/"},{"@type":"ListItem","position":2,"name":"En 76% aument"}]},{"@type":"WebSite","@id":"https:\/\/aeronoticias.com.pe\/noticiero\/#website","url":"https:\/\/aeronoticias.com.pe\/noticiero\/","name":"Aeronoticias.com.pe","description":"Noticias de tranporte aereo, turismo, hoteles, gastronomia, actualidad, internacional","potentialAction":[{"@type":"SearchAction","target":{"@type":"EntryPoint","urlTemplate":"https:\/\/aeronoticias.com.pe\/noticiero\/?s={search_term_string}"},"query-input":{"@type":"PropertyValueSpecification","valueRequired":true,"valueName":"search_term_string"}}],"inLanguage":"es"},{"@type":"Person","@id":"https:\/\/aeronoticias.com.pe\/noticiero\/#\/schema\/person\/fc1e5d578f4b62ba1cf7ac2bba1170a0","name":"Redacci\u00f3n Aeronoticias","url":"https:\/\/aeronoticias.com.pe\/noticiero\/author\/piloto\/"}]}},"_links":{"self":[{"href":"https:\/\/aeronoticias.com.pe\/noticiero\/wp-json\/wp\/v2\/posts\/354","targetHints":{"allow":["GET"]}}],"collection":[{"href":"https:\/\/aeronoticias.com.pe\/noticiero\/wp-json\/wp\/v2\/posts"}],"about":[{"href":"https:\/\/aeronoticias.com.pe\/noticiero\/wp-json\/wp\/v2\/types\/post"}],"author":[{"embeddable":true,"href":"https:\/\/aeronoticias.com.pe\/noticiero\/wp-json\/wp\/v2\/users\/1"}],"replies":[{"embeddable":true,"href":"https:\/\/aeronoticias.com.pe\/noticiero\/wp-json\/wp\/v2\/comments?post=354"}],"version-history":[{"count":0,"href":"https:\/\/aeronoticias.com.pe\/noticiero\/wp-json\/wp\/v2\/posts\/354\/revisions"}],"wp:attachment":[{"href":"https:\/\/aeronoticias.com.pe\/noticiero\/wp-json\/wp\/v2\/media?parent=354"}],"wp:term":[{"taxonomy":"category","embeddable":true,"href":"https:\/\/aeronoticias.com.pe\/noticiero\/wp-json\/wp\/v2\/categories?post=354"},{"taxonomy":"post_tag","embeddable":true,"href":"https:\/\/aeronoticias.com.pe\/noticiero\/wp-json\/wp\/v2\/tags?post=354"}],"curies":[{"name":"wp","href":"https:\/\/api.w.org\/{rel}","templated":true}]}}