{"id":357,"date":"2008-08-28T21:40:17","date_gmt":"2008-08-28T21:40:17","guid":{"rendered":"http:\/\/desarrollo.mcvicious.com\/aero2020\/2008\/08\/28\/comisiuropea-investiga-si-alianza-entre-iberia-aa-y-ba-contraviene-legislacintimonopolio\/"},"modified":"2008-08-28T21:40:17","modified_gmt":"2008-08-28T21:40:17","slug":"comisiuropea-investiga-si-alianza-entre-iberia-aa-y-ba-contraviene-legislacintimonopolio","status":"publish","type":"post","link":"https:\/\/aeronoticias.com.pe\/noticiero\/transporte-aereo\/internacional\/comisiuropea-investiga-si-alianza-entre-iberia-aa-y-ba-contraviene-legislacintimonopolio\/","title":{"rendered":"Comisi"},"content":{"rendered":"<p style=\"font-size: 12px; color: #003a75; font-family: Arial,Helvetica,sans-serif\" align=\"justify\">La Comisi&oacute;n Europea confirm&oacute; que ha abierto una investigaci&oacute;n para determinar si el acuerdo comercial suscrito entre las aerol&iacute;neas Iberia, American Airlines y British Airways para operar vuelos conjuntos entre Norteam&eacute;rica y Europa contraviene la legislaci&oacute;n comunitaria en materia antimonopolio.<\/p>\n<p style=\"font-size: 12px; color: #003a75; font-family: Arial,Helvetica,sans-serif\" align=\"justify\">El portavoz de Competencia, Jonathan Todd, explic&oacute; que &quot;la Comisi&oacute;n est&aacute; llevando a cabo una investigaci&oacute;n antimonopolio por decisi&oacute;n propia&quot; y no porque haya recibido quejas de otras aerol&iacute;neas. <\/p>\n<p style=\"font-size: 12px; color: #003a75; font-family: Arial,Helvetica,sans-serif\" align=\"center\">&nbsp;<img loading=\"lazy\" decoding=\"async\" src=\"http:\/\/aeronoticias.com.pe\/fotonoticias\/agosto\/iberia28.JPG\" alt=\" \" title=\"Comisi&oacute;n Europea investiga si alianza entre Iberia, AA y BA contraviene legislaci&oacute;n antimonopolio. (Foto: Luis Noguera-Aeronoticias)\" hspace=\"5\" vspace=\"5\" width=\"500\" height=\"319\" align=\"absMiddle\" \/><\/p>\n<p> <!--more--> <\/p>\n<p style=\"font-size: 12px; color: #003a75; font-family: Arial,Helvetica,sans-serif\" align=\"center\"><strong>&quot;Medida de precauci&oacute;n&quot;<\/strong><\/p>\n<p style=\"font-size: 12px; color: #003a75; font-family: Arial,Helvetica,sans-serif\" align=\"justify\">No obstante, aclar&oacute; que la apertura de dicha investigaci&oacute;n no prejuzga que las compa&ntilde;&iacute;as hayan incurrido en una pr&aacute;ctica monopol&iacute;stica, sino que responde m&aacute;s bien a una &quot;medida de precauci&oacute;n&quot; que ha tomado Bruselas.<\/p>\n<p style=\"font-size: 12px; color: #003a75; font-family: Arial,Helvetica,sans-serif\" align=\"justify\">&quot;La investigaci&oacute;n fue abierta por Bruselas el pasado mes de julio. No significa que vamos a encontrar problemas. No puedo prejuzgar el resultado de nuestra investigaci&oacute;n&quot;, confirm&oacute; el portavoz.<\/p>\n<p style=\"font-size: 12px; color: #003a75; font-family: Arial,Helvetica,sans-serif\" align=\"justify\">A diferencia de los casos de concentraci&oacute;n de empresas, explic&oacute; Todd, el Ejecutivo comunitario no tiene &quot;ninguna fecha l&iacute;mite&quot; para concluir su investigaci&oacute;n debido a que el acuerdo entre las tres aerol&iacute;neas &quot;no constituye una concentraci&oacute;n como una joint venture o fusi&oacute;n en el que hay un cambio en el control&quot; de manos de la compa&ntilde;&iacute;a, inform&oacute; Europa Press.<\/p>\n<p style=\"font-size: 12px; color: #003a75; font-family: Arial,Helvetica,sans-serif\" align=\"center\"><strong>Alianza fue suscrita el 14 de agosto<\/strong><\/p>\n<p style=\"font-size: 12px; color: #003a75; font-family: Arial,Helvetica,sans-serif\" align=\"justify\">Iberia, British Airways y American Airlines firmaron el pasado 14 de agosto un acuerdo para operar vuelos conjuntos entre Norteam&eacute;rica y Europa. <\/p>\n<p style=\"font-size: 12px; color: #003a75; font-family: Arial,Helvetica,sans-serif\" align=\"justify\">El acuerdo, que no implica que dejen de operar como &quot;entidades diferentes&quot; pese a su cooperaci&oacute;n comercial, se ci&ntilde;e a la cooperaci&oacute;n entre las tres en aspectos como los vuelos en c&oacute;digo compartido, programas de fidelizaci&oacute;n de clientes, planificaci&oacute;n de rutas y programas de vuelos, publicidad y promoci&oacute;n, gesti&oacute;n de ingresos, carga, ventas y sistemas de informaci&oacute;n.<\/p>\n<p style=\"font-size: 12px; color: #003a75; font-family: Arial,Helvetica,sans-serif\" align=\"justify\">De esta forma, las tres compa&ntilde;&iacute;as a&eacute;reas podr&aacute;n reducir costes y atraer a nuevos clientes al ofrecer unos 6.300 vuelos diarios a trav&eacute;s de su red conjunta, con una oferta a 443 destinos en 106 pa&iacute;ses.<\/p>\n<p>&nbsp;<\/p>\n","protected":false},"excerpt":{"rendered":"<p>La Comisi&oacute;n Europea confirm&oacute; que ha abierto una investigaci&oacute;n para determinar si el acuerdo comercial suscrito entre las aerol&iacute;neas Iberia, American Airlines y British Airways para operar vuelos conjuntos entre Norteam&eacute;rica y Europa contraviene la legislaci&oacute;n comunitaria en materia antimonopolio. El portavoz de Competencia, Jonathan Todd, explic&oacute; que &quot;la Comisi&oacute;n est&aacute; llevando a cabo una [&hellip;]<\/p>\n","protected":false},"author":1,"featured_media":0,"comment_status":"open","ping_status":"open","sticky":false,"template":"","format":"standard","meta":{"tdm_status":"","tdm_grid_status":"","footnotes":""},"categories":[32],"tags":[],"class_list":{"0":"post-357","1":"post","2":"type-post","3":"status-publish","4":"format-standard","6":"category-internacional"},"yoast_head":"<!-- This site is optimized with the Yoast SEO plugin v25.1 - https:\/\/yoast.com\/wordpress\/plugins\/seo\/ -->\n<title>Comisi<\/title>\n<meta name=\"description\" content=\"Portal de noticias del Per\u00fa sobre el transporte a\u00e9reo, aviaci\u00f3n, turismo, hoteleria, actualidad.\" \/>\n<meta name=\"robots\" content=\"index, follow, max-snippet:-1, max-image-preview:large, max-video-preview:-1\" \/>\n<link rel=\"canonical\" href=\"https:\/\/aeronoticias.com.pe\/noticiero\/transporte-aereo\/internacional\/comisiuropea-investiga-si-alianza-entre-iberia-aa-y-ba-contraviene-legislacintimonopolio\/\" \/>\n<meta property=\"og:locale\" content=\"es_ES\" \/>\n<meta property=\"og:type\" content=\"article\" \/>\n<meta property=\"og:title\" content=\"Comisi\" \/>\n<meta property=\"og:description\" content=\"Portal de noticias del Per\u00fa sobre el transporte a\u00e9reo, aviaci\u00f3n, turismo, hoteleria, actualidad.\" \/>\n<meta property=\"og:url\" content=\"https:\/\/aeronoticias.com.pe\/noticiero\/transporte-aereo\/internacional\/comisiuropea-investiga-si-alianza-entre-iberia-aa-y-ba-contraviene-legislacintimonopolio\/\" \/>\n<meta property=\"og:site_name\" content=\"Aeronoticias.com.pe\" \/>\n<meta property=\"article:publisher\" content=\"https:\/\/www.facebook.com\/Aeronoticias.com.pe\/\" \/>\n<meta property=\"article:published_time\" content=\"2008-08-28T21:40:17+00:00\" \/>\n<meta property=\"og:image\" content=\"http:\/\/aeronoticias.com.pe\/fotonoticias\/agosto\/iberia28.JPG\" \/>\n<meta name=\"author\" content=\"Redacci\u00f3n Aeronoticias\" \/>\n<meta name=\"twitter:card\" content=\"summary_large_image\" \/>\n<meta name=\"twitter:creator\" content=\"@aeronoticias\" \/>\n<meta name=\"twitter:site\" content=\"@aeronoticias\" \/>\n<meta name=\"twitter:label1\" content=\"Escrito por\" \/>\n\t<meta name=\"twitter:data1\" content=\"Redacci\u00f3n Aeronoticias\" \/>\n\t<meta name=\"twitter:label2\" content=\"Tiempo de lectura\" \/>\n\t<meta name=\"twitter:data2\" content=\"2 minutos\" \/>\n<script type=\"application\/ld+json\" class=\"yoast-schema-graph\">{\"@context\":\"https:\/\/schema.org\",\"@graph\":[{\"@type\":\"WebPage\",\"@id\":\"https:\/\/aeronoticias.com.pe\/noticiero\/transporte-aereo\/internacional\/comisiuropea-investiga-si-alianza-entre-iberia-aa-y-ba-contraviene-legislacintimonopolio\/\",\"url\":\"https:\/\/aeronoticias.com.pe\/noticiero\/transporte-aereo\/internacional\/comisiuropea-investiga-si-alianza-entre-iberia-aa-y-ba-contraviene-legislacintimonopolio\/\",\"name\":\"Comisi\",\"isPartOf\":{\"@id\":\"https:\/\/aeronoticias.com.pe\/noticiero\/#website\"},\"primaryImageOfPage\":{\"@id\":\"https:\/\/aeronoticias.com.pe\/noticiero\/transporte-aereo\/internacional\/comisiuropea-investiga-si-alianza-entre-iberia-aa-y-ba-contraviene-legislacintimonopolio\/#primaryimage\"},\"image\":{\"@id\":\"https:\/\/aeronoticias.com.pe\/noticiero\/transporte-aereo\/internacional\/comisiuropea-investiga-si-alianza-entre-iberia-aa-y-ba-contraviene-legislacintimonopolio\/#primaryimage\"},\"thumbnailUrl\":\"http:\/\/aeronoticias.com.pe\/fotonoticias\/agosto\/iberia28.JPG\",\"datePublished\":\"2008-08-28T21:40:17+00:00\",\"author\":{\"@id\":\"https:\/\/aeronoticias.com.pe\/noticiero\/#\/schema\/person\/fc1e5d578f4b62ba1cf7ac2bba1170a0\"},\"description\":\"Portal de noticias del Per\u00fa sobre el transporte a\u00e9reo, aviaci\u00f3n, turismo, hoteleria, actualidad.\",\"breadcrumb\":{\"@id\":\"https:\/\/aeronoticias.com.pe\/noticiero\/transporte-aereo\/internacional\/comisiuropea-investiga-si-alianza-entre-iberia-aa-y-ba-contraviene-legislacintimonopolio\/#breadcrumb\"},\"inLanguage\":\"es\",\"potentialAction\":[{\"@type\":\"ReadAction\",\"target\":[\"https:\/\/aeronoticias.com.pe\/noticiero\/transporte-aereo\/internacional\/comisiuropea-investiga-si-alianza-entre-iberia-aa-y-ba-contraviene-legislacintimonopolio\/\"]}]},{\"@type\":\"ImageObject\",\"inLanguage\":\"es\",\"@id\":\"https:\/\/aeronoticias.com.pe\/noticiero\/transporte-aereo\/internacional\/comisiuropea-investiga-si-alianza-entre-iberia-aa-y-ba-contraviene-legislacintimonopolio\/#primaryimage\",\"url\":\"http:\/\/aeronoticias.com.pe\/fotonoticias\/agosto\/iberia28.JPG\",\"contentUrl\":\"http:\/\/aeronoticias.com.pe\/fotonoticias\/agosto\/iberia28.JPG\"},{\"@type\":\"BreadcrumbList\",\"@id\":\"https:\/\/aeronoticias.com.pe\/noticiero\/transporte-aereo\/internacional\/comisiuropea-investiga-si-alianza-entre-iberia-aa-y-ba-contraviene-legislacintimonopolio\/#breadcrumb\",\"itemListElement\":[{\"@type\":\"ListItem\",\"position\":1,\"name\":\"Portada\",\"item\":\"https:\/\/aeronoticias.com.pe\/noticiero\/\"},{\"@type\":\"ListItem\",\"position\":2,\"name\":\"Comisi\"}]},{\"@type\":\"WebSite\",\"@id\":\"https:\/\/aeronoticias.com.pe\/noticiero\/#website\",\"url\":\"https:\/\/aeronoticias.com.pe\/noticiero\/\",\"name\":\"Aeronoticias.com.pe\",\"description\":\"Noticias de tranporte aereo, turismo, hoteles, gastronomia, actualidad, internacional\",\"potentialAction\":[{\"@type\":\"SearchAction\",\"target\":{\"@type\":\"EntryPoint\",\"urlTemplate\":\"https:\/\/aeronoticias.com.pe\/noticiero\/?s={search_term_string}\"},\"query-input\":{\"@type\":\"PropertyValueSpecification\",\"valueRequired\":true,\"valueName\":\"search_term_string\"}}],\"inLanguage\":\"es\"},{\"@type\":\"Person\",\"@id\":\"https:\/\/aeronoticias.com.pe\/noticiero\/#\/schema\/person\/fc1e5d578f4b62ba1cf7ac2bba1170a0\",\"name\":\"Redacci\u00f3n Aeronoticias\",\"url\":\"https:\/\/aeronoticias.com.pe\/noticiero\/author\/piloto\/\"}]}<\/script>\n<!-- \/ Yoast SEO plugin. -->","yoast_head_json":{"title":"Comisi","description":"Portal de noticias del Per\u00fa sobre el transporte a\u00e9reo, aviaci\u00f3n, turismo, hoteleria, actualidad.","robots":{"index":"index","follow":"follow","max-snippet":"max-snippet:-1","max-image-preview":"max-image-preview:large","max-video-preview":"max-video-preview:-1"},"canonical":"https:\/\/aeronoticias.com.pe\/noticiero\/transporte-aereo\/internacional\/comisiuropea-investiga-si-alianza-entre-iberia-aa-y-ba-contraviene-legislacintimonopolio\/","og_locale":"es_ES","og_type":"article","og_title":"Comisi","og_description":"Portal de noticias del Per\u00fa sobre el transporte a\u00e9reo, aviaci\u00f3n, turismo, hoteleria, actualidad.","og_url":"https:\/\/aeronoticias.com.pe\/noticiero\/transporte-aereo\/internacional\/comisiuropea-investiga-si-alianza-entre-iberia-aa-y-ba-contraviene-legislacintimonopolio\/","og_site_name":"Aeronoticias.com.pe","article_publisher":"https:\/\/www.facebook.com\/Aeronoticias.com.pe\/","article_published_time":"2008-08-28T21:40:17+00:00","og_image":[{"url":"http:\/\/aeronoticias.com.pe\/fotonoticias\/agosto\/iberia28.JPG","type":"","width":"","height":""}],"author":"Redacci\u00f3n Aeronoticias","twitter_card":"summary_large_image","twitter_creator":"@aeronoticias","twitter_site":"@aeronoticias","twitter_misc":{"Escrito por":"Redacci\u00f3n Aeronoticias","Tiempo de lectura":"2 minutos"},"schema":{"@context":"https:\/\/schema.org","@graph":[{"@type":"WebPage","@id":"https:\/\/aeronoticias.com.pe\/noticiero\/transporte-aereo\/internacional\/comisiuropea-investiga-si-alianza-entre-iberia-aa-y-ba-contraviene-legislacintimonopolio\/","url":"https:\/\/aeronoticias.com.pe\/noticiero\/transporte-aereo\/internacional\/comisiuropea-investiga-si-alianza-entre-iberia-aa-y-ba-contraviene-legislacintimonopolio\/","name":"Comisi","isPartOf":{"@id":"https:\/\/aeronoticias.com.pe\/noticiero\/#website"},"primaryImageOfPage":{"@id":"https:\/\/aeronoticias.com.pe\/noticiero\/transporte-aereo\/internacional\/comisiuropea-investiga-si-alianza-entre-iberia-aa-y-ba-contraviene-legislacintimonopolio\/#primaryimage"},"image":{"@id":"https:\/\/aeronoticias.com.pe\/noticiero\/transporte-aereo\/internacional\/comisiuropea-investiga-si-alianza-entre-iberia-aa-y-ba-contraviene-legislacintimonopolio\/#primaryimage"},"thumbnailUrl":"http:\/\/aeronoticias.com.pe\/fotonoticias\/agosto\/iberia28.JPG","datePublished":"2008-08-28T21:40:17+00:00","author":{"@id":"https:\/\/aeronoticias.com.pe\/noticiero\/#\/schema\/person\/fc1e5d578f4b62ba1cf7ac2bba1170a0"},"description":"Portal de noticias del Per\u00fa sobre el transporte a\u00e9reo, aviaci\u00f3n, turismo, hoteleria, actualidad.","breadcrumb":{"@id":"https:\/\/aeronoticias.com.pe\/noticiero\/transporte-aereo\/internacional\/comisiuropea-investiga-si-alianza-entre-iberia-aa-y-ba-contraviene-legislacintimonopolio\/#breadcrumb"},"inLanguage":"es","potentialAction":[{"@type":"ReadAction","target":["https:\/\/aeronoticias.com.pe\/noticiero\/transporte-aereo\/internacional\/comisiuropea-investiga-si-alianza-entre-iberia-aa-y-ba-contraviene-legislacintimonopolio\/"]}]},{"@type":"ImageObject","inLanguage":"es","@id":"https:\/\/aeronoticias.com.pe\/noticiero\/transporte-aereo\/internacional\/comisiuropea-investiga-si-alianza-entre-iberia-aa-y-ba-contraviene-legislacintimonopolio\/#primaryimage","url":"http:\/\/aeronoticias.com.pe\/fotonoticias\/agosto\/iberia28.JPG","contentUrl":"http:\/\/aeronoticias.com.pe\/fotonoticias\/agosto\/iberia28.JPG"},{"@type":"BreadcrumbList","@id":"https:\/\/aeronoticias.com.pe\/noticiero\/transporte-aereo\/internacional\/comisiuropea-investiga-si-alianza-entre-iberia-aa-y-ba-contraviene-legislacintimonopolio\/#breadcrumb","itemListElement":[{"@type":"ListItem","position":1,"name":"Portada","item":"https:\/\/aeronoticias.com.pe\/noticiero\/"},{"@type":"ListItem","position":2,"name":"Comisi"}]},{"@type":"WebSite","@id":"https:\/\/aeronoticias.com.pe\/noticiero\/#website","url":"https:\/\/aeronoticias.com.pe\/noticiero\/","name":"Aeronoticias.com.pe","description":"Noticias de tranporte aereo, turismo, hoteles, gastronomia, actualidad, internacional","potentialAction":[{"@type":"SearchAction","target":{"@type":"EntryPoint","urlTemplate":"https:\/\/aeronoticias.com.pe\/noticiero\/?s={search_term_string}"},"query-input":{"@type":"PropertyValueSpecification","valueRequired":true,"valueName":"search_term_string"}}],"inLanguage":"es"},{"@type":"Person","@id":"https:\/\/aeronoticias.com.pe\/noticiero\/#\/schema\/person\/fc1e5d578f4b62ba1cf7ac2bba1170a0","name":"Redacci\u00f3n Aeronoticias","url":"https:\/\/aeronoticias.com.pe\/noticiero\/author\/piloto\/"}]}},"_links":{"self":[{"href":"https:\/\/aeronoticias.com.pe\/noticiero\/wp-json\/wp\/v2\/posts\/357","targetHints":{"allow":["GET"]}}],"collection":[{"href":"https:\/\/aeronoticias.com.pe\/noticiero\/wp-json\/wp\/v2\/posts"}],"about":[{"href":"https:\/\/aeronoticias.com.pe\/noticiero\/wp-json\/wp\/v2\/types\/post"}],"author":[{"embeddable":true,"href":"https:\/\/aeronoticias.com.pe\/noticiero\/wp-json\/wp\/v2\/users\/1"}],"replies":[{"embeddable":true,"href":"https:\/\/aeronoticias.com.pe\/noticiero\/wp-json\/wp\/v2\/comments?post=357"}],"version-history":[{"count":0,"href":"https:\/\/aeronoticias.com.pe\/noticiero\/wp-json\/wp\/v2\/posts\/357\/revisions"}],"wp:attachment":[{"href":"https:\/\/aeronoticias.com.pe\/noticiero\/wp-json\/wp\/v2\/media?parent=357"}],"wp:term":[{"taxonomy":"category","embeddable":true,"href":"https:\/\/aeronoticias.com.pe\/noticiero\/wp-json\/wp\/v2\/categories?post=357"},{"taxonomy":"post_tag","embeddable":true,"href":"https:\/\/aeronoticias.com.pe\/noticiero\/wp-json\/wp\/v2\/tags?post=357"}],"curies":[{"name":"wp","href":"https:\/\/api.w.org\/{rel}","templated":true}]}}