{"id":36002,"date":"2013-04-10T14:35:58","date_gmt":"2013-04-10T14:35:58","guid":{"rendered":"http:\/\/desarrollo.mcvicious.com\/aero2020\/2013\/04\/10\/peru-y-oea-realizaran-i-curso-de-seguridad-turistica-en-sudamerica\/"},"modified":"2013-04-10T14:35:58","modified_gmt":"2013-04-10T14:35:58","slug":"peru-y-oea-realizaran-i-curso-de-seguridad-turistica-en-sudamerica","status":"publish","type":"post","link":"https:\/\/aeronoticias.com.pe\/noticiero\/turismo\/13\/peru-y-oea-realizaran-i-curso-de-seguridad-turistica-en-sudamerica\/","title":{"rendered":"Per\u00fa y OEA realizar\u00e1n I curso de seguridad tur\u00edstica en Sudam\u00e9rica"},"content":{"rendered":"<p style=\"text-align: justify;\"><strong>(Aeronoticias).-<\/strong> Con el objetivo de fortalecer las capacidades de los actores vinculados a la seguridad tur\u00edstica y as\u00ed lograr el equilibrio entre los beneficios ambientales, econ\u00f3micos y socioculturales de los destinos tur\u00edsticos, el Ministerio de Comercio Exterior y Turismo (MINCETUR) en coordinaci\u00f3n con el Departamento de Desarrollo Econ\u00f3mico, Comercio y Turismo de la Organizaci\u00f3n de Estados Americanos (OEA), realiza por primera vez en nuestro pa\u00eds y en Sudam\u00e9rica el I Curso de Seguridad Tur\u00edstica hasta el viernes 12 de abril.<\/p>\n<p style=\"text-align: justify;\">En este sentido, el MINCETUR brindar\u00e1 asistencia t\u00e9cnica para mejorar las capacidades institucionales en materia de seguridad tur\u00edstica de m\u00e1s de medio centenar de efectivos de la Polic\u00eda Nacional, \u00a0y funcionarios de Gobiernos Regionales y Locales \u00a0de Lima, Piura, Puno, Hu\u00e1nuco, Tumbes, Loreto, Arequipa, Apur\u00edmac, Cusco, Lambayeque, San Mart\u00edn, \u00c1ncash, La Libertad, Ica y Madre de Dios. Asimismo, se fortalecer\u00e1 alianzas estrat\u00e9gicas entre el sector p\u00fablico y privado, respecto a la prevenci\u00f3n de riesgos, desastres naturales y amenazas a la seguridad de las instalaciones tur\u00edsticas y recreativas de nuestro pa\u00eds.<\/p>\n<p>  <!--more-->  <\/p>\n<p style=\"text-align: justify;\">Durante el curso se ver\u00e1n temas relacionados a la seguridad en hoteles e instalaciones tur\u00edsticas, planes de seguridad en el turismo, modelo de la Organizaci\u00f3n Mundial del Turismo (OMT) para la seguridad tur\u00edstica, Red Interamericana de Seguridad Tur\u00edstica, entre otros.<\/p>\n<p style=\"text-align: justify;\">El I Curso de Seguridad Tur\u00edstica congrega a ponentes internacionales como el especialista en Seguridad Tur\u00edstica de la OEA, Santiago Noboa, el representante de Costa Rica ante el Comit\u00e9 de Seguridad de Centroam\u00e9rica, M\u00e9xico y Rep\u00fablica Dominicana, V\u00edctor Ram\u00edrez, el jefe de la Polic\u00eda de Turismo de El Salvador y especialista de seguridad tur\u00edstica ante la OMT, Vladimir C\u00e1ceres, entre otras autoridades.<\/p>\n<p style=\"text-align: justify;\">Como se sabe, el MINCETUR ha constituido 21 Redes Regionales de Protecci\u00f3n al Turista, a fin de identificar posibles situaciones y escenarios de riesgo y vulnerabilidad que podr\u00edan afectar el normal desarrollo de la actividad tur\u00edstica, y de esta manera superar las mismas, garantizando la seguridad integral y defensa del turista y sus bienes.<\/p>\n<p style=\"text-align: justify;\">Asimismo, se viene impulsando el fortalecimiento operativo (apoyo log\u00edstico materializado en lanchas, camionetas 4X4, equipos de comunicaci\u00f3n, computadoras) de la Polic\u00eda de Turismo, de las Capitan\u00edas y guardacostas as\u00ed como del servicio nacional de \u00e1reas naturales protegidas.<\/p>\n<p style=\"text-align: justify;\"><img decoding=\"async\" src=\"images\/stories\/11\/12\/021212\/turistas.jpg\" border=\"0\" alt=\"Per\u00fa y OEA realizar\u00e1n I curso de seguridad tur\u00edstica en Sudam\u00e9rica\" title=\"Per\u00fa y OEA realizar\u00e1n I curso de seguridad tur\u00edstica en Sudam\u00e9rica\" \/><\/p>\n","protected":false},"excerpt":{"rendered":"<p>(Aeronoticias).- Con el objetivo de fortalecer las capacidades de los actores vinculados a la seguridad tur\u00edstica y as\u00ed lograr el equilibrio entre los beneficios ambientales, econ\u00f3micos y socioculturales de los destinos tur\u00edsticos, el Ministerio de Comercio Exterior y Turismo (MINCETUR) en coordinaci\u00f3n con el Departamento de Desarrollo Econ\u00f3mico, Comercio y Turismo de la Organizaci\u00f3n de [&hellip;]<\/p>\n","protected":false},"author":1,"featured_media":0,"comment_status":"open","ping_status":"open","sticky":false,"template":"","format":"standard","meta":{"tdm_status":"","tdm_grid_status":"","footnotes":""},"categories":[31],"tags":[],"class_list":{"0":"post-36002","1":"post","2":"type-post","3":"status-publish","4":"format-standard","6":"category-31"},"yoast_head":"<!-- This site is optimized with the Yoast SEO plugin v25.1 - https:\/\/yoast.com\/wordpress\/plugins\/seo\/ -->\n<title>Per\u00fa y OEA realizar\u00e1n I curso de seguridad tur\u00edstica en Sudam\u00e9rica<\/title>\n<meta name=\"description\" content=\"Portal de noticias del Per\u00fa sobre el transporte a\u00e9reo, aviaci\u00f3n, turismo, hoteleria, actualidad.\" \/>\n<meta name=\"robots\" content=\"index, follow, max-snippet:-1, max-image-preview:large, max-video-preview:-1\" \/>\n<link rel=\"canonical\" href=\"https:\/\/aeronoticias.com.pe\/noticiero\/turismo\/13\/peru-y-oea-realizaran-i-curso-de-seguridad-turistica-en-sudamerica\/\" \/>\n<meta property=\"og:locale\" content=\"es_ES\" \/>\n<meta property=\"og:type\" content=\"article\" \/>\n<meta property=\"og:title\" content=\"Per\u00fa y OEA realizar\u00e1n I curso de seguridad tur\u00edstica en Sudam\u00e9rica\" \/>\n<meta property=\"og:description\" content=\"Portal de noticias del Per\u00fa sobre el transporte a\u00e9reo, aviaci\u00f3n, turismo, hoteleria, actualidad.\" \/>\n<meta property=\"og:url\" content=\"https:\/\/aeronoticias.com.pe\/noticiero\/turismo\/13\/peru-y-oea-realizaran-i-curso-de-seguridad-turistica-en-sudamerica\/\" \/>\n<meta property=\"og:site_name\" content=\"Aeronoticias.com.pe\" \/>\n<meta property=\"article:publisher\" content=\"https:\/\/www.facebook.com\/Aeronoticias.com.pe\/\" \/>\n<meta property=\"article:published_time\" content=\"2013-04-10T14:35:58+00:00\" \/>\n<meta name=\"author\" content=\"Redacci\u00f3n Aeronoticias\" \/>\n<meta name=\"twitter:card\" content=\"summary_large_image\" \/>\n<meta name=\"twitter:creator\" content=\"@aeronoticias\" \/>\n<meta name=\"twitter:site\" content=\"@aeronoticias\" \/>\n<meta name=\"twitter:label1\" content=\"Escrito por\" \/>\n\t<meta name=\"twitter:data1\" content=\"Redacci\u00f3n Aeronoticias\" \/>\n\t<meta name=\"twitter:label2\" content=\"Tiempo de lectura\" \/>\n\t<meta name=\"twitter:data2\" content=\"2 minutos\" \/>\n<script type=\"application\/ld+json\" class=\"yoast-schema-graph\">{\"@context\":\"https:\/\/schema.org\",\"@graph\":[{\"@type\":\"WebPage\",\"@id\":\"https:\/\/aeronoticias.com.pe\/noticiero\/turismo\/13\/peru-y-oea-realizaran-i-curso-de-seguridad-turistica-en-sudamerica\/\",\"url\":\"https:\/\/aeronoticias.com.pe\/noticiero\/turismo\/13\/peru-y-oea-realizaran-i-curso-de-seguridad-turistica-en-sudamerica\/\",\"name\":\"Per\u00fa y OEA realizar\u00e1n I curso de seguridad tur\u00edstica en Sudam\u00e9rica\",\"isPartOf\":{\"@id\":\"https:\/\/aeronoticias.com.pe\/noticiero\/#website\"},\"datePublished\":\"2013-04-10T14:35:58+00:00\",\"author\":{\"@id\":\"https:\/\/aeronoticias.com.pe\/noticiero\/#\/schema\/person\/fc1e5d578f4b62ba1cf7ac2bba1170a0\"},\"description\":\"Portal de noticias del Per\u00fa sobre el transporte a\u00e9reo, aviaci\u00f3n, turismo, hoteleria, actualidad.\",\"breadcrumb\":{\"@id\":\"https:\/\/aeronoticias.com.pe\/noticiero\/turismo\/13\/peru-y-oea-realizaran-i-curso-de-seguridad-turistica-en-sudamerica\/#breadcrumb\"},\"inLanguage\":\"es\",\"potentialAction\":[{\"@type\":\"ReadAction\",\"target\":[\"https:\/\/aeronoticias.com.pe\/noticiero\/turismo\/13\/peru-y-oea-realizaran-i-curso-de-seguridad-turistica-en-sudamerica\/\"]}]},{\"@type\":\"BreadcrumbList\",\"@id\":\"https:\/\/aeronoticias.com.pe\/noticiero\/turismo\/13\/peru-y-oea-realizaran-i-curso-de-seguridad-turistica-en-sudamerica\/#breadcrumb\",\"itemListElement\":[{\"@type\":\"ListItem\",\"position\":1,\"name\":\"Portada\",\"item\":\"https:\/\/aeronoticias.com.pe\/noticiero\/\"},{\"@type\":\"ListItem\",\"position\":2,\"name\":\"Per\u00fa y OEA realizar\u00e1n I curso de seguridad tur\u00edstica en Sudam\u00e9rica\"}]},{\"@type\":\"WebSite\",\"@id\":\"https:\/\/aeronoticias.com.pe\/noticiero\/#website\",\"url\":\"https:\/\/aeronoticias.com.pe\/noticiero\/\",\"name\":\"Aeronoticias.com.pe\",\"description\":\"Noticias de tranporte aereo, turismo, hoteles, gastronomia, actualidad, internacional\",\"potentialAction\":[{\"@type\":\"SearchAction\",\"target\":{\"@type\":\"EntryPoint\",\"urlTemplate\":\"https:\/\/aeronoticias.com.pe\/noticiero\/?s={search_term_string}\"},\"query-input\":{\"@type\":\"PropertyValueSpecification\",\"valueRequired\":true,\"valueName\":\"search_term_string\"}}],\"inLanguage\":\"es\"},{\"@type\":\"Person\",\"@id\":\"https:\/\/aeronoticias.com.pe\/noticiero\/#\/schema\/person\/fc1e5d578f4b62ba1cf7ac2bba1170a0\",\"name\":\"Redacci\u00f3n Aeronoticias\",\"url\":\"https:\/\/aeronoticias.com.pe\/noticiero\/author\/piloto\/\"}]}<\/script>\n<!-- \/ Yoast SEO plugin. -->","yoast_head_json":{"title":"Per\u00fa y OEA realizar\u00e1n I curso de seguridad tur\u00edstica en Sudam\u00e9rica","description":"Portal de noticias del Per\u00fa sobre el transporte a\u00e9reo, aviaci\u00f3n, turismo, hoteleria, actualidad.","robots":{"index":"index","follow":"follow","max-snippet":"max-snippet:-1","max-image-preview":"max-image-preview:large","max-video-preview":"max-video-preview:-1"},"canonical":"https:\/\/aeronoticias.com.pe\/noticiero\/turismo\/13\/peru-y-oea-realizaran-i-curso-de-seguridad-turistica-en-sudamerica\/","og_locale":"es_ES","og_type":"article","og_title":"Per\u00fa y OEA realizar\u00e1n I curso de seguridad tur\u00edstica en Sudam\u00e9rica","og_description":"Portal de noticias del Per\u00fa sobre el transporte a\u00e9reo, aviaci\u00f3n, turismo, hoteleria, actualidad.","og_url":"https:\/\/aeronoticias.com.pe\/noticiero\/turismo\/13\/peru-y-oea-realizaran-i-curso-de-seguridad-turistica-en-sudamerica\/","og_site_name":"Aeronoticias.com.pe","article_publisher":"https:\/\/www.facebook.com\/Aeronoticias.com.pe\/","article_published_time":"2013-04-10T14:35:58+00:00","author":"Redacci\u00f3n Aeronoticias","twitter_card":"summary_large_image","twitter_creator":"@aeronoticias","twitter_site":"@aeronoticias","twitter_misc":{"Escrito por":"Redacci\u00f3n Aeronoticias","Tiempo de lectura":"2 minutos"},"schema":{"@context":"https:\/\/schema.org","@graph":[{"@type":"WebPage","@id":"https:\/\/aeronoticias.com.pe\/noticiero\/turismo\/13\/peru-y-oea-realizaran-i-curso-de-seguridad-turistica-en-sudamerica\/","url":"https:\/\/aeronoticias.com.pe\/noticiero\/turismo\/13\/peru-y-oea-realizaran-i-curso-de-seguridad-turistica-en-sudamerica\/","name":"Per\u00fa y OEA realizar\u00e1n I curso de seguridad tur\u00edstica en Sudam\u00e9rica","isPartOf":{"@id":"https:\/\/aeronoticias.com.pe\/noticiero\/#website"},"datePublished":"2013-04-10T14:35:58+00:00","author":{"@id":"https:\/\/aeronoticias.com.pe\/noticiero\/#\/schema\/person\/fc1e5d578f4b62ba1cf7ac2bba1170a0"},"description":"Portal de noticias del Per\u00fa sobre el transporte a\u00e9reo, aviaci\u00f3n, turismo, hoteleria, actualidad.","breadcrumb":{"@id":"https:\/\/aeronoticias.com.pe\/noticiero\/turismo\/13\/peru-y-oea-realizaran-i-curso-de-seguridad-turistica-en-sudamerica\/#breadcrumb"},"inLanguage":"es","potentialAction":[{"@type":"ReadAction","target":["https:\/\/aeronoticias.com.pe\/noticiero\/turismo\/13\/peru-y-oea-realizaran-i-curso-de-seguridad-turistica-en-sudamerica\/"]}]},{"@type":"BreadcrumbList","@id":"https:\/\/aeronoticias.com.pe\/noticiero\/turismo\/13\/peru-y-oea-realizaran-i-curso-de-seguridad-turistica-en-sudamerica\/#breadcrumb","itemListElement":[{"@type":"ListItem","position":1,"name":"Portada","item":"https:\/\/aeronoticias.com.pe\/noticiero\/"},{"@type":"ListItem","position":2,"name":"Per\u00fa y OEA realizar\u00e1n I curso de seguridad tur\u00edstica en Sudam\u00e9rica"}]},{"@type":"WebSite","@id":"https:\/\/aeronoticias.com.pe\/noticiero\/#website","url":"https:\/\/aeronoticias.com.pe\/noticiero\/","name":"Aeronoticias.com.pe","description":"Noticias de tranporte aereo, turismo, hoteles, gastronomia, actualidad, internacional","potentialAction":[{"@type":"SearchAction","target":{"@type":"EntryPoint","urlTemplate":"https:\/\/aeronoticias.com.pe\/noticiero\/?s={search_term_string}"},"query-input":{"@type":"PropertyValueSpecification","valueRequired":true,"valueName":"search_term_string"}}],"inLanguage":"es"},{"@type":"Person","@id":"https:\/\/aeronoticias.com.pe\/noticiero\/#\/schema\/person\/fc1e5d578f4b62ba1cf7ac2bba1170a0","name":"Redacci\u00f3n Aeronoticias","url":"https:\/\/aeronoticias.com.pe\/noticiero\/author\/piloto\/"}]}},"_links":{"self":[{"href":"https:\/\/aeronoticias.com.pe\/noticiero\/wp-json\/wp\/v2\/posts\/36002","targetHints":{"allow":["GET"]}}],"collection":[{"href":"https:\/\/aeronoticias.com.pe\/noticiero\/wp-json\/wp\/v2\/posts"}],"about":[{"href":"https:\/\/aeronoticias.com.pe\/noticiero\/wp-json\/wp\/v2\/types\/post"}],"author":[{"embeddable":true,"href":"https:\/\/aeronoticias.com.pe\/noticiero\/wp-json\/wp\/v2\/users\/1"}],"replies":[{"embeddable":true,"href":"https:\/\/aeronoticias.com.pe\/noticiero\/wp-json\/wp\/v2\/comments?post=36002"}],"version-history":[{"count":0,"href":"https:\/\/aeronoticias.com.pe\/noticiero\/wp-json\/wp\/v2\/posts\/36002\/revisions"}],"wp:attachment":[{"href":"https:\/\/aeronoticias.com.pe\/noticiero\/wp-json\/wp\/v2\/media?parent=36002"}],"wp:term":[{"taxonomy":"category","embeddable":true,"href":"https:\/\/aeronoticias.com.pe\/noticiero\/wp-json\/wp\/v2\/categories?post=36002"},{"taxonomy":"post_tag","embeddable":true,"href":"https:\/\/aeronoticias.com.pe\/noticiero\/wp-json\/wp\/v2\/tags?post=36002"}],"curies":[{"name":"wp","href":"https:\/\/api.w.org\/{rel}","templated":true}]}}