{"id":36210,"date":"2013-04-18T22:30:36","date_gmt":"2013-04-18T22:30:36","guid":{"rendered":"http:\/\/desarrollo.mcvicious.com\/aero2020\/2013\/04\/18\/carlos-palacin-fernandez-cumplio-80-anos\/"},"modified":"2013-04-18T22:30:36","modified_gmt":"2013-04-18T22:30:36","slug":"carlos-palacin-fernandez-cumplio-80-anos","status":"publish","type":"post","link":"https:\/\/aeronoticias.com.pe\/noticiero\/turismo\/13\/carlos-palacin-fernandez-cumplio-80-anos\/","title":{"rendered":"Carlos Palac\u00edn Fern\u00e1ndez cumpli\u00f3 80 a\u00f1os"},"content":{"rendered":"<p style=\"text-align: justify;\"><strong>(Aeronoticias)<\/strong>.- Uno de los m\u00e1s importantes empresarios de la aviaci\u00f3n comercial de Per\u00fa en la d\u00e9cada del 50 al 2010, Carlos Palac\u00edn Fern\u00e1ndez cumpli\u00f3 80 a\u00f1os y los celebr\u00f3 en una cena junto al paradis\u00edaco lago de La Molina.<\/p>\n<p style=\"text-align: justify;\">Fue piloto fumigador en Piura y Chincha en 1955. Fumig\u00f3 en Guatemala y fue el piloto de presidentes peruanos, especialmente de Don Fernando Bela\u00fande Terry, durante dos periodos (1961-1963 \/ 1979-1980). El ex presidente Belaunde cita al capit\u00e1n Carlos Palac\u00edn Fern\u00e1ndez en su libro \u00abPueblo por Pueblo\u00bb: \u00abAterriz\u00e1bamos en las carreteras\u00bb, dice Don Fernando en sus memorias, recordando en 1961 a su piloto Carlos Palac\u00edn. Fue piloto adem\u00e1s de Alan Garc\u00eda, de Alberto Fujimori y de Alejandro Toledo. Las aeronaves de Carlos Palac\u00edn Fern\u00e1ndez, en las empresas que fund\u00f3, sobrevolaron los cielos peruanos por m\u00e1s de 55 a\u00f1os con total seguridad, economicidad y eficiencia.<\/p>\n<p style=\"text-align: center;\"><img decoding=\"async\" src=\"images\/stories\/13\/04\/180413\/4.jpg\" border=\"0\" \/><\/p>\n<p style=\"text-align: center;\"><sup><strong>De izquierda a derecha. Juan Checa Freundt, Zoila Guti\u00e9rrez de Palac\u00edn, Elena Tasso de Humala, Blanca Palac\u00edn Fern\u00e1ndez y Rub\u00e9n Carpio Ch\u00e1vez.<\/strong><\/sup><\/p>\n<p style=\"text-align: center;\"><sup><strong>Segunda Fila. Isaac Humala N\u00fa\u00f1ez, Carlos Palac\u00edn Fern\u00e1ndez y Juli\u00e1n Palac\u00edn Fern\u00e1ndez.<\/strong><\/sup><\/p>\n<p>\u00a0<\/p>\n<p style=\"text-align: justify;\">Fue el visionario y pionero que puso el primer avi\u00f3n en 1973 a sobrevolar las milenarias L\u00edneas de Nazca. Fundador de Aerotaxi Palac\u00edn, hoy Travel Air, creador de Aerocondor, fundador de la Asociaci\u00f3n Peruano de Empresas A\u00e9reas -APEA-, y forjador de cientos de pilotos que hoy vuelan en las principales l\u00edneas a\u00e9reas nacionales e internacionales del pa\u00eds.<\/p>\n<p>  <!--more-->  <\/p>\n<p style=\"text-align: justify;\">Carlos Palac\u00edn Fern\u00e1ndez, despu\u00e9s de Elmer Fauccet, es considerado un emprendedor, so\u00f1ador e idealista de la aviaci\u00f3n civil peruana. En su cumplea\u00f1os n\u00famero 80 lo acompa\u00f1aron su hermano, Don Juli\u00e1n Palac\u00edn Fern\u00e1ndez, presidente de la Comisi\u00f3n de Derecho Aeron\u00e1utico del CAL y virtual candidato al Decanato del Colegio de Abogados de Lima, quien le ofreci\u00f3 una cena en su homenaje. Tambi\u00e9n estuvieron presentes el jurista y vicepresidente de la comisi\u00f3n de Derecho Aeron\u00e1utico del CAL, Dr. Isaac Humala N\u00fa\u00f1ez, la Dra. Elena Tasso de Humala, Blanca Palac\u00edn Fern\u00e1ndez, el piloto John Elliot del Campo, el ingeniero Rub\u00e9n Carpio Ch\u00e1vez, presidente de Aeroparacas, entre otros.<\/p>\n<p style=\"text-align: justify;\">Carlos Palac\u00edn Fern\u00e1ndez (80), durante 55 a\u00f1os ha escrito p\u00e1ginas hermosas en la historia de la aviaci\u00f3n civil peruana. Fue condecorado por el MTC con la condecoraci\u00f3n Jorge Ch\u00e1vez, la C\u00e1mara de Turismo -Canatur- , que le tuvo como director durante varios per\u00edodos. Lo condecor\u00f3 con la Orden Benjam\u00edn Roca Muelle.<\/p>\n<p style=\"text-align: justify;\">Su sue\u00f1o, las milenarias L\u00edneas de Nazca, son hoy una realidad.<\/p>\n<p style=\"text-align: center;\"><img decoding=\"async\" src=\"images\/stories\/13\/04\/180413\/2.jpg\" border=\"0\" \/><\/p>\n<p style=\"text-align: center;\"><strong>Carlos Palac\u00edn Fern\u00e1ndez, John Elliot del Campo y Frank Guerrero Inga.<\/strong><\/p>\n<p style=\"text-align: justify;\">\u00a0<\/p>\n<p>{jathumbnail off images=\u00bbimages\/stories\/13\/04\/180413\/4.jpg,images\/stories\/13\/04\/180413\/2.jpg\u00bb}<\/p>\n","protected":false},"excerpt":{"rendered":"<p>(Aeronoticias).- Uno de los m\u00e1s importantes empresarios de la aviaci\u00f3n comercial de Per\u00fa en la d\u00e9cada del 50 al 2010, Carlos Palac\u00edn Fern\u00e1ndez cumpli\u00f3 80 a\u00f1os y los celebr\u00f3 en una cena junto al paradis\u00edaco lago de La Molina. Fue piloto fumigador en Piura y Chincha en 1955. Fumig\u00f3 en Guatemala y fue el piloto [&hellip;]<\/p>\n","protected":false},"author":1,"featured_media":0,"comment_status":"open","ping_status":"open","sticky":false,"template":"","format":"standard","meta":{"tdm_status":"","tdm_grid_status":"","footnotes":""},"categories":[31],"tags":[],"class_list":{"0":"post-36210","1":"post","2":"type-post","3":"status-publish","4":"format-standard","6":"category-31"},"yoast_head":"<!-- This site is optimized with the Yoast SEO plugin v25.1 - https:\/\/yoast.com\/wordpress\/plugins\/seo\/ -->\n<title>Carlos Palac\u00edn Fern\u00e1ndez cumpli\u00f3 80 a\u00f1os<\/title>\n<meta name=\"description\" content=\"Portal de noticias del Per\u00fa sobre el transporte a\u00e9reo, aviaci\u00f3n, turismo, hoteleria, actualidad.\" \/>\n<meta name=\"robots\" content=\"index, follow, max-snippet:-1, max-image-preview:large, max-video-preview:-1\" \/>\n<link rel=\"canonical\" href=\"https:\/\/aeronoticias.com.pe\/noticiero\/turismo\/13\/carlos-palacin-fernandez-cumplio-80-anos\/\" \/>\n<meta property=\"og:locale\" content=\"es_ES\" \/>\n<meta property=\"og:type\" content=\"article\" \/>\n<meta property=\"og:title\" content=\"Carlos Palac\u00edn Fern\u00e1ndez cumpli\u00f3 80 a\u00f1os\" \/>\n<meta property=\"og:description\" content=\"Portal de noticias del Per\u00fa sobre el transporte a\u00e9reo, aviaci\u00f3n, turismo, hoteleria, actualidad.\" \/>\n<meta property=\"og:url\" content=\"https:\/\/aeronoticias.com.pe\/noticiero\/turismo\/13\/carlos-palacin-fernandez-cumplio-80-anos\/\" \/>\n<meta property=\"og:site_name\" content=\"Aeronoticias.com.pe\" \/>\n<meta property=\"article:publisher\" content=\"https:\/\/www.facebook.com\/Aeronoticias.com.pe\/\" \/>\n<meta property=\"article:published_time\" content=\"2013-04-18T22:30:36+00:00\" \/>\n<meta name=\"author\" content=\"Redacci\u00f3n Aeronoticias\" \/>\n<meta name=\"twitter:card\" content=\"summary_large_image\" \/>\n<meta name=\"twitter:creator\" content=\"@aeronoticias\" \/>\n<meta name=\"twitter:site\" content=\"@aeronoticias\" \/>\n<meta name=\"twitter:label1\" content=\"Escrito por\" \/>\n\t<meta name=\"twitter:data1\" content=\"Redacci\u00f3n Aeronoticias\" \/>\n\t<meta name=\"twitter:label2\" content=\"Tiempo de lectura\" \/>\n\t<meta name=\"twitter:data2\" content=\"2 minutos\" \/>\n<script type=\"application\/ld+json\" class=\"yoast-schema-graph\">{\"@context\":\"https:\/\/schema.org\",\"@graph\":[{\"@type\":\"WebPage\",\"@id\":\"https:\/\/aeronoticias.com.pe\/noticiero\/turismo\/13\/carlos-palacin-fernandez-cumplio-80-anos\/\",\"url\":\"https:\/\/aeronoticias.com.pe\/noticiero\/turismo\/13\/carlos-palacin-fernandez-cumplio-80-anos\/\",\"name\":\"Carlos Palac\u00edn Fern\u00e1ndez cumpli\u00f3 80 a\u00f1os\",\"isPartOf\":{\"@id\":\"https:\/\/aeronoticias.com.pe\/noticiero\/#website\"},\"datePublished\":\"2013-04-18T22:30:36+00:00\",\"author\":{\"@id\":\"https:\/\/aeronoticias.com.pe\/noticiero\/#\/schema\/person\/fc1e5d578f4b62ba1cf7ac2bba1170a0\"},\"description\":\"Portal de noticias del Per\u00fa sobre el transporte a\u00e9reo, aviaci\u00f3n, turismo, hoteleria, actualidad.\",\"breadcrumb\":{\"@id\":\"https:\/\/aeronoticias.com.pe\/noticiero\/turismo\/13\/carlos-palacin-fernandez-cumplio-80-anos\/#breadcrumb\"},\"inLanguage\":\"es\",\"potentialAction\":[{\"@type\":\"ReadAction\",\"target\":[\"https:\/\/aeronoticias.com.pe\/noticiero\/turismo\/13\/carlos-palacin-fernandez-cumplio-80-anos\/\"]}]},{\"@type\":\"BreadcrumbList\",\"@id\":\"https:\/\/aeronoticias.com.pe\/noticiero\/turismo\/13\/carlos-palacin-fernandez-cumplio-80-anos\/#breadcrumb\",\"itemListElement\":[{\"@type\":\"ListItem\",\"position\":1,\"name\":\"Portada\",\"item\":\"https:\/\/aeronoticias.com.pe\/noticiero\/\"},{\"@type\":\"ListItem\",\"position\":2,\"name\":\"Carlos Palac\u00edn Fern\u00e1ndez cumpli\u00f3 80 a\u00f1os\"}]},{\"@type\":\"WebSite\",\"@id\":\"https:\/\/aeronoticias.com.pe\/noticiero\/#website\",\"url\":\"https:\/\/aeronoticias.com.pe\/noticiero\/\",\"name\":\"Aeronoticias.com.pe\",\"description\":\"Noticias de tranporte aereo, turismo, hoteles, gastronomia, actualidad, internacional\",\"potentialAction\":[{\"@type\":\"SearchAction\",\"target\":{\"@type\":\"EntryPoint\",\"urlTemplate\":\"https:\/\/aeronoticias.com.pe\/noticiero\/?s={search_term_string}\"},\"query-input\":{\"@type\":\"PropertyValueSpecification\",\"valueRequired\":true,\"valueName\":\"search_term_string\"}}],\"inLanguage\":\"es\"},{\"@type\":\"Person\",\"@id\":\"https:\/\/aeronoticias.com.pe\/noticiero\/#\/schema\/person\/fc1e5d578f4b62ba1cf7ac2bba1170a0\",\"name\":\"Redacci\u00f3n Aeronoticias\",\"url\":\"https:\/\/aeronoticias.com.pe\/noticiero\/author\/piloto\/\"}]}<\/script>\n<!-- \/ Yoast SEO plugin. -->","yoast_head_json":{"title":"Carlos Palac\u00edn Fern\u00e1ndez cumpli\u00f3 80 a\u00f1os","description":"Portal de noticias del Per\u00fa sobre el transporte a\u00e9reo, aviaci\u00f3n, turismo, hoteleria, actualidad.","robots":{"index":"index","follow":"follow","max-snippet":"max-snippet:-1","max-image-preview":"max-image-preview:large","max-video-preview":"max-video-preview:-1"},"canonical":"https:\/\/aeronoticias.com.pe\/noticiero\/turismo\/13\/carlos-palacin-fernandez-cumplio-80-anos\/","og_locale":"es_ES","og_type":"article","og_title":"Carlos Palac\u00edn Fern\u00e1ndez cumpli\u00f3 80 a\u00f1os","og_description":"Portal de noticias del Per\u00fa sobre el transporte a\u00e9reo, aviaci\u00f3n, turismo, hoteleria, actualidad.","og_url":"https:\/\/aeronoticias.com.pe\/noticiero\/turismo\/13\/carlos-palacin-fernandez-cumplio-80-anos\/","og_site_name":"Aeronoticias.com.pe","article_publisher":"https:\/\/www.facebook.com\/Aeronoticias.com.pe\/","article_published_time":"2013-04-18T22:30:36+00:00","author":"Redacci\u00f3n Aeronoticias","twitter_card":"summary_large_image","twitter_creator":"@aeronoticias","twitter_site":"@aeronoticias","twitter_misc":{"Escrito por":"Redacci\u00f3n Aeronoticias","Tiempo de lectura":"2 minutos"},"schema":{"@context":"https:\/\/schema.org","@graph":[{"@type":"WebPage","@id":"https:\/\/aeronoticias.com.pe\/noticiero\/turismo\/13\/carlos-palacin-fernandez-cumplio-80-anos\/","url":"https:\/\/aeronoticias.com.pe\/noticiero\/turismo\/13\/carlos-palacin-fernandez-cumplio-80-anos\/","name":"Carlos Palac\u00edn Fern\u00e1ndez cumpli\u00f3 80 a\u00f1os","isPartOf":{"@id":"https:\/\/aeronoticias.com.pe\/noticiero\/#website"},"datePublished":"2013-04-18T22:30:36+00:00","author":{"@id":"https:\/\/aeronoticias.com.pe\/noticiero\/#\/schema\/person\/fc1e5d578f4b62ba1cf7ac2bba1170a0"},"description":"Portal de noticias del Per\u00fa sobre el transporte a\u00e9reo, aviaci\u00f3n, turismo, hoteleria, actualidad.","breadcrumb":{"@id":"https:\/\/aeronoticias.com.pe\/noticiero\/turismo\/13\/carlos-palacin-fernandez-cumplio-80-anos\/#breadcrumb"},"inLanguage":"es","potentialAction":[{"@type":"ReadAction","target":["https:\/\/aeronoticias.com.pe\/noticiero\/turismo\/13\/carlos-palacin-fernandez-cumplio-80-anos\/"]}]},{"@type":"BreadcrumbList","@id":"https:\/\/aeronoticias.com.pe\/noticiero\/turismo\/13\/carlos-palacin-fernandez-cumplio-80-anos\/#breadcrumb","itemListElement":[{"@type":"ListItem","position":1,"name":"Portada","item":"https:\/\/aeronoticias.com.pe\/noticiero\/"},{"@type":"ListItem","position":2,"name":"Carlos Palac\u00edn Fern\u00e1ndez cumpli\u00f3 80 a\u00f1os"}]},{"@type":"WebSite","@id":"https:\/\/aeronoticias.com.pe\/noticiero\/#website","url":"https:\/\/aeronoticias.com.pe\/noticiero\/","name":"Aeronoticias.com.pe","description":"Noticias de tranporte aereo, turismo, hoteles, gastronomia, actualidad, internacional","potentialAction":[{"@type":"SearchAction","target":{"@type":"EntryPoint","urlTemplate":"https:\/\/aeronoticias.com.pe\/noticiero\/?s={search_term_string}"},"query-input":{"@type":"PropertyValueSpecification","valueRequired":true,"valueName":"search_term_string"}}],"inLanguage":"es"},{"@type":"Person","@id":"https:\/\/aeronoticias.com.pe\/noticiero\/#\/schema\/person\/fc1e5d578f4b62ba1cf7ac2bba1170a0","name":"Redacci\u00f3n Aeronoticias","url":"https:\/\/aeronoticias.com.pe\/noticiero\/author\/piloto\/"}]}},"_links":{"self":[{"href":"https:\/\/aeronoticias.com.pe\/noticiero\/wp-json\/wp\/v2\/posts\/36210","targetHints":{"allow":["GET"]}}],"collection":[{"href":"https:\/\/aeronoticias.com.pe\/noticiero\/wp-json\/wp\/v2\/posts"}],"about":[{"href":"https:\/\/aeronoticias.com.pe\/noticiero\/wp-json\/wp\/v2\/types\/post"}],"author":[{"embeddable":true,"href":"https:\/\/aeronoticias.com.pe\/noticiero\/wp-json\/wp\/v2\/users\/1"}],"replies":[{"embeddable":true,"href":"https:\/\/aeronoticias.com.pe\/noticiero\/wp-json\/wp\/v2\/comments?post=36210"}],"version-history":[{"count":0,"href":"https:\/\/aeronoticias.com.pe\/noticiero\/wp-json\/wp\/v2\/posts\/36210\/revisions"}],"wp:attachment":[{"href":"https:\/\/aeronoticias.com.pe\/noticiero\/wp-json\/wp\/v2\/media?parent=36210"}],"wp:term":[{"taxonomy":"category","embeddable":true,"href":"https:\/\/aeronoticias.com.pe\/noticiero\/wp-json\/wp\/v2\/categories?post=36210"},{"taxonomy":"post_tag","embeddable":true,"href":"https:\/\/aeronoticias.com.pe\/noticiero\/wp-json\/wp\/v2\/tags?post=36210"}],"curies":[{"name":"wp","href":"https:\/\/api.w.org\/{rel}","templated":true}]}}