{"id":36248,"date":"2013-04-18T22:07:05","date_gmt":"2013-04-18T22:07:05","guid":{"rendered":"http:\/\/desarrollo.mcvicious.com\/aero2020\/2013\/04\/18\/revista-vip-diplomatica-premio-a-los-10-mejores-del-peru\/"},"modified":"2020-09-11T15:23:31","modified_gmt":"2020-09-11T15:23:31","slug":"revista-vip-diplomatica-premio-a-los-10-mejores-del-peru","status":"publish","type":"post","link":"https:\/\/aeronoticias.com.pe\/noticiero\/diplomatica\/revista-vip-diplomatica-premio-a-los-10-mejores-del-peru\/","title":{"rendered":"Revista VIP Diplom\u00e1tica premi\u00f3 a &#8216;los 10 mejores del Per\u00fa&#8217;"},"content":{"rendered":"<p style=\"text-align: justify;\"><strong>(Aeronoticias).-<\/strong> La revista VIP DIPLOMATICA \u00a0\/ EMPRESARIAL, medio de comunicaci\u00f3n especializado en informar sobre las noticias del mundo diplom\u00e1tico y temas empresariales. A lo largo de m\u00e1s de una d\u00e9cada de creaci\u00f3n ha logrado posicionarse como uno de los medios especializados m\u00e1s \u00a0importantes del pa\u00eds y Latinoam\u00e9rica.<\/p>\n<p style=\"text-align: justify;\">Anualmente y desde que se fund\u00f3 ha entregado el Premio EXCELENCIA, a diversas \u00a0personalidades las m\u00e1s destacadas e importantes por su aporte profesional en favor del progreso de nuestro pa\u00eds. Este premio ha logrado un importante prestigio por su seriedad, y especialmente porque es entregado por un grupo de importantes personalidades pertenecientes a las Embajadas, instituciones educativas y cient\u00edficas que existen en nuestro pa\u00eds.<\/p>\n<p style=\"text-align: justify;\">En esta oportunidad \u00a0la ceremonia de reconocimiento a LOS 10 MEJORES 10 DEL 2012, \u00a0se realizo el martes de 16 de abril en las instalaciones del prestigioso \u00a0Restaurant VALENTINO a las 8pm, ceremonia a la cual asistir\u00e1n importantes personalidades del \u00e1mbito, diplom\u00e1tico, empresarial y cultural de nuestra naci\u00f3n.<\/p>\n<p>  <!--more-->  <\/p>\n<p style=\"text-align: justify;\">Entre las personalidades que figuraron est\u00e1n:<\/p>\n<p style=\"text-align: justify;\">-Dr. Juli\u00e1n Palac\u00edn Fern\u00e1ndez, por su destacada labor \u00a0a favor de la Aviaci\u00f3n en el Per\u00fa, por su defensa en la imagen de la abogac\u00eda peruana, y por su labor gremial en el ilustre Colegio de Abogados de Lima.<\/p>\n<p style=\"text-align: justify;\">-Dra. Ana Jara Vel\u00e1squez, \u00a0Por haber sido considerada por la Revista Vip Diplom\u00e1tica Empresarial, como la Mejor del 2012 debido a su excelente gesti\u00f3n en el Ministerio de la Mujer \u00a0a favor de la Mujer Peruana.<\/p>\n<p style=\"text-align: justify;\">-Dr. Gast\u00f3n Soto Vallenas, Por excelente gesti\u00f3n durante el 2012 como Presidente de la Magistratura del Per\u00fa.<\/p>\n<p style=\"text-align: justify;\">-Ing. Alfonso Vel\u00e1squez Tuesta, \u00a0Por su excelente gesti\u00f3n al frente de la Instituci\u00f3n l\u00edder Sierra Exportadora donde se Promueve, fomenta y desarrolla actividades econ\u00f3micas productivas en la sierra.<\/p>\n<p style=\"text-align: justify;\">-Dr. Luis Cervantes Li\u00f1\u00e1n, Por su liderazgo y destacado aporte a la Educaci\u00f3n en el Per\u00fa como el Mejor Rector del 2012.<\/p>\n<p style=\"text-align: justify;\">-Dr. Ra\u00fal Chaname Orbe, \u00a0por su excelente gesti\u00f3n durante el 2012 al frente del Colegio de Abogados de Lima.<\/p>\n<p style=\"text-align: justify;\">Exc. Embajador de Palestina Dr. Walid Abdel Rahim, por su destacada gesti\u00f3n en el 2012 \u00a0en \u00a0defensa de la causa Palestina.<\/p>\n<p style=\"text-align: justify;\">Sra. Libia Isthay, \u00a0Por su destacada labor \u00a0que por 2 a\u00f1os consecutivos ha presidido \u00a0la gran obra de ayudad social como es AYUDA CON AMOR. Es una instituci\u00f3n sin fines de lucro que apoya mucho a la pobreza en uni\u00f3n de todas las esposas de los Embajadores acreditados en el Per\u00fa.<\/p>\n<p style=\"text-align: justify;\">Dra. Virginia Baffigo Torre de Pinillos, Por haber sido considerada por la Revista Vip Diplom\u00e1tica Empresarial, como la Mejor del 2012, debido a su destacada gesti\u00f3n y liderazgo al frente de la presidencia de Essalud<\/p>\n<p style=\"text-align: justify;\">Dr. Jes\u00fas Rivera Ore, \u00a0Por haber sido considerado por la Revista Vip Diplom\u00e1tica Empresarial, como el Mejor del 2012 \u00a0debido a su excelente gesti\u00f3n al frente del Colegio de Abogados de Lima Sur.<\/p>\n<p style=\"text-align: justify;\"><img decoding=\"async\" src=\"images\/stories\/13\/04\/180413\/vip.jpg\" border=\"0\" alt=\"Revista VIP Diplom\u00e1tica premi\u00f3 a 'los 10 mejores del Per\u00fa'\" title=\"Revista VIP Diplom\u00e1tica premi\u00f3 a 'los 10 mejores del Per\u00fa'\" \/><\/p>\n","protected":false},"excerpt":{"rendered":"<p>(Aeronoticias).- La revista VIP DIPLOMATICA \u00a0\/ EMPRESARIAL, medio de comunicaci\u00f3n especializado en informar sobre las noticias del mundo diplom\u00e1tico y temas empresariales. A lo largo de m\u00e1s de una d\u00e9cada de creaci\u00f3n ha logrado posicionarse como uno de los medios especializados m\u00e1s \u00a0importantes del pa\u00eds y Latinoam\u00e9rica. Anualmente y desde que se fund\u00f3 ha entregado [&hellip;]<\/p>\n","protected":false},"author":1,"featured_media":0,"comment_status":"open","ping_status":"open","sticky":false,"template":"","format":"standard","meta":{"tdm_status":"","tdm_grid_status":"","footnotes":""},"categories":[25],"tags":[],"class_list":{"0":"post-36248","1":"post","2":"type-post","3":"status-publish","4":"format-standard","6":"category-diplomatica"},"yoast_head":"<!-- This site is optimized with the Yoast SEO plugin v25.1 - https:\/\/yoast.com\/wordpress\/plugins\/seo\/ -->\n<title>Revista VIP Diplom\u00e1tica premi\u00f3 a &#039;los 10 mejores del Per\u00fa&#039;<\/title>\n<meta name=\"description\" content=\"Portal de noticias del Per\u00fa sobre el transporte a\u00e9reo, aviaci\u00f3n, turismo, hoteleria, actualidad.\" \/>\n<meta name=\"robots\" content=\"index, follow, max-snippet:-1, max-image-preview:large, max-video-preview:-1\" \/>\n<link rel=\"canonical\" href=\"https:\/\/aeronoticias.com.pe\/noticiero\/diplomatica\/revista-vip-diplomatica-premio-a-los-10-mejores-del-peru\/\" \/>\n<meta property=\"og:locale\" content=\"es_ES\" \/>\n<meta property=\"og:type\" content=\"article\" \/>\n<meta property=\"og:title\" content=\"Revista VIP Diplom\u00e1tica premi\u00f3 a &#039;los 10 mejores del Per\u00fa&#039;\" \/>\n<meta property=\"og:description\" content=\"Portal de noticias del Per\u00fa sobre el transporte a\u00e9reo, aviaci\u00f3n, turismo, hoteleria, actualidad.\" \/>\n<meta property=\"og:url\" content=\"https:\/\/aeronoticias.com.pe\/noticiero\/diplomatica\/revista-vip-diplomatica-premio-a-los-10-mejores-del-peru\/\" \/>\n<meta property=\"og:site_name\" content=\"Aeronoticias.com.pe\" \/>\n<meta property=\"article:publisher\" content=\"https:\/\/www.facebook.com\/Aeronoticias.com.pe\/\" \/>\n<meta property=\"article:published_time\" content=\"2013-04-18T22:07:05+00:00\" \/>\n<meta property=\"article:modified_time\" content=\"2020-09-11T15:23:31+00:00\" \/>\n<meta name=\"author\" content=\"Redacci\u00f3n Aeronoticias\" \/>\n<meta name=\"twitter:card\" content=\"summary_large_image\" \/>\n<meta name=\"twitter:creator\" content=\"@aeronoticias\" \/>\n<meta name=\"twitter:site\" content=\"@aeronoticias\" \/>\n<meta name=\"twitter:label1\" content=\"Escrito por\" \/>\n\t<meta name=\"twitter:data1\" content=\"Redacci\u00f3n Aeronoticias\" \/>\n\t<meta name=\"twitter:label2\" content=\"Tiempo de lectura\" \/>\n\t<meta name=\"twitter:data2\" content=\"2 minutos\" \/>\n<script type=\"application\/ld+json\" class=\"yoast-schema-graph\">{\"@context\":\"https:\/\/schema.org\",\"@graph\":[{\"@type\":\"WebPage\",\"@id\":\"https:\/\/aeronoticias.com.pe\/noticiero\/diplomatica\/revista-vip-diplomatica-premio-a-los-10-mejores-del-peru\/\",\"url\":\"https:\/\/aeronoticias.com.pe\/noticiero\/diplomatica\/revista-vip-diplomatica-premio-a-los-10-mejores-del-peru\/\",\"name\":\"Revista VIP Diplom\u00e1tica premi\u00f3 a 'los 10 mejores del Per\u00fa'\",\"isPartOf\":{\"@id\":\"https:\/\/aeronoticias.com.pe\/noticiero\/#website\"},\"datePublished\":\"2013-04-18T22:07:05+00:00\",\"dateModified\":\"2020-09-11T15:23:31+00:00\",\"author\":{\"@id\":\"https:\/\/aeronoticias.com.pe\/noticiero\/#\/schema\/person\/fc1e5d578f4b62ba1cf7ac2bba1170a0\"},\"description\":\"Portal de noticias del Per\u00fa sobre el transporte a\u00e9reo, aviaci\u00f3n, turismo, hoteleria, actualidad.\",\"breadcrumb\":{\"@id\":\"https:\/\/aeronoticias.com.pe\/noticiero\/diplomatica\/revista-vip-diplomatica-premio-a-los-10-mejores-del-peru\/#breadcrumb\"},\"inLanguage\":\"es\",\"potentialAction\":[{\"@type\":\"ReadAction\",\"target\":[\"https:\/\/aeronoticias.com.pe\/noticiero\/diplomatica\/revista-vip-diplomatica-premio-a-los-10-mejores-del-peru\/\"]}]},{\"@type\":\"BreadcrumbList\",\"@id\":\"https:\/\/aeronoticias.com.pe\/noticiero\/diplomatica\/revista-vip-diplomatica-premio-a-los-10-mejores-del-peru\/#breadcrumb\",\"itemListElement\":[{\"@type\":\"ListItem\",\"position\":1,\"name\":\"Portada\",\"item\":\"https:\/\/aeronoticias.com.pe\/noticiero\/\"},{\"@type\":\"ListItem\",\"position\":2,\"name\":\"Revista VIP Diplom\u00e1tica premi\u00f3 a &#8216;los 10 mejores del Per\u00fa&#8217;\"}]},{\"@type\":\"WebSite\",\"@id\":\"https:\/\/aeronoticias.com.pe\/noticiero\/#website\",\"url\":\"https:\/\/aeronoticias.com.pe\/noticiero\/\",\"name\":\"Aeronoticias.com.pe\",\"description\":\"Noticias de tranporte aereo, turismo, hoteles, gastronomia, actualidad, internacional\",\"potentialAction\":[{\"@type\":\"SearchAction\",\"target\":{\"@type\":\"EntryPoint\",\"urlTemplate\":\"https:\/\/aeronoticias.com.pe\/noticiero\/?s={search_term_string}\"},\"query-input\":{\"@type\":\"PropertyValueSpecification\",\"valueRequired\":true,\"valueName\":\"search_term_string\"}}],\"inLanguage\":\"es\"},{\"@type\":\"Person\",\"@id\":\"https:\/\/aeronoticias.com.pe\/noticiero\/#\/schema\/person\/fc1e5d578f4b62ba1cf7ac2bba1170a0\",\"name\":\"Redacci\u00f3n Aeronoticias\",\"url\":\"https:\/\/aeronoticias.com.pe\/noticiero\/author\/piloto\/\"}]}<\/script>\n<!-- \/ Yoast SEO plugin. -->","yoast_head_json":{"title":"Revista VIP Diplom\u00e1tica premi\u00f3 a 'los 10 mejores del Per\u00fa'","description":"Portal de noticias del Per\u00fa sobre el transporte a\u00e9reo, aviaci\u00f3n, turismo, hoteleria, actualidad.","robots":{"index":"index","follow":"follow","max-snippet":"max-snippet:-1","max-image-preview":"max-image-preview:large","max-video-preview":"max-video-preview:-1"},"canonical":"https:\/\/aeronoticias.com.pe\/noticiero\/diplomatica\/revista-vip-diplomatica-premio-a-los-10-mejores-del-peru\/","og_locale":"es_ES","og_type":"article","og_title":"Revista VIP Diplom\u00e1tica premi\u00f3 a 'los 10 mejores del Per\u00fa'","og_description":"Portal de noticias del Per\u00fa sobre el transporte a\u00e9reo, aviaci\u00f3n, turismo, hoteleria, actualidad.","og_url":"https:\/\/aeronoticias.com.pe\/noticiero\/diplomatica\/revista-vip-diplomatica-premio-a-los-10-mejores-del-peru\/","og_site_name":"Aeronoticias.com.pe","article_publisher":"https:\/\/www.facebook.com\/Aeronoticias.com.pe\/","article_published_time":"2013-04-18T22:07:05+00:00","article_modified_time":"2020-09-11T15:23:31+00:00","author":"Redacci\u00f3n Aeronoticias","twitter_card":"summary_large_image","twitter_creator":"@aeronoticias","twitter_site":"@aeronoticias","twitter_misc":{"Escrito por":"Redacci\u00f3n Aeronoticias","Tiempo de lectura":"2 minutos"},"schema":{"@context":"https:\/\/schema.org","@graph":[{"@type":"WebPage","@id":"https:\/\/aeronoticias.com.pe\/noticiero\/diplomatica\/revista-vip-diplomatica-premio-a-los-10-mejores-del-peru\/","url":"https:\/\/aeronoticias.com.pe\/noticiero\/diplomatica\/revista-vip-diplomatica-premio-a-los-10-mejores-del-peru\/","name":"Revista VIP Diplom\u00e1tica premi\u00f3 a 'los 10 mejores del Per\u00fa'","isPartOf":{"@id":"https:\/\/aeronoticias.com.pe\/noticiero\/#website"},"datePublished":"2013-04-18T22:07:05+00:00","dateModified":"2020-09-11T15:23:31+00:00","author":{"@id":"https:\/\/aeronoticias.com.pe\/noticiero\/#\/schema\/person\/fc1e5d578f4b62ba1cf7ac2bba1170a0"},"description":"Portal de noticias del Per\u00fa sobre el transporte a\u00e9reo, aviaci\u00f3n, turismo, hoteleria, actualidad.","breadcrumb":{"@id":"https:\/\/aeronoticias.com.pe\/noticiero\/diplomatica\/revista-vip-diplomatica-premio-a-los-10-mejores-del-peru\/#breadcrumb"},"inLanguage":"es","potentialAction":[{"@type":"ReadAction","target":["https:\/\/aeronoticias.com.pe\/noticiero\/diplomatica\/revista-vip-diplomatica-premio-a-los-10-mejores-del-peru\/"]}]},{"@type":"BreadcrumbList","@id":"https:\/\/aeronoticias.com.pe\/noticiero\/diplomatica\/revista-vip-diplomatica-premio-a-los-10-mejores-del-peru\/#breadcrumb","itemListElement":[{"@type":"ListItem","position":1,"name":"Portada","item":"https:\/\/aeronoticias.com.pe\/noticiero\/"},{"@type":"ListItem","position":2,"name":"Revista VIP Diplom\u00e1tica premi\u00f3 a &#8216;los 10 mejores del Per\u00fa&#8217;"}]},{"@type":"WebSite","@id":"https:\/\/aeronoticias.com.pe\/noticiero\/#website","url":"https:\/\/aeronoticias.com.pe\/noticiero\/","name":"Aeronoticias.com.pe","description":"Noticias de tranporte aereo, turismo, hoteles, gastronomia, actualidad, internacional","potentialAction":[{"@type":"SearchAction","target":{"@type":"EntryPoint","urlTemplate":"https:\/\/aeronoticias.com.pe\/noticiero\/?s={search_term_string}"},"query-input":{"@type":"PropertyValueSpecification","valueRequired":true,"valueName":"search_term_string"}}],"inLanguage":"es"},{"@type":"Person","@id":"https:\/\/aeronoticias.com.pe\/noticiero\/#\/schema\/person\/fc1e5d578f4b62ba1cf7ac2bba1170a0","name":"Redacci\u00f3n Aeronoticias","url":"https:\/\/aeronoticias.com.pe\/noticiero\/author\/piloto\/"}]}},"_links":{"self":[{"href":"https:\/\/aeronoticias.com.pe\/noticiero\/wp-json\/wp\/v2\/posts\/36248","targetHints":{"allow":["GET"]}}],"collection":[{"href":"https:\/\/aeronoticias.com.pe\/noticiero\/wp-json\/wp\/v2\/posts"}],"about":[{"href":"https:\/\/aeronoticias.com.pe\/noticiero\/wp-json\/wp\/v2\/types\/post"}],"author":[{"embeddable":true,"href":"https:\/\/aeronoticias.com.pe\/noticiero\/wp-json\/wp\/v2\/users\/1"}],"replies":[{"embeddable":true,"href":"https:\/\/aeronoticias.com.pe\/noticiero\/wp-json\/wp\/v2\/comments?post=36248"}],"version-history":[{"count":0,"href":"https:\/\/aeronoticias.com.pe\/noticiero\/wp-json\/wp\/v2\/posts\/36248\/revisions"}],"wp:attachment":[{"href":"https:\/\/aeronoticias.com.pe\/noticiero\/wp-json\/wp\/v2\/media?parent=36248"}],"wp:term":[{"taxonomy":"category","embeddable":true,"href":"https:\/\/aeronoticias.com.pe\/noticiero\/wp-json\/wp\/v2\/categories?post=36248"},{"taxonomy":"post_tag","embeddable":true,"href":"https:\/\/aeronoticias.com.pe\/noticiero\/wp-json\/wp\/v2\/tags?post=36248"}],"curies":[{"name":"wp","href":"https:\/\/api.w.org\/{rel}","templated":true}]}}