{"id":36686,"date":"2013-05-05T18:24:15","date_gmt":"2013-05-05T18:24:15","guid":{"rendered":"http:\/\/desarrollo.mcvicious.com\/aero2020\/2013\/05\/05\/colombia-avianca-y-su-nueva-imagen-internacional\/"},"modified":"2013-05-05T18:24:15","modified_gmt":"2013-05-05T18:24:15","slug":"colombia-avianca-y-su-nueva-imagen-internacional","status":"publish","type":"post","link":"https:\/\/aeronoticias.com.pe\/noticiero\/transporte-aereo\/internacional\/colombia-avianca-y-su-nueva-imagen-internacional\/","title":{"rendered":"Colombia: Avianca y su nueva imagen internacional"},"content":{"rendered":"<p style=\"text-align: justify;\"><strong>(Aeronoticias).- <\/strong>Tras ocho a\u00f1os de identificarse con un condor tricolor, Avianca cambia de imagen. Desde 2005 el logo de la aerol\u00ednea nacional pas\u00f3 (con asesor\u00eda de la firma Future Brand de Nueva York) del tradicional rojo y blanco de los a\u00f1os 90 a la simulaci\u00f3n de un condor con los tonos de la bandera de Colombia.<\/p>\n<p style=\"text-align: justify;\"><img loading=\"lazy\" decoding=\"async\" src=\"images\/stories\/13\/05\/050513\/avianca.jpg\" border=\"0\" alt=\"Colombia: Avianca y su nueva imagen internacional\" title=\"Colombia: Avianca y su nueva imagen internacional\" width=\"610\" height=\"409\" \/><\/p>\n<p style=\"text-align: justify;\">Ocho a\u00f1os despu\u00e9s de aquel cambio, Avianca es otra aerol\u00ednea consolidada como una multilatina. Ese crecimiento le lleva hoy a reinventarse para unificar su imagen como grupo regional bajo un solo color y una imagen m\u00e1s moderna.<\/p>\n<p style=\"text-align: justify;\">Unificar las marcas Taca, Aerogal y Taca Regional que hacen parte de la Holding y que ahora se fusionaron bajo el mismo nombre, se convirti\u00f3 en el reto de Avianca que hoy adopta una imagen de un solo color (rojo) y con un estilo un poco m\u00e1s internacional dejando atr\u00e1s el amarillo, azul y rojo.<\/p>\n<p style=\"text-align: justify;\">A partir del pr\u00f3ximo 28 de mayo empezar\u00e1n a cambiar sus logos y sus colores en las p\u00e1ginas web, puntos de servicio y flota de transporte. Seg\u00fan fuentes de la aerol\u00ednea, la pr\u00f3xima semana se estar\u00e1 haciendo la socializaci\u00f3n del nuevo concepto de imagen y despu\u00e9s del lanzamiento oficial se ir\u00e1n haciendo renovaciones progresivas en la flota de aviones. Las \u00faltimas aeronaves adquiridas por la firma ya vendr\u00edan con el cambio hecho.<\/p>\n<p>  <!--more-->  <\/p>\n<p style=\"text-align: justify;\">La decisi\u00f3n de haber transformado la imagen de Avianca hab\u00eda sido anunciada a finales del a\u00f1o pasado por la empresa, que encarg\u00f3 a la agencia de publicidad Sancho BBDO de esa importante tarea.<\/p>\n<p style=\"text-align: justify;\">A nivel internacional la firma fue asesorada por las agencias estadounidenses MBLM y Lippincott quienes tambi\u00e9n estuvieron al frente de la transformaci\u00f3n de American Airlines.<\/p>\n<p style=\"text-align: justify;\">\u201cAvianca ha retomado ese sitio en el coraz\u00f3n de los colombianos y ha hecho la labor de representar al pa\u00eds en esos sitios del continente a donde vuela\u201d dijo en una entrevista concedida a la revista P&amp;M en febrero, Claude Salzberger, presidente de MBLM.<\/p>\n<p style=\"text-align: justify;\">Para analistas de imagen y marca el salto que dar\u00e1 Avianca es para dejar atr\u00e1s una identidad local y dar el paso a nivel regional. \u201cLa imagen continu\u00f3 siendo roja porque el imaginario es as\u00ed y tiene que ver con la predominancia. Adem\u00e1s ahora Avianca es una alianza, ya no representa un solo pa\u00eds sino una regi\u00f3n. Tiene entonces que ver con la herencia y con que ya no es una aerol\u00ednea colombiana\u201d, se\u00f1al\u00f3 Camila Pinz\u00f3n, experta de Aluzian.<\/p>\n<p style=\"text-align: justify;\"><strong>Sancho tambi\u00e9n participa en el cambio<\/strong><\/p>\n<p style=\"text-align: justify;\">La agencia de publicidad Sancho BBDO tambi\u00e9n hace parte de la transformaci\u00f3n de Avianca. \u201cEl objetivo primordial ahora es apoyar el proceso de transformaci\u00f3n y posicionamiento de Avianca como una aerol\u00ednea latinoamericana con un servicio de clase mundial\u201d, indic\u00f3 la firma en un comunicado cuando anunci\u00f3 su acompa\u00f1amiento a la transportadora en febrero. La agencia de publicidad trabajar\u00e1 en conjunto con sus filiales en otros pa\u00edses de la regi\u00f3n y en Estados Unidos, para entregar a su nuevo cliente un servicio integrado.<\/p>\n<p style=\"text-align: justify;\"><strong>Camila Pinz\u00f3n<\/strong><\/p>\n<p style=\"text-align: justify;\"><strong>Experta en marca de Aluzian<\/strong><\/p>\n<p style=\"text-align: justify;\">\u201cLa herencia de Avianca es roja. El imaginario es rojo, tiene que ver con la predominancia. Avianca deja de ser solo colombiana. Es una alianza y seguir\u00e1 siendo un jugador regional\u201d.<\/p>\n<p>{jathumbnail off images=\u00bbimages\/stories\/13\/05\/050513\/avianca.jpg\u00bb}<\/p>\n","protected":false},"excerpt":{"rendered":"<p>(Aeronoticias).- Tras ocho a\u00f1os de identificarse con un condor tricolor, Avianca cambia de imagen. Desde 2005 el logo de la aerol\u00ednea nacional pas\u00f3 (con asesor\u00eda de la firma Future Brand de Nueva York) del tradicional rojo y blanco de los a\u00f1os 90 a la simulaci\u00f3n de un condor con los tonos de la bandera de [&hellip;]<\/p>\n","protected":false},"author":1,"featured_media":0,"comment_status":"open","ping_status":"open","sticky":false,"template":"","format":"standard","meta":{"tdm_status":"","tdm_grid_status":"","footnotes":""},"categories":[32],"tags":[],"class_list":{"0":"post-36686","1":"post","2":"type-post","3":"status-publish","4":"format-standard","6":"category-internacional"},"yoast_head":"<!-- This site is optimized with the Yoast SEO plugin v25.1 - https:\/\/yoast.com\/wordpress\/plugins\/seo\/ -->\n<title>Colombia: Avianca y su nueva imagen internacional<\/title>\n<meta name=\"description\" content=\"Portal de noticias del Per\u00fa sobre el transporte a\u00e9reo, aviaci\u00f3n, turismo, hoteleria, actualidad.\" \/>\n<meta name=\"robots\" content=\"index, follow, max-snippet:-1, max-image-preview:large, max-video-preview:-1\" \/>\n<link rel=\"canonical\" href=\"https:\/\/aeronoticias.com.pe\/noticiero\/transporte-aereo\/internacional\/colombia-avianca-y-su-nueva-imagen-internacional\/\" \/>\n<meta property=\"og:locale\" content=\"es_ES\" \/>\n<meta property=\"og:type\" content=\"article\" \/>\n<meta property=\"og:title\" content=\"Colombia: Avianca y su nueva imagen internacional\" \/>\n<meta property=\"og:description\" content=\"Portal de noticias del Per\u00fa sobre el transporte a\u00e9reo, aviaci\u00f3n, turismo, hoteleria, actualidad.\" \/>\n<meta property=\"og:url\" content=\"https:\/\/aeronoticias.com.pe\/noticiero\/transporte-aereo\/internacional\/colombia-avianca-y-su-nueva-imagen-internacional\/\" \/>\n<meta property=\"og:site_name\" content=\"Aeronoticias.com.pe\" \/>\n<meta property=\"article:publisher\" content=\"https:\/\/www.facebook.com\/Aeronoticias.com.pe\/\" \/>\n<meta property=\"article:published_time\" content=\"2013-05-05T18:24:15+00:00\" \/>\n<meta name=\"author\" content=\"Redacci\u00f3n Aeronoticias\" \/>\n<meta name=\"twitter:card\" content=\"summary_large_image\" \/>\n<meta name=\"twitter:creator\" content=\"@aeronoticias\" \/>\n<meta name=\"twitter:site\" content=\"@aeronoticias\" \/>\n<meta name=\"twitter:label1\" content=\"Escrito por\" \/>\n\t<meta name=\"twitter:data1\" content=\"Redacci\u00f3n Aeronoticias\" \/>\n\t<meta name=\"twitter:label2\" content=\"Tiempo de lectura\" \/>\n\t<meta name=\"twitter:data2\" content=\"3 minutos\" \/>\n<script type=\"application\/ld+json\" class=\"yoast-schema-graph\">{\"@context\":\"https:\/\/schema.org\",\"@graph\":[{\"@type\":\"WebPage\",\"@id\":\"https:\/\/aeronoticias.com.pe\/noticiero\/transporte-aereo\/internacional\/colombia-avianca-y-su-nueva-imagen-internacional\/\",\"url\":\"https:\/\/aeronoticias.com.pe\/noticiero\/transporte-aereo\/internacional\/colombia-avianca-y-su-nueva-imagen-internacional\/\",\"name\":\"Colombia: Avianca y su nueva imagen internacional\",\"isPartOf\":{\"@id\":\"https:\/\/aeronoticias.com.pe\/noticiero\/#website\"},\"datePublished\":\"2013-05-05T18:24:15+00:00\",\"author\":{\"@id\":\"https:\/\/aeronoticias.com.pe\/noticiero\/#\/schema\/person\/fc1e5d578f4b62ba1cf7ac2bba1170a0\"},\"description\":\"Portal de noticias del Per\u00fa sobre el transporte a\u00e9reo, aviaci\u00f3n, turismo, hoteleria, actualidad.\",\"breadcrumb\":{\"@id\":\"https:\/\/aeronoticias.com.pe\/noticiero\/transporte-aereo\/internacional\/colombia-avianca-y-su-nueva-imagen-internacional\/#breadcrumb\"},\"inLanguage\":\"es\",\"potentialAction\":[{\"@type\":\"ReadAction\",\"target\":[\"https:\/\/aeronoticias.com.pe\/noticiero\/transporte-aereo\/internacional\/colombia-avianca-y-su-nueva-imagen-internacional\/\"]}]},{\"@type\":\"BreadcrumbList\",\"@id\":\"https:\/\/aeronoticias.com.pe\/noticiero\/transporte-aereo\/internacional\/colombia-avianca-y-su-nueva-imagen-internacional\/#breadcrumb\",\"itemListElement\":[{\"@type\":\"ListItem\",\"position\":1,\"name\":\"Portada\",\"item\":\"https:\/\/aeronoticias.com.pe\/noticiero\/\"},{\"@type\":\"ListItem\",\"position\":2,\"name\":\"Colombia: Avianca y su nueva imagen internacional\"}]},{\"@type\":\"WebSite\",\"@id\":\"https:\/\/aeronoticias.com.pe\/noticiero\/#website\",\"url\":\"https:\/\/aeronoticias.com.pe\/noticiero\/\",\"name\":\"Aeronoticias.com.pe\",\"description\":\"Noticias de tranporte aereo, turismo, hoteles, gastronomia, actualidad, internacional\",\"potentialAction\":[{\"@type\":\"SearchAction\",\"target\":{\"@type\":\"EntryPoint\",\"urlTemplate\":\"https:\/\/aeronoticias.com.pe\/noticiero\/?s={search_term_string}\"},\"query-input\":{\"@type\":\"PropertyValueSpecification\",\"valueRequired\":true,\"valueName\":\"search_term_string\"}}],\"inLanguage\":\"es\"},{\"@type\":\"Person\",\"@id\":\"https:\/\/aeronoticias.com.pe\/noticiero\/#\/schema\/person\/fc1e5d578f4b62ba1cf7ac2bba1170a0\",\"name\":\"Redacci\u00f3n Aeronoticias\",\"url\":\"https:\/\/aeronoticias.com.pe\/noticiero\/author\/piloto\/\"}]}<\/script>\n<!-- \/ Yoast SEO plugin. -->","yoast_head_json":{"title":"Colombia: Avianca y su nueva imagen internacional","description":"Portal de noticias del Per\u00fa sobre el transporte a\u00e9reo, aviaci\u00f3n, turismo, hoteleria, actualidad.","robots":{"index":"index","follow":"follow","max-snippet":"max-snippet:-1","max-image-preview":"max-image-preview:large","max-video-preview":"max-video-preview:-1"},"canonical":"https:\/\/aeronoticias.com.pe\/noticiero\/transporte-aereo\/internacional\/colombia-avianca-y-su-nueva-imagen-internacional\/","og_locale":"es_ES","og_type":"article","og_title":"Colombia: Avianca y su nueva imagen internacional","og_description":"Portal de noticias del Per\u00fa sobre el transporte a\u00e9reo, aviaci\u00f3n, turismo, hoteleria, actualidad.","og_url":"https:\/\/aeronoticias.com.pe\/noticiero\/transporte-aereo\/internacional\/colombia-avianca-y-su-nueva-imagen-internacional\/","og_site_name":"Aeronoticias.com.pe","article_publisher":"https:\/\/www.facebook.com\/Aeronoticias.com.pe\/","article_published_time":"2013-05-05T18:24:15+00:00","author":"Redacci\u00f3n Aeronoticias","twitter_card":"summary_large_image","twitter_creator":"@aeronoticias","twitter_site":"@aeronoticias","twitter_misc":{"Escrito por":"Redacci\u00f3n Aeronoticias","Tiempo de lectura":"3 minutos"},"schema":{"@context":"https:\/\/schema.org","@graph":[{"@type":"WebPage","@id":"https:\/\/aeronoticias.com.pe\/noticiero\/transporte-aereo\/internacional\/colombia-avianca-y-su-nueva-imagen-internacional\/","url":"https:\/\/aeronoticias.com.pe\/noticiero\/transporte-aereo\/internacional\/colombia-avianca-y-su-nueva-imagen-internacional\/","name":"Colombia: Avianca y su nueva imagen internacional","isPartOf":{"@id":"https:\/\/aeronoticias.com.pe\/noticiero\/#website"},"datePublished":"2013-05-05T18:24:15+00:00","author":{"@id":"https:\/\/aeronoticias.com.pe\/noticiero\/#\/schema\/person\/fc1e5d578f4b62ba1cf7ac2bba1170a0"},"description":"Portal de noticias del Per\u00fa sobre el transporte a\u00e9reo, aviaci\u00f3n, turismo, hoteleria, actualidad.","breadcrumb":{"@id":"https:\/\/aeronoticias.com.pe\/noticiero\/transporte-aereo\/internacional\/colombia-avianca-y-su-nueva-imagen-internacional\/#breadcrumb"},"inLanguage":"es","potentialAction":[{"@type":"ReadAction","target":["https:\/\/aeronoticias.com.pe\/noticiero\/transporte-aereo\/internacional\/colombia-avianca-y-su-nueva-imagen-internacional\/"]}]},{"@type":"BreadcrumbList","@id":"https:\/\/aeronoticias.com.pe\/noticiero\/transporte-aereo\/internacional\/colombia-avianca-y-su-nueva-imagen-internacional\/#breadcrumb","itemListElement":[{"@type":"ListItem","position":1,"name":"Portada","item":"https:\/\/aeronoticias.com.pe\/noticiero\/"},{"@type":"ListItem","position":2,"name":"Colombia: Avianca y su nueva imagen internacional"}]},{"@type":"WebSite","@id":"https:\/\/aeronoticias.com.pe\/noticiero\/#website","url":"https:\/\/aeronoticias.com.pe\/noticiero\/","name":"Aeronoticias.com.pe","description":"Noticias de tranporte aereo, turismo, hoteles, gastronomia, actualidad, internacional","potentialAction":[{"@type":"SearchAction","target":{"@type":"EntryPoint","urlTemplate":"https:\/\/aeronoticias.com.pe\/noticiero\/?s={search_term_string}"},"query-input":{"@type":"PropertyValueSpecification","valueRequired":true,"valueName":"search_term_string"}}],"inLanguage":"es"},{"@type":"Person","@id":"https:\/\/aeronoticias.com.pe\/noticiero\/#\/schema\/person\/fc1e5d578f4b62ba1cf7ac2bba1170a0","name":"Redacci\u00f3n Aeronoticias","url":"https:\/\/aeronoticias.com.pe\/noticiero\/author\/piloto\/"}]}},"_links":{"self":[{"href":"https:\/\/aeronoticias.com.pe\/noticiero\/wp-json\/wp\/v2\/posts\/36686","targetHints":{"allow":["GET"]}}],"collection":[{"href":"https:\/\/aeronoticias.com.pe\/noticiero\/wp-json\/wp\/v2\/posts"}],"about":[{"href":"https:\/\/aeronoticias.com.pe\/noticiero\/wp-json\/wp\/v2\/types\/post"}],"author":[{"embeddable":true,"href":"https:\/\/aeronoticias.com.pe\/noticiero\/wp-json\/wp\/v2\/users\/1"}],"replies":[{"embeddable":true,"href":"https:\/\/aeronoticias.com.pe\/noticiero\/wp-json\/wp\/v2\/comments?post=36686"}],"version-history":[{"count":0,"href":"https:\/\/aeronoticias.com.pe\/noticiero\/wp-json\/wp\/v2\/posts\/36686\/revisions"}],"wp:attachment":[{"href":"https:\/\/aeronoticias.com.pe\/noticiero\/wp-json\/wp\/v2\/media?parent=36686"}],"wp:term":[{"taxonomy":"category","embeddable":true,"href":"https:\/\/aeronoticias.com.pe\/noticiero\/wp-json\/wp\/v2\/categories?post=36686"},{"taxonomy":"post_tag","embeddable":true,"href":"https:\/\/aeronoticias.com.pe\/noticiero\/wp-json\/wp\/v2\/tags?post=36686"}],"curies":[{"name":"wp","href":"https:\/\/api.w.org\/{rel}","templated":true}]}}