{"id":36691,"date":"2013-05-05T21:00:59","date_gmt":"2013-05-05T21:00:59","guid":{"rendered":"http:\/\/desarrollo.mcvicious.com\/aero2020\/2013\/05\/05\/en-venezuela-cae-avioneta-en-zona-residencial-y-mueren-sus-tripulantes\/"},"modified":"2013-05-05T21:00:59","modified_gmt":"2013-05-05T21:00:59","slug":"en-venezuela-cae-avioneta-en-zona-residencial-y-mueren-sus-tripulantes","status":"publish","type":"post","link":"https:\/\/aeronoticias.com.pe\/noticiero\/transporte-aereo\/internacional\/en-venezuela-cae-avioneta-en-zona-residencial-y-mueren-sus-tripulantes\/","title":{"rendered":"En Venezuela cae avioneta en zona residencial y mueren sus tripulantes"},"content":{"rendered":"<p><strong>(Aeronoticias).-<\/strong>Este domingo en el centro-oeste de Venezuela, una avioneta se precipit\u00f3 en una zona residencial de la ciudad de Valencia, provocando la muerte de sus dos tripulantes, as\u00ed lo inform\u00f3 el ministro del Interior, Miguel Rodr\u00edguez.<\/p>\n<p>En una entrevista telef\u00f3nica al canal estatal VTV, el titular del Interior manifest\u00f3 que en el accidente falleci\u00f3 el capit\u00e1n Luis Maldonado y el cpolito Rodolfo Dilona y que se revisa una vivienda sobre la que se precipit\u00f3 el aparato y un edificio aleda\u00f1o en busca de otras posibles v\u00edctimas.<\/p>\n<p>Agreg\u00f3 adem\u00e1s que seis veh\u00edculos resultaron afectados y que la avioneta cay\u00f3 a tierra por causas que a\u00fan se desconocen hacia las 10:30 hora local en una zona ubicada a unos 3 kil\u00f3metros del aeropuerto internacional Arturo Michelena de Valencia.<\/p>\n<p>A trav\u00e9s de la red social Twitter, la p\u00e1gina de Protecci\u00f3n Civil de Carabobo, precis\u00f3 que la avioneta siniestrada cuyo modelo era LEARJET60 y cubr\u00eda la ruta Caracas-Valencia, lo que fue confirmado posteriormente por el ministro.<\/p>\n<p>\u00a0<\/p>\n<p style=\"margin: 0px 0px 15px; padding: 0px; border: 0px; font-family: arial; font-size: 14px; line-height: 19px; vertical-align: baseline; color: #555555; text-align: justify;\"><img decoding=\"async\" src=\"images\/stories\/13\/05\/050513\/accidenteavioneta.jpg\" border=\"0\" alt=\"accidente\" title=\"accidente\" \/><\/p>\n<p style=\"margin: 0px 0px 15px; padding: 0px; border: 0px; font-family: arial; font-size: 14px; line-height: 19px; vertical-align: baseline; color: #555555; text-align: justify;\">\u00a0<\/p>\n<p style=\"margin: 0px 0px 15px; padding: 0px; border: 0px; font-family: arial; font-size: 14px; line-height: 19px; vertical-align: baseline; color: #555555; text-align: justify;\">\u00a0<\/p>\n<p>\u00a0<\/p>\n","protected":false},"excerpt":{"rendered":"<p>(Aeronoticias).-Este domingo en el centro-oeste de Venezuela, una avioneta se precipit\u00f3 en una zona residencial de la ciudad de Valencia, provocando la muerte de sus dos tripulantes, as\u00ed lo inform\u00f3 el ministro del Interior, Miguel Rodr\u00edguez. En una entrevista telef\u00f3nica al canal estatal VTV, el titular del Interior manifest\u00f3 que en el accidente falleci\u00f3 el [&hellip;]<\/p>\n","protected":false},"author":1,"featured_media":0,"comment_status":"open","ping_status":"open","sticky":false,"template":"","format":"standard","meta":{"tdm_status":"","tdm_grid_status":"","footnotes":""},"categories":[32],"tags":[],"class_list":{"0":"post-36691","1":"post","2":"type-post","3":"status-publish","4":"format-standard","6":"category-internacional"},"yoast_head":"<!-- This site is optimized with the Yoast SEO plugin v25.1 - https:\/\/yoast.com\/wordpress\/plugins\/seo\/ -->\n<title>En Venezuela cae avioneta en zona residencial y mueren sus tripulantes<\/title>\n<meta name=\"description\" content=\"Portal de noticias del Per\u00fa sobre el transporte a\u00e9reo, aviaci\u00f3n, turismo, hoteleria, actualidad.\" \/>\n<meta name=\"robots\" content=\"index, follow, max-snippet:-1, max-image-preview:large, max-video-preview:-1\" \/>\n<link rel=\"canonical\" href=\"https:\/\/aeronoticias.com.pe\/noticiero\/transporte-aereo\/internacional\/en-venezuela-cae-avioneta-en-zona-residencial-y-mueren-sus-tripulantes\/\" \/>\n<meta property=\"og:locale\" content=\"es_ES\" \/>\n<meta property=\"og:type\" content=\"article\" \/>\n<meta property=\"og:title\" content=\"En Venezuela cae avioneta en zona residencial y mueren sus tripulantes\" \/>\n<meta property=\"og:description\" content=\"Portal de noticias del Per\u00fa sobre el transporte a\u00e9reo, aviaci\u00f3n, turismo, hoteleria, actualidad.\" \/>\n<meta property=\"og:url\" content=\"https:\/\/aeronoticias.com.pe\/noticiero\/transporte-aereo\/internacional\/en-venezuela-cae-avioneta-en-zona-residencial-y-mueren-sus-tripulantes\/\" \/>\n<meta property=\"og:site_name\" content=\"Aeronoticias.com.pe\" \/>\n<meta property=\"article:publisher\" content=\"https:\/\/www.facebook.com\/Aeronoticias.com.pe\/\" \/>\n<meta property=\"article:published_time\" content=\"2013-05-05T21:00:59+00:00\" \/>\n<meta name=\"author\" content=\"Redacci\u00f3n Aeronoticias\" \/>\n<meta name=\"twitter:card\" content=\"summary_large_image\" \/>\n<meta name=\"twitter:creator\" content=\"@aeronoticias\" \/>\n<meta name=\"twitter:site\" content=\"@aeronoticias\" \/>\n<meta name=\"twitter:label1\" content=\"Escrito por\" \/>\n\t<meta name=\"twitter:data1\" content=\"Redacci\u00f3n Aeronoticias\" \/>\n\t<meta name=\"twitter:label2\" content=\"Tiempo de lectura\" \/>\n\t<meta name=\"twitter:data2\" content=\"1 minuto\" \/>\n<script type=\"application\/ld+json\" class=\"yoast-schema-graph\">{\"@context\":\"https:\/\/schema.org\",\"@graph\":[{\"@type\":\"WebPage\",\"@id\":\"https:\/\/aeronoticias.com.pe\/noticiero\/transporte-aereo\/internacional\/en-venezuela-cae-avioneta-en-zona-residencial-y-mueren-sus-tripulantes\/\",\"url\":\"https:\/\/aeronoticias.com.pe\/noticiero\/transporte-aereo\/internacional\/en-venezuela-cae-avioneta-en-zona-residencial-y-mueren-sus-tripulantes\/\",\"name\":\"En Venezuela cae avioneta en zona residencial y mueren sus tripulantes\",\"isPartOf\":{\"@id\":\"https:\/\/aeronoticias.com.pe\/noticiero\/#website\"},\"datePublished\":\"2013-05-05T21:00:59+00:00\",\"author\":{\"@id\":\"https:\/\/aeronoticias.com.pe\/noticiero\/#\/schema\/person\/fc1e5d578f4b62ba1cf7ac2bba1170a0\"},\"description\":\"Portal de noticias del Per\u00fa sobre el transporte a\u00e9reo, aviaci\u00f3n, turismo, hoteleria, actualidad.\",\"breadcrumb\":{\"@id\":\"https:\/\/aeronoticias.com.pe\/noticiero\/transporte-aereo\/internacional\/en-venezuela-cae-avioneta-en-zona-residencial-y-mueren-sus-tripulantes\/#breadcrumb\"},\"inLanguage\":\"es\",\"potentialAction\":[{\"@type\":\"ReadAction\",\"target\":[\"https:\/\/aeronoticias.com.pe\/noticiero\/transporte-aereo\/internacional\/en-venezuela-cae-avioneta-en-zona-residencial-y-mueren-sus-tripulantes\/\"]}]},{\"@type\":\"BreadcrumbList\",\"@id\":\"https:\/\/aeronoticias.com.pe\/noticiero\/transporte-aereo\/internacional\/en-venezuela-cae-avioneta-en-zona-residencial-y-mueren-sus-tripulantes\/#breadcrumb\",\"itemListElement\":[{\"@type\":\"ListItem\",\"position\":1,\"name\":\"Portada\",\"item\":\"https:\/\/aeronoticias.com.pe\/noticiero\/\"},{\"@type\":\"ListItem\",\"position\":2,\"name\":\"En Venezuela cae avioneta en zona residencial y mueren sus tripulantes\"}]},{\"@type\":\"WebSite\",\"@id\":\"https:\/\/aeronoticias.com.pe\/noticiero\/#website\",\"url\":\"https:\/\/aeronoticias.com.pe\/noticiero\/\",\"name\":\"Aeronoticias.com.pe\",\"description\":\"Noticias de tranporte aereo, turismo, hoteles, gastronomia, actualidad, internacional\",\"potentialAction\":[{\"@type\":\"SearchAction\",\"target\":{\"@type\":\"EntryPoint\",\"urlTemplate\":\"https:\/\/aeronoticias.com.pe\/noticiero\/?s={search_term_string}\"},\"query-input\":{\"@type\":\"PropertyValueSpecification\",\"valueRequired\":true,\"valueName\":\"search_term_string\"}}],\"inLanguage\":\"es\"},{\"@type\":\"Person\",\"@id\":\"https:\/\/aeronoticias.com.pe\/noticiero\/#\/schema\/person\/fc1e5d578f4b62ba1cf7ac2bba1170a0\",\"name\":\"Redacci\u00f3n Aeronoticias\",\"url\":\"https:\/\/aeronoticias.com.pe\/noticiero\/author\/piloto\/\"}]}<\/script>\n<!-- \/ Yoast SEO plugin. -->","yoast_head_json":{"title":"En Venezuela cae avioneta en zona residencial y mueren sus tripulantes","description":"Portal de noticias del Per\u00fa sobre el transporte a\u00e9reo, aviaci\u00f3n, turismo, hoteleria, actualidad.","robots":{"index":"index","follow":"follow","max-snippet":"max-snippet:-1","max-image-preview":"max-image-preview:large","max-video-preview":"max-video-preview:-1"},"canonical":"https:\/\/aeronoticias.com.pe\/noticiero\/transporte-aereo\/internacional\/en-venezuela-cae-avioneta-en-zona-residencial-y-mueren-sus-tripulantes\/","og_locale":"es_ES","og_type":"article","og_title":"En Venezuela cae avioneta en zona residencial y mueren sus tripulantes","og_description":"Portal de noticias del Per\u00fa sobre el transporte a\u00e9reo, aviaci\u00f3n, turismo, hoteleria, actualidad.","og_url":"https:\/\/aeronoticias.com.pe\/noticiero\/transporte-aereo\/internacional\/en-venezuela-cae-avioneta-en-zona-residencial-y-mueren-sus-tripulantes\/","og_site_name":"Aeronoticias.com.pe","article_publisher":"https:\/\/www.facebook.com\/Aeronoticias.com.pe\/","article_published_time":"2013-05-05T21:00:59+00:00","author":"Redacci\u00f3n Aeronoticias","twitter_card":"summary_large_image","twitter_creator":"@aeronoticias","twitter_site":"@aeronoticias","twitter_misc":{"Escrito por":"Redacci\u00f3n Aeronoticias","Tiempo de lectura":"1 minuto"},"schema":{"@context":"https:\/\/schema.org","@graph":[{"@type":"WebPage","@id":"https:\/\/aeronoticias.com.pe\/noticiero\/transporte-aereo\/internacional\/en-venezuela-cae-avioneta-en-zona-residencial-y-mueren-sus-tripulantes\/","url":"https:\/\/aeronoticias.com.pe\/noticiero\/transporte-aereo\/internacional\/en-venezuela-cae-avioneta-en-zona-residencial-y-mueren-sus-tripulantes\/","name":"En Venezuela cae avioneta en zona residencial y mueren sus tripulantes","isPartOf":{"@id":"https:\/\/aeronoticias.com.pe\/noticiero\/#website"},"datePublished":"2013-05-05T21:00:59+00:00","author":{"@id":"https:\/\/aeronoticias.com.pe\/noticiero\/#\/schema\/person\/fc1e5d578f4b62ba1cf7ac2bba1170a0"},"description":"Portal de noticias del Per\u00fa sobre el transporte a\u00e9reo, aviaci\u00f3n, turismo, hoteleria, actualidad.","breadcrumb":{"@id":"https:\/\/aeronoticias.com.pe\/noticiero\/transporte-aereo\/internacional\/en-venezuela-cae-avioneta-en-zona-residencial-y-mueren-sus-tripulantes\/#breadcrumb"},"inLanguage":"es","potentialAction":[{"@type":"ReadAction","target":["https:\/\/aeronoticias.com.pe\/noticiero\/transporte-aereo\/internacional\/en-venezuela-cae-avioneta-en-zona-residencial-y-mueren-sus-tripulantes\/"]}]},{"@type":"BreadcrumbList","@id":"https:\/\/aeronoticias.com.pe\/noticiero\/transporte-aereo\/internacional\/en-venezuela-cae-avioneta-en-zona-residencial-y-mueren-sus-tripulantes\/#breadcrumb","itemListElement":[{"@type":"ListItem","position":1,"name":"Portada","item":"https:\/\/aeronoticias.com.pe\/noticiero\/"},{"@type":"ListItem","position":2,"name":"En Venezuela cae avioneta en zona residencial y mueren sus tripulantes"}]},{"@type":"WebSite","@id":"https:\/\/aeronoticias.com.pe\/noticiero\/#website","url":"https:\/\/aeronoticias.com.pe\/noticiero\/","name":"Aeronoticias.com.pe","description":"Noticias de tranporte aereo, turismo, hoteles, gastronomia, actualidad, internacional","potentialAction":[{"@type":"SearchAction","target":{"@type":"EntryPoint","urlTemplate":"https:\/\/aeronoticias.com.pe\/noticiero\/?s={search_term_string}"},"query-input":{"@type":"PropertyValueSpecification","valueRequired":true,"valueName":"search_term_string"}}],"inLanguage":"es"},{"@type":"Person","@id":"https:\/\/aeronoticias.com.pe\/noticiero\/#\/schema\/person\/fc1e5d578f4b62ba1cf7ac2bba1170a0","name":"Redacci\u00f3n Aeronoticias","url":"https:\/\/aeronoticias.com.pe\/noticiero\/author\/piloto\/"}]}},"_links":{"self":[{"href":"https:\/\/aeronoticias.com.pe\/noticiero\/wp-json\/wp\/v2\/posts\/36691","targetHints":{"allow":["GET"]}}],"collection":[{"href":"https:\/\/aeronoticias.com.pe\/noticiero\/wp-json\/wp\/v2\/posts"}],"about":[{"href":"https:\/\/aeronoticias.com.pe\/noticiero\/wp-json\/wp\/v2\/types\/post"}],"author":[{"embeddable":true,"href":"https:\/\/aeronoticias.com.pe\/noticiero\/wp-json\/wp\/v2\/users\/1"}],"replies":[{"embeddable":true,"href":"https:\/\/aeronoticias.com.pe\/noticiero\/wp-json\/wp\/v2\/comments?post=36691"}],"version-history":[{"count":0,"href":"https:\/\/aeronoticias.com.pe\/noticiero\/wp-json\/wp\/v2\/posts\/36691\/revisions"}],"wp:attachment":[{"href":"https:\/\/aeronoticias.com.pe\/noticiero\/wp-json\/wp\/v2\/media?parent=36691"}],"wp:term":[{"taxonomy":"category","embeddable":true,"href":"https:\/\/aeronoticias.com.pe\/noticiero\/wp-json\/wp\/v2\/categories?post=36691"},{"taxonomy":"post_tag","embeddable":true,"href":"https:\/\/aeronoticias.com.pe\/noticiero\/wp-json\/wp\/v2\/tags?post=36691"}],"curies":[{"name":"wp","href":"https:\/\/api.w.org\/{rel}","templated":true}]}}