{"id":36692,"date":"2013-05-05T21:10:08","date_gmt":"2013-05-05T21:10:08","guid":{"rendered":"http:\/\/desarrollo.mcvicious.com\/aero2020\/2013\/05\/05\/excanciller-ferrero-costa-afirma-que-posicion-agresiva-de-correa-afectara-relacion-bilateral\/"},"modified":"2013-05-05T21:10:08","modified_gmt":"2013-05-05T21:10:08","slug":"excanciller-ferrero-costa-afirma-que-posicion-agresiva-de-correa-afectara-relacion-bilateral","status":"publish","type":"post","link":"https:\/\/aeronoticias.com.pe\/noticiero\/politica\/excanciller-ferrero-costa-afirma-que-posicion-agresiva-de-correa-afectara-relacion-bilateral\/","title":{"rendered":"Excanciller Ferrero Costa afirma que posici\u00f3n agresiva de Correa afectar\u00e1 relaci\u00f3n bilateral"},"content":{"rendered":"<p style=\"text-align: justify;\"><strong>(Aeronoticias).-<\/strong>De lamentables calific\u00f3 el excanciller, Eduardo Ferrero Costa las expresiones del presidente ecuatoriano, Rafael correa, quien en la v\u00edspera condicion\u00f3 el retorno del embajador del Per\u00fa en Ecuador ante los bochornosos incidentes suscitados entre el embajador ecuatoriano Rodrigo Riofr\u00edo y dos mujeres peruanas en un supermercado en el distrito de Magdalena.<\/p>\n<p style=\"text-align: justify;\">\u00abMe pareces que el presidente Correa a\u00fan no est\u00e1 muy bien informado, la situaci\u00f3n del embajador del Per\u00fa en Ecuador es diferente a la situaci\u00f3n de Riofr\u00edo, es lamentable que a nivel presidencial se contin\u00fae dando el respaldo a pesar de las im\u00e1genes y la actitud desproporcionada\u00bb, afirm\u00f3 Ferrero Costa en declaraciones a una emisora local.<\/p>\n<p style=\"text-align: justify;\">Agreg\u00f3 adem\u00e1s que ser\u00eda preferible que el embajador Riofr\u00edo renuncie al cargo, \u00abtenemos que tratar de minimizar las cosas para que no hay consecuencias, hay que bajarle el nivel al incidente porque es un tema personal, pero la posici\u00f3n de Correa me parece agresiva y afecta la relaci\u00f3n bilateral\u00bb.<\/p>\n<p style=\"text-align: justify;\">Ferrero Costa precis\u00f3 que los jefes de una misi\u00f3n diplom\u00e1tica est\u00e1n exentos de ser detenidos por el cargo que cumplen, y por lo tanto no le afectar\u00eda una denuncia policial.<br style=\"color: #555555; font-family: arial; font-size: 14px; line-height: 19px; text-align: justify;\" \/><br style=\"color: #555555; font-family: arial; font-size: 14px; line-height: 19px; text-align: justify;\" \/><img decoding=\"async\" src=\"images\/stories\/13\/05\/050513\/ferrerocostae.jpg\" border=\"0\" alt=\"ferrero costa\" title=\"ferrero costa\" \/><br style=\"color: #555555; font-family: arial; font-size: 14px; line-height: 19px; text-align: justify;\" \/><\/p>\n","protected":false},"excerpt":{"rendered":"<p>(Aeronoticias).-De lamentables calific\u00f3 el excanciller, Eduardo Ferrero Costa las expresiones del presidente ecuatoriano, Rafael correa, quien en la v\u00edspera condicion\u00f3 el retorno del embajador del Per\u00fa en Ecuador ante los bochornosos incidentes suscitados entre el embajador ecuatoriano Rodrigo Riofr\u00edo y dos mujeres peruanas en un supermercado en el distrito de Magdalena. \u00abMe pareces que el [&hellip;]<\/p>\n","protected":false},"author":1,"featured_media":0,"comment_status":"open","ping_status":"open","sticky":false,"template":"","format":"standard","meta":{"tdm_status":"","tdm_grid_status":"","footnotes":""},"categories":[36],"tags":[],"class_list":{"0":"post-36692","1":"post","2":"type-post","3":"status-publish","4":"format-standard","6":"category-politica"},"yoast_head":"<!-- This site is optimized with the Yoast SEO plugin v25.1 - https:\/\/yoast.com\/wordpress\/plugins\/seo\/ -->\n<title>Excanciller Ferrero Costa afirma que posici\u00f3n agresiva de Correa afectar\u00e1 relaci\u00f3n bilateral<\/title>\n<meta name=\"description\" content=\"Portal de noticias del Per\u00fa sobre el transporte a\u00e9reo, aviaci\u00f3n, turismo, hoteleria, actualidad.\" \/>\n<meta name=\"robots\" content=\"index, follow, max-snippet:-1, max-image-preview:large, max-video-preview:-1\" \/>\n<link rel=\"canonical\" href=\"https:\/\/aeronoticias.com.pe\/noticiero\/politica\/excanciller-ferrero-costa-afirma-que-posicion-agresiva-de-correa-afectara-relacion-bilateral\/\" \/>\n<meta property=\"og:locale\" content=\"es_ES\" \/>\n<meta property=\"og:type\" content=\"article\" \/>\n<meta property=\"og:title\" content=\"Excanciller Ferrero Costa afirma que posici\u00f3n agresiva de Correa afectar\u00e1 relaci\u00f3n bilateral\" \/>\n<meta property=\"og:description\" content=\"Portal de noticias del Per\u00fa sobre el transporte a\u00e9reo, aviaci\u00f3n, turismo, hoteleria, actualidad.\" \/>\n<meta property=\"og:url\" content=\"https:\/\/aeronoticias.com.pe\/noticiero\/politica\/excanciller-ferrero-costa-afirma-que-posicion-agresiva-de-correa-afectara-relacion-bilateral\/\" \/>\n<meta property=\"og:site_name\" content=\"Aeronoticias.com.pe\" \/>\n<meta property=\"article:publisher\" content=\"https:\/\/www.facebook.com\/Aeronoticias.com.pe\/\" \/>\n<meta property=\"article:published_time\" content=\"2013-05-05T21:10:08+00:00\" \/>\n<meta name=\"author\" content=\"Redacci\u00f3n Aeronoticias\" \/>\n<meta name=\"twitter:card\" content=\"summary_large_image\" \/>\n<meta name=\"twitter:creator\" content=\"@aeronoticias\" \/>\n<meta name=\"twitter:site\" content=\"@aeronoticias\" \/>\n<meta name=\"twitter:label1\" content=\"Escrito por\" \/>\n\t<meta name=\"twitter:data1\" content=\"Redacci\u00f3n Aeronoticias\" \/>\n\t<meta name=\"twitter:label2\" content=\"Tiempo de lectura\" \/>\n\t<meta name=\"twitter:data2\" content=\"1 minuto\" \/>\n<script type=\"application\/ld+json\" class=\"yoast-schema-graph\">{\"@context\":\"https:\/\/schema.org\",\"@graph\":[{\"@type\":\"WebPage\",\"@id\":\"https:\/\/aeronoticias.com.pe\/noticiero\/politica\/excanciller-ferrero-costa-afirma-que-posicion-agresiva-de-correa-afectara-relacion-bilateral\/\",\"url\":\"https:\/\/aeronoticias.com.pe\/noticiero\/politica\/excanciller-ferrero-costa-afirma-que-posicion-agresiva-de-correa-afectara-relacion-bilateral\/\",\"name\":\"Excanciller Ferrero Costa afirma que posici\u00f3n agresiva de Correa afectar\u00e1 relaci\u00f3n bilateral\",\"isPartOf\":{\"@id\":\"https:\/\/aeronoticias.com.pe\/noticiero\/#website\"},\"datePublished\":\"2013-05-05T21:10:08+00:00\",\"author\":{\"@id\":\"https:\/\/aeronoticias.com.pe\/noticiero\/#\/schema\/person\/fc1e5d578f4b62ba1cf7ac2bba1170a0\"},\"description\":\"Portal de noticias del Per\u00fa sobre el transporte a\u00e9reo, aviaci\u00f3n, turismo, hoteleria, actualidad.\",\"breadcrumb\":{\"@id\":\"https:\/\/aeronoticias.com.pe\/noticiero\/politica\/excanciller-ferrero-costa-afirma-que-posicion-agresiva-de-correa-afectara-relacion-bilateral\/#breadcrumb\"},\"inLanguage\":\"es\",\"potentialAction\":[{\"@type\":\"ReadAction\",\"target\":[\"https:\/\/aeronoticias.com.pe\/noticiero\/politica\/excanciller-ferrero-costa-afirma-que-posicion-agresiva-de-correa-afectara-relacion-bilateral\/\"]}]},{\"@type\":\"BreadcrumbList\",\"@id\":\"https:\/\/aeronoticias.com.pe\/noticiero\/politica\/excanciller-ferrero-costa-afirma-que-posicion-agresiva-de-correa-afectara-relacion-bilateral\/#breadcrumb\",\"itemListElement\":[{\"@type\":\"ListItem\",\"position\":1,\"name\":\"Portada\",\"item\":\"https:\/\/aeronoticias.com.pe\/noticiero\/\"},{\"@type\":\"ListItem\",\"position\":2,\"name\":\"Excanciller Ferrero Costa afirma que posici\u00f3n agresiva de Correa afectar\u00e1 relaci\u00f3n bilateral\"}]},{\"@type\":\"WebSite\",\"@id\":\"https:\/\/aeronoticias.com.pe\/noticiero\/#website\",\"url\":\"https:\/\/aeronoticias.com.pe\/noticiero\/\",\"name\":\"Aeronoticias.com.pe\",\"description\":\"Noticias de tranporte aereo, turismo, hoteles, gastronomia, actualidad, internacional\",\"potentialAction\":[{\"@type\":\"SearchAction\",\"target\":{\"@type\":\"EntryPoint\",\"urlTemplate\":\"https:\/\/aeronoticias.com.pe\/noticiero\/?s={search_term_string}\"},\"query-input\":{\"@type\":\"PropertyValueSpecification\",\"valueRequired\":true,\"valueName\":\"search_term_string\"}}],\"inLanguage\":\"es\"},{\"@type\":\"Person\",\"@id\":\"https:\/\/aeronoticias.com.pe\/noticiero\/#\/schema\/person\/fc1e5d578f4b62ba1cf7ac2bba1170a0\",\"name\":\"Redacci\u00f3n Aeronoticias\",\"url\":\"https:\/\/aeronoticias.com.pe\/noticiero\/author\/piloto\/\"}]}<\/script>\n<!-- \/ Yoast SEO plugin. -->","yoast_head_json":{"title":"Excanciller Ferrero Costa afirma que posici\u00f3n agresiva de Correa afectar\u00e1 relaci\u00f3n bilateral","description":"Portal de noticias del Per\u00fa sobre el transporte a\u00e9reo, aviaci\u00f3n, turismo, hoteleria, actualidad.","robots":{"index":"index","follow":"follow","max-snippet":"max-snippet:-1","max-image-preview":"max-image-preview:large","max-video-preview":"max-video-preview:-1"},"canonical":"https:\/\/aeronoticias.com.pe\/noticiero\/politica\/excanciller-ferrero-costa-afirma-que-posicion-agresiva-de-correa-afectara-relacion-bilateral\/","og_locale":"es_ES","og_type":"article","og_title":"Excanciller Ferrero Costa afirma que posici\u00f3n agresiva de Correa afectar\u00e1 relaci\u00f3n bilateral","og_description":"Portal de noticias del Per\u00fa sobre el transporte a\u00e9reo, aviaci\u00f3n, turismo, hoteleria, actualidad.","og_url":"https:\/\/aeronoticias.com.pe\/noticiero\/politica\/excanciller-ferrero-costa-afirma-que-posicion-agresiva-de-correa-afectara-relacion-bilateral\/","og_site_name":"Aeronoticias.com.pe","article_publisher":"https:\/\/www.facebook.com\/Aeronoticias.com.pe\/","article_published_time":"2013-05-05T21:10:08+00:00","author":"Redacci\u00f3n Aeronoticias","twitter_card":"summary_large_image","twitter_creator":"@aeronoticias","twitter_site":"@aeronoticias","twitter_misc":{"Escrito por":"Redacci\u00f3n Aeronoticias","Tiempo de lectura":"1 minuto"},"schema":{"@context":"https:\/\/schema.org","@graph":[{"@type":"WebPage","@id":"https:\/\/aeronoticias.com.pe\/noticiero\/politica\/excanciller-ferrero-costa-afirma-que-posicion-agresiva-de-correa-afectara-relacion-bilateral\/","url":"https:\/\/aeronoticias.com.pe\/noticiero\/politica\/excanciller-ferrero-costa-afirma-que-posicion-agresiva-de-correa-afectara-relacion-bilateral\/","name":"Excanciller Ferrero Costa afirma que posici\u00f3n agresiva de Correa afectar\u00e1 relaci\u00f3n bilateral","isPartOf":{"@id":"https:\/\/aeronoticias.com.pe\/noticiero\/#website"},"datePublished":"2013-05-05T21:10:08+00:00","author":{"@id":"https:\/\/aeronoticias.com.pe\/noticiero\/#\/schema\/person\/fc1e5d578f4b62ba1cf7ac2bba1170a0"},"description":"Portal de noticias del Per\u00fa sobre el transporte a\u00e9reo, aviaci\u00f3n, turismo, hoteleria, actualidad.","breadcrumb":{"@id":"https:\/\/aeronoticias.com.pe\/noticiero\/politica\/excanciller-ferrero-costa-afirma-que-posicion-agresiva-de-correa-afectara-relacion-bilateral\/#breadcrumb"},"inLanguage":"es","potentialAction":[{"@type":"ReadAction","target":["https:\/\/aeronoticias.com.pe\/noticiero\/politica\/excanciller-ferrero-costa-afirma-que-posicion-agresiva-de-correa-afectara-relacion-bilateral\/"]}]},{"@type":"BreadcrumbList","@id":"https:\/\/aeronoticias.com.pe\/noticiero\/politica\/excanciller-ferrero-costa-afirma-que-posicion-agresiva-de-correa-afectara-relacion-bilateral\/#breadcrumb","itemListElement":[{"@type":"ListItem","position":1,"name":"Portada","item":"https:\/\/aeronoticias.com.pe\/noticiero\/"},{"@type":"ListItem","position":2,"name":"Excanciller Ferrero Costa afirma que posici\u00f3n agresiva de Correa afectar\u00e1 relaci\u00f3n bilateral"}]},{"@type":"WebSite","@id":"https:\/\/aeronoticias.com.pe\/noticiero\/#website","url":"https:\/\/aeronoticias.com.pe\/noticiero\/","name":"Aeronoticias.com.pe","description":"Noticias de tranporte aereo, turismo, hoteles, gastronomia, actualidad, internacional","potentialAction":[{"@type":"SearchAction","target":{"@type":"EntryPoint","urlTemplate":"https:\/\/aeronoticias.com.pe\/noticiero\/?s={search_term_string}"},"query-input":{"@type":"PropertyValueSpecification","valueRequired":true,"valueName":"search_term_string"}}],"inLanguage":"es"},{"@type":"Person","@id":"https:\/\/aeronoticias.com.pe\/noticiero\/#\/schema\/person\/fc1e5d578f4b62ba1cf7ac2bba1170a0","name":"Redacci\u00f3n Aeronoticias","url":"https:\/\/aeronoticias.com.pe\/noticiero\/author\/piloto\/"}]}},"_links":{"self":[{"href":"https:\/\/aeronoticias.com.pe\/noticiero\/wp-json\/wp\/v2\/posts\/36692","targetHints":{"allow":["GET"]}}],"collection":[{"href":"https:\/\/aeronoticias.com.pe\/noticiero\/wp-json\/wp\/v2\/posts"}],"about":[{"href":"https:\/\/aeronoticias.com.pe\/noticiero\/wp-json\/wp\/v2\/types\/post"}],"author":[{"embeddable":true,"href":"https:\/\/aeronoticias.com.pe\/noticiero\/wp-json\/wp\/v2\/users\/1"}],"replies":[{"embeddable":true,"href":"https:\/\/aeronoticias.com.pe\/noticiero\/wp-json\/wp\/v2\/comments?post=36692"}],"version-history":[{"count":0,"href":"https:\/\/aeronoticias.com.pe\/noticiero\/wp-json\/wp\/v2\/posts\/36692\/revisions"}],"wp:attachment":[{"href":"https:\/\/aeronoticias.com.pe\/noticiero\/wp-json\/wp\/v2\/media?parent=36692"}],"wp:term":[{"taxonomy":"category","embeddable":true,"href":"https:\/\/aeronoticias.com.pe\/noticiero\/wp-json\/wp\/v2\/categories?post=36692"},{"taxonomy":"post_tag","embeddable":true,"href":"https:\/\/aeronoticias.com.pe\/noticiero\/wp-json\/wp\/v2\/tags?post=36692"}],"curies":[{"name":"wp","href":"https:\/\/api.w.org\/{rel}","templated":true}]}}