{"id":36693,"date":"2013-05-05T22:29:14","date_gmt":"2013-05-05T22:29:14","guid":{"rendered":"http:\/\/desarrollo.mcvicious.com\/aero2020\/2013\/05\/05\/a-partir-de-este-mes-osinergmin-reducira-tarifas-electricas\/"},"modified":"2013-05-05T22:29:14","modified_gmt":"2013-05-05T22:29:14","slug":"a-partir-de-este-mes-osinergmin-reducira-tarifas-electricas","status":"publish","type":"post","link":"https:\/\/aeronoticias.com.pe\/noticiero\/economia\/a-partir-de-este-mes-osinergmin-reducira-tarifas-electricas\/","title":{"rendered":"A partir de este mes Osinergmin reducir\u00e1 tarifas el\u00e9ctricas"},"content":{"rendered":"<p style=\"text-align: justify;\"><strong>(Aeronoticias).-<\/strong>A partir de este mes se registrar\u00e1 una reducci\u00f3n de las tarifas el\u00e9ctricas en todo el Per\u00fa, as\u00ed lo dio a conocer el supervisor de atenci\u00f3n al cliente del Organismo Supervisor de la Inversi\u00f3n en Energ\u00eda y Miner\u00eda (Osinergmin), \u00d3scar Chevarr\u00eda.<\/p>\n<p style=\"text-align: justify;\">Con una reducci\u00f3n promedio del 5.1% ser\u00e1n beneficiados a nivel nacional los usuarios residenciales, mientras que las tarifas para los usuarios comerciales o industriales disminuir\u00e1n en un 7%.<\/p>\n<p style=\"text-align: justify;\">Estas reducciones en la tarifa var\u00edan seg\u00fan la regi\u00f3n, en Lima la reducci\u00f3n de los pagos por el servicio el\u00e9ctrico ser\u00e1n del orden del 5.54%, mientras que en el Cusco y Tacna llegar\u00e1n al 9.55% y 12.30% respectivamente.<\/p>\n<p>Chevarr\u00eda explic\u00f3 que estas variaciones tarifarias se deben a las nuevas licitaciones y renovaciones de contrato hechas por las empresas generadoras y distribuidoras de electricidad.<br style=\"color: #555555; font-family: arial; font-size: 14px; line-height: 19px;\" \/><br style=\"color: #555555; font-family: arial; font-size: 14px; line-height: 19px;\" \/><img decoding=\"async\" src=\"images\/stories\/13\/05\/050513\/osinergmin.jpg\" border=\"0\" alt=\"osinergmin\" title=\"osinergmin\" \/><\/p>\n","protected":false},"excerpt":{"rendered":"<p>(Aeronoticias).-A partir de este mes se registrar\u00e1 una reducci\u00f3n de las tarifas el\u00e9ctricas en todo el Per\u00fa, as\u00ed lo dio a conocer el supervisor de atenci\u00f3n al cliente del Organismo Supervisor de la Inversi\u00f3n en Energ\u00eda y Miner\u00eda (Osinergmin), \u00d3scar Chevarr\u00eda. Con una reducci\u00f3n promedio del 5.1% ser\u00e1n beneficiados a nivel nacional los usuarios residenciales, [&hellip;]<\/p>\n","protected":false},"author":1,"featured_media":0,"comment_status":"open","ping_status":"open","sticky":false,"template":"","format":"standard","meta":{"tdm_status":"","tdm_grid_status":"","footnotes":""},"categories":[33],"tags":[],"class_list":{"0":"post-36693","1":"post","2":"type-post","3":"status-publish","4":"format-standard","6":"category-economia"},"yoast_head":"<!-- This site is optimized with the Yoast SEO plugin v25.1 - https:\/\/yoast.com\/wordpress\/plugins\/seo\/ -->\n<title>A partir de este mes Osinergmin reducir\u00e1 tarifas el\u00e9ctricas<\/title>\n<meta name=\"description\" content=\"Portal de noticias del Per\u00fa sobre el transporte a\u00e9reo, aviaci\u00f3n, turismo, hoteleria, actualidad.\" \/>\n<meta name=\"robots\" content=\"index, follow, max-snippet:-1, max-image-preview:large, max-video-preview:-1\" \/>\n<link rel=\"canonical\" href=\"https:\/\/aeronoticias.com.pe\/noticiero\/economia\/a-partir-de-este-mes-osinergmin-reducira-tarifas-electricas\/\" \/>\n<meta property=\"og:locale\" content=\"es_ES\" \/>\n<meta property=\"og:type\" content=\"article\" \/>\n<meta property=\"og:title\" content=\"A partir de este mes Osinergmin reducir\u00e1 tarifas el\u00e9ctricas\" \/>\n<meta property=\"og:description\" content=\"Portal de noticias del Per\u00fa sobre el transporte a\u00e9reo, aviaci\u00f3n, turismo, hoteleria, actualidad.\" \/>\n<meta property=\"og:url\" content=\"https:\/\/aeronoticias.com.pe\/noticiero\/economia\/a-partir-de-este-mes-osinergmin-reducira-tarifas-electricas\/\" \/>\n<meta property=\"og:site_name\" content=\"Aeronoticias.com.pe\" \/>\n<meta property=\"article:publisher\" content=\"https:\/\/www.facebook.com\/Aeronoticias.com.pe\/\" \/>\n<meta property=\"article:published_time\" content=\"2013-05-05T22:29:14+00:00\" \/>\n<meta name=\"author\" content=\"Redacci\u00f3n Aeronoticias\" \/>\n<meta name=\"twitter:card\" content=\"summary_large_image\" \/>\n<meta name=\"twitter:creator\" content=\"@aeronoticias\" \/>\n<meta name=\"twitter:site\" content=\"@aeronoticias\" \/>\n<meta name=\"twitter:label1\" content=\"Escrito por\" \/>\n\t<meta name=\"twitter:data1\" content=\"Redacci\u00f3n Aeronoticias\" \/>\n\t<meta name=\"twitter:label2\" content=\"Tiempo de lectura\" \/>\n\t<meta name=\"twitter:data2\" content=\"1 minuto\" \/>\n<script type=\"application\/ld+json\" class=\"yoast-schema-graph\">{\"@context\":\"https:\/\/schema.org\",\"@graph\":[{\"@type\":\"WebPage\",\"@id\":\"https:\/\/aeronoticias.com.pe\/noticiero\/economia\/a-partir-de-este-mes-osinergmin-reducira-tarifas-electricas\/\",\"url\":\"https:\/\/aeronoticias.com.pe\/noticiero\/economia\/a-partir-de-este-mes-osinergmin-reducira-tarifas-electricas\/\",\"name\":\"A partir de este mes Osinergmin reducir\u00e1 tarifas el\u00e9ctricas\",\"isPartOf\":{\"@id\":\"https:\/\/aeronoticias.com.pe\/noticiero\/#website\"},\"datePublished\":\"2013-05-05T22:29:14+00:00\",\"author\":{\"@id\":\"https:\/\/aeronoticias.com.pe\/noticiero\/#\/schema\/person\/fc1e5d578f4b62ba1cf7ac2bba1170a0\"},\"description\":\"Portal de noticias del Per\u00fa sobre el transporte a\u00e9reo, aviaci\u00f3n, turismo, hoteleria, actualidad.\",\"breadcrumb\":{\"@id\":\"https:\/\/aeronoticias.com.pe\/noticiero\/economia\/a-partir-de-este-mes-osinergmin-reducira-tarifas-electricas\/#breadcrumb\"},\"inLanguage\":\"es\",\"potentialAction\":[{\"@type\":\"ReadAction\",\"target\":[\"https:\/\/aeronoticias.com.pe\/noticiero\/economia\/a-partir-de-este-mes-osinergmin-reducira-tarifas-electricas\/\"]}]},{\"@type\":\"BreadcrumbList\",\"@id\":\"https:\/\/aeronoticias.com.pe\/noticiero\/economia\/a-partir-de-este-mes-osinergmin-reducira-tarifas-electricas\/#breadcrumb\",\"itemListElement\":[{\"@type\":\"ListItem\",\"position\":1,\"name\":\"Portada\",\"item\":\"https:\/\/aeronoticias.com.pe\/noticiero\/\"},{\"@type\":\"ListItem\",\"position\":2,\"name\":\"A partir de este mes Osinergmin reducir\u00e1 tarifas el\u00e9ctricas\"}]},{\"@type\":\"WebSite\",\"@id\":\"https:\/\/aeronoticias.com.pe\/noticiero\/#website\",\"url\":\"https:\/\/aeronoticias.com.pe\/noticiero\/\",\"name\":\"Aeronoticias.com.pe\",\"description\":\"Noticias de tranporte aereo, turismo, hoteles, gastronomia, actualidad, internacional\",\"potentialAction\":[{\"@type\":\"SearchAction\",\"target\":{\"@type\":\"EntryPoint\",\"urlTemplate\":\"https:\/\/aeronoticias.com.pe\/noticiero\/?s={search_term_string}\"},\"query-input\":{\"@type\":\"PropertyValueSpecification\",\"valueRequired\":true,\"valueName\":\"search_term_string\"}}],\"inLanguage\":\"es\"},{\"@type\":\"Person\",\"@id\":\"https:\/\/aeronoticias.com.pe\/noticiero\/#\/schema\/person\/fc1e5d578f4b62ba1cf7ac2bba1170a0\",\"name\":\"Redacci\u00f3n Aeronoticias\",\"url\":\"https:\/\/aeronoticias.com.pe\/noticiero\/author\/piloto\/\"}]}<\/script>\n<!-- \/ Yoast SEO plugin. -->","yoast_head_json":{"title":"A partir de este mes Osinergmin reducir\u00e1 tarifas el\u00e9ctricas","description":"Portal de noticias del Per\u00fa sobre el transporte a\u00e9reo, aviaci\u00f3n, turismo, hoteleria, actualidad.","robots":{"index":"index","follow":"follow","max-snippet":"max-snippet:-1","max-image-preview":"max-image-preview:large","max-video-preview":"max-video-preview:-1"},"canonical":"https:\/\/aeronoticias.com.pe\/noticiero\/economia\/a-partir-de-este-mes-osinergmin-reducira-tarifas-electricas\/","og_locale":"es_ES","og_type":"article","og_title":"A partir de este mes Osinergmin reducir\u00e1 tarifas el\u00e9ctricas","og_description":"Portal de noticias del Per\u00fa sobre el transporte a\u00e9reo, aviaci\u00f3n, turismo, hoteleria, actualidad.","og_url":"https:\/\/aeronoticias.com.pe\/noticiero\/economia\/a-partir-de-este-mes-osinergmin-reducira-tarifas-electricas\/","og_site_name":"Aeronoticias.com.pe","article_publisher":"https:\/\/www.facebook.com\/Aeronoticias.com.pe\/","article_published_time":"2013-05-05T22:29:14+00:00","author":"Redacci\u00f3n Aeronoticias","twitter_card":"summary_large_image","twitter_creator":"@aeronoticias","twitter_site":"@aeronoticias","twitter_misc":{"Escrito por":"Redacci\u00f3n Aeronoticias","Tiempo de lectura":"1 minuto"},"schema":{"@context":"https:\/\/schema.org","@graph":[{"@type":"WebPage","@id":"https:\/\/aeronoticias.com.pe\/noticiero\/economia\/a-partir-de-este-mes-osinergmin-reducira-tarifas-electricas\/","url":"https:\/\/aeronoticias.com.pe\/noticiero\/economia\/a-partir-de-este-mes-osinergmin-reducira-tarifas-electricas\/","name":"A partir de este mes Osinergmin reducir\u00e1 tarifas el\u00e9ctricas","isPartOf":{"@id":"https:\/\/aeronoticias.com.pe\/noticiero\/#website"},"datePublished":"2013-05-05T22:29:14+00:00","author":{"@id":"https:\/\/aeronoticias.com.pe\/noticiero\/#\/schema\/person\/fc1e5d578f4b62ba1cf7ac2bba1170a0"},"description":"Portal de noticias del Per\u00fa sobre el transporte a\u00e9reo, aviaci\u00f3n, turismo, hoteleria, actualidad.","breadcrumb":{"@id":"https:\/\/aeronoticias.com.pe\/noticiero\/economia\/a-partir-de-este-mes-osinergmin-reducira-tarifas-electricas\/#breadcrumb"},"inLanguage":"es","potentialAction":[{"@type":"ReadAction","target":["https:\/\/aeronoticias.com.pe\/noticiero\/economia\/a-partir-de-este-mes-osinergmin-reducira-tarifas-electricas\/"]}]},{"@type":"BreadcrumbList","@id":"https:\/\/aeronoticias.com.pe\/noticiero\/economia\/a-partir-de-este-mes-osinergmin-reducira-tarifas-electricas\/#breadcrumb","itemListElement":[{"@type":"ListItem","position":1,"name":"Portada","item":"https:\/\/aeronoticias.com.pe\/noticiero\/"},{"@type":"ListItem","position":2,"name":"A partir de este mes Osinergmin reducir\u00e1 tarifas el\u00e9ctricas"}]},{"@type":"WebSite","@id":"https:\/\/aeronoticias.com.pe\/noticiero\/#website","url":"https:\/\/aeronoticias.com.pe\/noticiero\/","name":"Aeronoticias.com.pe","description":"Noticias de tranporte aereo, turismo, hoteles, gastronomia, actualidad, internacional","potentialAction":[{"@type":"SearchAction","target":{"@type":"EntryPoint","urlTemplate":"https:\/\/aeronoticias.com.pe\/noticiero\/?s={search_term_string}"},"query-input":{"@type":"PropertyValueSpecification","valueRequired":true,"valueName":"search_term_string"}}],"inLanguage":"es"},{"@type":"Person","@id":"https:\/\/aeronoticias.com.pe\/noticiero\/#\/schema\/person\/fc1e5d578f4b62ba1cf7ac2bba1170a0","name":"Redacci\u00f3n Aeronoticias","url":"https:\/\/aeronoticias.com.pe\/noticiero\/author\/piloto\/"}]}},"_links":{"self":[{"href":"https:\/\/aeronoticias.com.pe\/noticiero\/wp-json\/wp\/v2\/posts\/36693","targetHints":{"allow":["GET"]}}],"collection":[{"href":"https:\/\/aeronoticias.com.pe\/noticiero\/wp-json\/wp\/v2\/posts"}],"about":[{"href":"https:\/\/aeronoticias.com.pe\/noticiero\/wp-json\/wp\/v2\/types\/post"}],"author":[{"embeddable":true,"href":"https:\/\/aeronoticias.com.pe\/noticiero\/wp-json\/wp\/v2\/users\/1"}],"replies":[{"embeddable":true,"href":"https:\/\/aeronoticias.com.pe\/noticiero\/wp-json\/wp\/v2\/comments?post=36693"}],"version-history":[{"count":0,"href":"https:\/\/aeronoticias.com.pe\/noticiero\/wp-json\/wp\/v2\/posts\/36693\/revisions"}],"wp:attachment":[{"href":"https:\/\/aeronoticias.com.pe\/noticiero\/wp-json\/wp\/v2\/media?parent=36693"}],"wp:term":[{"taxonomy":"category","embeddable":true,"href":"https:\/\/aeronoticias.com.pe\/noticiero\/wp-json\/wp\/v2\/categories?post=36693"},{"taxonomy":"post_tag","embeddable":true,"href":"https:\/\/aeronoticias.com.pe\/noticiero\/wp-json\/wp\/v2\/tags?post=36693"}],"curies":[{"name":"wp","href":"https:\/\/api.w.org\/{rel}","templated":true}]}}