{"id":36698,"date":"2013-05-06T13:56:21","date_gmt":"2013-05-06T13:56:21","guid":{"rendered":"http:\/\/desarrollo.mcvicious.com\/aero2020\/2013\/05\/06\/espana-ryanair-apuesta-por-canarias-tras-fondo-de-10-millones-de-euros\/"},"modified":"2013-05-06T13:56:21","modified_gmt":"2013-05-06T13:56:21","slug":"espana-ryanair-apuesta-por-canarias-tras-fondo-de-10-millones-de-euros","status":"publish","type":"post","link":"https:\/\/aeronoticias.com.pe\/noticiero\/transporte-aereo\/internacional\/espana-ryanair-apuesta-por-canarias-tras-fondo-de-10-millones-de-euros\/","title":{"rendered":"Espa\u00f1a: Ryanair apuesta por Islas Canarias tras fondo de 10 millones de euros"},"content":{"rendered":"<p style=\"text-align: justify;\"><strong>(Aeronoticias)<\/strong>.- Tras el anuncio de la creaci\u00f3n de un fondo de 10 millones de euros que el gobierno de Islas Canarias -Espa\u00f1a- desembolsar\u00e1 como subvenci\u00f3n a las aerol\u00edneas que mantengan e incrementen el flujo de pasajeros, la aerol\u00ednea Ryanair ha vuelto a mostrar inter\u00e9s.<\/p>\n<p style=\"text-align: justify;\">Sobre todo tras prometer que conectar\u00e1 la isla con la regi\u00f3n escandinava, al norte de Europa.<\/p>\n<p style=\"text-align: justify;\">Ante un contexto de crisis en el sector transporte -sobre todo a\u00e9reo- en Espa\u00f1a, ha sabido como jugosa la oferta del gobierno de Canarias a las aerol\u00edneas, Ryanair anunci\u00f3 que para la temporada de invierno 2013-21014, se ampliar\u00e1n a cuatro las conexiones con los pa\u00edses n\u00f3rdicos, que es la opci\u00f3n m\u00e1s rentable seg\u00fan la compa\u00f1\u00eda de Michael O&#8217;Leary, y con el p\u00fablico m\u00e1s fiel. Contramedidas ante el desplome del flujo de pasajeros espa\u00f1oles y brit\u00e1nicos.<\/p>\n<p style=\"text-align: justify;\">La subvenci\u00f3n por parte de gobierno a las aerol\u00edneas no es un fen\u00f3meno aislado en Islas Canarias. El gobierno central. a trav\u00e9s del ministerio de Fomento, <a href=\"http:\/\/www.tuescapada.eu\/subvencion-residente-vuelos-canarias-baleares-ceuta-melilla\/\"><strong><em><span style=\"text-decoration: underline;\">anunci\u00f3<\/span><\/em><\/strong> <\/a>que mantendr\u00e1 la bonificaci\u00f3n del 50% a los costes de billetes para los residentes de las Islas Baleares, Ceuta y Melilla, mientras otros gobiernos auton\u00f3micos mantienen dichas subvenciones<\/p>\n<p style=\"text-align: justify;\">Con informaci\u00f3n de <a href=\"http:\/\/www.canarias7.es\/articulo.cfm?id=299923\"><em><strong><span style=\"text-decoration: underline;\">Canarias7<\/span><\/strong><\/em><\/a> y la foto de <a href=\"http:\/\/spotter-bermaxo.blogspot.com\/2011\/07\/ryanair-ei-empaeropuerto-de-gran.html\"><strong><em><span style=\"text-decoration: underline;\">Spotter-Bermaxo<\/span><\/em><\/strong><\/a>.<\/p>\n<p style=\"text-align: justify;\"><img decoding=\"async\" src=\"images\/stories\/13\/05\/060513\/ryanair.jpg\" border=\"0\" style=\"line-height: 1.3em;\" \/><\/p>\n","protected":false},"excerpt":{"rendered":"<p>(Aeronoticias).- Tras el anuncio de la creaci\u00f3n de un fondo de 10 millones de euros que el gobierno de Islas Canarias -Espa\u00f1a- desembolsar\u00e1 como subvenci\u00f3n a las aerol\u00edneas que mantengan e incrementen el flujo de pasajeros, la aerol\u00ednea Ryanair ha vuelto a mostrar inter\u00e9s. Sobre todo tras prometer que conectar\u00e1 la isla con la regi\u00f3n [&hellip;]<\/p>\n","protected":false},"author":1,"featured_media":0,"comment_status":"open","ping_status":"open","sticky":false,"template":"","format":"standard","meta":{"tdm_status":"","tdm_grid_status":"","footnotes":""},"categories":[32],"tags":[],"class_list":{"0":"post-36698","1":"post","2":"type-post","3":"status-publish","4":"format-standard","6":"category-internacional"},"yoast_head":"<!-- This site is optimized with the Yoast SEO plugin v25.1 - https:\/\/yoast.com\/wordpress\/plugins\/seo\/ -->\n<title>Espa\u00f1a: Ryanair apuesta por Islas Canarias tras fondo de 10 millones de euros<\/title>\n<meta name=\"description\" content=\"Portal de noticias del Per\u00fa sobre el transporte a\u00e9reo, aviaci\u00f3n, turismo, hoteleria, actualidad.\" \/>\n<meta name=\"robots\" content=\"index, follow, max-snippet:-1, max-image-preview:large, max-video-preview:-1\" \/>\n<link rel=\"canonical\" href=\"https:\/\/aeronoticias.com.pe\/noticiero\/transporte-aereo\/internacional\/espana-ryanair-apuesta-por-canarias-tras-fondo-de-10-millones-de-euros\/\" \/>\n<meta property=\"og:locale\" content=\"es_ES\" \/>\n<meta property=\"og:type\" content=\"article\" \/>\n<meta property=\"og:title\" content=\"Espa\u00f1a: Ryanair apuesta por Islas Canarias tras fondo de 10 millones de euros\" \/>\n<meta property=\"og:description\" content=\"Portal de noticias del Per\u00fa sobre el transporte a\u00e9reo, aviaci\u00f3n, turismo, hoteleria, actualidad.\" \/>\n<meta property=\"og:url\" content=\"https:\/\/aeronoticias.com.pe\/noticiero\/transporte-aereo\/internacional\/espana-ryanair-apuesta-por-canarias-tras-fondo-de-10-millones-de-euros\/\" \/>\n<meta property=\"og:site_name\" content=\"Aeronoticias.com.pe\" \/>\n<meta property=\"article:publisher\" content=\"https:\/\/www.facebook.com\/Aeronoticias.com.pe\/\" \/>\n<meta property=\"article:published_time\" content=\"2013-05-06T13:56:21+00:00\" \/>\n<meta name=\"author\" content=\"Redacci\u00f3n Aeronoticias\" \/>\n<meta name=\"twitter:card\" content=\"summary_large_image\" \/>\n<meta name=\"twitter:creator\" content=\"@aeronoticias\" \/>\n<meta name=\"twitter:site\" content=\"@aeronoticias\" \/>\n<meta name=\"twitter:label1\" content=\"Escrito por\" \/>\n\t<meta name=\"twitter:data1\" content=\"Redacci\u00f3n Aeronoticias\" \/>\n\t<meta name=\"twitter:label2\" content=\"Tiempo de lectura\" \/>\n\t<meta name=\"twitter:data2\" content=\"1 minuto\" \/>\n<script type=\"application\/ld+json\" class=\"yoast-schema-graph\">{\"@context\":\"https:\/\/schema.org\",\"@graph\":[{\"@type\":\"WebPage\",\"@id\":\"https:\/\/aeronoticias.com.pe\/noticiero\/transporte-aereo\/internacional\/espana-ryanair-apuesta-por-canarias-tras-fondo-de-10-millones-de-euros\/\",\"url\":\"https:\/\/aeronoticias.com.pe\/noticiero\/transporte-aereo\/internacional\/espana-ryanair-apuesta-por-canarias-tras-fondo-de-10-millones-de-euros\/\",\"name\":\"Espa\u00f1a: Ryanair apuesta por Islas Canarias tras fondo de 10 millones de euros\",\"isPartOf\":{\"@id\":\"https:\/\/aeronoticias.com.pe\/noticiero\/#website\"},\"datePublished\":\"2013-05-06T13:56:21+00:00\",\"author\":{\"@id\":\"https:\/\/aeronoticias.com.pe\/noticiero\/#\/schema\/person\/fc1e5d578f4b62ba1cf7ac2bba1170a0\"},\"description\":\"Portal de noticias del Per\u00fa sobre el transporte a\u00e9reo, aviaci\u00f3n, turismo, hoteleria, actualidad.\",\"breadcrumb\":{\"@id\":\"https:\/\/aeronoticias.com.pe\/noticiero\/transporte-aereo\/internacional\/espana-ryanair-apuesta-por-canarias-tras-fondo-de-10-millones-de-euros\/#breadcrumb\"},\"inLanguage\":\"es\",\"potentialAction\":[{\"@type\":\"ReadAction\",\"target\":[\"https:\/\/aeronoticias.com.pe\/noticiero\/transporte-aereo\/internacional\/espana-ryanair-apuesta-por-canarias-tras-fondo-de-10-millones-de-euros\/\"]}]},{\"@type\":\"BreadcrumbList\",\"@id\":\"https:\/\/aeronoticias.com.pe\/noticiero\/transporte-aereo\/internacional\/espana-ryanair-apuesta-por-canarias-tras-fondo-de-10-millones-de-euros\/#breadcrumb\",\"itemListElement\":[{\"@type\":\"ListItem\",\"position\":1,\"name\":\"Portada\",\"item\":\"https:\/\/aeronoticias.com.pe\/noticiero\/\"},{\"@type\":\"ListItem\",\"position\":2,\"name\":\"Espa\u00f1a: Ryanair apuesta por Islas Canarias tras fondo de 10 millones de euros\"}]},{\"@type\":\"WebSite\",\"@id\":\"https:\/\/aeronoticias.com.pe\/noticiero\/#website\",\"url\":\"https:\/\/aeronoticias.com.pe\/noticiero\/\",\"name\":\"Aeronoticias.com.pe\",\"description\":\"Noticias de tranporte aereo, turismo, hoteles, gastronomia, actualidad, internacional\",\"potentialAction\":[{\"@type\":\"SearchAction\",\"target\":{\"@type\":\"EntryPoint\",\"urlTemplate\":\"https:\/\/aeronoticias.com.pe\/noticiero\/?s={search_term_string}\"},\"query-input\":{\"@type\":\"PropertyValueSpecification\",\"valueRequired\":true,\"valueName\":\"search_term_string\"}}],\"inLanguage\":\"es\"},{\"@type\":\"Person\",\"@id\":\"https:\/\/aeronoticias.com.pe\/noticiero\/#\/schema\/person\/fc1e5d578f4b62ba1cf7ac2bba1170a0\",\"name\":\"Redacci\u00f3n Aeronoticias\",\"url\":\"https:\/\/aeronoticias.com.pe\/noticiero\/author\/piloto\/\"}]}<\/script>\n<!-- \/ Yoast SEO plugin. -->","yoast_head_json":{"title":"Espa\u00f1a: Ryanair apuesta por Islas Canarias tras fondo de 10 millones de euros","description":"Portal de noticias del Per\u00fa sobre el transporte a\u00e9reo, aviaci\u00f3n, turismo, hoteleria, actualidad.","robots":{"index":"index","follow":"follow","max-snippet":"max-snippet:-1","max-image-preview":"max-image-preview:large","max-video-preview":"max-video-preview:-1"},"canonical":"https:\/\/aeronoticias.com.pe\/noticiero\/transporte-aereo\/internacional\/espana-ryanair-apuesta-por-canarias-tras-fondo-de-10-millones-de-euros\/","og_locale":"es_ES","og_type":"article","og_title":"Espa\u00f1a: Ryanair apuesta por Islas Canarias tras fondo de 10 millones de euros","og_description":"Portal de noticias del Per\u00fa sobre el transporte a\u00e9reo, aviaci\u00f3n, turismo, hoteleria, actualidad.","og_url":"https:\/\/aeronoticias.com.pe\/noticiero\/transporte-aereo\/internacional\/espana-ryanair-apuesta-por-canarias-tras-fondo-de-10-millones-de-euros\/","og_site_name":"Aeronoticias.com.pe","article_publisher":"https:\/\/www.facebook.com\/Aeronoticias.com.pe\/","article_published_time":"2013-05-06T13:56:21+00:00","author":"Redacci\u00f3n Aeronoticias","twitter_card":"summary_large_image","twitter_creator":"@aeronoticias","twitter_site":"@aeronoticias","twitter_misc":{"Escrito por":"Redacci\u00f3n Aeronoticias","Tiempo de lectura":"1 minuto"},"schema":{"@context":"https:\/\/schema.org","@graph":[{"@type":"WebPage","@id":"https:\/\/aeronoticias.com.pe\/noticiero\/transporte-aereo\/internacional\/espana-ryanair-apuesta-por-canarias-tras-fondo-de-10-millones-de-euros\/","url":"https:\/\/aeronoticias.com.pe\/noticiero\/transporte-aereo\/internacional\/espana-ryanair-apuesta-por-canarias-tras-fondo-de-10-millones-de-euros\/","name":"Espa\u00f1a: Ryanair apuesta por Islas Canarias tras fondo de 10 millones de euros","isPartOf":{"@id":"https:\/\/aeronoticias.com.pe\/noticiero\/#website"},"datePublished":"2013-05-06T13:56:21+00:00","author":{"@id":"https:\/\/aeronoticias.com.pe\/noticiero\/#\/schema\/person\/fc1e5d578f4b62ba1cf7ac2bba1170a0"},"description":"Portal de noticias del Per\u00fa sobre el transporte a\u00e9reo, aviaci\u00f3n, turismo, hoteleria, actualidad.","breadcrumb":{"@id":"https:\/\/aeronoticias.com.pe\/noticiero\/transporte-aereo\/internacional\/espana-ryanair-apuesta-por-canarias-tras-fondo-de-10-millones-de-euros\/#breadcrumb"},"inLanguage":"es","potentialAction":[{"@type":"ReadAction","target":["https:\/\/aeronoticias.com.pe\/noticiero\/transporte-aereo\/internacional\/espana-ryanair-apuesta-por-canarias-tras-fondo-de-10-millones-de-euros\/"]}]},{"@type":"BreadcrumbList","@id":"https:\/\/aeronoticias.com.pe\/noticiero\/transporte-aereo\/internacional\/espana-ryanair-apuesta-por-canarias-tras-fondo-de-10-millones-de-euros\/#breadcrumb","itemListElement":[{"@type":"ListItem","position":1,"name":"Portada","item":"https:\/\/aeronoticias.com.pe\/noticiero\/"},{"@type":"ListItem","position":2,"name":"Espa\u00f1a: Ryanair apuesta por Islas Canarias tras fondo de 10 millones de euros"}]},{"@type":"WebSite","@id":"https:\/\/aeronoticias.com.pe\/noticiero\/#website","url":"https:\/\/aeronoticias.com.pe\/noticiero\/","name":"Aeronoticias.com.pe","description":"Noticias de tranporte aereo, turismo, hoteles, gastronomia, actualidad, internacional","potentialAction":[{"@type":"SearchAction","target":{"@type":"EntryPoint","urlTemplate":"https:\/\/aeronoticias.com.pe\/noticiero\/?s={search_term_string}"},"query-input":{"@type":"PropertyValueSpecification","valueRequired":true,"valueName":"search_term_string"}}],"inLanguage":"es"},{"@type":"Person","@id":"https:\/\/aeronoticias.com.pe\/noticiero\/#\/schema\/person\/fc1e5d578f4b62ba1cf7ac2bba1170a0","name":"Redacci\u00f3n Aeronoticias","url":"https:\/\/aeronoticias.com.pe\/noticiero\/author\/piloto\/"}]}},"_links":{"self":[{"href":"https:\/\/aeronoticias.com.pe\/noticiero\/wp-json\/wp\/v2\/posts\/36698","targetHints":{"allow":["GET"]}}],"collection":[{"href":"https:\/\/aeronoticias.com.pe\/noticiero\/wp-json\/wp\/v2\/posts"}],"about":[{"href":"https:\/\/aeronoticias.com.pe\/noticiero\/wp-json\/wp\/v2\/types\/post"}],"author":[{"embeddable":true,"href":"https:\/\/aeronoticias.com.pe\/noticiero\/wp-json\/wp\/v2\/users\/1"}],"replies":[{"embeddable":true,"href":"https:\/\/aeronoticias.com.pe\/noticiero\/wp-json\/wp\/v2\/comments?post=36698"}],"version-history":[{"count":0,"href":"https:\/\/aeronoticias.com.pe\/noticiero\/wp-json\/wp\/v2\/posts\/36698\/revisions"}],"wp:attachment":[{"href":"https:\/\/aeronoticias.com.pe\/noticiero\/wp-json\/wp\/v2\/media?parent=36698"}],"wp:term":[{"taxonomy":"category","embeddable":true,"href":"https:\/\/aeronoticias.com.pe\/noticiero\/wp-json\/wp\/v2\/categories?post=36698"},{"taxonomy":"post_tag","embeddable":true,"href":"https:\/\/aeronoticias.com.pe\/noticiero\/wp-json\/wp\/v2\/tags?post=36698"}],"curies":[{"name":"wp","href":"https:\/\/api.w.org\/{rel}","templated":true}]}}