{"id":36700,"date":"2013-05-06T14:54:14","date_gmt":"2013-05-06T14:54:14","guid":{"rendered":"http:\/\/desarrollo.mcvicious.com\/aero2020\/2013\/05\/06\/trujillo-descartan-reubicacion-de-aeropuerto-carlos-martinez-de-pinillos\/"},"modified":"2013-05-06T14:54:14","modified_gmt":"2013-05-06T14:54:14","slug":"trujillo-descartan-reubicacion-de-aeropuerto-carlos-martinez-de-pinillos","status":"publish","type":"post","link":"https:\/\/aeronoticias.com.pe\/noticiero\/transporte-aereo\/nacional\/trujillo-descartan-reubicacion-de-aeropuerto-carlos-martinez-de-pinillos\/","title":{"rendered":"Trujillo: Descartan reubicaci\u00f3n de aeropuerto Carlos Mart\u00ednez de Pinillos"},"content":{"rendered":"<p style=\"text-align: justify;\"><strong>(Aeronoticias).-<\/strong> El ministro Ren\u00e9 Cornejo, encargado del despacho de Transportes y Comunicaciones, descart\u00f3 la posibilidad de que el aeropuerto internacional \u201cCarlos Mart\u00ednez de Pinillos\u201d de Trujillo sea reubicado a una zona lejana de la playa de Huanchaco a fin de evitar m\u00e1s postergaciones de vuelos debido a la densa neblina que suele presentarse en las estaciones de oto\u00f1o e invierno.<\/p>\n<p style=\"text-align: justify;\">La propuesta de algunas autoridades liberte\u00f1as es que el aeropuerto sea reubicado en el sector El Tablazo.<\/p>\n<p style=\"text-align: justify;\">En su reciente presentaci\u00f3n en el Congreso de la Rep\u00fablica, ante una pregunta del legislador aprista El\u00edas Rodr\u00edguez Zavaleta, sobre la cancelaci\u00f3n de 50 vuelos durante este a\u00f1o, el ministro se\u00f1al\u00f3 que ello se debe a problemas climatol\u00f3gicos.<\/p>\n<p>  <!--more-->  <\/p>\n<p style=\"text-align: justify;\">Destac\u00f3 que el terminal a\u00e9reo cuenta con equipamiento, instrumentos e iluminaci\u00f3n adecuada. Inform\u00f3 adem\u00e1s que en el a\u00f1o 2012 en el aeropuerto se realizaron 7,356 operaciones dom\u00e9sticas y 90 operaciones internacionales.<\/p>\n<p style=\"text-align: justify;\">Ren\u00e9 Cornejo record\u00f3 que la administraci\u00f3n de este aeropuerto est\u00e1 a cargo de la concesionaria Aeropuertos del Per\u00fa (Adp), bajo la supervisi\u00f3n del Organismo Supervisor de la Inversi\u00f3n en Transporte (Ositran). En el 2004 la pista de aterrizaje fue ampliada unos 600 metros, contando a la fecha con 3,000 metros de longitud. Tambi\u00e9n se renov\u00f3 la luz de la pista.<\/p>\n<p style=\"text-align: justify;\">Hace unos d\u00edas la presidenta de la C\u00e1mara de Comercio y Producci\u00f3n de La Libertad, Rosario Baz\u00e1n, demand\u00f3 la modernizaci\u00f3n del aeropuerto.<\/p>\n<p style=\"text-align: justify;\">Diario La Republica &#8211; larepublica.pe<\/p>\n<p style=\"text-align: justify;\"><img decoding=\"async\" src=\"images\/stories\/13\/05\/060513\/aeropuerto_trujillo.jpg\" border=\"0\" alt=\"Trujillo: Descartan reubicaci\u00f3n de aeropuerto Carlos Mart\u00ednez de Pinillos\" title=\"Trujillo: Descartan reubicaci\u00f3n de aeropuerto Carlos Mart\u00ednez de Pinillos\" \/><\/p>\n","protected":false},"excerpt":{"rendered":"<p>(Aeronoticias).- El ministro Ren\u00e9 Cornejo, encargado del despacho de Transportes y Comunicaciones, descart\u00f3 la posibilidad de que el aeropuerto internacional \u201cCarlos Mart\u00ednez de Pinillos\u201d de Trujillo sea reubicado a una zona lejana de la playa de Huanchaco a fin de evitar m\u00e1s postergaciones de vuelos debido a la densa neblina que suele presentarse en las [&hellip;]<\/p>\n","protected":false},"author":1,"featured_media":0,"comment_status":"open","ping_status":"open","sticky":false,"template":"","format":"standard","meta":{"tdm_status":"","tdm_grid_status":"","footnotes":""},"categories":[51],"tags":[],"class_list":{"0":"post-36700","1":"post","2":"type-post","3":"status-publish","4":"format-standard","6":"category-nacional"},"yoast_head":"<!-- This site is optimized with the Yoast SEO plugin v25.1 - https:\/\/yoast.com\/wordpress\/plugins\/seo\/ -->\n<title>Trujillo: Descartan reubicaci\u00f3n de aeropuerto Carlos Mart\u00ednez de Pinillos<\/title>\n<meta name=\"description\" content=\"Portal de noticias del Per\u00fa sobre el transporte a\u00e9reo, aviaci\u00f3n, turismo, hoteleria, actualidad.\" \/>\n<meta name=\"robots\" content=\"index, follow, max-snippet:-1, max-image-preview:large, max-video-preview:-1\" \/>\n<link rel=\"canonical\" href=\"https:\/\/aeronoticias.com.pe\/noticiero\/transporte-aereo\/nacional\/trujillo-descartan-reubicacion-de-aeropuerto-carlos-martinez-de-pinillos\/\" \/>\n<meta property=\"og:locale\" content=\"es_ES\" \/>\n<meta property=\"og:type\" content=\"article\" \/>\n<meta property=\"og:title\" content=\"Trujillo: Descartan reubicaci\u00f3n de aeropuerto Carlos Mart\u00ednez de Pinillos\" \/>\n<meta property=\"og:description\" content=\"Portal de noticias del Per\u00fa sobre el transporte a\u00e9reo, aviaci\u00f3n, turismo, hoteleria, actualidad.\" \/>\n<meta property=\"og:url\" content=\"https:\/\/aeronoticias.com.pe\/noticiero\/transporte-aereo\/nacional\/trujillo-descartan-reubicacion-de-aeropuerto-carlos-martinez-de-pinillos\/\" \/>\n<meta property=\"og:site_name\" content=\"Aeronoticias.com.pe\" \/>\n<meta property=\"article:publisher\" content=\"https:\/\/www.facebook.com\/Aeronoticias.com.pe\/\" \/>\n<meta property=\"article:published_time\" content=\"2013-05-06T14:54:14+00:00\" \/>\n<meta name=\"author\" content=\"Redacci\u00f3n Aeronoticias\" \/>\n<meta name=\"twitter:card\" content=\"summary_large_image\" \/>\n<meta name=\"twitter:creator\" content=\"@aeronoticias\" \/>\n<meta name=\"twitter:site\" content=\"@aeronoticias\" \/>\n<meta name=\"twitter:label1\" content=\"Escrito por\" \/>\n\t<meta name=\"twitter:data1\" content=\"Redacci\u00f3n Aeronoticias\" \/>\n\t<meta name=\"twitter:label2\" content=\"Tiempo de lectura\" \/>\n\t<meta name=\"twitter:data2\" content=\"1 minuto\" \/>\n<script type=\"application\/ld+json\" class=\"yoast-schema-graph\">{\"@context\":\"https:\/\/schema.org\",\"@graph\":[{\"@type\":\"WebPage\",\"@id\":\"https:\/\/aeronoticias.com.pe\/noticiero\/transporte-aereo\/nacional\/trujillo-descartan-reubicacion-de-aeropuerto-carlos-martinez-de-pinillos\/\",\"url\":\"https:\/\/aeronoticias.com.pe\/noticiero\/transporte-aereo\/nacional\/trujillo-descartan-reubicacion-de-aeropuerto-carlos-martinez-de-pinillos\/\",\"name\":\"Trujillo: Descartan reubicaci\u00f3n de aeropuerto Carlos Mart\u00ednez de Pinillos\",\"isPartOf\":{\"@id\":\"https:\/\/aeronoticias.com.pe\/noticiero\/#website\"},\"datePublished\":\"2013-05-06T14:54:14+00:00\",\"author\":{\"@id\":\"https:\/\/aeronoticias.com.pe\/noticiero\/#\/schema\/person\/fc1e5d578f4b62ba1cf7ac2bba1170a0\"},\"description\":\"Portal de noticias del Per\u00fa sobre el transporte a\u00e9reo, aviaci\u00f3n, turismo, hoteleria, actualidad.\",\"breadcrumb\":{\"@id\":\"https:\/\/aeronoticias.com.pe\/noticiero\/transporte-aereo\/nacional\/trujillo-descartan-reubicacion-de-aeropuerto-carlos-martinez-de-pinillos\/#breadcrumb\"},\"inLanguage\":\"es\",\"potentialAction\":[{\"@type\":\"ReadAction\",\"target\":[\"https:\/\/aeronoticias.com.pe\/noticiero\/transporte-aereo\/nacional\/trujillo-descartan-reubicacion-de-aeropuerto-carlos-martinez-de-pinillos\/\"]}]},{\"@type\":\"BreadcrumbList\",\"@id\":\"https:\/\/aeronoticias.com.pe\/noticiero\/transporte-aereo\/nacional\/trujillo-descartan-reubicacion-de-aeropuerto-carlos-martinez-de-pinillos\/#breadcrumb\",\"itemListElement\":[{\"@type\":\"ListItem\",\"position\":1,\"name\":\"Portada\",\"item\":\"https:\/\/aeronoticias.com.pe\/noticiero\/\"},{\"@type\":\"ListItem\",\"position\":2,\"name\":\"Trujillo: Descartan reubicaci\u00f3n de aeropuerto Carlos Mart\u00ednez de Pinillos\"}]},{\"@type\":\"WebSite\",\"@id\":\"https:\/\/aeronoticias.com.pe\/noticiero\/#website\",\"url\":\"https:\/\/aeronoticias.com.pe\/noticiero\/\",\"name\":\"Aeronoticias.com.pe\",\"description\":\"Noticias de tranporte aereo, turismo, hoteles, gastronomia, actualidad, internacional\",\"potentialAction\":[{\"@type\":\"SearchAction\",\"target\":{\"@type\":\"EntryPoint\",\"urlTemplate\":\"https:\/\/aeronoticias.com.pe\/noticiero\/?s={search_term_string}\"},\"query-input\":{\"@type\":\"PropertyValueSpecification\",\"valueRequired\":true,\"valueName\":\"search_term_string\"}}],\"inLanguage\":\"es\"},{\"@type\":\"Person\",\"@id\":\"https:\/\/aeronoticias.com.pe\/noticiero\/#\/schema\/person\/fc1e5d578f4b62ba1cf7ac2bba1170a0\",\"name\":\"Redacci\u00f3n Aeronoticias\",\"url\":\"https:\/\/aeronoticias.com.pe\/noticiero\/author\/piloto\/\"}]}<\/script>\n<!-- \/ Yoast SEO plugin. -->","yoast_head_json":{"title":"Trujillo: Descartan reubicaci\u00f3n de aeropuerto Carlos Mart\u00ednez de Pinillos","description":"Portal de noticias del Per\u00fa sobre el transporte a\u00e9reo, aviaci\u00f3n, turismo, hoteleria, actualidad.","robots":{"index":"index","follow":"follow","max-snippet":"max-snippet:-1","max-image-preview":"max-image-preview:large","max-video-preview":"max-video-preview:-1"},"canonical":"https:\/\/aeronoticias.com.pe\/noticiero\/transporte-aereo\/nacional\/trujillo-descartan-reubicacion-de-aeropuerto-carlos-martinez-de-pinillos\/","og_locale":"es_ES","og_type":"article","og_title":"Trujillo: Descartan reubicaci\u00f3n de aeropuerto Carlos Mart\u00ednez de Pinillos","og_description":"Portal de noticias del Per\u00fa sobre el transporte a\u00e9reo, aviaci\u00f3n, turismo, hoteleria, actualidad.","og_url":"https:\/\/aeronoticias.com.pe\/noticiero\/transporte-aereo\/nacional\/trujillo-descartan-reubicacion-de-aeropuerto-carlos-martinez-de-pinillos\/","og_site_name":"Aeronoticias.com.pe","article_publisher":"https:\/\/www.facebook.com\/Aeronoticias.com.pe\/","article_published_time":"2013-05-06T14:54:14+00:00","author":"Redacci\u00f3n Aeronoticias","twitter_card":"summary_large_image","twitter_creator":"@aeronoticias","twitter_site":"@aeronoticias","twitter_misc":{"Escrito por":"Redacci\u00f3n Aeronoticias","Tiempo de lectura":"1 minuto"},"schema":{"@context":"https:\/\/schema.org","@graph":[{"@type":"WebPage","@id":"https:\/\/aeronoticias.com.pe\/noticiero\/transporte-aereo\/nacional\/trujillo-descartan-reubicacion-de-aeropuerto-carlos-martinez-de-pinillos\/","url":"https:\/\/aeronoticias.com.pe\/noticiero\/transporte-aereo\/nacional\/trujillo-descartan-reubicacion-de-aeropuerto-carlos-martinez-de-pinillos\/","name":"Trujillo: Descartan reubicaci\u00f3n de aeropuerto Carlos Mart\u00ednez de Pinillos","isPartOf":{"@id":"https:\/\/aeronoticias.com.pe\/noticiero\/#website"},"datePublished":"2013-05-06T14:54:14+00:00","author":{"@id":"https:\/\/aeronoticias.com.pe\/noticiero\/#\/schema\/person\/fc1e5d578f4b62ba1cf7ac2bba1170a0"},"description":"Portal de noticias del Per\u00fa sobre el transporte a\u00e9reo, aviaci\u00f3n, turismo, hoteleria, actualidad.","breadcrumb":{"@id":"https:\/\/aeronoticias.com.pe\/noticiero\/transporte-aereo\/nacional\/trujillo-descartan-reubicacion-de-aeropuerto-carlos-martinez-de-pinillos\/#breadcrumb"},"inLanguage":"es","potentialAction":[{"@type":"ReadAction","target":["https:\/\/aeronoticias.com.pe\/noticiero\/transporte-aereo\/nacional\/trujillo-descartan-reubicacion-de-aeropuerto-carlos-martinez-de-pinillos\/"]}]},{"@type":"BreadcrumbList","@id":"https:\/\/aeronoticias.com.pe\/noticiero\/transporte-aereo\/nacional\/trujillo-descartan-reubicacion-de-aeropuerto-carlos-martinez-de-pinillos\/#breadcrumb","itemListElement":[{"@type":"ListItem","position":1,"name":"Portada","item":"https:\/\/aeronoticias.com.pe\/noticiero\/"},{"@type":"ListItem","position":2,"name":"Trujillo: Descartan reubicaci\u00f3n de aeropuerto Carlos Mart\u00ednez de Pinillos"}]},{"@type":"WebSite","@id":"https:\/\/aeronoticias.com.pe\/noticiero\/#website","url":"https:\/\/aeronoticias.com.pe\/noticiero\/","name":"Aeronoticias.com.pe","description":"Noticias de tranporte aereo, turismo, hoteles, gastronomia, actualidad, internacional","potentialAction":[{"@type":"SearchAction","target":{"@type":"EntryPoint","urlTemplate":"https:\/\/aeronoticias.com.pe\/noticiero\/?s={search_term_string}"},"query-input":{"@type":"PropertyValueSpecification","valueRequired":true,"valueName":"search_term_string"}}],"inLanguage":"es"},{"@type":"Person","@id":"https:\/\/aeronoticias.com.pe\/noticiero\/#\/schema\/person\/fc1e5d578f4b62ba1cf7ac2bba1170a0","name":"Redacci\u00f3n Aeronoticias","url":"https:\/\/aeronoticias.com.pe\/noticiero\/author\/piloto\/"}]}},"_links":{"self":[{"href":"https:\/\/aeronoticias.com.pe\/noticiero\/wp-json\/wp\/v2\/posts\/36700","targetHints":{"allow":["GET"]}}],"collection":[{"href":"https:\/\/aeronoticias.com.pe\/noticiero\/wp-json\/wp\/v2\/posts"}],"about":[{"href":"https:\/\/aeronoticias.com.pe\/noticiero\/wp-json\/wp\/v2\/types\/post"}],"author":[{"embeddable":true,"href":"https:\/\/aeronoticias.com.pe\/noticiero\/wp-json\/wp\/v2\/users\/1"}],"replies":[{"embeddable":true,"href":"https:\/\/aeronoticias.com.pe\/noticiero\/wp-json\/wp\/v2\/comments?post=36700"}],"version-history":[{"count":0,"href":"https:\/\/aeronoticias.com.pe\/noticiero\/wp-json\/wp\/v2\/posts\/36700\/revisions"}],"wp:attachment":[{"href":"https:\/\/aeronoticias.com.pe\/noticiero\/wp-json\/wp\/v2\/media?parent=36700"}],"wp:term":[{"taxonomy":"category","embeddable":true,"href":"https:\/\/aeronoticias.com.pe\/noticiero\/wp-json\/wp\/v2\/categories?post=36700"},{"taxonomy":"post_tag","embeddable":true,"href":"https:\/\/aeronoticias.com.pe\/noticiero\/wp-json\/wp\/v2\/tags?post=36700"}],"curies":[{"name":"wp","href":"https:\/\/api.w.org\/{rel}","templated":true}]}}