{"id":36702,"date":"2013-05-06T15:06:34","date_gmt":"2013-05-06T15:06:34","guid":{"rendered":"http:\/\/desarrollo.mcvicious.com\/aero2020\/2013\/05\/06\/laura-bozzo-arremete-contra-una-aerolinea-en-twitter\/"},"modified":"2013-05-06T15:06:34","modified_gmt":"2013-05-06T15:06:34","slug":"laura-bozzo-arremete-contra-una-aerolinea-en-twitter","status":"publish","type":"post","link":"https:\/\/aeronoticias.com.pe\/noticiero\/espectaculos\/laura-bozzo-arremete-contra-una-aerolinea-en-twitter\/","title":{"rendered":"Laura Bozzo arremete contra una aerol\u00ednea en Twitter"},"content":{"rendered":"<p style=\"text-align: justify;\"><strong>(Aeronoticias).-<\/strong> La presentadora peruana es conocida por denunciar con crudeza todo aquello que considera inaceptable y digno de escarnio p\u00fablico, ya sean las cr\u00edticas que le lanzan sus rivales televisivos o los ataques que recibe su hija por posar desnuda en varias revistas. Por ello, la estrella de la peque\u00f1a pantalla no ha tenido ning\u00fan reparo en hacer uso de toda su fuerza dial\u00e9ctica para expresar su indignaci\u00f3n ante una conocida aerol\u00ednea sudamericana que, en su opini\u00f3n, le hizo pasar recientemente uno de los peores d\u00edas de su vida. Seg\u00fan cuenta Laura en su perfil de Twitter, la compa\u00f1\u00eda la mantuvo \u00abencerrada\u00bb m\u00e1s de dos horas y media en una aeronave cuyo despegue hacia Lima hab\u00eda sido pospuesto indefinidamente, lo que supuso un sufrido per\u00edodo de espera en el que ning\u00fan responsable del vuelo se molest\u00f3 en informarla de los motivos de semejante tortura.<\/p>\n<p style=\"text-align: justify;\">\u00abDos horas y media encerrada en un avi\u00f3n sin que expliquen nada. Nunca jam\u00e1s me hab\u00edan tratado as\u00ed de mal en un viaje a Lima. No viajen con esta aerol\u00ednea, es lo peor\u00bb, asegur\u00f3 en su espacio personal la autodenominada abogada de los pobres, quien tambi\u00e9n acus\u00f3 a la empresa de \u00abmentir\u00bb descaradamente con sus intentos de tranquilizar a los viajeros. \u00abToda la gente est\u00e1 desesperada aislada en este aparato. Y encima mienten, dicen que el viento les ha obligado a permanecer en la pista y se nota que el avi\u00f3n tiene una falla. Esto es una aut\u00e9ntica pesadilla, quiero cambiar de compa\u00f1\u00eda\u00bb, se desahog\u00f3 la estrella televisiva.<\/p>\n<p>  <!--more-->  <\/p>\n<p style=\"text-align: justify;\">Aunque en la extensa carrera profesional de Laura Bozzo se han sucedido incontables episodios controvertidos relacionados con sus \u00e1cidos comentarios, en los \u00faltimos tiempos la peruana se ha centrado m\u00e1s en cultivar su ingeniosa ret\u00f3rica en las redes sociales, una plataforma con la que tambi\u00e9n se esmera en defenderse de las numerosas cr\u00edticas de sus detractores. Su \u00faltima confrontaci\u00f3n con los internautas vino motivada por los insultos hom\u00f3fobos que, previamente, Laura hab\u00eda dedicado al periodista Alex Kaffie y que indignaron a varios representantes de la comunidad homosexual. La agria pol\u00e9mica oblig\u00f3 a Laura a matizar sus declaraciones a trav\u00e9s de su propio perfil, pero la rectificaci\u00f3n no consigui\u00f3 atenuar el \u00edmpetu de su ret\u00f3rica.<\/p>\n<p style=\"text-align: justify;\">\u00abPiensen de m\u00ed lo que quieran, pero aclaro que siempre defend\u00ed a la comunidad gay y los amo. Incluso me dieron muchos premios por eso. Que les quede claro. Adem\u00e1s, una cosa es defender a mi hija de los ataques del innombrable Kaffie, acomplejado y basura, y otra cosa muy diferente es atacar a los homosexuales. \u00c9l no los representa\u00bb, manifest\u00f3 en su cuenta.<\/p>\n<p style=\"text-align: justify;\">Terra.com.pe \/ BangShowbizz<\/p>\n<p style=\"text-align: justify;\"><img decoding=\"async\" src=\"images\/stories\/13\/05\/060513\/laura_bozzo.jpg\" border=\"0\" alt=\"Laura Bozzo arremete contra una aerol\u00ednea en Twitter\" title=\"Laura Bozzo arremete contra una aerol\u00ednea en Twitter\" \/><\/p>\n","protected":false},"excerpt":{"rendered":"<p>(Aeronoticias).- La presentadora peruana es conocida por denunciar con crudeza todo aquello que considera inaceptable y digno de escarnio p\u00fablico, ya sean las cr\u00edticas que le lanzan sus rivales televisivos o los ataques que recibe su hija por posar desnuda en varias revistas. Por ello, la estrella de la peque\u00f1a pantalla no ha tenido ning\u00fan [&hellip;]<\/p>\n","protected":false},"author":1,"featured_media":0,"comment_status":"open","ping_status":"open","sticky":false,"template":"","format":"standard","meta":{"tdm_status":"","tdm_grid_status":"","footnotes":""},"categories":[41],"tags":[],"class_list":{"0":"post-36702","1":"post","2":"type-post","3":"status-publish","4":"format-standard","6":"category-espectaculos"},"yoast_head":"<!-- This site is optimized with the Yoast SEO plugin v25.1 - https:\/\/yoast.com\/wordpress\/plugins\/seo\/ -->\n<title>Laura Bozzo arremete contra una aerol\u00ednea en Twitter<\/title>\n<meta name=\"description\" content=\"Portal de noticias del Per\u00fa sobre el transporte a\u00e9reo, aviaci\u00f3n, turismo, hoteleria, actualidad.\" \/>\n<meta name=\"robots\" content=\"index, follow, max-snippet:-1, max-image-preview:large, max-video-preview:-1\" \/>\n<link rel=\"canonical\" href=\"https:\/\/aeronoticias.com.pe\/noticiero\/espectaculos\/laura-bozzo-arremete-contra-una-aerolinea-en-twitter\/\" \/>\n<meta property=\"og:locale\" content=\"es_ES\" \/>\n<meta property=\"og:type\" content=\"article\" \/>\n<meta property=\"og:title\" content=\"Laura Bozzo arremete contra una aerol\u00ednea en Twitter\" \/>\n<meta property=\"og:description\" content=\"Portal de noticias del Per\u00fa sobre el transporte a\u00e9reo, aviaci\u00f3n, turismo, hoteleria, actualidad.\" \/>\n<meta property=\"og:url\" content=\"https:\/\/aeronoticias.com.pe\/noticiero\/espectaculos\/laura-bozzo-arremete-contra-una-aerolinea-en-twitter\/\" \/>\n<meta property=\"og:site_name\" content=\"Aeronoticias.com.pe\" \/>\n<meta property=\"article:publisher\" content=\"https:\/\/www.facebook.com\/Aeronoticias.com.pe\/\" \/>\n<meta property=\"article:published_time\" content=\"2013-05-06T15:06:34+00:00\" \/>\n<meta name=\"author\" content=\"Redacci\u00f3n Aeronoticias\" \/>\n<meta name=\"twitter:card\" content=\"summary_large_image\" \/>\n<meta name=\"twitter:creator\" content=\"@aeronoticias\" \/>\n<meta name=\"twitter:site\" content=\"@aeronoticias\" \/>\n<meta name=\"twitter:label1\" content=\"Escrito por\" \/>\n\t<meta name=\"twitter:data1\" content=\"Redacci\u00f3n Aeronoticias\" \/>\n\t<meta name=\"twitter:label2\" content=\"Tiempo de lectura\" \/>\n\t<meta name=\"twitter:data2\" content=\"2 minutos\" \/>\n<script type=\"application\/ld+json\" class=\"yoast-schema-graph\">{\"@context\":\"https:\/\/schema.org\",\"@graph\":[{\"@type\":\"WebPage\",\"@id\":\"https:\/\/aeronoticias.com.pe\/noticiero\/espectaculos\/laura-bozzo-arremete-contra-una-aerolinea-en-twitter\/\",\"url\":\"https:\/\/aeronoticias.com.pe\/noticiero\/espectaculos\/laura-bozzo-arremete-contra-una-aerolinea-en-twitter\/\",\"name\":\"Laura Bozzo arremete contra una aerol\u00ednea en Twitter\",\"isPartOf\":{\"@id\":\"https:\/\/aeronoticias.com.pe\/noticiero\/#website\"},\"datePublished\":\"2013-05-06T15:06:34+00:00\",\"author\":{\"@id\":\"https:\/\/aeronoticias.com.pe\/noticiero\/#\/schema\/person\/fc1e5d578f4b62ba1cf7ac2bba1170a0\"},\"description\":\"Portal de noticias del Per\u00fa sobre el transporte a\u00e9reo, aviaci\u00f3n, turismo, hoteleria, actualidad.\",\"breadcrumb\":{\"@id\":\"https:\/\/aeronoticias.com.pe\/noticiero\/espectaculos\/laura-bozzo-arremete-contra-una-aerolinea-en-twitter\/#breadcrumb\"},\"inLanguage\":\"es\",\"potentialAction\":[{\"@type\":\"ReadAction\",\"target\":[\"https:\/\/aeronoticias.com.pe\/noticiero\/espectaculos\/laura-bozzo-arremete-contra-una-aerolinea-en-twitter\/\"]}]},{\"@type\":\"BreadcrumbList\",\"@id\":\"https:\/\/aeronoticias.com.pe\/noticiero\/espectaculos\/laura-bozzo-arremete-contra-una-aerolinea-en-twitter\/#breadcrumb\",\"itemListElement\":[{\"@type\":\"ListItem\",\"position\":1,\"name\":\"Portada\",\"item\":\"https:\/\/aeronoticias.com.pe\/noticiero\/\"},{\"@type\":\"ListItem\",\"position\":2,\"name\":\"Laura Bozzo arremete contra una aerol\u00ednea en Twitter\"}]},{\"@type\":\"WebSite\",\"@id\":\"https:\/\/aeronoticias.com.pe\/noticiero\/#website\",\"url\":\"https:\/\/aeronoticias.com.pe\/noticiero\/\",\"name\":\"Aeronoticias.com.pe\",\"description\":\"Noticias de tranporte aereo, turismo, hoteles, gastronomia, actualidad, internacional\",\"potentialAction\":[{\"@type\":\"SearchAction\",\"target\":{\"@type\":\"EntryPoint\",\"urlTemplate\":\"https:\/\/aeronoticias.com.pe\/noticiero\/?s={search_term_string}\"},\"query-input\":{\"@type\":\"PropertyValueSpecification\",\"valueRequired\":true,\"valueName\":\"search_term_string\"}}],\"inLanguage\":\"es\"},{\"@type\":\"Person\",\"@id\":\"https:\/\/aeronoticias.com.pe\/noticiero\/#\/schema\/person\/fc1e5d578f4b62ba1cf7ac2bba1170a0\",\"name\":\"Redacci\u00f3n Aeronoticias\",\"url\":\"https:\/\/aeronoticias.com.pe\/noticiero\/author\/piloto\/\"}]}<\/script>\n<!-- \/ Yoast SEO plugin. -->","yoast_head_json":{"title":"Laura Bozzo arremete contra una aerol\u00ednea en Twitter","description":"Portal de noticias del Per\u00fa sobre el transporte a\u00e9reo, aviaci\u00f3n, turismo, hoteleria, actualidad.","robots":{"index":"index","follow":"follow","max-snippet":"max-snippet:-1","max-image-preview":"max-image-preview:large","max-video-preview":"max-video-preview:-1"},"canonical":"https:\/\/aeronoticias.com.pe\/noticiero\/espectaculos\/laura-bozzo-arremete-contra-una-aerolinea-en-twitter\/","og_locale":"es_ES","og_type":"article","og_title":"Laura Bozzo arremete contra una aerol\u00ednea en Twitter","og_description":"Portal de noticias del Per\u00fa sobre el transporte a\u00e9reo, aviaci\u00f3n, turismo, hoteleria, actualidad.","og_url":"https:\/\/aeronoticias.com.pe\/noticiero\/espectaculos\/laura-bozzo-arremete-contra-una-aerolinea-en-twitter\/","og_site_name":"Aeronoticias.com.pe","article_publisher":"https:\/\/www.facebook.com\/Aeronoticias.com.pe\/","article_published_time":"2013-05-06T15:06:34+00:00","author":"Redacci\u00f3n Aeronoticias","twitter_card":"summary_large_image","twitter_creator":"@aeronoticias","twitter_site":"@aeronoticias","twitter_misc":{"Escrito por":"Redacci\u00f3n Aeronoticias","Tiempo de lectura":"2 minutos"},"schema":{"@context":"https:\/\/schema.org","@graph":[{"@type":"WebPage","@id":"https:\/\/aeronoticias.com.pe\/noticiero\/espectaculos\/laura-bozzo-arremete-contra-una-aerolinea-en-twitter\/","url":"https:\/\/aeronoticias.com.pe\/noticiero\/espectaculos\/laura-bozzo-arremete-contra-una-aerolinea-en-twitter\/","name":"Laura Bozzo arremete contra una aerol\u00ednea en Twitter","isPartOf":{"@id":"https:\/\/aeronoticias.com.pe\/noticiero\/#website"},"datePublished":"2013-05-06T15:06:34+00:00","author":{"@id":"https:\/\/aeronoticias.com.pe\/noticiero\/#\/schema\/person\/fc1e5d578f4b62ba1cf7ac2bba1170a0"},"description":"Portal de noticias del Per\u00fa sobre el transporte a\u00e9reo, aviaci\u00f3n, turismo, hoteleria, actualidad.","breadcrumb":{"@id":"https:\/\/aeronoticias.com.pe\/noticiero\/espectaculos\/laura-bozzo-arremete-contra-una-aerolinea-en-twitter\/#breadcrumb"},"inLanguage":"es","potentialAction":[{"@type":"ReadAction","target":["https:\/\/aeronoticias.com.pe\/noticiero\/espectaculos\/laura-bozzo-arremete-contra-una-aerolinea-en-twitter\/"]}]},{"@type":"BreadcrumbList","@id":"https:\/\/aeronoticias.com.pe\/noticiero\/espectaculos\/laura-bozzo-arremete-contra-una-aerolinea-en-twitter\/#breadcrumb","itemListElement":[{"@type":"ListItem","position":1,"name":"Portada","item":"https:\/\/aeronoticias.com.pe\/noticiero\/"},{"@type":"ListItem","position":2,"name":"Laura Bozzo arremete contra una aerol\u00ednea en Twitter"}]},{"@type":"WebSite","@id":"https:\/\/aeronoticias.com.pe\/noticiero\/#website","url":"https:\/\/aeronoticias.com.pe\/noticiero\/","name":"Aeronoticias.com.pe","description":"Noticias de tranporte aereo, turismo, hoteles, gastronomia, actualidad, internacional","potentialAction":[{"@type":"SearchAction","target":{"@type":"EntryPoint","urlTemplate":"https:\/\/aeronoticias.com.pe\/noticiero\/?s={search_term_string}"},"query-input":{"@type":"PropertyValueSpecification","valueRequired":true,"valueName":"search_term_string"}}],"inLanguage":"es"},{"@type":"Person","@id":"https:\/\/aeronoticias.com.pe\/noticiero\/#\/schema\/person\/fc1e5d578f4b62ba1cf7ac2bba1170a0","name":"Redacci\u00f3n Aeronoticias","url":"https:\/\/aeronoticias.com.pe\/noticiero\/author\/piloto\/"}]}},"_links":{"self":[{"href":"https:\/\/aeronoticias.com.pe\/noticiero\/wp-json\/wp\/v2\/posts\/36702","targetHints":{"allow":["GET"]}}],"collection":[{"href":"https:\/\/aeronoticias.com.pe\/noticiero\/wp-json\/wp\/v2\/posts"}],"about":[{"href":"https:\/\/aeronoticias.com.pe\/noticiero\/wp-json\/wp\/v2\/types\/post"}],"author":[{"embeddable":true,"href":"https:\/\/aeronoticias.com.pe\/noticiero\/wp-json\/wp\/v2\/users\/1"}],"replies":[{"embeddable":true,"href":"https:\/\/aeronoticias.com.pe\/noticiero\/wp-json\/wp\/v2\/comments?post=36702"}],"version-history":[{"count":0,"href":"https:\/\/aeronoticias.com.pe\/noticiero\/wp-json\/wp\/v2\/posts\/36702\/revisions"}],"wp:attachment":[{"href":"https:\/\/aeronoticias.com.pe\/noticiero\/wp-json\/wp\/v2\/media?parent=36702"}],"wp:term":[{"taxonomy":"category","embeddable":true,"href":"https:\/\/aeronoticias.com.pe\/noticiero\/wp-json\/wp\/v2\/categories?post=36702"},{"taxonomy":"post_tag","embeddable":true,"href":"https:\/\/aeronoticias.com.pe\/noticiero\/wp-json\/wp\/v2\/tags?post=36702"}],"curies":[{"name":"wp","href":"https:\/\/api.w.org\/{rel}","templated":true}]}}