{"id":36703,"date":"2013-05-06T15:28:51","date_gmt":"2013-05-06T15:28:51","guid":{"rendered":"http:\/\/desarrollo.mcvicious.com\/aero2020\/2013\/05\/06\/el-maravilloso-cocktel-myers\/"},"modified":"2013-05-06T15:28:51","modified_gmt":"2013-05-06T15:28:51","slug":"el-maravilloso-cocktel-myers","status":"publish","type":"post","link":"https:\/\/aeronoticias.com.pe\/noticiero\/salud\/el-maravilloso-cocktel-myers\/","title":{"rendered":"El maravilloso cocktel Myers"},"content":{"rendered":"<p style=\"text-align: justify;\"><strong>(Aeronoticias).-<\/strong> John Myers, m\u00e9dico de Baltimore, Maryland, abri\u00f3 camino al uso intravenoso de vitaminas y minerales. \u00a0Despu\u00e9s que el Dr. Myers partiera en 1984, varios de sus pacientes buscaron las inyecciones nutrientes de este m\u00e9dico. Algunos de ellos hab\u00edan estado recibiendo inyecciones mensuales, semanales o dos veces por semana durante 25 a\u00f1os o m\u00e1s en unos casos, sin embargo, los problemas se repet\u00edan si los pacientes pasaban mucho tiempo sin una inyecci\u00f3n.<\/p>\n<p style=\"text-align: justify;\">Gracias al estudio del Dr. Alan Gaby, doctor en Medicina y Bioqu\u00edmica, Presidente de la Asociaci\u00f3n Hol\u00edstica Americana y excelente amigo personal, se modific\u00f3 la f\u00f3rmula y se potencializ\u00f3 con efectos asombrosos sobre todo para el tratamiento del asma, migra\u00f1as agudas, fatiga (incluyendo el s\u00edndrome de fatiga cr\u00f3nico), fibromialgia, espasmo muscular agudo, infecciones de las v\u00edas respiratorias superiores, sinusitis cr\u00f3nica, la rinitis al\u00e9rgica estacional, insuficiencia cardiaca congestiva, angina, urticaria cr\u00f3nica, hipertiroidismo y disminorrea.<\/p>\n<p>  <!--more-->  <\/p>\n<p style=\"text-align: justify;\">Durante los \u00faltimos 20 a\u00f1os estos resultados cl\u00ednicos se han presentado en m\u00e1s de 20 conferencias cient\u00edficas a varios miles de m\u00e9dicos. Hoy, muchos doctores (probablemente m\u00e1s de 1,000 en los Estados Unidos) que usan el Cocktel Myers .<\/p>\n<p style=\"text-align: justify;\">B\u00e1sicamente est\u00e1 formado por Cloruro de Magnesio hexahidrato, Gluconato de Calcio, Complejo B y Vitamina C. Todos los ingredientes son combinados en una jeringa con agua est\u00e9ril y se aplica por v\u00eda intravenosa.<\/p>\n<p style=\"text-align: justify;\">El Instituto Bien de Salud, siempre en la labor de de la prevenci\u00f3n e informaci\u00f3n ha traducido en un nuevo esfuerzo editorial el libro del Dr. Alan Gaby \u201cMagnesio. Como un mineral importante ayuda a evitar ataques al coraz\u00f3n y aliviar el estr\u00e9s\u201d.<\/p>\n<p style=\"text-align: justify;\">En \u00e9l hay un cap\u00edtulo dedicado exclusivamente al C\u00f3cktel Myers, una alternativa \u00a0muy eficaz para mejorar la salud, prevenir enfermedades, orientado en nuestra dieta el consumo de \u00e9ste importante mineral.<\/p>\n<p style=\"text-align: justify;\"><strong>AUTOEXAMEN DE LOS SENOS<\/strong><\/p>\n<p style=\"text-align: justify;\">Es importante un autoexamen de los senos cada mes y en el mismo momento del ciclo menstrual. Durante el periodo menstrual no hay que examinarse los senos. Antes del periodo, por lo regular a lso senos les salen n\u00f3dulos, se hinchan y duelen. Esto pasa despu\u00e9s del periodo menstrual. Familiar\u00edcese con sus senos para que pueda detectar alguna anormalidad, un cambio o aumento de tama\u00f1o o una protuberancia.<\/p>\n<p style=\"text-align: justify;\">Cuando observe cualquier cambio informe a su m\u00e9dico.<\/p>\n<p style=\"text-align: justify;\">Si\u00e9ntese frente a un espejo, levante las manos por encima de la cabeza y j\u00fantelas. Observe la forma de sus senos. Coloque las manos en la cadera, presi\u00f3nelas y f\u00edjese si hay irregularidades en la piel o si los pezones est\u00e1n desplazados o si un seno se ve distinto al otro, si hay escamosidades rojizas, engrosamiento de la piel o en los pezones.<\/p>\n<p style=\"text-align: justify;\">Levante una mano por encima de la cabeza. Con la otra explore firmemente el seno. Empezando en la parte exterior y con movimiento circular ac\u00e9rquese al pez\u00f3n. P\u00e1lpese tambi\u00e9n la axila pues en ella hay n\u00f3dulos linf\u00e1ticos. Si se mueven libremente, se sienten suaves y no duelen, no hay que preocuparse. Repita le procedimiento con el otro seno.<\/p>\n<p style=\"text-align: justify;\">Acu\u00e9stese sobre la espalda y repita el paso anterior. Las protuberancias se detectan m\u00e1s f\u00e1cilmente en esa posici\u00f3n. Opr\u00edmase el pez\u00f3n suavemente y f\u00edjese si sale sangre o si hay alguna secreci\u00f3n acuosa amarilla o ros\u00e1cea e informe a su m\u00e9dico.<\/p>\n<p style=\"text-align: justify;\"><strong>FRIGIDEZ: \u00a0MAS QUE UN PROBLEMA DE PAREJA<\/strong><\/p>\n<p style=\"text-align: justify;\">El t\u00e9rmino frigidez se refiere a la incapacidad de la mujer de experimentar placer durante el contacto sexual. Suele tener un origen psicol\u00f3gico relacionado con el temor, la culpa, depresi\u00f3n, conflicto de pareja, sentimientos de inferioridad, experiencias desagradables en la infancia y adolescencia, etc.<\/p>\n<p style=\"text-align: justify;\">Sin embargo hay que tomar en cuenta el aspecto fisiol\u00f3gico como el dolor durante el acto sexual por falta de lubricaci\u00f3n, estimulaci\u00f3n inadecuada, enfermedad, infecci\u00f3n u otra causa.<\/p>\n<p style=\"text-align: justify;\">La deficiencia de vitaminas puede producir bajos niveles de estr\u00f3geno y la lubricaci\u00f3n es insuficiente. \u00a0Se puede incluir en la dieta el aceite de oliva y de ajonjol\u00ed, las semillas de calabaza, la lecitina de soya, el queso de soya (tof\u00fa) y las nueces.<\/p>\n<p style=\"text-align: justify;\">Evitar el smog por ser altamente t\u00f3xico y peligroso ya que afecta la actividad hormonal. Evite consumir carnes rojas y de aves de corral y alimentos procesados que contengan az\u00facar refinada.<\/p>\n<p style=\"text-align: justify;\">Este problema tambi\u00e9n est\u00e1 asociado al hipotiroidismo o a la depresi\u00f3n.<\/p>\n<p style=\"text-align: justify;\"><strong>LA TERAPIA CON LAS MANOS ALIVIA EL DOLOR DE ESPALDA<\/strong><\/p>\n<p style=\"text-align: justify;\">Las sesiones de terapia manual a manos de un fisioterapeuta, en combinaci\u00f3n con ejercicios espec\u00edficos para fortalecer la espalda consiguen aliviar la lumbalgia cr\u00f3nica. Lo cierto es que la mayor\u00eda de los dolores de espalda no tienen una causa espec\u00edfica. Es decir, no se deben a una enfermedad de la columna vertebral concreta, sino que son consecuencia de problemas musculoesquel\u00e9ticos inespec\u00edficos. Muchos pacientes recurren a las terapias manuales, en las que fisioterapeutas o quiropr\u00e1cticos utilizan las manos para mejorar la movilidad de las articulaciones de la columna o las estructuras adyacentes.<\/p>\n<p style=\"text-align: justify;\">Investigadores del Programa Lumbar de la Universidad de Michigan (EEUU) decidieron evaluar este tipo de tratamientos. Un centenar de personas que llevaban m\u00e1s de tres meses con dolor se sometieron a una de estas intervenciones: terapia manual m\u00e1s ejercicios de espalda, terapia manual m\u00e1s actividad f\u00edsica (caminar, pesas, etc). Tras seis sesiones semanales, se constat\u00f3 que los pacientes que reciben terapia manual con ejercicios espec\u00edficos mostraron significativas mejor\u00edas en el dolor, en comparaci\u00f3n con sus niveles de molestias antes del tratamiento.<\/p>\n<p style=\"text-align: justify;\"><img decoding=\"async\" src=\"images\/stories\/13\/05\/060513\/meiers.jpg\" border=\"0\" alt=\"El maravilloso cocktel Myers\" title=\"El maravilloso cocktel Myers\" \/><\/p>\n","protected":false},"excerpt":{"rendered":"<p>(Aeronoticias).- John Myers, m\u00e9dico de Baltimore, Maryland, abri\u00f3 camino al uso intravenoso de vitaminas y minerales. \u00a0Despu\u00e9s que el Dr. Myers partiera en 1984, varios de sus pacientes buscaron las inyecciones nutrientes de este m\u00e9dico. Algunos de ellos hab\u00edan estado recibiendo inyecciones mensuales, semanales o dos veces por semana durante 25 a\u00f1os o m\u00e1s en [&hellip;]<\/p>\n","protected":false},"author":1,"featured_media":0,"comment_status":"open","ping_status":"open","sticky":false,"template":"","format":"standard","meta":{"tdm_status":"","tdm_grid_status":"","footnotes":""},"categories":[37],"tags":[],"class_list":{"0":"post-36703","1":"post","2":"type-post","3":"status-publish","4":"format-standard","6":"category-salud"},"yoast_head":"<!-- This site is optimized with the Yoast SEO plugin v25.1 - https:\/\/yoast.com\/wordpress\/plugins\/seo\/ -->\n<title>El maravilloso cocktel Myers<\/title>\n<meta name=\"description\" content=\"Portal de noticias del Per\u00fa sobre el transporte a\u00e9reo, aviaci\u00f3n, turismo, hoteleria, actualidad.\" \/>\n<meta name=\"robots\" content=\"index, follow, max-snippet:-1, max-image-preview:large, max-video-preview:-1\" \/>\n<link rel=\"canonical\" href=\"https:\/\/aeronoticias.com.pe\/noticiero\/salud\/el-maravilloso-cocktel-myers\/\" \/>\n<meta property=\"og:locale\" content=\"es_ES\" \/>\n<meta property=\"og:type\" content=\"article\" \/>\n<meta property=\"og:title\" content=\"El maravilloso cocktel Myers\" \/>\n<meta property=\"og:description\" content=\"Portal de noticias del Per\u00fa sobre el transporte a\u00e9reo, aviaci\u00f3n, turismo, hoteleria, actualidad.\" \/>\n<meta property=\"og:url\" content=\"https:\/\/aeronoticias.com.pe\/noticiero\/salud\/el-maravilloso-cocktel-myers\/\" \/>\n<meta property=\"og:site_name\" content=\"Aeronoticias.com.pe\" \/>\n<meta property=\"article:publisher\" content=\"https:\/\/www.facebook.com\/Aeronoticias.com.pe\/\" \/>\n<meta property=\"article:published_time\" content=\"2013-05-06T15:28:51+00:00\" \/>\n<meta name=\"author\" content=\"Redacci\u00f3n Aeronoticias\" \/>\n<meta name=\"twitter:card\" content=\"summary_large_image\" \/>\n<meta name=\"twitter:creator\" content=\"@aeronoticias\" \/>\n<meta name=\"twitter:site\" content=\"@aeronoticias\" \/>\n<meta name=\"twitter:label1\" content=\"Escrito por\" \/>\n\t<meta name=\"twitter:data1\" content=\"Redacci\u00f3n Aeronoticias\" \/>\n\t<meta name=\"twitter:label2\" content=\"Tiempo de lectura\" \/>\n\t<meta name=\"twitter:data2\" content=\"5 minutos\" \/>\n<script type=\"application\/ld+json\" class=\"yoast-schema-graph\">{\"@context\":\"https:\/\/schema.org\",\"@graph\":[{\"@type\":\"WebPage\",\"@id\":\"https:\/\/aeronoticias.com.pe\/noticiero\/salud\/el-maravilloso-cocktel-myers\/\",\"url\":\"https:\/\/aeronoticias.com.pe\/noticiero\/salud\/el-maravilloso-cocktel-myers\/\",\"name\":\"El maravilloso cocktel Myers\",\"isPartOf\":{\"@id\":\"https:\/\/aeronoticias.com.pe\/noticiero\/#website\"},\"datePublished\":\"2013-05-06T15:28:51+00:00\",\"author\":{\"@id\":\"https:\/\/aeronoticias.com.pe\/noticiero\/#\/schema\/person\/fc1e5d578f4b62ba1cf7ac2bba1170a0\"},\"description\":\"Portal de noticias del Per\u00fa sobre el transporte a\u00e9reo, aviaci\u00f3n, turismo, hoteleria, actualidad.\",\"breadcrumb\":{\"@id\":\"https:\/\/aeronoticias.com.pe\/noticiero\/salud\/el-maravilloso-cocktel-myers\/#breadcrumb\"},\"inLanguage\":\"es\",\"potentialAction\":[{\"@type\":\"ReadAction\",\"target\":[\"https:\/\/aeronoticias.com.pe\/noticiero\/salud\/el-maravilloso-cocktel-myers\/\"]}]},{\"@type\":\"BreadcrumbList\",\"@id\":\"https:\/\/aeronoticias.com.pe\/noticiero\/salud\/el-maravilloso-cocktel-myers\/#breadcrumb\",\"itemListElement\":[{\"@type\":\"ListItem\",\"position\":1,\"name\":\"Portada\",\"item\":\"https:\/\/aeronoticias.com.pe\/noticiero\/\"},{\"@type\":\"ListItem\",\"position\":2,\"name\":\"El maravilloso cocktel Myers\"}]},{\"@type\":\"WebSite\",\"@id\":\"https:\/\/aeronoticias.com.pe\/noticiero\/#website\",\"url\":\"https:\/\/aeronoticias.com.pe\/noticiero\/\",\"name\":\"Aeronoticias.com.pe\",\"description\":\"Noticias de tranporte aereo, turismo, hoteles, gastronomia, actualidad, internacional\",\"potentialAction\":[{\"@type\":\"SearchAction\",\"target\":{\"@type\":\"EntryPoint\",\"urlTemplate\":\"https:\/\/aeronoticias.com.pe\/noticiero\/?s={search_term_string}\"},\"query-input\":{\"@type\":\"PropertyValueSpecification\",\"valueRequired\":true,\"valueName\":\"search_term_string\"}}],\"inLanguage\":\"es\"},{\"@type\":\"Person\",\"@id\":\"https:\/\/aeronoticias.com.pe\/noticiero\/#\/schema\/person\/fc1e5d578f4b62ba1cf7ac2bba1170a0\",\"name\":\"Redacci\u00f3n Aeronoticias\",\"url\":\"https:\/\/aeronoticias.com.pe\/noticiero\/author\/piloto\/\"}]}<\/script>\n<!-- \/ Yoast SEO plugin. -->","yoast_head_json":{"title":"El maravilloso cocktel Myers","description":"Portal de noticias del Per\u00fa sobre el transporte a\u00e9reo, aviaci\u00f3n, turismo, hoteleria, actualidad.","robots":{"index":"index","follow":"follow","max-snippet":"max-snippet:-1","max-image-preview":"max-image-preview:large","max-video-preview":"max-video-preview:-1"},"canonical":"https:\/\/aeronoticias.com.pe\/noticiero\/salud\/el-maravilloso-cocktel-myers\/","og_locale":"es_ES","og_type":"article","og_title":"El maravilloso cocktel Myers","og_description":"Portal de noticias del Per\u00fa sobre el transporte a\u00e9reo, aviaci\u00f3n, turismo, hoteleria, actualidad.","og_url":"https:\/\/aeronoticias.com.pe\/noticiero\/salud\/el-maravilloso-cocktel-myers\/","og_site_name":"Aeronoticias.com.pe","article_publisher":"https:\/\/www.facebook.com\/Aeronoticias.com.pe\/","article_published_time":"2013-05-06T15:28:51+00:00","author":"Redacci\u00f3n Aeronoticias","twitter_card":"summary_large_image","twitter_creator":"@aeronoticias","twitter_site":"@aeronoticias","twitter_misc":{"Escrito por":"Redacci\u00f3n Aeronoticias","Tiempo de lectura":"5 minutos"},"schema":{"@context":"https:\/\/schema.org","@graph":[{"@type":"WebPage","@id":"https:\/\/aeronoticias.com.pe\/noticiero\/salud\/el-maravilloso-cocktel-myers\/","url":"https:\/\/aeronoticias.com.pe\/noticiero\/salud\/el-maravilloso-cocktel-myers\/","name":"El maravilloso cocktel Myers","isPartOf":{"@id":"https:\/\/aeronoticias.com.pe\/noticiero\/#website"},"datePublished":"2013-05-06T15:28:51+00:00","author":{"@id":"https:\/\/aeronoticias.com.pe\/noticiero\/#\/schema\/person\/fc1e5d578f4b62ba1cf7ac2bba1170a0"},"description":"Portal de noticias del Per\u00fa sobre el transporte a\u00e9reo, aviaci\u00f3n, turismo, hoteleria, actualidad.","breadcrumb":{"@id":"https:\/\/aeronoticias.com.pe\/noticiero\/salud\/el-maravilloso-cocktel-myers\/#breadcrumb"},"inLanguage":"es","potentialAction":[{"@type":"ReadAction","target":["https:\/\/aeronoticias.com.pe\/noticiero\/salud\/el-maravilloso-cocktel-myers\/"]}]},{"@type":"BreadcrumbList","@id":"https:\/\/aeronoticias.com.pe\/noticiero\/salud\/el-maravilloso-cocktel-myers\/#breadcrumb","itemListElement":[{"@type":"ListItem","position":1,"name":"Portada","item":"https:\/\/aeronoticias.com.pe\/noticiero\/"},{"@type":"ListItem","position":2,"name":"El maravilloso cocktel Myers"}]},{"@type":"WebSite","@id":"https:\/\/aeronoticias.com.pe\/noticiero\/#website","url":"https:\/\/aeronoticias.com.pe\/noticiero\/","name":"Aeronoticias.com.pe","description":"Noticias de tranporte aereo, turismo, hoteles, gastronomia, actualidad, internacional","potentialAction":[{"@type":"SearchAction","target":{"@type":"EntryPoint","urlTemplate":"https:\/\/aeronoticias.com.pe\/noticiero\/?s={search_term_string}"},"query-input":{"@type":"PropertyValueSpecification","valueRequired":true,"valueName":"search_term_string"}}],"inLanguage":"es"},{"@type":"Person","@id":"https:\/\/aeronoticias.com.pe\/noticiero\/#\/schema\/person\/fc1e5d578f4b62ba1cf7ac2bba1170a0","name":"Redacci\u00f3n Aeronoticias","url":"https:\/\/aeronoticias.com.pe\/noticiero\/author\/piloto\/"}]}},"_links":{"self":[{"href":"https:\/\/aeronoticias.com.pe\/noticiero\/wp-json\/wp\/v2\/posts\/36703","targetHints":{"allow":["GET"]}}],"collection":[{"href":"https:\/\/aeronoticias.com.pe\/noticiero\/wp-json\/wp\/v2\/posts"}],"about":[{"href":"https:\/\/aeronoticias.com.pe\/noticiero\/wp-json\/wp\/v2\/types\/post"}],"author":[{"embeddable":true,"href":"https:\/\/aeronoticias.com.pe\/noticiero\/wp-json\/wp\/v2\/users\/1"}],"replies":[{"embeddable":true,"href":"https:\/\/aeronoticias.com.pe\/noticiero\/wp-json\/wp\/v2\/comments?post=36703"}],"version-history":[{"count":0,"href":"https:\/\/aeronoticias.com.pe\/noticiero\/wp-json\/wp\/v2\/posts\/36703\/revisions"}],"wp:attachment":[{"href":"https:\/\/aeronoticias.com.pe\/noticiero\/wp-json\/wp\/v2\/media?parent=36703"}],"wp:term":[{"taxonomy":"category","embeddable":true,"href":"https:\/\/aeronoticias.com.pe\/noticiero\/wp-json\/wp\/v2\/categories?post=36703"},{"taxonomy":"post_tag","embeddable":true,"href":"https:\/\/aeronoticias.com.pe\/noticiero\/wp-json\/wp\/v2\/tags?post=36703"}],"curies":[{"name":"wp","href":"https:\/\/api.w.org\/{rel}","templated":true}]}}