{"id":36704,"date":"2013-05-06T15:09:14","date_gmt":"2013-05-06T15:09:14","guid":{"rendered":"http:\/\/desarrollo.mcvicious.com\/aero2020\/2013\/05\/06\/crisis-diplomatica-ecuador-venezuela-peru-icomo-llegamos-a-esta-tormenta\/"},"modified":"2020-09-11T15:23:31","modified_gmt":"2020-09-11T15:23:31","slug":"crisis-diplomatica-ecuador-venezuela-peru-icomo-llegamos-a-esta-tormenta","status":"publish","type":"post","link":"https:\/\/aeronoticias.com.pe\/noticiero\/diplomatica\/crisis-diplomatica-ecuador-venezuela-peru-icomo-llegamos-a-esta-tormenta\/","title":{"rendered":"Crisis diplom\u00e1tica Ecuador-Venezuela-Per\u00fa \u00bfC\u00f3mo llegamos a esta tormenta?"},"content":{"rendered":"<p style=\"text-align: justify;\"><strong>(Aeronoticias)<\/strong>.- Los pa\u00edses aliados se encuentran ahora en una escaramuza diplom\u00e1tica. Y es que, afines al pensamiento, a primera vista causa curiosidad c\u00f3mo es que los gobiernos de Nicol\u00e1s Maduro y Rafael Correa han \u00abzurrado\u00bb a la diplomac\u00eda peruana.<\/p>\n<p style=\"text-align: justify;\">\u00bfQu\u00e9 sucedi\u00f3 con Per\u00fa y Ecuador? El embajador norte\u00f1o Rodrigo Riofr\u00edo tuvo una escaramuza con dos ciudadanas peruanas en un supermercado, lo que motiv\u00f3 la declaraci\u00f3n de persona non grata a Riofr\u00edo en el distrito de Magdalena del Mar -Lima-. El embajador sali\u00f3 a Ecuador d\u00edas despu\u00e9s mientras se desataba una tormenta en la opini\u00f3n p\u00fablica y en la Canciller\u00eda. La posterior declaraci\u00f3n de apoyo por parte de Rafael Correa a su embajador -apelando a que la ciudadana peruana lanz\u00f3 el primer golpe contra el ecuatoriano- lleg\u00f3 a limites insospechados.<\/p>\n<p style=\"text-align: justify;\">\u00abPrefiero renunciar (antes) que sacrificar a un inocente\u00bb, zanj\u00f3 Correa. Y a\u00f1adi\u00f3 que si Riofr\u00edo no regresa a Per\u00fa, el embajador peruano -quien fue convocado por la Canciller\u00eda- no pisar\u00eda suelo ecuatoriano.<\/p>\n<p style=\"text-align: justify;\">En el gallinero pol\u00edtico, las reacciones peruanas tras la elecci\u00f3n de Nicol\u00e1s Maduro han sido de rechazo, aduciendo ilegalidad en el proceso electoral. Las declaraciones del canciller peruano, Rafael Roncagliolo, acerca de promover un di\u00e1logo entre el gobierno venezolano y la oposici\u00f3n a trav\u00e9s de la Uni\u00f3n de Naciones Suramericanas, le sonaron como \u00abpescado podrido\u00bb.<\/p>\n<p style=\"text-align: justify;\">\u00abEspero que esa no se la posici\u00f3n del Presidente (Humala), pero yo debo decirle claramente al canciller del Per\u00fa que no se meta<span style=\"line-height: 1.3em;\">\u00ab, declar\u00f3 Maduro antes de llamar a su embajador.<\/span><\/p>\n<p style=\"text-align: justify;\"><span style=\"line-height: 1.3em;\">Con informaci\u00f3n de <a href=\"http:\/\/www.elcomercio.com\/politica\/Peru-impasses-diplomaticos-socialistas-Ecuador-Venezuela_0_913708762.html\"><strong><em><span style=\"text-decoration: underline;\">El Comercio<\/span><\/em><\/strong><\/a>.<\/span><\/p>\n<p style=\"text-align: justify;\"><span style=\"line-height: 1.3em;\"><img decoding=\"async\" src=\"images\/stories\/13\/05\/060513\/diplomacia_fragil.jpg\" border=\"0\" \/><br \/><\/span><\/p>\n","protected":false},"excerpt":{"rendered":"<p>(Aeronoticias).- Los pa\u00edses aliados se encuentran ahora en una escaramuza diplom\u00e1tica. Y es que, afines al pensamiento, a primera vista causa curiosidad c\u00f3mo es que los gobiernos de Nicol\u00e1s Maduro y Rafael Correa han \u00abzurrado\u00bb a la diplomac\u00eda peruana. \u00bfQu\u00e9 sucedi\u00f3 con Per\u00fa y Ecuador? El embajador norte\u00f1o Rodrigo Riofr\u00edo tuvo una escaramuza con dos [&hellip;]<\/p>\n","protected":false},"author":1,"featured_media":0,"comment_status":"open","ping_status":"open","sticky":false,"template":"","format":"standard","meta":{"tdm_status":"","tdm_grid_status":"","footnotes":""},"categories":[25],"tags":[],"class_list":{"0":"post-36704","1":"post","2":"type-post","3":"status-publish","4":"format-standard","6":"category-diplomatica"},"yoast_head":"<!-- This site is optimized with the Yoast SEO plugin v25.1 - https:\/\/yoast.com\/wordpress\/plugins\/seo\/ -->\n<title>Crisis diplom\u00e1tica Ecuador-Venezuela-Per\u00fa \u00bfC\u00f3mo llegamos a esta tormenta?<\/title>\n<meta name=\"description\" content=\"Portal de noticias del Per\u00fa sobre el transporte a\u00e9reo, aviaci\u00f3n, turismo, hoteleria, actualidad.\" \/>\n<meta name=\"robots\" content=\"index, follow, max-snippet:-1, max-image-preview:large, max-video-preview:-1\" \/>\n<link rel=\"canonical\" href=\"https:\/\/aeronoticias.com.pe\/noticiero\/diplomatica\/crisis-diplomatica-ecuador-venezuela-peru-icomo-llegamos-a-esta-tormenta\/\" \/>\n<meta property=\"og:locale\" content=\"es_ES\" \/>\n<meta property=\"og:type\" content=\"article\" \/>\n<meta property=\"og:title\" content=\"Crisis diplom\u00e1tica Ecuador-Venezuela-Per\u00fa \u00bfC\u00f3mo llegamos a esta tormenta?\" \/>\n<meta property=\"og:description\" content=\"Portal de noticias del Per\u00fa sobre el transporte a\u00e9reo, aviaci\u00f3n, turismo, hoteleria, actualidad.\" \/>\n<meta property=\"og:url\" content=\"https:\/\/aeronoticias.com.pe\/noticiero\/diplomatica\/crisis-diplomatica-ecuador-venezuela-peru-icomo-llegamos-a-esta-tormenta\/\" \/>\n<meta property=\"og:site_name\" content=\"Aeronoticias.com.pe\" \/>\n<meta property=\"article:publisher\" content=\"https:\/\/www.facebook.com\/Aeronoticias.com.pe\/\" \/>\n<meta property=\"article:published_time\" content=\"2013-05-06T15:09:14+00:00\" \/>\n<meta property=\"article:modified_time\" content=\"2020-09-11T15:23:31+00:00\" \/>\n<meta name=\"author\" content=\"Redacci\u00f3n Aeronoticias\" \/>\n<meta name=\"twitter:card\" content=\"summary_large_image\" \/>\n<meta name=\"twitter:creator\" content=\"@aeronoticias\" \/>\n<meta name=\"twitter:site\" content=\"@aeronoticias\" \/>\n<meta name=\"twitter:label1\" content=\"Escrito por\" \/>\n\t<meta name=\"twitter:data1\" content=\"Redacci\u00f3n Aeronoticias\" \/>\n\t<meta name=\"twitter:label2\" content=\"Tiempo de lectura\" \/>\n\t<meta name=\"twitter:data2\" content=\"1 minuto\" \/>\n<script type=\"application\/ld+json\" class=\"yoast-schema-graph\">{\"@context\":\"https:\/\/schema.org\",\"@graph\":[{\"@type\":\"WebPage\",\"@id\":\"https:\/\/aeronoticias.com.pe\/noticiero\/diplomatica\/crisis-diplomatica-ecuador-venezuela-peru-icomo-llegamos-a-esta-tormenta\/\",\"url\":\"https:\/\/aeronoticias.com.pe\/noticiero\/diplomatica\/crisis-diplomatica-ecuador-venezuela-peru-icomo-llegamos-a-esta-tormenta\/\",\"name\":\"Crisis diplom\u00e1tica Ecuador-Venezuela-Per\u00fa \u00bfC\u00f3mo llegamos a esta tormenta?\",\"isPartOf\":{\"@id\":\"https:\/\/aeronoticias.com.pe\/noticiero\/#website\"},\"datePublished\":\"2013-05-06T15:09:14+00:00\",\"dateModified\":\"2020-09-11T15:23:31+00:00\",\"author\":{\"@id\":\"https:\/\/aeronoticias.com.pe\/noticiero\/#\/schema\/person\/fc1e5d578f4b62ba1cf7ac2bba1170a0\"},\"description\":\"Portal de noticias del Per\u00fa sobre el transporte a\u00e9reo, aviaci\u00f3n, turismo, hoteleria, actualidad.\",\"breadcrumb\":{\"@id\":\"https:\/\/aeronoticias.com.pe\/noticiero\/diplomatica\/crisis-diplomatica-ecuador-venezuela-peru-icomo-llegamos-a-esta-tormenta\/#breadcrumb\"},\"inLanguage\":\"es\",\"potentialAction\":[{\"@type\":\"ReadAction\",\"target\":[\"https:\/\/aeronoticias.com.pe\/noticiero\/diplomatica\/crisis-diplomatica-ecuador-venezuela-peru-icomo-llegamos-a-esta-tormenta\/\"]}]},{\"@type\":\"BreadcrumbList\",\"@id\":\"https:\/\/aeronoticias.com.pe\/noticiero\/diplomatica\/crisis-diplomatica-ecuador-venezuela-peru-icomo-llegamos-a-esta-tormenta\/#breadcrumb\",\"itemListElement\":[{\"@type\":\"ListItem\",\"position\":1,\"name\":\"Portada\",\"item\":\"https:\/\/aeronoticias.com.pe\/noticiero\/\"},{\"@type\":\"ListItem\",\"position\":2,\"name\":\"Crisis diplom\u00e1tica Ecuador-Venezuela-Per\u00fa \u00bfC\u00f3mo llegamos a esta tormenta?\"}]},{\"@type\":\"WebSite\",\"@id\":\"https:\/\/aeronoticias.com.pe\/noticiero\/#website\",\"url\":\"https:\/\/aeronoticias.com.pe\/noticiero\/\",\"name\":\"Aeronoticias.com.pe\",\"description\":\"Noticias de tranporte aereo, turismo, hoteles, gastronomia, actualidad, internacional\",\"potentialAction\":[{\"@type\":\"SearchAction\",\"target\":{\"@type\":\"EntryPoint\",\"urlTemplate\":\"https:\/\/aeronoticias.com.pe\/noticiero\/?s={search_term_string}\"},\"query-input\":{\"@type\":\"PropertyValueSpecification\",\"valueRequired\":true,\"valueName\":\"search_term_string\"}}],\"inLanguage\":\"es\"},{\"@type\":\"Person\",\"@id\":\"https:\/\/aeronoticias.com.pe\/noticiero\/#\/schema\/person\/fc1e5d578f4b62ba1cf7ac2bba1170a0\",\"name\":\"Redacci\u00f3n Aeronoticias\",\"url\":\"https:\/\/aeronoticias.com.pe\/noticiero\/author\/piloto\/\"}]}<\/script>\n<!-- \/ Yoast SEO plugin. -->","yoast_head_json":{"title":"Crisis diplom\u00e1tica Ecuador-Venezuela-Per\u00fa \u00bfC\u00f3mo llegamos a esta tormenta?","description":"Portal de noticias del Per\u00fa sobre el transporte a\u00e9reo, aviaci\u00f3n, turismo, hoteleria, actualidad.","robots":{"index":"index","follow":"follow","max-snippet":"max-snippet:-1","max-image-preview":"max-image-preview:large","max-video-preview":"max-video-preview:-1"},"canonical":"https:\/\/aeronoticias.com.pe\/noticiero\/diplomatica\/crisis-diplomatica-ecuador-venezuela-peru-icomo-llegamos-a-esta-tormenta\/","og_locale":"es_ES","og_type":"article","og_title":"Crisis diplom\u00e1tica Ecuador-Venezuela-Per\u00fa \u00bfC\u00f3mo llegamos a esta tormenta?","og_description":"Portal de noticias del Per\u00fa sobre el transporte a\u00e9reo, aviaci\u00f3n, turismo, hoteleria, actualidad.","og_url":"https:\/\/aeronoticias.com.pe\/noticiero\/diplomatica\/crisis-diplomatica-ecuador-venezuela-peru-icomo-llegamos-a-esta-tormenta\/","og_site_name":"Aeronoticias.com.pe","article_publisher":"https:\/\/www.facebook.com\/Aeronoticias.com.pe\/","article_published_time":"2013-05-06T15:09:14+00:00","article_modified_time":"2020-09-11T15:23:31+00:00","author":"Redacci\u00f3n Aeronoticias","twitter_card":"summary_large_image","twitter_creator":"@aeronoticias","twitter_site":"@aeronoticias","twitter_misc":{"Escrito por":"Redacci\u00f3n Aeronoticias","Tiempo de lectura":"1 minuto"},"schema":{"@context":"https:\/\/schema.org","@graph":[{"@type":"WebPage","@id":"https:\/\/aeronoticias.com.pe\/noticiero\/diplomatica\/crisis-diplomatica-ecuador-venezuela-peru-icomo-llegamos-a-esta-tormenta\/","url":"https:\/\/aeronoticias.com.pe\/noticiero\/diplomatica\/crisis-diplomatica-ecuador-venezuela-peru-icomo-llegamos-a-esta-tormenta\/","name":"Crisis diplom\u00e1tica Ecuador-Venezuela-Per\u00fa \u00bfC\u00f3mo llegamos a esta tormenta?","isPartOf":{"@id":"https:\/\/aeronoticias.com.pe\/noticiero\/#website"},"datePublished":"2013-05-06T15:09:14+00:00","dateModified":"2020-09-11T15:23:31+00:00","author":{"@id":"https:\/\/aeronoticias.com.pe\/noticiero\/#\/schema\/person\/fc1e5d578f4b62ba1cf7ac2bba1170a0"},"description":"Portal de noticias del Per\u00fa sobre el transporte a\u00e9reo, aviaci\u00f3n, turismo, hoteleria, actualidad.","breadcrumb":{"@id":"https:\/\/aeronoticias.com.pe\/noticiero\/diplomatica\/crisis-diplomatica-ecuador-venezuela-peru-icomo-llegamos-a-esta-tormenta\/#breadcrumb"},"inLanguage":"es","potentialAction":[{"@type":"ReadAction","target":["https:\/\/aeronoticias.com.pe\/noticiero\/diplomatica\/crisis-diplomatica-ecuador-venezuela-peru-icomo-llegamos-a-esta-tormenta\/"]}]},{"@type":"BreadcrumbList","@id":"https:\/\/aeronoticias.com.pe\/noticiero\/diplomatica\/crisis-diplomatica-ecuador-venezuela-peru-icomo-llegamos-a-esta-tormenta\/#breadcrumb","itemListElement":[{"@type":"ListItem","position":1,"name":"Portada","item":"https:\/\/aeronoticias.com.pe\/noticiero\/"},{"@type":"ListItem","position":2,"name":"Crisis diplom\u00e1tica Ecuador-Venezuela-Per\u00fa \u00bfC\u00f3mo llegamos a esta tormenta?"}]},{"@type":"WebSite","@id":"https:\/\/aeronoticias.com.pe\/noticiero\/#website","url":"https:\/\/aeronoticias.com.pe\/noticiero\/","name":"Aeronoticias.com.pe","description":"Noticias de tranporte aereo, turismo, hoteles, gastronomia, actualidad, internacional","potentialAction":[{"@type":"SearchAction","target":{"@type":"EntryPoint","urlTemplate":"https:\/\/aeronoticias.com.pe\/noticiero\/?s={search_term_string}"},"query-input":{"@type":"PropertyValueSpecification","valueRequired":true,"valueName":"search_term_string"}}],"inLanguage":"es"},{"@type":"Person","@id":"https:\/\/aeronoticias.com.pe\/noticiero\/#\/schema\/person\/fc1e5d578f4b62ba1cf7ac2bba1170a0","name":"Redacci\u00f3n Aeronoticias","url":"https:\/\/aeronoticias.com.pe\/noticiero\/author\/piloto\/"}]}},"_links":{"self":[{"href":"https:\/\/aeronoticias.com.pe\/noticiero\/wp-json\/wp\/v2\/posts\/36704","targetHints":{"allow":["GET"]}}],"collection":[{"href":"https:\/\/aeronoticias.com.pe\/noticiero\/wp-json\/wp\/v2\/posts"}],"about":[{"href":"https:\/\/aeronoticias.com.pe\/noticiero\/wp-json\/wp\/v2\/types\/post"}],"author":[{"embeddable":true,"href":"https:\/\/aeronoticias.com.pe\/noticiero\/wp-json\/wp\/v2\/users\/1"}],"replies":[{"embeddable":true,"href":"https:\/\/aeronoticias.com.pe\/noticiero\/wp-json\/wp\/v2\/comments?post=36704"}],"version-history":[{"count":0,"href":"https:\/\/aeronoticias.com.pe\/noticiero\/wp-json\/wp\/v2\/posts\/36704\/revisions"}],"wp:attachment":[{"href":"https:\/\/aeronoticias.com.pe\/noticiero\/wp-json\/wp\/v2\/media?parent=36704"}],"wp:term":[{"taxonomy":"category","embeddable":true,"href":"https:\/\/aeronoticias.com.pe\/noticiero\/wp-json\/wp\/v2\/categories?post=36704"},{"taxonomy":"post_tag","embeddable":true,"href":"https:\/\/aeronoticias.com.pe\/noticiero\/wp-json\/wp\/v2\/tags?post=36704"}],"curies":[{"name":"wp","href":"https:\/\/api.w.org\/{rel}","templated":true}]}}