{"id":36973,"date":"2013-05-14T21:20:29","date_gmt":"2013-05-14T21:20:29","guid":{"rendered":"http:\/\/desarrollo.mcvicious.com\/aero2020\/2013\/05\/14\/brasil-aerolinea-gol-reporto-incremento-en-perdidas-durante-primer-trimestre\/"},"modified":"2013-05-14T21:20:29","modified_gmt":"2013-05-14T21:20:29","slug":"brasil-aerolinea-gol-reporto-incremento-en-perdidas-durante-primer-trimestre","status":"publish","type":"post","link":"https:\/\/aeronoticias.com.pe\/noticiero\/transporte-aereo\/internacional\/brasil-aerolinea-gol-reporto-incremento-en-perdidas-durante-primer-trimestre\/","title":{"rendered":"Brasil: Aerol\u00ednea GOL report\u00f3 increment\u00f3 en perdidas durante primer trimestre"},"content":{"rendered":"<p style=\"text-align: justify;\"><strong>(Aeronoticias).-<\/strong> La aerol\u00ednea brasile\u00f1a Gol registr\u00f3 p\u00e9rdidas por 75,3 millones de reales (unos US$37,7 millones) en el primer trimestre del a\u00f1o, superiores en un 81,8% a las del mismo per\u00edodo de 2012, seg\u00fan el balance divulgado este jueves por la compa\u00f1\u00eda.<\/p>\n<p style=\"text-align: justify;\">Las p\u00e9rdidas de los primeros tres meses de 2013 fueron sin embargo un 83,2% inferiores a las del \u00faltimo trimestre de 2012, cuando sumaron 447,1 millones de reales (unos US$223,6 millones).<\/p>\n<p style=\"text-align: justify;\">La aerol\u00ednea, en un comunicado que envi\u00f3 a sus inversores, aclar\u00f3 que las p\u00e9rdidas crecieron con respecto a los tres primeros meses del a\u00f1o pasado por el fuerte aumento de los costos de operaci\u00f3n.<\/p>\n<p>  <!--more-->  <\/p>\n<p style=\"text-align: justify;\">El resultado fue obtenido \u00aben un escenario de presi\u00f3n en los costos operacionales en comparaci\u00f3n con el mismo per\u00edodo del a\u00f1o anterior por el aumento de 14% en el precio del combustible (nivel r\u00e9cord para un trimestre), la devaluaci\u00f3n del real frente al d\u00f3lar del 12% y el aumento de las tarifas aeroportuarias y de conexi\u00f3n por encima del 10%\u00bb, seg\u00fan la nota.<\/p>\n<p style=\"text-align: justify;\">La compa\u00f1\u00eda, segunda en cuota del mercado brasile\u00f1o, tambi\u00e9n tuvo que solventar p\u00e9rdidas en sus operaciones financieras y enfrentar una reducci\u00f3n del 15,5% en la demanda por vuelos nacionales.<\/p>\n<p style=\"text-align: justify;\">Los ingresos brutos de Gol en el primer trimestre sumaron 2.082,7 millones de reales (unos US$1.041,35 millones), con una reducci\u00f3n del 3,8% frente a los del mismo per\u00edodo de 2012 y del 1,7% en comparaci\u00f3n con los \u00faltimos tres meses del a\u00f1o pasado.<\/p>\n<p style=\"text-align: justify;\">El resultado bruto de explotaci\u00f3n (Ebitda) de la aerol\u00ednea en el trimestre subi\u00f3 un 68% en comparaci\u00f3n con el primero del a\u00f1o pasado, hasta 212,1 millones de reales (unos US$106 millones).<\/p>\n<p style=\"text-align: justify;\">La mejora del Ebitda fue atribuida a sus esfuerzos para \u00abajustar su estructura al nuevo nivel del costo del mercado brasile\u00f1o\u00bb mediante una \u00abestrategia de control de oferta combinada con un fuerte ajuste en la estructura de costos\u00bb.<\/p>\n<p style=\"text-align: justify;\">Gol redujo su oferta de sillas en un 15,7% en el primer trimestre a\u00f1o en los vuelos nacionales lo que le permiti\u00f3 aumentar en un 12,4% los ingresos por pasajero por kil\u00f3metro.<\/p>\n<p style=\"text-align: justify;\">La tasa de ocupaci\u00f3n de las aeronaves en el primer trimestre fue del 67,3%, similar al 67,9% del mismo per\u00edodo del a\u00f1o pasado.<\/p>\n<p style=\"text-align: justify;\">Agencia EFE.<\/p>\n<p style=\"text-align: justify;\"><img decoding=\"async\" src=\"images\/stories\/12\/11\/051112\/gol.jpg\" border=\"0\" alt=\"Brasil: Aerol\u00ednea GOL report\u00f3 increment\u00f3 en perdidas durante primer trimestre\" title=\"Brasil: Aerol\u00ednea GOL report\u00f3 increment\u00f3 en perdidas durante primer trimestre\" \/><\/p>\n","protected":false},"excerpt":{"rendered":"<p>(Aeronoticias).- La aerol\u00ednea brasile\u00f1a Gol registr\u00f3 p\u00e9rdidas por 75,3 millones de reales (unos US$37,7 millones) en el primer trimestre del a\u00f1o, superiores en un 81,8% a las del mismo per\u00edodo de 2012, seg\u00fan el balance divulgado este jueves por la compa\u00f1\u00eda. Las p\u00e9rdidas de los primeros tres meses de 2013 fueron sin embargo un 83,2% [&hellip;]<\/p>\n","protected":false},"author":1,"featured_media":0,"comment_status":"open","ping_status":"open","sticky":false,"template":"","format":"standard","meta":{"tdm_status":"","tdm_grid_status":"","footnotes":""},"categories":[32],"tags":[],"class_list":{"0":"post-36973","1":"post","2":"type-post","3":"status-publish","4":"format-standard","6":"category-internacional"},"yoast_head":"<!-- This site is optimized with the Yoast SEO plugin v25.1 - https:\/\/yoast.com\/wordpress\/plugins\/seo\/ -->\n<title>Brasil: Aerol\u00ednea GOL report\u00f3 increment\u00f3 en perdidas durante primer trimestre<\/title>\n<meta name=\"description\" content=\"Portal de noticias del Per\u00fa sobre el transporte a\u00e9reo, aviaci\u00f3n, turismo, hoteleria, actualidad.\" \/>\n<meta name=\"robots\" content=\"index, follow, max-snippet:-1, max-image-preview:large, max-video-preview:-1\" \/>\n<link rel=\"canonical\" href=\"https:\/\/aeronoticias.com.pe\/noticiero\/transporte-aereo\/internacional\/brasil-aerolinea-gol-reporto-incremento-en-perdidas-durante-primer-trimestre\/\" \/>\n<meta property=\"og:locale\" content=\"es_ES\" \/>\n<meta property=\"og:type\" content=\"article\" \/>\n<meta property=\"og:title\" content=\"Brasil: Aerol\u00ednea GOL report\u00f3 increment\u00f3 en perdidas durante primer trimestre\" \/>\n<meta property=\"og:description\" content=\"Portal de noticias del Per\u00fa sobre el transporte a\u00e9reo, aviaci\u00f3n, turismo, hoteleria, actualidad.\" \/>\n<meta property=\"og:url\" content=\"https:\/\/aeronoticias.com.pe\/noticiero\/transporte-aereo\/internacional\/brasil-aerolinea-gol-reporto-incremento-en-perdidas-durante-primer-trimestre\/\" \/>\n<meta property=\"og:site_name\" content=\"Aeronoticias.com.pe\" \/>\n<meta property=\"article:publisher\" content=\"https:\/\/www.facebook.com\/Aeronoticias.com.pe\/\" \/>\n<meta property=\"article:published_time\" content=\"2013-05-14T21:20:29+00:00\" \/>\n<meta name=\"author\" content=\"Redacci\u00f3n Aeronoticias\" \/>\n<meta name=\"twitter:card\" content=\"summary_large_image\" \/>\n<meta name=\"twitter:creator\" content=\"@aeronoticias\" \/>\n<meta name=\"twitter:site\" content=\"@aeronoticias\" \/>\n<meta name=\"twitter:label1\" content=\"Escrito por\" \/>\n\t<meta name=\"twitter:data1\" content=\"Redacci\u00f3n Aeronoticias\" \/>\n\t<meta name=\"twitter:label2\" content=\"Tiempo de lectura\" \/>\n\t<meta name=\"twitter:data2\" content=\"2 minutos\" \/>\n<script type=\"application\/ld+json\" class=\"yoast-schema-graph\">{\"@context\":\"https:\/\/schema.org\",\"@graph\":[{\"@type\":\"WebPage\",\"@id\":\"https:\/\/aeronoticias.com.pe\/noticiero\/transporte-aereo\/internacional\/brasil-aerolinea-gol-reporto-incremento-en-perdidas-durante-primer-trimestre\/\",\"url\":\"https:\/\/aeronoticias.com.pe\/noticiero\/transporte-aereo\/internacional\/brasil-aerolinea-gol-reporto-incremento-en-perdidas-durante-primer-trimestre\/\",\"name\":\"Brasil: Aerol\u00ednea GOL report\u00f3 increment\u00f3 en perdidas durante primer trimestre\",\"isPartOf\":{\"@id\":\"https:\/\/aeronoticias.com.pe\/noticiero\/#website\"},\"datePublished\":\"2013-05-14T21:20:29+00:00\",\"author\":{\"@id\":\"https:\/\/aeronoticias.com.pe\/noticiero\/#\/schema\/person\/fc1e5d578f4b62ba1cf7ac2bba1170a0\"},\"description\":\"Portal de noticias del Per\u00fa sobre el transporte a\u00e9reo, aviaci\u00f3n, turismo, hoteleria, actualidad.\",\"breadcrumb\":{\"@id\":\"https:\/\/aeronoticias.com.pe\/noticiero\/transporte-aereo\/internacional\/brasil-aerolinea-gol-reporto-incremento-en-perdidas-durante-primer-trimestre\/#breadcrumb\"},\"inLanguage\":\"es\",\"potentialAction\":[{\"@type\":\"ReadAction\",\"target\":[\"https:\/\/aeronoticias.com.pe\/noticiero\/transporte-aereo\/internacional\/brasil-aerolinea-gol-reporto-incremento-en-perdidas-durante-primer-trimestre\/\"]}]},{\"@type\":\"BreadcrumbList\",\"@id\":\"https:\/\/aeronoticias.com.pe\/noticiero\/transporte-aereo\/internacional\/brasil-aerolinea-gol-reporto-incremento-en-perdidas-durante-primer-trimestre\/#breadcrumb\",\"itemListElement\":[{\"@type\":\"ListItem\",\"position\":1,\"name\":\"Portada\",\"item\":\"https:\/\/aeronoticias.com.pe\/noticiero\/\"},{\"@type\":\"ListItem\",\"position\":2,\"name\":\"Brasil: Aerol\u00ednea GOL report\u00f3 increment\u00f3 en perdidas durante primer trimestre\"}]},{\"@type\":\"WebSite\",\"@id\":\"https:\/\/aeronoticias.com.pe\/noticiero\/#website\",\"url\":\"https:\/\/aeronoticias.com.pe\/noticiero\/\",\"name\":\"Aeronoticias.com.pe\",\"description\":\"Noticias de tranporte aereo, turismo, hoteles, gastronomia, actualidad, internacional\",\"potentialAction\":[{\"@type\":\"SearchAction\",\"target\":{\"@type\":\"EntryPoint\",\"urlTemplate\":\"https:\/\/aeronoticias.com.pe\/noticiero\/?s={search_term_string}\"},\"query-input\":{\"@type\":\"PropertyValueSpecification\",\"valueRequired\":true,\"valueName\":\"search_term_string\"}}],\"inLanguage\":\"es\"},{\"@type\":\"Person\",\"@id\":\"https:\/\/aeronoticias.com.pe\/noticiero\/#\/schema\/person\/fc1e5d578f4b62ba1cf7ac2bba1170a0\",\"name\":\"Redacci\u00f3n Aeronoticias\",\"url\":\"https:\/\/aeronoticias.com.pe\/noticiero\/author\/piloto\/\"}]}<\/script>\n<!-- \/ Yoast SEO plugin. -->","yoast_head_json":{"title":"Brasil: Aerol\u00ednea GOL report\u00f3 increment\u00f3 en perdidas durante primer trimestre","description":"Portal de noticias del Per\u00fa sobre el transporte a\u00e9reo, aviaci\u00f3n, turismo, hoteleria, actualidad.","robots":{"index":"index","follow":"follow","max-snippet":"max-snippet:-1","max-image-preview":"max-image-preview:large","max-video-preview":"max-video-preview:-1"},"canonical":"https:\/\/aeronoticias.com.pe\/noticiero\/transporte-aereo\/internacional\/brasil-aerolinea-gol-reporto-incremento-en-perdidas-durante-primer-trimestre\/","og_locale":"es_ES","og_type":"article","og_title":"Brasil: Aerol\u00ednea GOL report\u00f3 increment\u00f3 en perdidas durante primer trimestre","og_description":"Portal de noticias del Per\u00fa sobre el transporte a\u00e9reo, aviaci\u00f3n, turismo, hoteleria, actualidad.","og_url":"https:\/\/aeronoticias.com.pe\/noticiero\/transporte-aereo\/internacional\/brasil-aerolinea-gol-reporto-incremento-en-perdidas-durante-primer-trimestre\/","og_site_name":"Aeronoticias.com.pe","article_publisher":"https:\/\/www.facebook.com\/Aeronoticias.com.pe\/","article_published_time":"2013-05-14T21:20:29+00:00","author":"Redacci\u00f3n Aeronoticias","twitter_card":"summary_large_image","twitter_creator":"@aeronoticias","twitter_site":"@aeronoticias","twitter_misc":{"Escrito por":"Redacci\u00f3n Aeronoticias","Tiempo de lectura":"2 minutos"},"schema":{"@context":"https:\/\/schema.org","@graph":[{"@type":"WebPage","@id":"https:\/\/aeronoticias.com.pe\/noticiero\/transporte-aereo\/internacional\/brasil-aerolinea-gol-reporto-incremento-en-perdidas-durante-primer-trimestre\/","url":"https:\/\/aeronoticias.com.pe\/noticiero\/transporte-aereo\/internacional\/brasil-aerolinea-gol-reporto-incremento-en-perdidas-durante-primer-trimestre\/","name":"Brasil: Aerol\u00ednea GOL report\u00f3 increment\u00f3 en perdidas durante primer trimestre","isPartOf":{"@id":"https:\/\/aeronoticias.com.pe\/noticiero\/#website"},"datePublished":"2013-05-14T21:20:29+00:00","author":{"@id":"https:\/\/aeronoticias.com.pe\/noticiero\/#\/schema\/person\/fc1e5d578f4b62ba1cf7ac2bba1170a0"},"description":"Portal de noticias del Per\u00fa sobre el transporte a\u00e9reo, aviaci\u00f3n, turismo, hoteleria, actualidad.","breadcrumb":{"@id":"https:\/\/aeronoticias.com.pe\/noticiero\/transporte-aereo\/internacional\/brasil-aerolinea-gol-reporto-incremento-en-perdidas-durante-primer-trimestre\/#breadcrumb"},"inLanguage":"es","potentialAction":[{"@type":"ReadAction","target":["https:\/\/aeronoticias.com.pe\/noticiero\/transporte-aereo\/internacional\/brasil-aerolinea-gol-reporto-incremento-en-perdidas-durante-primer-trimestre\/"]}]},{"@type":"BreadcrumbList","@id":"https:\/\/aeronoticias.com.pe\/noticiero\/transporte-aereo\/internacional\/brasil-aerolinea-gol-reporto-incremento-en-perdidas-durante-primer-trimestre\/#breadcrumb","itemListElement":[{"@type":"ListItem","position":1,"name":"Portada","item":"https:\/\/aeronoticias.com.pe\/noticiero\/"},{"@type":"ListItem","position":2,"name":"Brasil: Aerol\u00ednea GOL report\u00f3 increment\u00f3 en perdidas durante primer trimestre"}]},{"@type":"WebSite","@id":"https:\/\/aeronoticias.com.pe\/noticiero\/#website","url":"https:\/\/aeronoticias.com.pe\/noticiero\/","name":"Aeronoticias.com.pe","description":"Noticias de tranporte aereo, turismo, hoteles, gastronomia, actualidad, internacional","potentialAction":[{"@type":"SearchAction","target":{"@type":"EntryPoint","urlTemplate":"https:\/\/aeronoticias.com.pe\/noticiero\/?s={search_term_string}"},"query-input":{"@type":"PropertyValueSpecification","valueRequired":true,"valueName":"search_term_string"}}],"inLanguage":"es"},{"@type":"Person","@id":"https:\/\/aeronoticias.com.pe\/noticiero\/#\/schema\/person\/fc1e5d578f4b62ba1cf7ac2bba1170a0","name":"Redacci\u00f3n Aeronoticias","url":"https:\/\/aeronoticias.com.pe\/noticiero\/author\/piloto\/"}]}},"_links":{"self":[{"href":"https:\/\/aeronoticias.com.pe\/noticiero\/wp-json\/wp\/v2\/posts\/36973","targetHints":{"allow":["GET"]}}],"collection":[{"href":"https:\/\/aeronoticias.com.pe\/noticiero\/wp-json\/wp\/v2\/posts"}],"about":[{"href":"https:\/\/aeronoticias.com.pe\/noticiero\/wp-json\/wp\/v2\/types\/post"}],"author":[{"embeddable":true,"href":"https:\/\/aeronoticias.com.pe\/noticiero\/wp-json\/wp\/v2\/users\/1"}],"replies":[{"embeddable":true,"href":"https:\/\/aeronoticias.com.pe\/noticiero\/wp-json\/wp\/v2\/comments?post=36973"}],"version-history":[{"count":0,"href":"https:\/\/aeronoticias.com.pe\/noticiero\/wp-json\/wp\/v2\/posts\/36973\/revisions"}],"wp:attachment":[{"href":"https:\/\/aeronoticias.com.pe\/noticiero\/wp-json\/wp\/v2\/media?parent=36973"}],"wp:term":[{"taxonomy":"category","embeddable":true,"href":"https:\/\/aeronoticias.com.pe\/noticiero\/wp-json\/wp\/v2\/categories?post=36973"},{"taxonomy":"post_tag","embeddable":true,"href":"https:\/\/aeronoticias.com.pe\/noticiero\/wp-json\/wp\/v2\/tags?post=36973"}],"curies":[{"name":"wp","href":"https:\/\/api.w.org\/{rel}","templated":true}]}}