{"id":36975,"date":"2013-05-14T22:12:51","date_gmt":"2013-05-14T22:12:51","guid":{"rendered":"http:\/\/desarrollo.mcvicious.com\/aero2020\/2013\/05\/14\/fotografias-aereas-sobre-terrenos-modificados-por-el-hombre\/"},"modified":"2013-05-14T22:12:51","modified_gmt":"2013-05-14T22:12:51","slug":"fotografias-aereas-sobre-terrenos-modificados-por-el-hombre","status":"publish","type":"post","link":"https:\/\/aeronoticias.com.pe\/noticiero\/salud\/fotografias-aereas-sobre-terrenos-modificados-por-el-hombre\/","title":{"rendered":"Sorprendentes fotograf\u00edas a\u00e9reas sobre terrenos modificados por el hombre"},"content":{"rendered":"<p style=\"text-align: justify;\"><strong>(Aeronoticias)<\/strong>.- Desde su primer vuelo en 1983 sobre las tierras del Monte Santa Helena -Washington, Estados Unidos-, el fot\u00f3grafo David Maisel no ha parado en surcar cielos para capturar aquello que el hombre ha tocado y degradado.<\/p>\n<p style=\"text-align: justify;\"><img decoding=\"async\" src=\"images\/stories\/13\/05\/140513\/03.jpg\" border=\"0\" \/><\/p>\n<p style=\"text-align: justify;\">\u00abFue una emocionante manera de trabajar, ver y hacer im\u00e1genes\u00bb declar\u00f3 ante <a href=\"http:\/\/www.slate.com\/blogs\/behold\/2013\/05\/10\/david_maisel_black_maps_american_landscapes_and_the_apocalyptic_sublime.html\"><span style=\"text-decoration: underline;\"><em><strong>Slate<\/strong><\/em><\/span><\/a> David Maisel, quien describi\u00f3 haberse sentido, durante la primera vez que divis\u00f3 tales tierras desde la altura, como \u00abel avi\u00f3n\u00bb mientras volaba la nave.<\/p>\n<p style=\"text-align: justify;\"><img decoding=\"async\" src=\"images\/stories\/13\/05\/140513\/02.jpg\" border=\"0\" \/><\/p>\n<p style=\"text-align: justify;\">\u00abEn la actual era de Google Earth y otras tecnolog\u00edas de mapeo, he adaptado mis m\u00e9todos de investigaci\u00f3n en cierto grado. Pero no quiero que mi investigaci\u00f3n sea muy predictiva. Prefiero descubrir el sitio a trav\u00e9s de mi experiencia f\u00edsicamente que sentir como si esto se me hubiera revelado desde una toma de captura\u00bb, explic\u00f3 Maisel, quien descart\u00f3 estar interesado en los drones como herramientas para tomar fotograf\u00edas desde la distancia.<\/p>\n<p style=\"text-align: justify;\"><img decoding=\"async\" src=\"images\/stories\/13\/05\/140513\/05.jpg\" border=\"0\" \/><\/p>\n<p style=\"text-align: justify;\">Los proyectos fotogr\u00e1ficos de Maisel (Mount Saint Helens, 1983-1984; The Forest, 1985-1986; The Lake Project, 2001-2002; Terminal Mirage, 2003-2005; Oblivion, 2004-2006; The Mining Project, 1987-2007; entre otros) pueden ser vistos desde su <a href=\"http:\/\/davidmaisel.com\/works\/min.asp\"><strong><em><span style=\"text-decoration: underline;\">portal<\/span><\/em><\/strong><\/a>.<\/p>\n<p style=\"text-align: justify;\"><img decoding=\"async\" src=\"images\/stories\/13\/05\/140513\/01.jpg\" border=\"0\" \/><\/p>\n<p style=\"text-align: justify;\">Aunque s\u00f3lo se ha dedicado a tomar fotograf\u00edas a\u00e9reas de Estados Unidos, David expres\u00f3 querer tomar fotograf\u00edas por todo el mundo.<\/p>\n<p style=\"text-align: justify;\"><img decoding=\"async\" src=\"images\/stories\/13\/05\/140513\/04.jpg\" border=\"0\" \/><\/p>\n<p>{jathumbnail off images=\u00bbimages\/stories\/13\/05\/140513\/03.jpg,images\/stories\/13\/05\/140513\/04.jpg,images\/stories\/13\/05\/140513\/02.jpg,images\/stories\/13\/05\/140513\/01.jpg,images\/stories\/13\/05\/140513\/05.jpg\u00bb}<\/p>\n","protected":false},"excerpt":{"rendered":"<p>(Aeronoticias).- Desde su primer vuelo en 1983 sobre las tierras del Monte Santa Helena -Washington, Estados Unidos-, el fot\u00f3grafo David Maisel no ha parado en surcar cielos para capturar aquello que el hombre ha tocado y degradado. \u00abFue una emocionante manera de trabajar, ver y hacer im\u00e1genes\u00bb declar\u00f3 ante Slate David Maisel, quien describi\u00f3 haberse [&hellip;]<\/p>\n","protected":false},"author":1,"featured_media":0,"comment_status":"open","ping_status":"open","sticky":false,"template":"","format":"standard","meta":{"tdm_status":"","tdm_grid_status":"","footnotes":""},"categories":[37],"tags":[],"class_list":{"0":"post-36975","1":"post","2":"type-post","3":"status-publish","4":"format-standard","6":"category-salud"},"yoast_head":"<!-- This site is optimized with the Yoast SEO plugin v25.1 - https:\/\/yoast.com\/wordpress\/plugins\/seo\/ -->\n<title>Sorprendentes fotograf\u00edas a\u00e9reas sobre terrenos modificados por el hombre<\/title>\n<meta name=\"description\" content=\"Portal de noticias del Per\u00fa sobre el transporte a\u00e9reo, aviaci\u00f3n, turismo, hoteleria, actualidad.\" \/>\n<meta name=\"robots\" content=\"index, follow, max-snippet:-1, max-image-preview:large, max-video-preview:-1\" \/>\n<link rel=\"canonical\" href=\"https:\/\/aeronoticias.com.pe\/noticiero\/salud\/fotografias-aereas-sobre-terrenos-modificados-por-el-hombre\/\" \/>\n<meta property=\"og:locale\" content=\"es_ES\" \/>\n<meta property=\"og:type\" content=\"article\" \/>\n<meta property=\"og:title\" content=\"Sorprendentes fotograf\u00edas a\u00e9reas sobre terrenos modificados por el hombre\" \/>\n<meta property=\"og:description\" content=\"Portal de noticias del Per\u00fa sobre el transporte a\u00e9reo, aviaci\u00f3n, turismo, hoteleria, actualidad.\" \/>\n<meta property=\"og:url\" content=\"https:\/\/aeronoticias.com.pe\/noticiero\/salud\/fotografias-aereas-sobre-terrenos-modificados-por-el-hombre\/\" \/>\n<meta property=\"og:site_name\" content=\"Aeronoticias.com.pe\" \/>\n<meta property=\"article:publisher\" content=\"https:\/\/www.facebook.com\/Aeronoticias.com.pe\/\" \/>\n<meta property=\"article:published_time\" content=\"2013-05-14T22:12:51+00:00\" \/>\n<meta name=\"author\" content=\"Redacci\u00f3n Aeronoticias\" \/>\n<meta name=\"twitter:card\" content=\"summary_large_image\" \/>\n<meta name=\"twitter:creator\" content=\"@aeronoticias\" \/>\n<meta name=\"twitter:site\" content=\"@aeronoticias\" \/>\n<meta name=\"twitter:label1\" content=\"Escrito por\" \/>\n\t<meta name=\"twitter:data1\" content=\"Redacci\u00f3n Aeronoticias\" \/>\n\t<meta name=\"twitter:label2\" content=\"Tiempo de lectura\" \/>\n\t<meta name=\"twitter:data2\" content=\"1 minuto\" \/>\n<script type=\"application\/ld+json\" class=\"yoast-schema-graph\">{\"@context\":\"https:\/\/schema.org\",\"@graph\":[{\"@type\":\"WebPage\",\"@id\":\"https:\/\/aeronoticias.com.pe\/noticiero\/salud\/fotografias-aereas-sobre-terrenos-modificados-por-el-hombre\/\",\"url\":\"https:\/\/aeronoticias.com.pe\/noticiero\/salud\/fotografias-aereas-sobre-terrenos-modificados-por-el-hombre\/\",\"name\":\"Sorprendentes fotograf\u00edas a\u00e9reas sobre terrenos modificados por el hombre\",\"isPartOf\":{\"@id\":\"https:\/\/aeronoticias.com.pe\/noticiero\/#website\"},\"datePublished\":\"2013-05-14T22:12:51+00:00\",\"author\":{\"@id\":\"https:\/\/aeronoticias.com.pe\/noticiero\/#\/schema\/person\/fc1e5d578f4b62ba1cf7ac2bba1170a0\"},\"description\":\"Portal de noticias del Per\u00fa sobre el transporte a\u00e9reo, aviaci\u00f3n, turismo, hoteleria, actualidad.\",\"breadcrumb\":{\"@id\":\"https:\/\/aeronoticias.com.pe\/noticiero\/salud\/fotografias-aereas-sobre-terrenos-modificados-por-el-hombre\/#breadcrumb\"},\"inLanguage\":\"es\",\"potentialAction\":[{\"@type\":\"ReadAction\",\"target\":[\"https:\/\/aeronoticias.com.pe\/noticiero\/salud\/fotografias-aereas-sobre-terrenos-modificados-por-el-hombre\/\"]}]},{\"@type\":\"BreadcrumbList\",\"@id\":\"https:\/\/aeronoticias.com.pe\/noticiero\/salud\/fotografias-aereas-sobre-terrenos-modificados-por-el-hombre\/#breadcrumb\",\"itemListElement\":[{\"@type\":\"ListItem\",\"position\":1,\"name\":\"Portada\",\"item\":\"https:\/\/aeronoticias.com.pe\/noticiero\/\"},{\"@type\":\"ListItem\",\"position\":2,\"name\":\"Sorprendentes fotograf\u00edas a\u00e9reas sobre terrenos modificados por el hombre\"}]},{\"@type\":\"WebSite\",\"@id\":\"https:\/\/aeronoticias.com.pe\/noticiero\/#website\",\"url\":\"https:\/\/aeronoticias.com.pe\/noticiero\/\",\"name\":\"Aeronoticias.com.pe\",\"description\":\"Noticias de tranporte aereo, turismo, hoteles, gastronomia, actualidad, internacional\",\"potentialAction\":[{\"@type\":\"SearchAction\",\"target\":{\"@type\":\"EntryPoint\",\"urlTemplate\":\"https:\/\/aeronoticias.com.pe\/noticiero\/?s={search_term_string}\"},\"query-input\":{\"@type\":\"PropertyValueSpecification\",\"valueRequired\":true,\"valueName\":\"search_term_string\"}}],\"inLanguage\":\"es\"},{\"@type\":\"Person\",\"@id\":\"https:\/\/aeronoticias.com.pe\/noticiero\/#\/schema\/person\/fc1e5d578f4b62ba1cf7ac2bba1170a0\",\"name\":\"Redacci\u00f3n Aeronoticias\",\"url\":\"https:\/\/aeronoticias.com.pe\/noticiero\/author\/piloto\/\"}]}<\/script>\n<!-- \/ Yoast SEO plugin. -->","yoast_head_json":{"title":"Sorprendentes fotograf\u00edas a\u00e9reas sobre terrenos modificados por el hombre","description":"Portal de noticias del Per\u00fa sobre el transporte a\u00e9reo, aviaci\u00f3n, turismo, hoteleria, actualidad.","robots":{"index":"index","follow":"follow","max-snippet":"max-snippet:-1","max-image-preview":"max-image-preview:large","max-video-preview":"max-video-preview:-1"},"canonical":"https:\/\/aeronoticias.com.pe\/noticiero\/salud\/fotografias-aereas-sobre-terrenos-modificados-por-el-hombre\/","og_locale":"es_ES","og_type":"article","og_title":"Sorprendentes fotograf\u00edas a\u00e9reas sobre terrenos modificados por el hombre","og_description":"Portal de noticias del Per\u00fa sobre el transporte a\u00e9reo, aviaci\u00f3n, turismo, hoteleria, actualidad.","og_url":"https:\/\/aeronoticias.com.pe\/noticiero\/salud\/fotografias-aereas-sobre-terrenos-modificados-por-el-hombre\/","og_site_name":"Aeronoticias.com.pe","article_publisher":"https:\/\/www.facebook.com\/Aeronoticias.com.pe\/","article_published_time":"2013-05-14T22:12:51+00:00","author":"Redacci\u00f3n Aeronoticias","twitter_card":"summary_large_image","twitter_creator":"@aeronoticias","twitter_site":"@aeronoticias","twitter_misc":{"Escrito por":"Redacci\u00f3n Aeronoticias","Tiempo de lectura":"1 minuto"},"schema":{"@context":"https:\/\/schema.org","@graph":[{"@type":"WebPage","@id":"https:\/\/aeronoticias.com.pe\/noticiero\/salud\/fotografias-aereas-sobre-terrenos-modificados-por-el-hombre\/","url":"https:\/\/aeronoticias.com.pe\/noticiero\/salud\/fotografias-aereas-sobre-terrenos-modificados-por-el-hombre\/","name":"Sorprendentes fotograf\u00edas a\u00e9reas sobre terrenos modificados por el hombre","isPartOf":{"@id":"https:\/\/aeronoticias.com.pe\/noticiero\/#website"},"datePublished":"2013-05-14T22:12:51+00:00","author":{"@id":"https:\/\/aeronoticias.com.pe\/noticiero\/#\/schema\/person\/fc1e5d578f4b62ba1cf7ac2bba1170a0"},"description":"Portal de noticias del Per\u00fa sobre el transporte a\u00e9reo, aviaci\u00f3n, turismo, hoteleria, actualidad.","breadcrumb":{"@id":"https:\/\/aeronoticias.com.pe\/noticiero\/salud\/fotografias-aereas-sobre-terrenos-modificados-por-el-hombre\/#breadcrumb"},"inLanguage":"es","potentialAction":[{"@type":"ReadAction","target":["https:\/\/aeronoticias.com.pe\/noticiero\/salud\/fotografias-aereas-sobre-terrenos-modificados-por-el-hombre\/"]}]},{"@type":"BreadcrumbList","@id":"https:\/\/aeronoticias.com.pe\/noticiero\/salud\/fotografias-aereas-sobre-terrenos-modificados-por-el-hombre\/#breadcrumb","itemListElement":[{"@type":"ListItem","position":1,"name":"Portada","item":"https:\/\/aeronoticias.com.pe\/noticiero\/"},{"@type":"ListItem","position":2,"name":"Sorprendentes fotograf\u00edas a\u00e9reas sobre terrenos modificados por el hombre"}]},{"@type":"WebSite","@id":"https:\/\/aeronoticias.com.pe\/noticiero\/#website","url":"https:\/\/aeronoticias.com.pe\/noticiero\/","name":"Aeronoticias.com.pe","description":"Noticias de tranporte aereo, turismo, hoteles, gastronomia, actualidad, internacional","potentialAction":[{"@type":"SearchAction","target":{"@type":"EntryPoint","urlTemplate":"https:\/\/aeronoticias.com.pe\/noticiero\/?s={search_term_string}"},"query-input":{"@type":"PropertyValueSpecification","valueRequired":true,"valueName":"search_term_string"}}],"inLanguage":"es"},{"@type":"Person","@id":"https:\/\/aeronoticias.com.pe\/noticiero\/#\/schema\/person\/fc1e5d578f4b62ba1cf7ac2bba1170a0","name":"Redacci\u00f3n Aeronoticias","url":"https:\/\/aeronoticias.com.pe\/noticiero\/author\/piloto\/"}]}},"_links":{"self":[{"href":"https:\/\/aeronoticias.com.pe\/noticiero\/wp-json\/wp\/v2\/posts\/36975","targetHints":{"allow":["GET"]}}],"collection":[{"href":"https:\/\/aeronoticias.com.pe\/noticiero\/wp-json\/wp\/v2\/posts"}],"about":[{"href":"https:\/\/aeronoticias.com.pe\/noticiero\/wp-json\/wp\/v2\/types\/post"}],"author":[{"embeddable":true,"href":"https:\/\/aeronoticias.com.pe\/noticiero\/wp-json\/wp\/v2\/users\/1"}],"replies":[{"embeddable":true,"href":"https:\/\/aeronoticias.com.pe\/noticiero\/wp-json\/wp\/v2\/comments?post=36975"}],"version-history":[{"count":0,"href":"https:\/\/aeronoticias.com.pe\/noticiero\/wp-json\/wp\/v2\/posts\/36975\/revisions"}],"wp:attachment":[{"href":"https:\/\/aeronoticias.com.pe\/noticiero\/wp-json\/wp\/v2\/media?parent=36975"}],"wp:term":[{"taxonomy":"category","embeddable":true,"href":"https:\/\/aeronoticias.com.pe\/noticiero\/wp-json\/wp\/v2\/categories?post=36975"},{"taxonomy":"post_tag","embeddable":true,"href":"https:\/\/aeronoticias.com.pe\/noticiero\/wp-json\/wp\/v2\/tags?post=36975"}],"curies":[{"name":"wp","href":"https:\/\/api.w.org\/{rel}","templated":true}]}}