{"id":36976,"date":"2013-05-14T22:43:48","date_gmt":"2013-05-14T22:43:48","guid":{"rendered":"http:\/\/desarrollo.mcvicious.com\/aero2020\/2013\/05\/14\/se-confirma-responsabilidad-aeroportuaria-en-secuestro-de-aeronave\/"},"modified":"2013-05-14T22:43:48","modified_gmt":"2013-05-14T22:43:48","slug":"se-confirma-responsabilidad-aeroportuaria-en-secuestro-de-aeronave","status":"publish","type":"post","link":"https:\/\/aeronoticias.com.pe\/noticiero\/ultimas\/1\/se-confirma-responsabilidad-aeroportuaria-en-secuestro-de-aeronave\/","title":{"rendered":"Se confirma responsabilidad aeroportuaria en secuestro de aeronave en Nazca"},"content":{"rendered":"<p style=\"text-align: justify;\"><strong>(Aeronoticias)<\/strong> Se expidi\u00f3 la Resoluci\u00f3n Vice Ministerial N\u00b0 071-2013-MTC\/02 de fecha 26 de marzo de 2013, que declara infundado el recurso de apelaci\u00f3n interpuesto por CORPAC contra la Resoluci\u00f3n Directoral N\u00b0 118-2012-MTC\/12, que sancion\u00f3 a la empresa aeroportuaria por los incumplimientos en las normas de seguridad en la interferencia il\u00edcita-secuestro de la aeronave OB-1922 de una compa\u00f1\u00eda a\u00e9rea tur\u00edstica local en el aer\u00f3dromo Mar\u00eda Reiche de Nasca.<\/p>\n<p>La Resoluci\u00f3n Vice Ministerial considera que la entidad aeroportuaria utiliz\u00f3 un programa de seguridad aeroportuario no actualizado y consinti\u00f3 que el personal de seguridad del aeropuerto realice labores sin contar con el entrenamiento en la seguridad de la aviaci\u00f3n, adem\u00e1s de no haber implementado las vallas perim\u00e9tricas en diversos puntos del aer\u00f3dromo Mar\u00eda Reiche, permitiendo de este modo el f\u00e1cil acceso a las zonas de seguridad restringidas del aer\u00f3dromo.<\/p>\n<p>  <!--more-->  <\/p>\n<p style=\"text-align: justify;\">El 28 de mayo se llevar\u00e1 a cabo la audiencia de pruebas en la que participan dos conocidas compa\u00f1\u00edas de seguros locales en representaci\u00f3n a dos reaseguradoras europeas que est\u00e1n litigando para que v\u00eda repetici\u00f3n el reasegurador de CORPAC, le page al reasegurador de la compa\u00f1\u00eda tur\u00edstica la suma de 2 millones trescientos mil d\u00f3lares americanos.<br \/><span style=\"line-height: 1.3em;\"> <\/span><\/p>\n<p style=\"text-align: justify;\"><span style=\"line-height: 1.3em;\">El punto controvertido es determinar si la compa\u00f1\u00eda de seguros local est\u00e1 en la obligaci\u00f3n de pagar v\u00eda repetici\u00f3n la suma asegurada.<\/span><\/p>\n<p style=\"text-align: justify;\">Consideramos que habi\u00e9ndose expedido la Resoluci\u00f3n en \u00faltima instancia por parte del Gobierno Peruano, que prueba la inseguridad del Aer\u00f3dromo Mar\u00eda Reiche de Nasca, la demanda deber\u00e1 ser declarada fundada.<\/p>\n<p>Nuestra unidad de investigaci\u00f3n tom\u00f3 conocimiento que la Direcci\u00f3n General de Aeron\u00e1utica Civil DGAC del MTC, la Fiscal\u00eda Provincial Penal de Vista Alegre, Nasca y el juez en lo Penal del M\u00f3dulo B\u00e1sico de Justicia de Nasca ya emitieron sus informes al 15\u00b0 Juzgado Comercial de Lima, por lo que no habr\u00eda m\u00e1s pruebas que actuar el pr\u00f3ximo 28 de mayo, d\u00edas despu\u00e9s se deber\u00eda expedir sentencia.<\/p>\n<p>Este es el caso m\u00e1s importante en la historia de derecho de seguros de aviaci\u00f3n, en donde el asegurador de una aeronave pag\u00f3 un siniestro sin que la empresa de aviaci\u00f3n haya sido responsable del mismo, en raz\u00f3n a que se violaron las normas aeroportuarias por omisiones en la seguridad del aeropuerto Mar\u00eda Reiche de Nasca, por lo que corresponde a quien cobertur\u00f3 el riesgo en materia de reaseguros, en este caso Chartis Europa pagar el siniestro.<\/p>\n<p><a href=\"images\/stories\/13\/05\/140513\/r_viceminist_071_13_corpac.pdf\" target=\"_blank\" rel=\"noopener noreferrer\">Hacer click para ver la Resoluci\u00f3n Ministerial del Ministerio de Transportes y Comunicaciones del Per\u00fa que prueba que Chartis Europa debe pagar el riesgo coberturado.<\/a><\/p>\n<p style=\"text-align: justify;\"><img decoding=\"async\" src=\"images\/stories\/13\/05\/140513\/a.nasca.jpg\" border=\"0\" \/><\/p>\n<p style=\"text-align: justify;\">\u00a0<\/p>\n","protected":false},"excerpt":{"rendered":"<p>(Aeronoticias) Se expidi\u00f3 la Resoluci\u00f3n Vice Ministerial N\u00b0 071-2013-MTC\/02 de fecha 26 de marzo de 2013, que declara infundado el recurso de apelaci\u00f3n interpuesto por CORPAC contra la Resoluci\u00f3n Directoral N\u00b0 118-2012-MTC\/12, que sancion\u00f3 a la empresa aeroportuaria por los incumplimientos en las normas de seguridad en la interferencia il\u00edcita-secuestro de la aeronave OB-1922 de [&hellip;]<\/p>\n","protected":false},"author":1,"featured_media":0,"comment_status":"open","ping_status":"open","sticky":false,"template":"","format":"standard","meta":{"tdm_status":"","tdm_grid_status":"","footnotes":""},"categories":[30],"tags":[],"class_list":{"0":"post-36976","1":"post","2":"type-post","3":"status-publish","4":"format-standard","6":"category-30"},"yoast_head":"<!-- This site is optimized with the Yoast SEO plugin v25.1 - https:\/\/yoast.com\/wordpress\/plugins\/seo\/ -->\n<title>Se confirma responsabilidad aeroportuaria en secuestro de aeronave en Nazca<\/title>\n<meta name=\"description\" content=\"Portal de noticias del Per\u00fa sobre el transporte a\u00e9reo, aviaci\u00f3n, turismo, hoteleria, actualidad.\" \/>\n<meta name=\"robots\" content=\"index, follow, max-snippet:-1, max-image-preview:large, max-video-preview:-1\" \/>\n<link rel=\"canonical\" href=\"https:\/\/aeronoticias.com.pe\/noticiero\/ultimas\/1\/se-confirma-responsabilidad-aeroportuaria-en-secuestro-de-aeronave\/\" \/>\n<meta property=\"og:locale\" content=\"es_ES\" \/>\n<meta property=\"og:type\" content=\"article\" \/>\n<meta property=\"og:title\" content=\"Se confirma responsabilidad aeroportuaria en secuestro de aeronave en Nazca\" \/>\n<meta property=\"og:description\" content=\"Portal de noticias del Per\u00fa sobre el transporte a\u00e9reo, aviaci\u00f3n, turismo, hoteleria, actualidad.\" \/>\n<meta property=\"og:url\" content=\"https:\/\/aeronoticias.com.pe\/noticiero\/ultimas\/1\/se-confirma-responsabilidad-aeroportuaria-en-secuestro-de-aeronave\/\" \/>\n<meta property=\"og:site_name\" content=\"Aeronoticias.com.pe\" \/>\n<meta property=\"article:publisher\" content=\"https:\/\/www.facebook.com\/Aeronoticias.com.pe\/\" \/>\n<meta property=\"article:published_time\" content=\"2013-05-14T22:43:48+00:00\" \/>\n<meta name=\"author\" content=\"Redacci\u00f3n Aeronoticias\" \/>\n<meta name=\"twitter:card\" content=\"summary_large_image\" \/>\n<meta name=\"twitter:creator\" content=\"@aeronoticias\" \/>\n<meta name=\"twitter:site\" content=\"@aeronoticias\" \/>\n<meta name=\"twitter:label1\" content=\"Escrito por\" \/>\n\t<meta name=\"twitter:data1\" content=\"Redacci\u00f3n Aeronoticias\" \/>\n\t<meta name=\"twitter:label2\" content=\"Tiempo de lectura\" \/>\n\t<meta name=\"twitter:data2\" content=\"2 minutos\" \/>\n<script type=\"application\/ld+json\" class=\"yoast-schema-graph\">{\"@context\":\"https:\/\/schema.org\",\"@graph\":[{\"@type\":\"WebPage\",\"@id\":\"https:\/\/aeronoticias.com.pe\/noticiero\/ultimas\/1\/se-confirma-responsabilidad-aeroportuaria-en-secuestro-de-aeronave\/\",\"url\":\"https:\/\/aeronoticias.com.pe\/noticiero\/ultimas\/1\/se-confirma-responsabilidad-aeroportuaria-en-secuestro-de-aeronave\/\",\"name\":\"Se confirma responsabilidad aeroportuaria en secuestro de aeronave en Nazca\",\"isPartOf\":{\"@id\":\"https:\/\/aeronoticias.com.pe\/noticiero\/#website\"},\"datePublished\":\"2013-05-14T22:43:48+00:00\",\"author\":{\"@id\":\"https:\/\/aeronoticias.com.pe\/noticiero\/#\/schema\/person\/fc1e5d578f4b62ba1cf7ac2bba1170a0\"},\"description\":\"Portal de noticias del Per\u00fa sobre el transporte a\u00e9reo, aviaci\u00f3n, turismo, hoteleria, actualidad.\",\"breadcrumb\":{\"@id\":\"https:\/\/aeronoticias.com.pe\/noticiero\/ultimas\/1\/se-confirma-responsabilidad-aeroportuaria-en-secuestro-de-aeronave\/#breadcrumb\"},\"inLanguage\":\"es\",\"potentialAction\":[{\"@type\":\"ReadAction\",\"target\":[\"https:\/\/aeronoticias.com.pe\/noticiero\/ultimas\/1\/se-confirma-responsabilidad-aeroportuaria-en-secuestro-de-aeronave\/\"]}]},{\"@type\":\"BreadcrumbList\",\"@id\":\"https:\/\/aeronoticias.com.pe\/noticiero\/ultimas\/1\/se-confirma-responsabilidad-aeroportuaria-en-secuestro-de-aeronave\/#breadcrumb\",\"itemListElement\":[{\"@type\":\"ListItem\",\"position\":1,\"name\":\"Portada\",\"item\":\"https:\/\/aeronoticias.com.pe\/noticiero\/\"},{\"@type\":\"ListItem\",\"position\":2,\"name\":\"Se confirma responsabilidad aeroportuaria en secuestro de aeronave en Nazca\"}]},{\"@type\":\"WebSite\",\"@id\":\"https:\/\/aeronoticias.com.pe\/noticiero\/#website\",\"url\":\"https:\/\/aeronoticias.com.pe\/noticiero\/\",\"name\":\"Aeronoticias.com.pe\",\"description\":\"Noticias de tranporte aereo, turismo, hoteles, gastronomia, actualidad, internacional\",\"potentialAction\":[{\"@type\":\"SearchAction\",\"target\":{\"@type\":\"EntryPoint\",\"urlTemplate\":\"https:\/\/aeronoticias.com.pe\/noticiero\/?s={search_term_string}\"},\"query-input\":{\"@type\":\"PropertyValueSpecification\",\"valueRequired\":true,\"valueName\":\"search_term_string\"}}],\"inLanguage\":\"es\"},{\"@type\":\"Person\",\"@id\":\"https:\/\/aeronoticias.com.pe\/noticiero\/#\/schema\/person\/fc1e5d578f4b62ba1cf7ac2bba1170a0\",\"name\":\"Redacci\u00f3n Aeronoticias\",\"url\":\"https:\/\/aeronoticias.com.pe\/noticiero\/author\/piloto\/\"}]}<\/script>\n<!-- \/ Yoast SEO plugin. -->","yoast_head_json":{"title":"Se confirma responsabilidad aeroportuaria en secuestro de aeronave en Nazca","description":"Portal de noticias del Per\u00fa sobre el transporte a\u00e9reo, aviaci\u00f3n, turismo, hoteleria, actualidad.","robots":{"index":"index","follow":"follow","max-snippet":"max-snippet:-1","max-image-preview":"max-image-preview:large","max-video-preview":"max-video-preview:-1"},"canonical":"https:\/\/aeronoticias.com.pe\/noticiero\/ultimas\/1\/se-confirma-responsabilidad-aeroportuaria-en-secuestro-de-aeronave\/","og_locale":"es_ES","og_type":"article","og_title":"Se confirma responsabilidad aeroportuaria en secuestro de aeronave en Nazca","og_description":"Portal de noticias del Per\u00fa sobre el transporte a\u00e9reo, aviaci\u00f3n, turismo, hoteleria, actualidad.","og_url":"https:\/\/aeronoticias.com.pe\/noticiero\/ultimas\/1\/se-confirma-responsabilidad-aeroportuaria-en-secuestro-de-aeronave\/","og_site_name":"Aeronoticias.com.pe","article_publisher":"https:\/\/www.facebook.com\/Aeronoticias.com.pe\/","article_published_time":"2013-05-14T22:43:48+00:00","author":"Redacci\u00f3n Aeronoticias","twitter_card":"summary_large_image","twitter_creator":"@aeronoticias","twitter_site":"@aeronoticias","twitter_misc":{"Escrito por":"Redacci\u00f3n Aeronoticias","Tiempo de lectura":"2 minutos"},"schema":{"@context":"https:\/\/schema.org","@graph":[{"@type":"WebPage","@id":"https:\/\/aeronoticias.com.pe\/noticiero\/ultimas\/1\/se-confirma-responsabilidad-aeroportuaria-en-secuestro-de-aeronave\/","url":"https:\/\/aeronoticias.com.pe\/noticiero\/ultimas\/1\/se-confirma-responsabilidad-aeroportuaria-en-secuestro-de-aeronave\/","name":"Se confirma responsabilidad aeroportuaria en secuestro de aeronave en Nazca","isPartOf":{"@id":"https:\/\/aeronoticias.com.pe\/noticiero\/#website"},"datePublished":"2013-05-14T22:43:48+00:00","author":{"@id":"https:\/\/aeronoticias.com.pe\/noticiero\/#\/schema\/person\/fc1e5d578f4b62ba1cf7ac2bba1170a0"},"description":"Portal de noticias del Per\u00fa sobre el transporte a\u00e9reo, aviaci\u00f3n, turismo, hoteleria, actualidad.","breadcrumb":{"@id":"https:\/\/aeronoticias.com.pe\/noticiero\/ultimas\/1\/se-confirma-responsabilidad-aeroportuaria-en-secuestro-de-aeronave\/#breadcrumb"},"inLanguage":"es","potentialAction":[{"@type":"ReadAction","target":["https:\/\/aeronoticias.com.pe\/noticiero\/ultimas\/1\/se-confirma-responsabilidad-aeroportuaria-en-secuestro-de-aeronave\/"]}]},{"@type":"BreadcrumbList","@id":"https:\/\/aeronoticias.com.pe\/noticiero\/ultimas\/1\/se-confirma-responsabilidad-aeroportuaria-en-secuestro-de-aeronave\/#breadcrumb","itemListElement":[{"@type":"ListItem","position":1,"name":"Portada","item":"https:\/\/aeronoticias.com.pe\/noticiero\/"},{"@type":"ListItem","position":2,"name":"Se confirma responsabilidad aeroportuaria en secuestro de aeronave en Nazca"}]},{"@type":"WebSite","@id":"https:\/\/aeronoticias.com.pe\/noticiero\/#website","url":"https:\/\/aeronoticias.com.pe\/noticiero\/","name":"Aeronoticias.com.pe","description":"Noticias de tranporte aereo, turismo, hoteles, gastronomia, actualidad, internacional","potentialAction":[{"@type":"SearchAction","target":{"@type":"EntryPoint","urlTemplate":"https:\/\/aeronoticias.com.pe\/noticiero\/?s={search_term_string}"},"query-input":{"@type":"PropertyValueSpecification","valueRequired":true,"valueName":"search_term_string"}}],"inLanguage":"es"},{"@type":"Person","@id":"https:\/\/aeronoticias.com.pe\/noticiero\/#\/schema\/person\/fc1e5d578f4b62ba1cf7ac2bba1170a0","name":"Redacci\u00f3n Aeronoticias","url":"https:\/\/aeronoticias.com.pe\/noticiero\/author\/piloto\/"}]}},"_links":{"self":[{"href":"https:\/\/aeronoticias.com.pe\/noticiero\/wp-json\/wp\/v2\/posts\/36976","targetHints":{"allow":["GET"]}}],"collection":[{"href":"https:\/\/aeronoticias.com.pe\/noticiero\/wp-json\/wp\/v2\/posts"}],"about":[{"href":"https:\/\/aeronoticias.com.pe\/noticiero\/wp-json\/wp\/v2\/types\/post"}],"author":[{"embeddable":true,"href":"https:\/\/aeronoticias.com.pe\/noticiero\/wp-json\/wp\/v2\/users\/1"}],"replies":[{"embeddable":true,"href":"https:\/\/aeronoticias.com.pe\/noticiero\/wp-json\/wp\/v2\/comments?post=36976"}],"version-history":[{"count":0,"href":"https:\/\/aeronoticias.com.pe\/noticiero\/wp-json\/wp\/v2\/posts\/36976\/revisions"}],"wp:attachment":[{"href":"https:\/\/aeronoticias.com.pe\/noticiero\/wp-json\/wp\/v2\/media?parent=36976"}],"wp:term":[{"taxonomy":"category","embeddable":true,"href":"https:\/\/aeronoticias.com.pe\/noticiero\/wp-json\/wp\/v2\/categories?post=36976"},{"taxonomy":"post_tag","embeddable":true,"href":"https:\/\/aeronoticias.com.pe\/noticiero\/wp-json\/wp\/v2\/tags?post=36976"}],"curies":[{"name":"wp","href":"https:\/\/api.w.org\/{rel}","templated":true}]}}