{"id":36978,"date":"2013-05-14T23:16:37","date_gmt":"2013-05-14T23:16:37","guid":{"rendered":"http:\/\/desarrollo.mcvicious.com\/aero2020\/2013\/05\/14\/fiscal-superior-anula-archivamiento-de-investigacion-a-alexis-humala\/"},"modified":"2013-05-14T23:16:37","modified_gmt":"2013-05-14T23:16:37","slug":"fiscal-superior-anula-archivamiento-de-investigacion-a-alexis-humala","status":"publish","type":"post","link":"https:\/\/aeronoticias.com.pe\/noticiero\/politica\/fiscal-superior-anula-archivamiento-de-investigacion-a-alexis-humala\/","title":{"rendered":"Fiscal superior anula archivamiento de investigaci\u00f3n a Alexis Humala"},"content":{"rendered":"<p style=\"text-align: justify;\"><strong>(Aeronoticias).-<\/strong>El archivamiento de la investigaci\u00f3n preliminar seguida al hermano del presidente de la Rep\u00fablica, Ollanta Humala, Alexis por presuntas irregularidades en los contratos suscritos entre la empresa Krasny, de la que fue accionista, con entidades estatales, fue anulada por decisi\u00f3n del fiscal superior Gustavo Quiroz Vallejo.<\/p>\n<p style=\"text-align: justify;\">Cabe precisar que el magistrado en menci\u00f3n adopt\u00f3 esta medida tras acoger la impugnaci\u00f3n que present\u00f3 la Procuradur\u00eda Anticorrupci\u00f3n para dejar sin efecto la decisi\u00f3n que tom\u00f3 la fiscal supraprovincial Fanny Quispe, quien consider\u00f3 que en este controvertido caso no se registraron actos de corrupci\u00f3n sino m\u00e1s bien faltas de car\u00e1cter administrativo.<\/p>\n<p style=\"text-align: justify;\">Sin embargo, el Fiscal Quiroz Vallejo consider\u00f3 que la decisi\u00f3n de Quispe no estaba debidamente motivada o argumentada al momento de archivar esta investigaci\u00f3n preliminar.<\/p>\n<p style=\"text-align: justify;\"><img decoding=\"async\" src=\"images\/stories\/13\/05\/140513\/krasnyalexis.jpg\" border=\"0\" alt=\"alexis\" title=\"alexis\" \/><br style=\"color: #555555; font-family: arial; font-size: 14px; line-height: 19px;\" \/><br style=\"color: #555555; font-family: arial; font-size: 14px; line-height: 19px;\" \/><br style=\"color: #555555; font-family: arial; font-size: 14px; line-height: 19px;\" \/><\/p>\n","protected":false},"excerpt":{"rendered":"<p>(Aeronoticias).-El archivamiento de la investigaci\u00f3n preliminar seguida al hermano del presidente de la Rep\u00fablica, Ollanta Humala, Alexis por presuntas irregularidades en los contratos suscritos entre la empresa Krasny, de la que fue accionista, con entidades estatales, fue anulada por decisi\u00f3n del fiscal superior Gustavo Quiroz Vallejo. Cabe precisar que el magistrado en menci\u00f3n adopt\u00f3 esta [&hellip;]<\/p>\n","protected":false},"author":1,"featured_media":0,"comment_status":"open","ping_status":"open","sticky":false,"template":"","format":"standard","meta":{"tdm_status":"","tdm_grid_status":"","footnotes":""},"categories":[36],"tags":[],"class_list":{"0":"post-36978","1":"post","2":"type-post","3":"status-publish","4":"format-standard","6":"category-politica"},"yoast_head":"<!-- This site is optimized with the Yoast SEO plugin v25.1 - https:\/\/yoast.com\/wordpress\/plugins\/seo\/ -->\n<title>Fiscal superior anula archivamiento de investigaci\u00f3n a Alexis Humala<\/title>\n<meta name=\"description\" content=\"Portal de noticias del Per\u00fa sobre el transporte a\u00e9reo, aviaci\u00f3n, turismo, hoteleria, actualidad.\" \/>\n<meta name=\"robots\" content=\"index, follow, max-snippet:-1, max-image-preview:large, max-video-preview:-1\" \/>\n<link rel=\"canonical\" href=\"https:\/\/aeronoticias.com.pe\/noticiero\/politica\/fiscal-superior-anula-archivamiento-de-investigacion-a-alexis-humala\/\" \/>\n<meta property=\"og:locale\" content=\"es_ES\" \/>\n<meta property=\"og:type\" content=\"article\" \/>\n<meta property=\"og:title\" content=\"Fiscal superior anula archivamiento de investigaci\u00f3n a Alexis Humala\" \/>\n<meta property=\"og:description\" content=\"Portal de noticias del Per\u00fa sobre el transporte a\u00e9reo, aviaci\u00f3n, turismo, hoteleria, actualidad.\" \/>\n<meta property=\"og:url\" content=\"https:\/\/aeronoticias.com.pe\/noticiero\/politica\/fiscal-superior-anula-archivamiento-de-investigacion-a-alexis-humala\/\" \/>\n<meta property=\"og:site_name\" content=\"Aeronoticias.com.pe\" \/>\n<meta property=\"article:publisher\" content=\"https:\/\/www.facebook.com\/Aeronoticias.com.pe\/\" \/>\n<meta property=\"article:published_time\" content=\"2013-05-14T23:16:37+00:00\" \/>\n<meta name=\"author\" content=\"Redacci\u00f3n Aeronoticias\" \/>\n<meta name=\"twitter:card\" content=\"summary_large_image\" \/>\n<meta name=\"twitter:creator\" content=\"@aeronoticias\" \/>\n<meta name=\"twitter:site\" content=\"@aeronoticias\" \/>\n<meta name=\"twitter:label1\" content=\"Escrito por\" \/>\n\t<meta name=\"twitter:data1\" content=\"Redacci\u00f3n Aeronoticias\" \/>\n\t<meta name=\"twitter:label2\" content=\"Tiempo de lectura\" \/>\n\t<meta name=\"twitter:data2\" content=\"1 minuto\" \/>\n<script type=\"application\/ld+json\" class=\"yoast-schema-graph\">{\"@context\":\"https:\/\/schema.org\",\"@graph\":[{\"@type\":\"WebPage\",\"@id\":\"https:\/\/aeronoticias.com.pe\/noticiero\/politica\/fiscal-superior-anula-archivamiento-de-investigacion-a-alexis-humala\/\",\"url\":\"https:\/\/aeronoticias.com.pe\/noticiero\/politica\/fiscal-superior-anula-archivamiento-de-investigacion-a-alexis-humala\/\",\"name\":\"Fiscal superior anula archivamiento de investigaci\u00f3n a Alexis Humala\",\"isPartOf\":{\"@id\":\"https:\/\/aeronoticias.com.pe\/noticiero\/#website\"},\"datePublished\":\"2013-05-14T23:16:37+00:00\",\"author\":{\"@id\":\"https:\/\/aeronoticias.com.pe\/noticiero\/#\/schema\/person\/fc1e5d578f4b62ba1cf7ac2bba1170a0\"},\"description\":\"Portal de noticias del Per\u00fa sobre el transporte a\u00e9reo, aviaci\u00f3n, turismo, hoteleria, actualidad.\",\"breadcrumb\":{\"@id\":\"https:\/\/aeronoticias.com.pe\/noticiero\/politica\/fiscal-superior-anula-archivamiento-de-investigacion-a-alexis-humala\/#breadcrumb\"},\"inLanguage\":\"es\",\"potentialAction\":[{\"@type\":\"ReadAction\",\"target\":[\"https:\/\/aeronoticias.com.pe\/noticiero\/politica\/fiscal-superior-anula-archivamiento-de-investigacion-a-alexis-humala\/\"]}]},{\"@type\":\"BreadcrumbList\",\"@id\":\"https:\/\/aeronoticias.com.pe\/noticiero\/politica\/fiscal-superior-anula-archivamiento-de-investigacion-a-alexis-humala\/#breadcrumb\",\"itemListElement\":[{\"@type\":\"ListItem\",\"position\":1,\"name\":\"Portada\",\"item\":\"https:\/\/aeronoticias.com.pe\/noticiero\/\"},{\"@type\":\"ListItem\",\"position\":2,\"name\":\"Fiscal superior anula archivamiento de investigaci\u00f3n a Alexis Humala\"}]},{\"@type\":\"WebSite\",\"@id\":\"https:\/\/aeronoticias.com.pe\/noticiero\/#website\",\"url\":\"https:\/\/aeronoticias.com.pe\/noticiero\/\",\"name\":\"Aeronoticias.com.pe\",\"description\":\"Noticias de tranporte aereo, turismo, hoteles, gastronomia, actualidad, internacional\",\"potentialAction\":[{\"@type\":\"SearchAction\",\"target\":{\"@type\":\"EntryPoint\",\"urlTemplate\":\"https:\/\/aeronoticias.com.pe\/noticiero\/?s={search_term_string}\"},\"query-input\":{\"@type\":\"PropertyValueSpecification\",\"valueRequired\":true,\"valueName\":\"search_term_string\"}}],\"inLanguage\":\"es\"},{\"@type\":\"Person\",\"@id\":\"https:\/\/aeronoticias.com.pe\/noticiero\/#\/schema\/person\/fc1e5d578f4b62ba1cf7ac2bba1170a0\",\"name\":\"Redacci\u00f3n Aeronoticias\",\"url\":\"https:\/\/aeronoticias.com.pe\/noticiero\/author\/piloto\/\"}]}<\/script>\n<!-- \/ Yoast SEO plugin. -->","yoast_head_json":{"title":"Fiscal superior anula archivamiento de investigaci\u00f3n a Alexis Humala","description":"Portal de noticias del Per\u00fa sobre el transporte a\u00e9reo, aviaci\u00f3n, turismo, hoteleria, actualidad.","robots":{"index":"index","follow":"follow","max-snippet":"max-snippet:-1","max-image-preview":"max-image-preview:large","max-video-preview":"max-video-preview:-1"},"canonical":"https:\/\/aeronoticias.com.pe\/noticiero\/politica\/fiscal-superior-anula-archivamiento-de-investigacion-a-alexis-humala\/","og_locale":"es_ES","og_type":"article","og_title":"Fiscal superior anula archivamiento de investigaci\u00f3n a Alexis Humala","og_description":"Portal de noticias del Per\u00fa sobre el transporte a\u00e9reo, aviaci\u00f3n, turismo, hoteleria, actualidad.","og_url":"https:\/\/aeronoticias.com.pe\/noticiero\/politica\/fiscal-superior-anula-archivamiento-de-investigacion-a-alexis-humala\/","og_site_name":"Aeronoticias.com.pe","article_publisher":"https:\/\/www.facebook.com\/Aeronoticias.com.pe\/","article_published_time":"2013-05-14T23:16:37+00:00","author":"Redacci\u00f3n Aeronoticias","twitter_card":"summary_large_image","twitter_creator":"@aeronoticias","twitter_site":"@aeronoticias","twitter_misc":{"Escrito por":"Redacci\u00f3n Aeronoticias","Tiempo de lectura":"1 minuto"},"schema":{"@context":"https:\/\/schema.org","@graph":[{"@type":"WebPage","@id":"https:\/\/aeronoticias.com.pe\/noticiero\/politica\/fiscal-superior-anula-archivamiento-de-investigacion-a-alexis-humala\/","url":"https:\/\/aeronoticias.com.pe\/noticiero\/politica\/fiscal-superior-anula-archivamiento-de-investigacion-a-alexis-humala\/","name":"Fiscal superior anula archivamiento de investigaci\u00f3n a Alexis Humala","isPartOf":{"@id":"https:\/\/aeronoticias.com.pe\/noticiero\/#website"},"datePublished":"2013-05-14T23:16:37+00:00","author":{"@id":"https:\/\/aeronoticias.com.pe\/noticiero\/#\/schema\/person\/fc1e5d578f4b62ba1cf7ac2bba1170a0"},"description":"Portal de noticias del Per\u00fa sobre el transporte a\u00e9reo, aviaci\u00f3n, turismo, hoteleria, actualidad.","breadcrumb":{"@id":"https:\/\/aeronoticias.com.pe\/noticiero\/politica\/fiscal-superior-anula-archivamiento-de-investigacion-a-alexis-humala\/#breadcrumb"},"inLanguage":"es","potentialAction":[{"@type":"ReadAction","target":["https:\/\/aeronoticias.com.pe\/noticiero\/politica\/fiscal-superior-anula-archivamiento-de-investigacion-a-alexis-humala\/"]}]},{"@type":"BreadcrumbList","@id":"https:\/\/aeronoticias.com.pe\/noticiero\/politica\/fiscal-superior-anula-archivamiento-de-investigacion-a-alexis-humala\/#breadcrumb","itemListElement":[{"@type":"ListItem","position":1,"name":"Portada","item":"https:\/\/aeronoticias.com.pe\/noticiero\/"},{"@type":"ListItem","position":2,"name":"Fiscal superior anula archivamiento de investigaci\u00f3n a Alexis Humala"}]},{"@type":"WebSite","@id":"https:\/\/aeronoticias.com.pe\/noticiero\/#website","url":"https:\/\/aeronoticias.com.pe\/noticiero\/","name":"Aeronoticias.com.pe","description":"Noticias de tranporte aereo, turismo, hoteles, gastronomia, actualidad, internacional","potentialAction":[{"@type":"SearchAction","target":{"@type":"EntryPoint","urlTemplate":"https:\/\/aeronoticias.com.pe\/noticiero\/?s={search_term_string}"},"query-input":{"@type":"PropertyValueSpecification","valueRequired":true,"valueName":"search_term_string"}}],"inLanguage":"es"},{"@type":"Person","@id":"https:\/\/aeronoticias.com.pe\/noticiero\/#\/schema\/person\/fc1e5d578f4b62ba1cf7ac2bba1170a0","name":"Redacci\u00f3n Aeronoticias","url":"https:\/\/aeronoticias.com.pe\/noticiero\/author\/piloto\/"}]}},"_links":{"self":[{"href":"https:\/\/aeronoticias.com.pe\/noticiero\/wp-json\/wp\/v2\/posts\/36978","targetHints":{"allow":["GET"]}}],"collection":[{"href":"https:\/\/aeronoticias.com.pe\/noticiero\/wp-json\/wp\/v2\/posts"}],"about":[{"href":"https:\/\/aeronoticias.com.pe\/noticiero\/wp-json\/wp\/v2\/types\/post"}],"author":[{"embeddable":true,"href":"https:\/\/aeronoticias.com.pe\/noticiero\/wp-json\/wp\/v2\/users\/1"}],"replies":[{"embeddable":true,"href":"https:\/\/aeronoticias.com.pe\/noticiero\/wp-json\/wp\/v2\/comments?post=36978"}],"version-history":[{"count":0,"href":"https:\/\/aeronoticias.com.pe\/noticiero\/wp-json\/wp\/v2\/posts\/36978\/revisions"}],"wp:attachment":[{"href":"https:\/\/aeronoticias.com.pe\/noticiero\/wp-json\/wp\/v2\/media?parent=36978"}],"wp:term":[{"taxonomy":"category","embeddable":true,"href":"https:\/\/aeronoticias.com.pe\/noticiero\/wp-json\/wp\/v2\/categories?post=36978"},{"taxonomy":"post_tag","embeddable":true,"href":"https:\/\/aeronoticias.com.pe\/noticiero\/wp-json\/wp\/v2\/tags?post=36978"}],"curies":[{"name":"wp","href":"https:\/\/api.w.org\/{rel}","templated":true}]}}