{"id":36979,"date":"2013-05-14T23:44:53","date_gmt":"2013-05-14T23:44:53","guid":{"rendered":"http:\/\/desarrollo.mcvicious.com\/aero2020\/2013\/05\/14\/icuidado-contaminacion-ambiental-y-exposicion-solar-aumentan-riesgos-de-carnosidad\/"},"modified":"2013-05-14T23:44:53","modified_gmt":"2013-05-14T23:44:53","slug":"icuidado-contaminacion-ambiental-y-exposicion-solar-aumentan-riesgos-de-carnosidad","status":"publish","type":"post","link":"https:\/\/aeronoticias.com.pe\/noticiero\/salud\/icuidado-contaminacion-ambiental-y-exposicion-solar-aumentan-riesgos-de-carnosidad\/","title":{"rendered":"\u00a1Cuidado! contaminaci\u00f3n ambiental y exposici\u00f3n solar aumentan riesgos de carnosidad"},"content":{"rendered":"<p style=\"text-align: justify;\"><strong>(Aeronoticias).-<\/strong>Seg\u00fan manifest\u00f3 el cirujano oftalm\u00f3logo de la Cl\u00ednica de Ojos \u00d1ahui, doctor Guido Puican Navarro, la contaminaci\u00f3n ambiental \u00a0y la exposici\u00f3n constante de radiaci\u00f3n ultravioleta, aumenta considerablemente el riesgo de padecer \u00a0la \u00a0inc\u00f3moda carnosidad en los ojos, convirti\u00e9ndose en una de las principales afecciones oculares.<\/p>\n<p style=\"text-align: justify;\">\u00abEn t\u00e9rminos m\u00e9dicos, la carnosidad en los ojos se conoce como Pterigion, es una degeneraci\u00f3n fibrovascular de la conjuntiva, generalmente ubicada en la regi\u00f3n proximal a la nariz que se origina por la excesiva exposici\u00f3n a los rayos ultravioleta, ojos con problemas de lubricaci\u00f3n, personas que se encuentran en ambientes calientes y con \u00a0mucho polvo\u00bb, sostuvo.<\/p>\n<p style=\"text-align: justify;\">La irritaci\u00f3n, sensaci\u00f3n de cuerpo extra\u00f1o y presencia de ojo rojo, son los s\u00edntomas principales, en casos severos se puede presentar visi\u00f3n borrosa e incluso p\u00e9rdida de la visi\u00f3n si obstruye la regi\u00f3n pupilar.<\/p>\n<p style=\"text-align: justify;\">La especialista agreg\u00f3 adem\u00e1s que las personas con mayor riesgo son las que viven en zonas con alta exposici\u00f3n a la irradiaci\u00f3n UV (cercana a la l\u00ednea ecuatorial) y climas calientes como en la selva.<\/p>\n<p style=\"text-align: justify;\">El doctor Guido Puican recomend\u00f3 que el tratamiento definitivo es el quir\u00fargico, pero en grados leves se pueden utilizar algunos sintom\u00e1ticos para mejorar las molestias.<\/p>\n<p style=\"text-align: justify;\">No hay tratamiento m\u00e9dico para la carnosidad, pero respecto al procedimiento quir\u00fargico se han realizado estudios que indican que la mejor opci\u00f3n es realizar una plastia conjuntival, que consiste en colocar un injerto de conjuntiva en el \u00e1rea donde se encontraba el Pterigion, reduciendo de esta manera \u00a0la incidencia de regresi\u00f3n.<\/p>\n<p style=\"text-align: justify;\"><img decoding=\"async\" src=\"images\/stories\/13\/05\/140513\/carnosidad.jpg\" border=\"0\" alt=\"carnosidad\" title=\"carnosidad\" \/><\/p>\n<p style=\"text-align: justify;\">\u00a0<\/p>\n<p style=\"margin: 0px 0px 15px; padding: 0px; border: 0px; font-family: arial; font-size: 14px; line-height: 19px; vertical-align: baseline; color: #555555;\">\u00a0<\/p>\n<p style=\"margin: 0px 0px 15px; padding: 0px; border: 0px; font-family: arial; font-size: 14px; line-height: 19px; vertical-align: baseline; color: #555555;\">\u00a0<\/p>\n<p>\u00a0<\/p>\n","protected":false},"excerpt":{"rendered":"<p>(Aeronoticias).-Seg\u00fan manifest\u00f3 el cirujano oftalm\u00f3logo de la Cl\u00ednica de Ojos \u00d1ahui, doctor Guido Puican Navarro, la contaminaci\u00f3n ambiental \u00a0y la exposici\u00f3n constante de radiaci\u00f3n ultravioleta, aumenta considerablemente el riesgo de padecer \u00a0la \u00a0inc\u00f3moda carnosidad en los ojos, convirti\u00e9ndose en una de las principales afecciones oculares. \u00abEn t\u00e9rminos m\u00e9dicos, la carnosidad en los ojos se conoce [&hellip;]<\/p>\n","protected":false},"author":1,"featured_media":0,"comment_status":"open","ping_status":"open","sticky":false,"template":"","format":"standard","meta":{"tdm_status":"","tdm_grid_status":"","footnotes":""},"categories":[37],"tags":[],"class_list":{"0":"post-36979","1":"post","2":"type-post","3":"status-publish","4":"format-standard","6":"category-salud"},"yoast_head":"<!-- This site is optimized with the Yoast SEO plugin v25.1 - https:\/\/yoast.com\/wordpress\/plugins\/seo\/ -->\n<title>\u00a1Cuidado! contaminaci\u00f3n ambiental y exposici\u00f3n solar aumentan riesgos de carnosidad<\/title>\n<meta name=\"description\" content=\"Portal de noticias del Per\u00fa sobre el transporte a\u00e9reo, aviaci\u00f3n, turismo, hoteleria, actualidad.\" \/>\n<meta name=\"robots\" content=\"index, follow, max-snippet:-1, max-image-preview:large, max-video-preview:-1\" \/>\n<link rel=\"canonical\" href=\"https:\/\/aeronoticias.com.pe\/noticiero\/salud\/icuidado-contaminacion-ambiental-y-exposicion-solar-aumentan-riesgos-de-carnosidad\/\" \/>\n<meta property=\"og:locale\" content=\"es_ES\" \/>\n<meta property=\"og:type\" content=\"article\" \/>\n<meta property=\"og:title\" content=\"\u00a1Cuidado! contaminaci\u00f3n ambiental y exposici\u00f3n solar aumentan riesgos de carnosidad\" \/>\n<meta property=\"og:description\" content=\"Portal de noticias del Per\u00fa sobre el transporte a\u00e9reo, aviaci\u00f3n, turismo, hoteleria, actualidad.\" \/>\n<meta property=\"og:url\" content=\"https:\/\/aeronoticias.com.pe\/noticiero\/salud\/icuidado-contaminacion-ambiental-y-exposicion-solar-aumentan-riesgos-de-carnosidad\/\" \/>\n<meta property=\"og:site_name\" content=\"Aeronoticias.com.pe\" \/>\n<meta property=\"article:publisher\" content=\"https:\/\/www.facebook.com\/Aeronoticias.com.pe\/\" \/>\n<meta property=\"article:published_time\" content=\"2013-05-14T23:44:53+00:00\" \/>\n<meta name=\"author\" content=\"Redacci\u00f3n Aeronoticias\" \/>\n<meta name=\"twitter:card\" content=\"summary_large_image\" \/>\n<meta name=\"twitter:creator\" content=\"@aeronoticias\" \/>\n<meta name=\"twitter:site\" content=\"@aeronoticias\" \/>\n<meta name=\"twitter:label1\" content=\"Escrito por\" \/>\n\t<meta name=\"twitter:data1\" content=\"Redacci\u00f3n Aeronoticias\" \/>\n\t<meta name=\"twitter:label2\" content=\"Tiempo de lectura\" \/>\n\t<meta name=\"twitter:data2\" content=\"1 minuto\" \/>\n<script type=\"application\/ld+json\" class=\"yoast-schema-graph\">{\"@context\":\"https:\/\/schema.org\",\"@graph\":[{\"@type\":\"WebPage\",\"@id\":\"https:\/\/aeronoticias.com.pe\/noticiero\/salud\/icuidado-contaminacion-ambiental-y-exposicion-solar-aumentan-riesgos-de-carnosidad\/\",\"url\":\"https:\/\/aeronoticias.com.pe\/noticiero\/salud\/icuidado-contaminacion-ambiental-y-exposicion-solar-aumentan-riesgos-de-carnosidad\/\",\"name\":\"\u00a1Cuidado! contaminaci\u00f3n ambiental y exposici\u00f3n solar aumentan riesgos de carnosidad\",\"isPartOf\":{\"@id\":\"https:\/\/aeronoticias.com.pe\/noticiero\/#website\"},\"datePublished\":\"2013-05-14T23:44:53+00:00\",\"author\":{\"@id\":\"https:\/\/aeronoticias.com.pe\/noticiero\/#\/schema\/person\/fc1e5d578f4b62ba1cf7ac2bba1170a0\"},\"description\":\"Portal de noticias del Per\u00fa sobre el transporte a\u00e9reo, aviaci\u00f3n, turismo, hoteleria, actualidad.\",\"breadcrumb\":{\"@id\":\"https:\/\/aeronoticias.com.pe\/noticiero\/salud\/icuidado-contaminacion-ambiental-y-exposicion-solar-aumentan-riesgos-de-carnosidad\/#breadcrumb\"},\"inLanguage\":\"es\",\"potentialAction\":[{\"@type\":\"ReadAction\",\"target\":[\"https:\/\/aeronoticias.com.pe\/noticiero\/salud\/icuidado-contaminacion-ambiental-y-exposicion-solar-aumentan-riesgos-de-carnosidad\/\"]}]},{\"@type\":\"BreadcrumbList\",\"@id\":\"https:\/\/aeronoticias.com.pe\/noticiero\/salud\/icuidado-contaminacion-ambiental-y-exposicion-solar-aumentan-riesgos-de-carnosidad\/#breadcrumb\",\"itemListElement\":[{\"@type\":\"ListItem\",\"position\":1,\"name\":\"Portada\",\"item\":\"https:\/\/aeronoticias.com.pe\/noticiero\/\"},{\"@type\":\"ListItem\",\"position\":2,\"name\":\"\u00a1Cuidado! contaminaci\u00f3n ambiental y exposici\u00f3n solar aumentan riesgos de carnosidad\"}]},{\"@type\":\"WebSite\",\"@id\":\"https:\/\/aeronoticias.com.pe\/noticiero\/#website\",\"url\":\"https:\/\/aeronoticias.com.pe\/noticiero\/\",\"name\":\"Aeronoticias.com.pe\",\"description\":\"Noticias de tranporte aereo, turismo, hoteles, gastronomia, actualidad, internacional\",\"potentialAction\":[{\"@type\":\"SearchAction\",\"target\":{\"@type\":\"EntryPoint\",\"urlTemplate\":\"https:\/\/aeronoticias.com.pe\/noticiero\/?s={search_term_string}\"},\"query-input\":{\"@type\":\"PropertyValueSpecification\",\"valueRequired\":true,\"valueName\":\"search_term_string\"}}],\"inLanguage\":\"es\"},{\"@type\":\"Person\",\"@id\":\"https:\/\/aeronoticias.com.pe\/noticiero\/#\/schema\/person\/fc1e5d578f4b62ba1cf7ac2bba1170a0\",\"name\":\"Redacci\u00f3n Aeronoticias\",\"url\":\"https:\/\/aeronoticias.com.pe\/noticiero\/author\/piloto\/\"}]}<\/script>\n<!-- \/ Yoast SEO plugin. -->","yoast_head_json":{"title":"\u00a1Cuidado! contaminaci\u00f3n ambiental y exposici\u00f3n solar aumentan riesgos de carnosidad","description":"Portal de noticias del Per\u00fa sobre el transporte a\u00e9reo, aviaci\u00f3n, turismo, hoteleria, actualidad.","robots":{"index":"index","follow":"follow","max-snippet":"max-snippet:-1","max-image-preview":"max-image-preview:large","max-video-preview":"max-video-preview:-1"},"canonical":"https:\/\/aeronoticias.com.pe\/noticiero\/salud\/icuidado-contaminacion-ambiental-y-exposicion-solar-aumentan-riesgos-de-carnosidad\/","og_locale":"es_ES","og_type":"article","og_title":"\u00a1Cuidado! contaminaci\u00f3n ambiental y exposici\u00f3n solar aumentan riesgos de carnosidad","og_description":"Portal de noticias del Per\u00fa sobre el transporte a\u00e9reo, aviaci\u00f3n, turismo, hoteleria, actualidad.","og_url":"https:\/\/aeronoticias.com.pe\/noticiero\/salud\/icuidado-contaminacion-ambiental-y-exposicion-solar-aumentan-riesgos-de-carnosidad\/","og_site_name":"Aeronoticias.com.pe","article_publisher":"https:\/\/www.facebook.com\/Aeronoticias.com.pe\/","article_published_time":"2013-05-14T23:44:53+00:00","author":"Redacci\u00f3n Aeronoticias","twitter_card":"summary_large_image","twitter_creator":"@aeronoticias","twitter_site":"@aeronoticias","twitter_misc":{"Escrito por":"Redacci\u00f3n Aeronoticias","Tiempo de lectura":"1 minuto"},"schema":{"@context":"https:\/\/schema.org","@graph":[{"@type":"WebPage","@id":"https:\/\/aeronoticias.com.pe\/noticiero\/salud\/icuidado-contaminacion-ambiental-y-exposicion-solar-aumentan-riesgos-de-carnosidad\/","url":"https:\/\/aeronoticias.com.pe\/noticiero\/salud\/icuidado-contaminacion-ambiental-y-exposicion-solar-aumentan-riesgos-de-carnosidad\/","name":"\u00a1Cuidado! contaminaci\u00f3n ambiental y exposici\u00f3n solar aumentan riesgos de carnosidad","isPartOf":{"@id":"https:\/\/aeronoticias.com.pe\/noticiero\/#website"},"datePublished":"2013-05-14T23:44:53+00:00","author":{"@id":"https:\/\/aeronoticias.com.pe\/noticiero\/#\/schema\/person\/fc1e5d578f4b62ba1cf7ac2bba1170a0"},"description":"Portal de noticias del Per\u00fa sobre el transporte a\u00e9reo, aviaci\u00f3n, turismo, hoteleria, actualidad.","breadcrumb":{"@id":"https:\/\/aeronoticias.com.pe\/noticiero\/salud\/icuidado-contaminacion-ambiental-y-exposicion-solar-aumentan-riesgos-de-carnosidad\/#breadcrumb"},"inLanguage":"es","potentialAction":[{"@type":"ReadAction","target":["https:\/\/aeronoticias.com.pe\/noticiero\/salud\/icuidado-contaminacion-ambiental-y-exposicion-solar-aumentan-riesgos-de-carnosidad\/"]}]},{"@type":"BreadcrumbList","@id":"https:\/\/aeronoticias.com.pe\/noticiero\/salud\/icuidado-contaminacion-ambiental-y-exposicion-solar-aumentan-riesgos-de-carnosidad\/#breadcrumb","itemListElement":[{"@type":"ListItem","position":1,"name":"Portada","item":"https:\/\/aeronoticias.com.pe\/noticiero\/"},{"@type":"ListItem","position":2,"name":"\u00a1Cuidado! contaminaci\u00f3n ambiental y exposici\u00f3n solar aumentan riesgos de carnosidad"}]},{"@type":"WebSite","@id":"https:\/\/aeronoticias.com.pe\/noticiero\/#website","url":"https:\/\/aeronoticias.com.pe\/noticiero\/","name":"Aeronoticias.com.pe","description":"Noticias de tranporte aereo, turismo, hoteles, gastronomia, actualidad, internacional","potentialAction":[{"@type":"SearchAction","target":{"@type":"EntryPoint","urlTemplate":"https:\/\/aeronoticias.com.pe\/noticiero\/?s={search_term_string}"},"query-input":{"@type":"PropertyValueSpecification","valueRequired":true,"valueName":"search_term_string"}}],"inLanguage":"es"},{"@type":"Person","@id":"https:\/\/aeronoticias.com.pe\/noticiero\/#\/schema\/person\/fc1e5d578f4b62ba1cf7ac2bba1170a0","name":"Redacci\u00f3n Aeronoticias","url":"https:\/\/aeronoticias.com.pe\/noticiero\/author\/piloto\/"}]}},"_links":{"self":[{"href":"https:\/\/aeronoticias.com.pe\/noticiero\/wp-json\/wp\/v2\/posts\/36979","targetHints":{"allow":["GET"]}}],"collection":[{"href":"https:\/\/aeronoticias.com.pe\/noticiero\/wp-json\/wp\/v2\/posts"}],"about":[{"href":"https:\/\/aeronoticias.com.pe\/noticiero\/wp-json\/wp\/v2\/types\/post"}],"author":[{"embeddable":true,"href":"https:\/\/aeronoticias.com.pe\/noticiero\/wp-json\/wp\/v2\/users\/1"}],"replies":[{"embeddable":true,"href":"https:\/\/aeronoticias.com.pe\/noticiero\/wp-json\/wp\/v2\/comments?post=36979"}],"version-history":[{"count":0,"href":"https:\/\/aeronoticias.com.pe\/noticiero\/wp-json\/wp\/v2\/posts\/36979\/revisions"}],"wp:attachment":[{"href":"https:\/\/aeronoticias.com.pe\/noticiero\/wp-json\/wp\/v2\/media?parent=36979"}],"wp:term":[{"taxonomy":"category","embeddable":true,"href":"https:\/\/aeronoticias.com.pe\/noticiero\/wp-json\/wp\/v2\/categories?post=36979"},{"taxonomy":"post_tag","embeddable":true,"href":"https:\/\/aeronoticias.com.pe\/noticiero\/wp-json\/wp\/v2\/tags?post=36979"}],"curies":[{"name":"wp","href":"https:\/\/api.w.org\/{rel}","templated":true}]}}